{"id":24217,"date":"2025-06-02T07:15:26","date_gmt":"2025-06-02T10:15:26","guid":{"rendered":"https:\/\/sulsc.com\/?p=24217"},"modified":"2025-06-02T07:16:10","modified_gmt":"2025-06-02T10:16:10","slug":"primeira-semana-de-junho-comeca-com-possiveis-pancadas-de-chuva-e-possiveis-temporais-em-santa-catarina","status":"publish","type":"post","link":"https:\/\/sulsc.com\/index.php\/2025\/06\/02\/primeira-semana-de-junho-comeca-com-possiveis-pancadas-de-chuva-e-possiveis-temporais-em-santa-catarina\/","title":{"rendered":"Primeira semana de junho come\u00e7a com poss\u00edveis  pancadas de chuva e temporais em Santa Catarina"},"content":{"rendered":"<p>O dia come\u00e7a com tempo firme nesta segunda-feira (02), mas a previs\u00e3o \u00e9 de que o clima mude a partir de meados da tarde. A forma\u00e7\u00e3o de um cavado, uma \u00e1rea alongada de baixa press\u00e3o, deve favorecer o surgimento de pancadas de chuva e temporais em todas as regi\u00f5es do estado.<\/p>\n<p>As chuvas t\u00eam in\u00edcio no Oeste, avan\u00e7ando gradualmente para as demais \u00e1reas. No litoral, a expectativa \u00e9 que as precipita\u00e7\u00f5es ocorram entre o final da noite e a madrugada. O risco de ocorr\u00eancias associadas aos temporais \u00e9 considerado baixo a moderado, com possibilidade de destelhamentos, queda de galhos e \u00e1rvores, danos na rede el\u00e9trica e alagamentos pontuais.<\/p>\n<p><img fetchpriority=\"high\" decoding=\"async\" class=\"aligncenter size-full wp-image-24218\" src=\"http:\/\/sulsc.com\/wp-content\/uploads\/2025\/06\/a.png\" alt=\"\" width=\"1633\" height=\"1119\" srcset=\"https:\/\/sulsc.com\/wp-content\/uploads\/2025\/06\/a.png 1633w, https:\/\/sulsc.com\/wp-content\/uploads\/2025\/06\/a-300x206.png 300w, https:\/\/sulsc.com\/wp-content\/uploads\/2025\/06\/a-1024x702.png 1024w, https:\/\/sulsc.com\/wp-content\/uploads\/2025\/06\/a-768x526.png 768w, https:\/\/sulsc.com\/wp-content\/uploads\/2025\/06\/a-1536x1053.png 1536w\" sizes=\"(max-width: 1633px) 100vw, 1633px\" \/><\/p>\n<p><img decoding=\"async\" class=\"aligncenter wp-image-22836\" src=\"http:\/\/sulsc.com\/wp-content\/uploads\/2025\/04\/Tempo-2.png\" alt=\"\" width=\"720\" height=\"133\" srcset=\"https:\/\/sulsc.com\/wp-content\/uploads\/2025\/04\/Tempo-2.png 1024w, https:\/\/sulsc.com\/wp-content\/uploads\/2025\/04\/Tempo-2-300x55.png 300w, https:\/\/sulsc.com\/wp-content\/uploads\/2025\/04\/Tempo-2-768x142.png 768w\" sizes=\"(max-width: 720px) 100vw, 720px\" \/><\/p>\n<p><strong>Temperaturas<\/strong><\/p>\n<p>No que diz respeito \u00e0s temperaturas, o amanhecer ainda traz uma sensa\u00e7\u00e3o de frio, com registros abaixo dos 10\u00b0C do Extremo Oeste aos Planaltos. Na parte parte litor\u00e2nea com m\u00e1ximas de 21\u00baC e as demais regi\u00f5es na casa dos 18\u00baC.\u00a0 Portanto, \u00e9 recomend\u00e1vel que os moradores se preparem para as mudan\u00e7as clim\u00e1ticas ao longo do dia.<\/p>\n<p><strong>Fontes: Epagri\/ Ciram\/Defesa Civil SC<\/strong><\/p>\n<p><strong>Acesse e curta : boulevardfm98.com<\/strong><\/p>\n<p><img decoding=\"async\" class=\"aligncenter wp-image-24219\" src=\"http:\/\/sulsc.com\/wp-content\/uploads\/2025\/06\/Boulevard-FM.jpeg\" alt=\"\" width=\"600\" height=\"399\" srcset=\"https:\/\/sulsc.com\/wp-content\/uploads\/2025\/06\/Boulevard-FM.jpeg 1080w, https:\/\/sulsc.com\/wp-content\/uploads\/2025\/06\/Boulevard-FM-300x199.jpeg 300w, https:\/\/sulsc.com\/wp-content\/uploads\/2025\/06\/Boulevard-FM-1024x681.jpeg 1024w, https:\/\/sulsc.com\/wp-content\/uploads\/2025\/06\/Boulevard-FM-768x511.jpeg 768w\" sizes=\"(max-width: 600px) 100vw, 600px\" \/><\/p>\n","protected":false},"excerpt":{"rendered":"<p>O dia come\u00e7a com tempo firme nesta segunda-feira (02), mas a previs\u00e3o \u00e9 de que o clima mude a partir de meados da tarde. A forma\u00e7\u00e3o de um cavado, uma \u00e1rea alongada de baixa press\u00e3o, deve favorecer o surgimento de pancadas de chuva e temporais em todas as regi\u00f5es do estado. As chuvas t\u00eam in\u00edcio &hellip;<\/p>\n<p class=\"read-more\"> <a class=\"\" href=\"https:\/\/sulsc.com\/index.php\/2025\/06\/02\/primeira-semana-de-junho-comeca-com-possiveis-pancadas-de-chuva-e-possiveis-temporais-em-santa-catarina\/\"> <span class=\"screen-reader-text\">Primeira semana de junho come\u00e7a com poss\u00edveis  pancadas de chuva e temporais em Santa Catarina<\/span> Read More &raquo;<\/a><\/p>\n","protected":false},"author":3,"featured_media":24221,"comment_status":"open","ping_status":"open","sticky":false,"template":"","format":"standard","meta":{"site-sidebar-layout":"default","site-content-layout":"","ast-site-content-layout":"default","site-content-style":"default","site-sidebar-style":"default","ast-global-header-display":"","ast-banner-title-visibility":"","ast-main-header-display":"","ast-hfb-above-header-display":"","ast-hfb-below-header-display":"","ast-hfb-mobile-header-display":"","site-post-title":"","ast-breadcrumbs-content":"","ast-featured-img":"","footer-sml-layout":"","theme-transparent-header-meta":"default","adv-header-id-meta":"","stick-header-meta":"","header-above-stick-meta":"","header-main-stick-meta":"","header-below-stick-meta":"","astra-migrate-meta-layouts":"set","footnotes":""},"categories":[38],"tags":[90],"yoast_head":"<!-- This site is optimized with the Yoast SEO plugin v21.4 - https:\/\/yoast.com\/wordpress\/plugins\/seo\/ -->\n<title>Primeira semana de junho come\u00e7a com poss\u00edveis pancadas de chuva e temporais em Santa Catarina -<\/title>\n<meta name=\"description\" content=\"No litoral a expectativa \u00e9 que as chuvas ocorram entre o final da noite e a madrugada o risco de ocorr\u00eancias de temporais \u00e9 baixo a moderado\" \/>\n<meta name=\"robots\" content=\"index, follow, max-snippet:-1, max-image-preview:large, max-video-preview:-1\" \/>\n<link rel=\"canonical\" href=\"https:\/\/sulsc.com\/index.php\/2025\/06\/02\/primeira-semana-de-junho-comeca-com-possiveis-pancadas-de-chuva-e-possiveis-temporais-em-santa-catarina\/\" \/>\n<meta property=\"og:locale\" content=\"en_US\" \/>\n<meta property=\"og:type\" content=\"article\" \/>\n<meta property=\"og:title\" content=\"Primeira semana de junho come\u00e7a com poss\u00edveis pancadas de chuva e temporais em Santa Catarina -\" \/>\n<meta property=\"og:description\" content=\"No litoral a expectativa \u00e9 que as chuvas ocorram entre o final da noite e a madrugada o risco de ocorr\u00eancias de temporais \u00e9 baixo a moderado\" \/>\n<meta property=\"og:url\" content=\"https:\/\/sulsc.com\/index.php\/2025\/06\/02\/primeira-semana-de-junho-comeca-com-possiveis-pancadas-de-chuva-e-possiveis-temporais-em-santa-catarina\/\" \/>\n<meta property=\"article:author\" content=\"https:\/\/www.facebook.com\/profile.php?id=61559278119680\" \/>\n<meta property=\"article:published_time\" content=\"2025-06-02T10:15:26+00:00\" \/>\n<meta property=\"article:modified_time\" content=\"2025-06-02T10:16:10+00:00\" \/>\n<meta property=\"og:image\" content=\"http:\/\/sulsc.com\/wp-content\/uploads\/2025\/06\/1f108c15-8ccd-48a0-92aa-f3d0d612711f.jpg\" \/>\n\t<meta property=\"og:image:width\" content=\"1080\" \/>\n\t<meta property=\"og:image:height\" content=\"1318\" \/>\n\t<meta property=\"og:image:type\" content=\"image\/jpeg\" \/>\n<meta name=\"author\" content=\"Reda\u00e7\u00e3o Sul SC\" \/>\n<meta name=\"twitter:card\" content=\"summary_large_image\" \/>\n<meta name=\"twitter:creator\" content=\"@https:\/\/twitter.com\/PortalSulSC\" \/>\n<meta name=\"twitter:label1\" content=\"Written by\" \/>\n\t<meta name=\"twitter:data1\" content=\"Reda\u00e7\u00e3o Sul SC\" \/>\n\t<meta name=\"twitter:label2\" content=\"Est. reading time\" \/>\n\t<meta name=\"twitter:data2\" content=\"2 minutes\" \/>\n<script type=\"application\/ld+json\" class=\"yoast-schema-graph\">{\"@context\":\"https:\/\/schema.org\",\"@graph\":[{\"@type\":\"WebPage\",\"@id\":\"https:\/\/sulsc.com\/index.php\/2025\/06\/02\/primeira-semana-de-junho-comeca-com-possiveis-pancadas-de-chuva-e-possiveis-temporais-em-santa-catarina\/\",\"url\":\"https:\/\/sulsc.com\/index.php\/2025\/06\/02\/primeira-semana-de-junho-comeca-com-possiveis-pancadas-de-chuva-e-possiveis-temporais-em-santa-catarina\/\",\"name\":\"Primeira semana de junho come\u00e7a com poss\u00edveis pancadas de chuva e temporais em Santa Catarina -\",\"isPartOf\":{\"@id\":\"https:\/\/sulsc.com\/#website\"},\"datePublished\":\"2025-06-02T10:15:26+00:00\",\"dateModified\":\"2025-06-02T10:16:10+00:00\",\"author\":{\"@id\":\"https:\/\/sulsc.com\/#\/schema\/person\/84d2fc571684f6248ba83092f07750a3\"},\"description\":\"No litoral a expectativa \u00e9 que as chuvas ocorram entre o final da noite e a madrugada o risco de ocorr\u00eancias de temporais \u00e9 baixo a moderado\",\"breadcrumb\":{\"@id\":\"https:\/\/sulsc.com\/index.php\/2025\/06\/02\/primeira-semana-de-junho-comeca-com-possiveis-pancadas-de-chuva-e-possiveis-temporais-em-santa-catarina\/#breadcrumb\"},\"inLanguage\":\"en-US\",\"potentialAction\":[{\"@type\":\"ReadAction\",\"target\":[\"https:\/\/sulsc.com\/index.php\/2025\/06\/02\/primeira-semana-de-junho-comeca-com-possiveis-pancadas-de-chuva-e-possiveis-temporais-em-santa-catarina\/\"]}]},{\"@type\":\"BreadcrumbList\",\"@id\":\"https:\/\/sulsc.com\/index.php\/2025\/06\/02\/primeira-semana-de-junho-comeca-com-possiveis-pancadas-de-chuva-e-possiveis-temporais-em-santa-catarina\/#breadcrumb\",\"itemListElement\":[{\"@type\":\"ListItem\",\"position\":1,\"name\":\"In\u00edcio\",\"item\":\"https:\/\/sulsc.com\/\"},{\"@type\":\"ListItem\",\"position\":2,\"name\":\"Primeira semana de junho come\u00e7a com poss\u00edveis pancadas de chuva e temporais em Santa Catarina\"}]},{\"@type\":\"WebSite\",\"@id\":\"https:\/\/sulsc.com\/#website\",\"url\":\"https:\/\/sulsc.com\/\",\"name\":\"\",\"description\":\"\",\"potentialAction\":[{\"@type\":\"SearchAction\",\"target\":{\"@type\":\"EntryPoint\",\"urlTemplate\":\"https:\/\/sulsc.com\/?s={search_term_string}\"},\"query-input\":\"required name=search_term_string\"}],\"inLanguage\":\"en-US\"},{\"@type\":\"Person\",\"@id\":\"https:\/\/sulsc.com\/#\/schema\/person\/84d2fc571684f6248ba83092f07750a3\",\"name\":\"Reda\u00e7\u00e3o Sul SC\",\"image\":{\"@type\":\"ImageObject\",\"inLanguage\":\"en-US\",\"@id\":\"https:\/\/sulsc.com\/#\/schema\/person\/image\/e08d7fe2cc4ed596372063bbe852b8d0\",\"url\":\"https:\/\/sulsc.com\/wp-content\/uploads\/2023\/09\/redacao.png\",\"contentUrl\":\"https:\/\/sulsc.com\/wp-content\/uploads\/2023\/09\/redacao.png\",\"caption\":\"Reda\u00e7\u00e3o Sul SC\"},\"description\":\"Foco em um jornalismo imparcial, voltado \u00e0 qualidade dos seus conte\u00fados e, assim, levar informa\u00e7\u00e3o de valor que agregue \u00e0 vida dos leitores. Esta \u00e9 grande miss\u00e3o do Portal de Not\u00edcias Sul SC. N\u00e3o \u00e9 quantidade que muda o mundo, sempre foi e seguir\u00e1 sendo qualidade!\",\"sameAs\":[\"https:\/\/sulsc.com\/\",\"https:\/\/www.facebook.com\/profile.php?id=61559278119680\",\"https:\/\/www.instagram.com\/sulscportal\/?hl=pt-br\",\"https:\/\/twitter.com\/https:\/\/twitter.com\/PortalSulSC\",\"https:\/\/www.youtube.com\/channel\/UCv_BE8GeySluDov2n8qhVmw\"],\"url\":\"https:\/\/sulsc.com\/index.php\/author\/redacao\/\"}]}<\/script>\n<!-- \/ Yoast SEO plugin. -->","yoast_head_json":{"title":"Primeira semana de junho come\u00e7a com poss\u00edveis pancadas de chuva e temporais em Santa Catarina -","description":"No litoral a expectativa \u00e9 que as chuvas ocorram entre o final da noite e a madrugada o risco de ocorr\u00eancias de temporais \u00e9 baixo a moderado","robots":{"index":"index","follow":"follow","max-snippet":"max-snippet:-1","max-image-preview":"max-image-preview:large","max-video-preview":"max-video-preview:-1"},"canonical":"https:\/\/sulsc.com\/index.php\/2025\/06\/02\/primeira-semana-de-junho-comeca-com-possiveis-pancadas-de-chuva-e-possiveis-temporais-em-santa-catarina\/","og_locale":"en_US","og_type":"article","og_title":"Primeira semana de junho come\u00e7a com poss\u00edveis pancadas de chuva e temporais em Santa Catarina -","og_description":"No litoral a expectativa \u00e9 que as chuvas ocorram entre o final da noite e a madrugada o risco de ocorr\u00eancias de temporais \u00e9 baixo a moderado","og_url":"https:\/\/sulsc.com\/index.php\/2025\/06\/02\/primeira-semana-de-junho-comeca-com-possiveis-pancadas-de-chuva-e-possiveis-temporais-em-santa-catarina\/","article_author":"https:\/\/www.facebook.com\/profile.php?id=61559278119680","article_published_time":"2025-06-02T10:15:26+00:00","article_modified_time":"2025-06-02T10:16:10+00:00","og_image":[{"width":1080,"height":1318,"url":"http:\/\/sulsc.com\/wp-content\/uploads\/2025\/06\/1f108c15-8ccd-48a0-92aa-f3d0d612711f.jpg","type":"image\/jpeg"}],"author":"Reda\u00e7\u00e3o Sul SC","twitter_card":"summary_large_image","twitter_creator":"@https:\/\/twitter.com\/PortalSulSC","twitter_misc":{"Written by":"Reda\u00e7\u00e3o Sul SC","Est. reading time":"2 minutes"},"schema":{"@context":"https:\/\/schema.org","@graph":[{"@type":"WebPage","@id":"https:\/\/sulsc.com\/index.php\/2025\/06\/02\/primeira-semana-de-junho-comeca-com-possiveis-pancadas-de-chuva-e-possiveis-temporais-em-santa-catarina\/","url":"https:\/\/sulsc.com\/index.php\/2025\/06\/02\/primeira-semana-de-junho-comeca-com-possiveis-pancadas-de-chuva-e-possiveis-temporais-em-santa-catarina\/","name":"Primeira semana de junho come\u00e7a com poss\u00edveis pancadas de chuva e temporais em Santa Catarina -","isPartOf":{"@id":"https:\/\/sulsc.com\/#website"},"datePublished":"2025-06-02T10:15:26+00:00","dateModified":"2025-06-02T10:16:10+00:00","author":{"@id":"https:\/\/sulsc.com\/#\/schema\/person\/84d2fc571684f6248ba83092f07750a3"},"description":"No litoral a expectativa \u00e9 que as chuvas ocorram entre o final da noite e a madrugada o risco de ocorr\u00eancias de temporais \u00e9 baixo a moderado","breadcrumb":{"@id":"https:\/\/sulsc.com\/index.php\/2025\/06\/02\/primeira-semana-de-junho-comeca-com-possiveis-pancadas-de-chuva-e-possiveis-temporais-em-santa-catarina\/#breadcrumb"},"inLanguage":"en-US","potentialAction":[{"@type":"ReadAction","target":["https:\/\/sulsc.com\/index.php\/2025\/06\/02\/primeira-semana-de-junho-comeca-com-possiveis-pancadas-de-chuva-e-possiveis-temporais-em-santa-catarina\/"]}]},{"@type":"BreadcrumbList","@id":"https:\/\/sulsc.com\/index.php\/2025\/06\/02\/primeira-semana-de-junho-comeca-com-possiveis-pancadas-de-chuva-e-possiveis-temporais-em-santa-catarina\/#breadcrumb","itemListElement":[{"@type":"ListItem","position":1,"name":"In\u00edcio","item":"https:\/\/sulsc.com\/"},{"@type":"ListItem","position":2,"name":"Primeira semana de junho come\u00e7a com poss\u00edveis pancadas de chuva e temporais em Santa Catarina"}]},{"@type":"WebSite","@id":"https:\/\/sulsc.com\/#website","url":"https:\/\/sulsc.com\/","name":"","description":"","potentialAction":[{"@type":"SearchAction","target":{"@type":"EntryPoint","urlTemplate":"https:\/\/sulsc.com\/?s={search_term_string}"},"query-input":"required name=search_term_string"}],"inLanguage":"en-US"},{"@type":"Person","@id":"https:\/\/sulsc.com\/#\/schema\/person\/84d2fc571684f6248ba83092f07750a3","name":"Reda\u00e7\u00e3o Sul SC","image":{"@type":"ImageObject","inLanguage":"en-US","@id":"https:\/\/sulsc.com\/#\/schema\/person\/image\/e08d7fe2cc4ed596372063bbe852b8d0","url":"https:\/\/sulsc.com\/wp-content\/uploads\/2023\/09\/redacao.png","contentUrl":"https:\/\/sulsc.com\/wp-content\/uploads\/2023\/09\/redacao.png","caption":"Reda\u00e7\u00e3o Sul SC"},"description":"Foco em um jornalismo imparcial, voltado \u00e0 qualidade dos seus conte\u00fados e, assim, levar informa\u00e7\u00e3o de valor que agregue \u00e0 vida dos leitores. Esta \u00e9 grande miss\u00e3o do Portal de Not\u00edcias Sul SC. N\u00e3o \u00e9 quantidade que muda o mundo, sempre foi e seguir\u00e1 sendo qualidade!","sameAs":["https:\/\/sulsc.com\/","https:\/\/www.facebook.com\/profile.php?id=61559278119680","https:\/\/www.instagram.com\/sulscportal\/?hl=pt-br","https:\/\/twitter.com\/https:\/\/twitter.com\/PortalSulSC","https:\/\/www.youtube.com\/channel\/UCv_BE8GeySluDov2n8qhVmw"],"url":"https:\/\/sulsc.com\/index.php\/author\/redacao\/"}]}},"authors":[],"_links":{"self":[{"href":"https:\/\/sulsc.com\/index.php\/wp-json\/wp\/v2\/posts\/24217"}],"collection":[{"href":"https:\/\/sulsc.com\/index.php\/wp-json\/wp\/v2\/posts"}],"about":[{"href":"https:\/\/sulsc.com\/index.php\/wp-json\/wp\/v2\/types\/post"}],"author":[{"embeddable":true,"href":"https:\/\/sulsc.com\/index.php\/wp-json\/wp\/v2\/users\/3"}],"replies":[{"embeddable":true,"href":"https:\/\/sulsc.com\/index.php\/wp-json\/wp\/v2\/comments?post=24217"}],"version-history":[{"count":2,"href":"https:\/\/sulsc.com\/index.php\/wp-json\/wp\/v2\/posts\/24217\/revisions"}],"predecessor-version":[{"id":24223,"href":"https:\/\/sulsc.com\/index.php\/wp-json\/wp\/v2\/posts\/24217\/revisions\/24223"}],"wp:featuredmedia":[{"embeddable":true,"href":"https:\/\/sulsc.com\/index.php\/wp-json\/wp\/v2\/media\/24221"}],"wp:attachment":[{"href":"https:\/\/sulsc.com\/index.php\/wp-json\/wp\/v2\/media?parent=24217"}],"wp:term":[{"taxonomy":"category","embeddable":true,"href":"https:\/\/sulsc.com\/index.php\/wp-json\/wp\/v2\/categories?post=24217"},{"taxonomy":"post_tag","embeddable":true,"href":"https:\/\/sulsc.com\/index.php\/wp-json\/wp\/v2\/tags?post=24217"}],"curies":[{"name":"wp","href":"https:\/\/api.w.org\/{rel}","templated":true}]}}