{"id":24258,"date":"2025-06-03T07:07:27","date_gmt":"2025-06-03T10:07:27","guid":{"rendered":"https:\/\/sulsc.com\/?p=24258"},"modified":"2025-06-03T07:07:27","modified_gmt":"2025-06-03T10:07:27","slug":"terca-feira-03-inicia-chuvoso-mas-com-melhoras-na-parte-da-tarde-e-maximas-acima-de-20oc","status":"publish","type":"post","link":"https:\/\/sulsc.com\/index.php\/2025\/06\/03\/terca-feira-03-inicia-chuvoso-mas-com-melhoras-na-parte-da-tarde-e-maximas-acima-de-20oc\/","title":{"rendered":"Ter\u00e7a-feira (03) inicia chuvoso mas com melhoras na parte da tarde e m\u00e1ximas acima de 20\u00baC"},"content":{"rendered":"<p>Nesta ter\u00e7a-feira (03), as instabilidades avan\u00e7am rapidamente em dire\u00e7\u00e3o ao alto mar, mantendo a condi\u00e7\u00e3o de chuva principalmente entre a madrugada e o amanhecer, sobretudo nas \u00e1reas litor\u00e2neas. A partir da tarde, o tempo segue nublado e com risco baixo para ocorr\u00eancias associadas \u00e0s condi\u00e7\u00f5es de tempo.<\/p>\n<p><img fetchpriority=\"high\" decoding=\"async\" class=\"aligncenter size-full wp-image-24259\" src=\"http:\/\/sulsc.com\/wp-content\/uploads\/2025\/06\/a-1.png\" alt=\"\" width=\"1093\" height=\"747\" srcset=\"https:\/\/sulsc.com\/wp-content\/uploads\/2025\/06\/a-1.png 1093w, https:\/\/sulsc.com\/wp-content\/uploads\/2025\/06\/a-1-300x205.png 300w, https:\/\/sulsc.com\/wp-content\/uploads\/2025\/06\/a-1-1024x700.png 1024w, https:\/\/sulsc.com\/wp-content\/uploads\/2025\/06\/a-1-768x525.png 768w\" sizes=\"(max-width: 1093px) 100vw, 1093px\" \/><\/p>\n<p><img decoding=\"async\" class=\"aligncenter  wp-image-22836\" src=\"http:\/\/sulsc.com\/wp-content\/uploads\/2025\/04\/Tempo-2.png\" alt=\"\" width=\"715\" height=\"132\" srcset=\"https:\/\/sulsc.com\/wp-content\/uploads\/2025\/04\/Tempo-2.png 1024w, https:\/\/sulsc.com\/wp-content\/uploads\/2025\/04\/Tempo-2-300x55.png 300w, https:\/\/sulsc.com\/wp-content\/uploads\/2025\/04\/Tempo-2-768x142.png 768w\" sizes=\"(max-width: 715px) 100vw, 715px\" \/><\/p>\n<p><strong>Temperaturas<\/strong><\/p>\n<p>No amanhecer as temperaturas sobem em rela\u00e7\u00e3o aos dias anteriores, com valores entre 10\u00b0C e 15\u00b0C. \u00c0 tarde, h\u00e1 pouca varia\u00e7\u00e3o de nebulosidade, devido ao tempo nublado, com m\u00e1ximas entre 16\u00b0C e 23\u00b0C.<\/p>\n<p>&nbsp;<\/p>\n<p><strong>Acesse : boulevardfm98.com<\/strong><\/p>\n<p><img decoding=\"async\" class=\"aligncenter  wp-image-24260\" src=\"http:\/\/sulsc.com\/wp-content\/uploads\/2025\/06\/Boulevard-FM-1.jpeg\" alt=\"\" width=\"700\" height=\"466\" srcset=\"https:\/\/sulsc.com\/wp-content\/uploads\/2025\/06\/Boulevard-FM-1.jpeg 1080w, https:\/\/sulsc.com\/wp-content\/uploads\/2025\/06\/Boulevard-FM-1-300x199.jpeg 300w, https:\/\/sulsc.com\/wp-content\/uploads\/2025\/06\/Boulevard-FM-1-1024x681.jpeg 1024w, https:\/\/sulsc.com\/wp-content\/uploads\/2025\/06\/Boulevard-FM-1-768x511.jpeg 768w\" sizes=\"(max-width: 700px) 100vw, 700px\" \/><\/p>\n<p>&nbsp;<\/p>\n","protected":false},"excerpt":{"rendered":"<p>Nesta ter\u00e7a-feira (03), as instabilidades avan\u00e7am rapidamente em dire\u00e7\u00e3o ao alto mar, mantendo a condi\u00e7\u00e3o de chuva principalmente entre a madrugada e o amanhecer, sobretudo nas \u00e1reas litor\u00e2neas. A partir da tarde, o tempo segue nublado e com risco baixo para ocorr\u00eancias associadas \u00e0s condi\u00e7\u00f5es de tempo. Temperaturas No amanhecer as temperaturas sobem em rela\u00e7\u00e3o &hellip;<\/p>\n<p class=\"read-more\"> <a class=\"\" href=\"https:\/\/sulsc.com\/index.php\/2025\/06\/03\/terca-feira-03-inicia-chuvoso-mas-com-melhoras-na-parte-da-tarde-e-maximas-acima-de-20oc\/\"> <span class=\"screen-reader-text\">Ter\u00e7a-feira (03) inicia chuvoso mas com melhoras na parte da tarde e m\u00e1ximas acima de 20\u00baC<\/span> Read More &raquo;<\/a><\/p>\n","protected":false},"author":3,"featured_media":16430,"comment_status":"open","ping_status":"open","sticky":false,"template":"","format":"standard","meta":{"site-sidebar-layout":"default","site-content-layout":"","ast-site-content-layout":"default","site-content-style":"default","site-sidebar-style":"default","ast-global-header-display":"","ast-banner-title-visibility":"","ast-main-header-display":"","ast-hfb-above-header-display":"","ast-hfb-below-header-display":"","ast-hfb-mobile-header-display":"","site-post-title":"","ast-breadcrumbs-content":"","ast-featured-img":"","footer-sml-layout":"","theme-transparent-header-meta":"default","adv-header-id-meta":"","stick-header-meta":"","header-above-stick-meta":"","header-main-stick-meta":"","header-below-stick-meta":"","astra-migrate-meta-layouts":"set","footnotes":""},"categories":[38],"tags":[90],"yoast_head":"<!-- This site is optimized with the Yoast SEO plugin v21.4 - https:\/\/yoast.com\/wordpress\/plugins\/seo\/ -->\n<title>Ter\u00e7a-feira (03) inicia chuvoso mas com melhoras na parte da tarde e m\u00e1ximas acima de 20\u00baC -<\/title>\n<meta name=\"description\" content=\"A partir da tarde o tempo segue nublado e com risco baixo para ocorr\u00eancias associadas \u00e0s condi\u00e7\u00f5es de tempo\" \/>\n<meta name=\"robots\" content=\"index, follow, max-snippet:-1, max-image-preview:large, max-video-preview:-1\" \/>\n<link rel=\"canonical\" href=\"https:\/\/sulsc.com\/index.php\/2025\/06\/03\/terca-feira-03-inicia-chuvoso-mas-com-melhoras-na-parte-da-tarde-e-maximas-acima-de-20oc\/\" \/>\n<meta property=\"og:locale\" content=\"en_US\" \/>\n<meta property=\"og:type\" content=\"article\" \/>\n<meta property=\"og:title\" content=\"Ter\u00e7a-feira (03) inicia chuvoso mas com melhoras na parte da tarde e m\u00e1ximas acima de 20\u00baC -\" \/>\n<meta property=\"og:description\" content=\"A partir da tarde o tempo segue nublado e com risco baixo para ocorr\u00eancias associadas \u00e0s condi\u00e7\u00f5es de tempo\" \/>\n<meta property=\"og:url\" content=\"https:\/\/sulsc.com\/index.php\/2025\/06\/03\/terca-feira-03-inicia-chuvoso-mas-com-melhoras-na-parte-da-tarde-e-maximas-acima-de-20oc\/\" \/>\n<meta property=\"article:author\" content=\"https:\/\/www.facebook.com\/profile.php?id=61559278119680\" \/>\n<meta property=\"article:published_time\" content=\"2025-06-03T10:07:27+00:00\" \/>\n<meta property=\"og:image\" content=\"http:\/\/sulsc.com\/wp-content\/uploads\/2024\/10\/temporal.jpg\" \/>\n\t<meta property=\"og:image:width\" content=\"1920\" \/>\n\t<meta property=\"og:image:height\" content=\"866\" \/>\n\t<meta property=\"og:image:type\" content=\"image\/jpeg\" \/>\n<meta name=\"author\" content=\"Reda\u00e7\u00e3o Sul SC\" \/>\n<meta name=\"twitter:card\" content=\"summary_large_image\" \/>\n<meta name=\"twitter:creator\" content=\"@https:\/\/twitter.com\/PortalSulSC\" \/>\n<meta name=\"twitter:label1\" content=\"Written by\" \/>\n\t<meta name=\"twitter:data1\" content=\"Reda\u00e7\u00e3o Sul SC\" \/>\n\t<meta name=\"twitter:label2\" content=\"Est. reading time\" \/>\n\t<meta name=\"twitter:data2\" content=\"1 minute\" \/>\n<script type=\"application\/ld+json\" class=\"yoast-schema-graph\">{\"@context\":\"https:\/\/schema.org\",\"@graph\":[{\"@type\":\"WebPage\",\"@id\":\"https:\/\/sulsc.com\/index.php\/2025\/06\/03\/terca-feira-03-inicia-chuvoso-mas-com-melhoras-na-parte-da-tarde-e-maximas-acima-de-20oc\/\",\"url\":\"https:\/\/sulsc.com\/index.php\/2025\/06\/03\/terca-feira-03-inicia-chuvoso-mas-com-melhoras-na-parte-da-tarde-e-maximas-acima-de-20oc\/\",\"name\":\"Ter\u00e7a-feira (03) inicia chuvoso mas com melhoras na parte da tarde e m\u00e1ximas acima de 20\u00baC -\",\"isPartOf\":{\"@id\":\"https:\/\/sulsc.com\/#website\"},\"datePublished\":\"2025-06-03T10:07:27+00:00\",\"dateModified\":\"2025-06-03T10:07:27+00:00\",\"author\":{\"@id\":\"https:\/\/sulsc.com\/#\/schema\/person\/84d2fc571684f6248ba83092f07750a3\"},\"description\":\"A partir da tarde o tempo segue nublado e com risco baixo para ocorr\u00eancias associadas \u00e0s condi\u00e7\u00f5es de tempo\",\"breadcrumb\":{\"@id\":\"https:\/\/sulsc.com\/index.php\/2025\/06\/03\/terca-feira-03-inicia-chuvoso-mas-com-melhoras-na-parte-da-tarde-e-maximas-acima-de-20oc\/#breadcrumb\"},\"inLanguage\":\"en-US\",\"potentialAction\":[{\"@type\":\"ReadAction\",\"target\":[\"https:\/\/sulsc.com\/index.php\/2025\/06\/03\/terca-feira-03-inicia-chuvoso-mas-com-melhoras-na-parte-da-tarde-e-maximas-acima-de-20oc\/\"]}]},{\"@type\":\"BreadcrumbList\",\"@id\":\"https:\/\/sulsc.com\/index.php\/2025\/06\/03\/terca-feira-03-inicia-chuvoso-mas-com-melhoras-na-parte-da-tarde-e-maximas-acima-de-20oc\/#breadcrumb\",\"itemListElement\":[{\"@type\":\"ListItem\",\"position\":1,\"name\":\"In\u00edcio\",\"item\":\"https:\/\/sulsc.com\/\"},{\"@type\":\"ListItem\",\"position\":2,\"name\":\"Ter\u00e7a-feira (03) inicia chuvoso mas com melhoras na parte da tarde e m\u00e1ximas acima de 20\u00baC\"}]},{\"@type\":\"WebSite\",\"@id\":\"https:\/\/sulsc.com\/#website\",\"url\":\"https:\/\/sulsc.com\/\",\"name\":\"\",\"description\":\"\",\"potentialAction\":[{\"@type\":\"SearchAction\",\"target\":{\"@type\":\"EntryPoint\",\"urlTemplate\":\"https:\/\/sulsc.com\/?s={search_term_string}\"},\"query-input\":\"required name=search_term_string\"}],\"inLanguage\":\"en-US\"},{\"@type\":\"Person\",\"@id\":\"https:\/\/sulsc.com\/#\/schema\/person\/84d2fc571684f6248ba83092f07750a3\",\"name\":\"Reda\u00e7\u00e3o Sul SC\",\"image\":{\"@type\":\"ImageObject\",\"inLanguage\":\"en-US\",\"@id\":\"https:\/\/sulsc.com\/#\/schema\/person\/image\/e08d7fe2cc4ed596372063bbe852b8d0\",\"url\":\"https:\/\/sulsc.com\/wp-content\/uploads\/2023\/09\/redacao.png\",\"contentUrl\":\"https:\/\/sulsc.com\/wp-content\/uploads\/2023\/09\/redacao.png\",\"caption\":\"Reda\u00e7\u00e3o Sul SC\"},\"description\":\"Foco em um jornalismo imparcial, voltado \u00e0 qualidade dos seus conte\u00fados e, assim, levar informa\u00e7\u00e3o de valor que agregue \u00e0 vida dos leitores. Esta \u00e9 grande miss\u00e3o do Portal de Not\u00edcias Sul SC. N\u00e3o \u00e9 quantidade que muda o mundo, sempre foi e seguir\u00e1 sendo qualidade!\",\"sameAs\":[\"https:\/\/sulsc.com\/\",\"https:\/\/www.facebook.com\/profile.php?id=61559278119680\",\"https:\/\/www.instagram.com\/sulscportal\/?hl=pt-br\",\"https:\/\/twitter.com\/https:\/\/twitter.com\/PortalSulSC\",\"https:\/\/www.youtube.com\/channel\/UCv_BE8GeySluDov2n8qhVmw\"],\"url\":\"https:\/\/sulsc.com\/index.php\/author\/redacao\/\"}]}<\/script>\n<!-- \/ Yoast SEO plugin. -->","yoast_head_json":{"title":"Ter\u00e7a-feira (03) inicia chuvoso mas com melhoras na parte da tarde e m\u00e1ximas acima de 20\u00baC -","description":"A partir da tarde o tempo segue nublado e com risco baixo para ocorr\u00eancias associadas \u00e0s condi\u00e7\u00f5es de tempo","robots":{"index":"index","follow":"follow","max-snippet":"max-snippet:-1","max-image-preview":"max-image-preview:large","max-video-preview":"max-video-preview:-1"},"canonical":"https:\/\/sulsc.com\/index.php\/2025\/06\/03\/terca-feira-03-inicia-chuvoso-mas-com-melhoras-na-parte-da-tarde-e-maximas-acima-de-20oc\/","og_locale":"en_US","og_type":"article","og_title":"Ter\u00e7a-feira (03) inicia chuvoso mas com melhoras na parte da tarde e m\u00e1ximas acima de 20\u00baC -","og_description":"A partir da tarde o tempo segue nublado e com risco baixo para ocorr\u00eancias associadas \u00e0s condi\u00e7\u00f5es de tempo","og_url":"https:\/\/sulsc.com\/index.php\/2025\/06\/03\/terca-feira-03-inicia-chuvoso-mas-com-melhoras-na-parte-da-tarde-e-maximas-acima-de-20oc\/","article_author":"https:\/\/www.facebook.com\/profile.php?id=61559278119680","article_published_time":"2025-06-03T10:07:27+00:00","og_image":[{"width":1920,"height":866,"url":"http:\/\/sulsc.com\/wp-content\/uploads\/2024\/10\/temporal.jpg","type":"image\/jpeg"}],"author":"Reda\u00e7\u00e3o Sul SC","twitter_card":"summary_large_image","twitter_creator":"@https:\/\/twitter.com\/PortalSulSC","twitter_misc":{"Written by":"Reda\u00e7\u00e3o Sul SC","Est. reading time":"1 minute"},"schema":{"@context":"https:\/\/schema.org","@graph":[{"@type":"WebPage","@id":"https:\/\/sulsc.com\/index.php\/2025\/06\/03\/terca-feira-03-inicia-chuvoso-mas-com-melhoras-na-parte-da-tarde-e-maximas-acima-de-20oc\/","url":"https:\/\/sulsc.com\/index.php\/2025\/06\/03\/terca-feira-03-inicia-chuvoso-mas-com-melhoras-na-parte-da-tarde-e-maximas-acima-de-20oc\/","name":"Ter\u00e7a-feira (03) inicia chuvoso mas com melhoras na parte da tarde e m\u00e1ximas acima de 20\u00baC -","isPartOf":{"@id":"https:\/\/sulsc.com\/#website"},"datePublished":"2025-06-03T10:07:27+00:00","dateModified":"2025-06-03T10:07:27+00:00","author":{"@id":"https:\/\/sulsc.com\/#\/schema\/person\/84d2fc571684f6248ba83092f07750a3"},"description":"A partir da tarde o tempo segue nublado e com risco baixo para ocorr\u00eancias associadas \u00e0s condi\u00e7\u00f5es de tempo","breadcrumb":{"@id":"https:\/\/sulsc.com\/index.php\/2025\/06\/03\/terca-feira-03-inicia-chuvoso-mas-com-melhoras-na-parte-da-tarde-e-maximas-acima-de-20oc\/#breadcrumb"},"inLanguage":"en-US","potentialAction":[{"@type":"ReadAction","target":["https:\/\/sulsc.com\/index.php\/2025\/06\/03\/terca-feira-03-inicia-chuvoso-mas-com-melhoras-na-parte-da-tarde-e-maximas-acima-de-20oc\/"]}]},{"@type":"BreadcrumbList","@id":"https:\/\/sulsc.com\/index.php\/2025\/06\/03\/terca-feira-03-inicia-chuvoso-mas-com-melhoras-na-parte-da-tarde-e-maximas-acima-de-20oc\/#breadcrumb","itemListElement":[{"@type":"ListItem","position":1,"name":"In\u00edcio","item":"https:\/\/sulsc.com\/"},{"@type":"ListItem","position":2,"name":"Ter\u00e7a-feira (03) inicia chuvoso mas com melhoras na parte da tarde e m\u00e1ximas acima de 20\u00baC"}]},{"@type":"WebSite","@id":"https:\/\/sulsc.com\/#website","url":"https:\/\/sulsc.com\/","name":"","description":"","potentialAction":[{"@type":"SearchAction","target":{"@type":"EntryPoint","urlTemplate":"https:\/\/sulsc.com\/?s={search_term_string}"},"query-input":"required name=search_term_string"}],"inLanguage":"en-US"},{"@type":"Person","@id":"https:\/\/sulsc.com\/#\/schema\/person\/84d2fc571684f6248ba83092f07750a3","name":"Reda\u00e7\u00e3o Sul SC","image":{"@type":"ImageObject","inLanguage":"en-US","@id":"https:\/\/sulsc.com\/#\/schema\/person\/image\/e08d7fe2cc4ed596372063bbe852b8d0","url":"https:\/\/sulsc.com\/wp-content\/uploads\/2023\/09\/redacao.png","contentUrl":"https:\/\/sulsc.com\/wp-content\/uploads\/2023\/09\/redacao.png","caption":"Reda\u00e7\u00e3o Sul SC"},"description":"Foco em um jornalismo imparcial, voltado \u00e0 qualidade dos seus conte\u00fados e, assim, levar informa\u00e7\u00e3o de valor que agregue \u00e0 vida dos leitores. Esta \u00e9 grande miss\u00e3o do Portal de Not\u00edcias Sul SC. N\u00e3o \u00e9 quantidade que muda o mundo, sempre foi e seguir\u00e1 sendo qualidade!","sameAs":["https:\/\/sulsc.com\/","https:\/\/www.facebook.com\/profile.php?id=61559278119680","https:\/\/www.instagram.com\/sulscportal\/?hl=pt-br","https:\/\/twitter.com\/https:\/\/twitter.com\/PortalSulSC","https:\/\/www.youtube.com\/channel\/UCv_BE8GeySluDov2n8qhVmw"],"url":"https:\/\/sulsc.com\/index.php\/author\/redacao\/"}]}},"authors":[],"_links":{"self":[{"href":"https:\/\/sulsc.com\/index.php\/wp-json\/wp\/v2\/posts\/24258"}],"collection":[{"href":"https:\/\/sulsc.com\/index.php\/wp-json\/wp\/v2\/posts"}],"about":[{"href":"https:\/\/sulsc.com\/index.php\/wp-json\/wp\/v2\/types\/post"}],"author":[{"embeddable":true,"href":"https:\/\/sulsc.com\/index.php\/wp-json\/wp\/v2\/users\/3"}],"replies":[{"embeddable":true,"href":"https:\/\/sulsc.com\/index.php\/wp-json\/wp\/v2\/comments?post=24258"}],"version-history":[{"count":1,"href":"https:\/\/sulsc.com\/index.php\/wp-json\/wp\/v2\/posts\/24258\/revisions"}],"predecessor-version":[{"id":24261,"href":"https:\/\/sulsc.com\/index.php\/wp-json\/wp\/v2\/posts\/24258\/revisions\/24261"}],"wp:featuredmedia":[{"embeddable":true,"href":"https:\/\/sulsc.com\/index.php\/wp-json\/wp\/v2\/media\/16430"}],"wp:attachment":[{"href":"https:\/\/sulsc.com\/index.php\/wp-json\/wp\/v2\/media?parent=24258"}],"wp:term":[{"taxonomy":"category","embeddable":true,"href":"https:\/\/sulsc.com\/index.php\/wp-json\/wp\/v2\/categories?post=24258"},{"taxonomy":"post_tag","embeddable":true,"href":"https:\/\/sulsc.com\/index.php\/wp-json\/wp\/v2\/tags?post=24258"}],"curies":[{"name":"wp","href":"https:\/\/api.w.org\/{rel}","templated":true}]}}