{"id":24308,"date":"2025-06-05T08:07:58","date_gmt":"2025-06-05T11:07:58","guid":{"rendered":"https:\/\/sulsc.com\/?p=24308"},"modified":"2025-06-05T08:07:58","modified_gmt":"2025-06-05T11:07:58","slug":"tempo-instavel-em-todas-regioes-com-temporais-isolados-nesta-quinta-feira-05","status":"publish","type":"post","link":"https:\/\/sulsc.com\/index.php\/2025\/06\/05\/tempo-instavel-em-todas-regioes-com-temporais-isolados-nesta-quinta-feira-05\/","title":{"rendered":"Tempo inst\u00e1vel em todas regi\u00f5es com temporais isolados nesta quinta-feira (05)"},"content":{"rendered":"<p>Na quinta-feira (05), a passagem de uma frente fria pelo estado segue mantendo o tempo inst\u00e1vel em todas as regi\u00f5es. No norte catarinense, sobretudo nas \u00e1reas pr\u00f3ximas ao Paran\u00e1, ainda s\u00e3o esperados temporais pontualmente fortes entre o final da madrugada e o per\u00edodo da manh\u00e3, com risco moderado a alto para ocorr\u00eancias associadas.<\/p>\n<p><img fetchpriority=\"high\" decoding=\"async\" class=\"aligncenter size-full wp-image-24309\" src=\"http:\/\/sulsc.com\/wp-content\/uploads\/2025\/06\/a1.png\" alt=\"\" width=\"1471\" height=\"1005\" srcset=\"https:\/\/sulsc.com\/wp-content\/uploads\/2025\/06\/a1.png 1471w, https:\/\/sulsc.com\/wp-content\/uploads\/2025\/06\/a1-300x205.png 300w, https:\/\/sulsc.com\/wp-content\/uploads\/2025\/06\/a1-1024x700.png 1024w, https:\/\/sulsc.com\/wp-content\/uploads\/2025\/06\/a1-768x525.png 768w\" sizes=\"(max-width: 1471px) 100vw, 1471px\" \/><\/p>\n<p><img decoding=\"async\" class=\"aligncenter  wp-image-22836\" src=\"http:\/\/sulsc.com\/wp-content\/uploads\/2025\/04\/Tempo-2.png\" alt=\"\" width=\"726\" height=\"134\" srcset=\"https:\/\/sulsc.com\/wp-content\/uploads\/2025\/04\/Tempo-2.png 1024w, https:\/\/sulsc.com\/wp-content\/uploads\/2025\/04\/Tempo-2-300x55.png 300w, https:\/\/sulsc.com\/wp-content\/uploads\/2025\/04\/Tempo-2-768x142.png 768w\" sizes=\"(max-width: 726px) 100vw, 726px\" \/><\/p>\n<p>Nas demais regi\u00f5es, a chuva ocorre entre fraca a moderada intensidade e os temporais ocorrem de forma mais isolada, com risco baixo a moderado para ocorr\u00eancias relacionadas a alagamentos pontuais e destelhamentos.<\/p>\n<p><strong>Temperaturas<\/strong><\/p>\n<p>Por conta do tempo mais nublado e das chuvas, as temperaturas n\u00e3o apresentam grande varia\u00e7\u00e3o ao longo do dia, com m\u00e1ximas entre 15\u00b0C e 23\u00b0C na maior parte do estado.<\/p>\n<p>&nbsp;<\/p>\n<p><strong>Boulevardfm98.com<\/strong><\/p>\n<p><img decoding=\"async\" class=\"aligncenter  wp-image-24310\" src=\"http:\/\/sulsc.com\/wp-content\/uploads\/2025\/06\/Boulevard-FM-2.jpeg\" alt=\"\" width=\"700\" height=\"466\" srcset=\"https:\/\/sulsc.com\/wp-content\/uploads\/2025\/06\/Boulevard-FM-2.jpeg 1080w, https:\/\/sulsc.com\/wp-content\/uploads\/2025\/06\/Boulevard-FM-2-300x199.jpeg 300w, https:\/\/sulsc.com\/wp-content\/uploads\/2025\/06\/Boulevard-FM-2-1024x681.jpeg 1024w, https:\/\/sulsc.com\/wp-content\/uploads\/2025\/06\/Boulevard-FM-2-768x511.jpeg 768w\" sizes=\"(max-width: 700px) 100vw, 700px\" \/><\/p>\n<p>&nbsp;<\/p>\n","protected":false},"excerpt":{"rendered":"<p>Na quinta-feira (05), a passagem de uma frente fria pelo estado segue mantendo o tempo inst\u00e1vel em todas as regi\u00f5es. No norte catarinense, sobretudo nas \u00e1reas pr\u00f3ximas ao Paran\u00e1, ainda s\u00e3o esperados temporais pontualmente fortes entre o final da madrugada e o per\u00edodo da manh\u00e3, com risco moderado a alto para ocorr\u00eancias associadas. Nas demais &hellip;<\/p>\n<p class=\"read-more\"> <a class=\"\" href=\"https:\/\/sulsc.com\/index.php\/2025\/06\/05\/tempo-instavel-em-todas-regioes-com-temporais-isolados-nesta-quinta-feira-05\/\"> <span class=\"screen-reader-text\">Tempo inst\u00e1vel em todas regi\u00f5es com temporais isolados nesta quinta-feira (05)<\/span> Read More &raquo;<\/a><\/p>\n","protected":false},"author":3,"featured_media":1471,"comment_status":"open","ping_status":"open","sticky":false,"template":"","format":"standard","meta":{"site-sidebar-layout":"default","site-content-layout":"","ast-site-content-layout":"default","site-content-style":"default","site-sidebar-style":"default","ast-global-header-display":"","ast-banner-title-visibility":"","ast-main-header-display":"","ast-hfb-above-header-display":"","ast-hfb-below-header-display":"","ast-hfb-mobile-header-display":"","site-post-title":"","ast-breadcrumbs-content":"","ast-featured-img":"","footer-sml-layout":"","theme-transparent-header-meta":"default","adv-header-id-meta":"","stick-header-meta":"","header-above-stick-meta":"","header-main-stick-meta":"","header-below-stick-meta":"","astra-migrate-meta-layouts":"set","footnotes":""},"categories":[38],"tags":[90],"yoast_head":"<!-- This site is optimized with the Yoast SEO plugin v21.4 - https:\/\/yoast.com\/wordpress\/plugins\/seo\/ -->\n<title>Tempo inst\u00e1vel em todas regi\u00f5es com temporais isolados nesta quinta-feira (05) -<\/title>\n<meta name=\"description\" content=\"As temperaturas n\u00e3o apresentam grande varia\u00e7\u00e3o ao longo do dia com m\u00e1ximas entre 15\u00b0C e 23\u00b0C na maior parte do estado\" \/>\n<meta name=\"robots\" content=\"index, follow, max-snippet:-1, max-image-preview:large, max-video-preview:-1\" \/>\n<link rel=\"canonical\" href=\"https:\/\/sulsc.com\/index.php\/2025\/06\/05\/tempo-instavel-em-todas-regioes-com-temporais-isolados-nesta-quinta-feira-05\/\" \/>\n<meta property=\"og:locale\" content=\"en_US\" \/>\n<meta property=\"og:type\" content=\"article\" \/>\n<meta property=\"og:title\" content=\"Tempo inst\u00e1vel em todas regi\u00f5es com temporais isolados nesta quinta-feira (05) -\" \/>\n<meta property=\"og:description\" content=\"As temperaturas n\u00e3o apresentam grande varia\u00e7\u00e3o ao longo do dia com m\u00e1ximas entre 15\u00b0C e 23\u00b0C na maior parte do estado\" \/>\n<meta property=\"og:url\" content=\"https:\/\/sulsc.com\/index.php\/2025\/06\/05\/tempo-instavel-em-todas-regioes-com-temporais-isolados-nesta-quinta-feira-05\/\" \/>\n<meta property=\"article:author\" content=\"https:\/\/www.facebook.com\/profile.php?id=61559278119680\" \/>\n<meta property=\"article:published_time\" content=\"2025-06-05T11:07:58+00:00\" \/>\n<meta property=\"og:image\" content=\"http:\/\/sulsc.com\/wp-content\/uploads\/2023\/09\/temporal-scaled.jpg\" \/>\n\t<meta property=\"og:image:width\" content=\"2560\" \/>\n\t<meta property=\"og:image:height\" content=\"2106\" \/>\n\t<meta property=\"og:image:type\" content=\"image\/jpeg\" \/>\n<meta name=\"author\" content=\"Reda\u00e7\u00e3o Sul SC\" \/>\n<meta name=\"twitter:card\" content=\"summary_large_image\" \/>\n<meta name=\"twitter:creator\" content=\"@https:\/\/twitter.com\/PortalSulSC\" \/>\n<meta name=\"twitter:label1\" content=\"Written by\" \/>\n\t<meta name=\"twitter:data1\" content=\"Reda\u00e7\u00e3o Sul SC\" \/>\n\t<meta name=\"twitter:label2\" content=\"Est. reading time\" \/>\n\t<meta name=\"twitter:data2\" content=\"2 minutes\" \/>\n<script type=\"application\/ld+json\" class=\"yoast-schema-graph\">{\"@context\":\"https:\/\/schema.org\",\"@graph\":[{\"@type\":\"WebPage\",\"@id\":\"https:\/\/sulsc.com\/index.php\/2025\/06\/05\/tempo-instavel-em-todas-regioes-com-temporais-isolados-nesta-quinta-feira-05\/\",\"url\":\"https:\/\/sulsc.com\/index.php\/2025\/06\/05\/tempo-instavel-em-todas-regioes-com-temporais-isolados-nesta-quinta-feira-05\/\",\"name\":\"Tempo inst\u00e1vel em todas regi\u00f5es com temporais isolados nesta quinta-feira (05) -\",\"isPartOf\":{\"@id\":\"https:\/\/sulsc.com\/#website\"},\"datePublished\":\"2025-06-05T11:07:58+00:00\",\"dateModified\":\"2025-06-05T11:07:58+00:00\",\"author\":{\"@id\":\"https:\/\/sulsc.com\/#\/schema\/person\/84d2fc571684f6248ba83092f07750a3\"},\"description\":\"As temperaturas n\u00e3o apresentam grande varia\u00e7\u00e3o ao longo do dia com m\u00e1ximas entre 15\u00b0C e 23\u00b0C na maior parte do estado\",\"breadcrumb\":{\"@id\":\"https:\/\/sulsc.com\/index.php\/2025\/06\/05\/tempo-instavel-em-todas-regioes-com-temporais-isolados-nesta-quinta-feira-05\/#breadcrumb\"},\"inLanguage\":\"en-US\",\"potentialAction\":[{\"@type\":\"ReadAction\",\"target\":[\"https:\/\/sulsc.com\/index.php\/2025\/06\/05\/tempo-instavel-em-todas-regioes-com-temporais-isolados-nesta-quinta-feira-05\/\"]}]},{\"@type\":\"BreadcrumbList\",\"@id\":\"https:\/\/sulsc.com\/index.php\/2025\/06\/05\/tempo-instavel-em-todas-regioes-com-temporais-isolados-nesta-quinta-feira-05\/#breadcrumb\",\"itemListElement\":[{\"@type\":\"ListItem\",\"position\":1,\"name\":\"In\u00edcio\",\"item\":\"https:\/\/sulsc.com\/\"},{\"@type\":\"ListItem\",\"position\":2,\"name\":\"Tempo inst\u00e1vel em todas regi\u00f5es com temporais isolados nesta quinta-feira (05)\"}]},{\"@type\":\"WebSite\",\"@id\":\"https:\/\/sulsc.com\/#website\",\"url\":\"https:\/\/sulsc.com\/\",\"name\":\"\",\"description\":\"\",\"potentialAction\":[{\"@type\":\"SearchAction\",\"target\":{\"@type\":\"EntryPoint\",\"urlTemplate\":\"https:\/\/sulsc.com\/?s={search_term_string}\"},\"query-input\":\"required name=search_term_string\"}],\"inLanguage\":\"en-US\"},{\"@type\":\"Person\",\"@id\":\"https:\/\/sulsc.com\/#\/schema\/person\/84d2fc571684f6248ba83092f07750a3\",\"name\":\"Reda\u00e7\u00e3o Sul SC\",\"image\":{\"@type\":\"ImageObject\",\"inLanguage\":\"en-US\",\"@id\":\"https:\/\/sulsc.com\/#\/schema\/person\/image\/e08d7fe2cc4ed596372063bbe852b8d0\",\"url\":\"https:\/\/sulsc.com\/wp-content\/uploads\/2023\/09\/redacao.png\",\"contentUrl\":\"https:\/\/sulsc.com\/wp-content\/uploads\/2023\/09\/redacao.png\",\"caption\":\"Reda\u00e7\u00e3o Sul SC\"},\"description\":\"Foco em um jornalismo imparcial, voltado \u00e0 qualidade dos seus conte\u00fados e, assim, levar informa\u00e7\u00e3o de valor que agregue \u00e0 vida dos leitores. Esta \u00e9 grande miss\u00e3o do Portal de Not\u00edcias Sul SC. N\u00e3o \u00e9 quantidade que muda o mundo, sempre foi e seguir\u00e1 sendo qualidade!\",\"sameAs\":[\"https:\/\/sulsc.com\/\",\"https:\/\/www.facebook.com\/profile.php?id=61559278119680\",\"https:\/\/www.instagram.com\/sulscportal\/?hl=pt-br\",\"https:\/\/twitter.com\/https:\/\/twitter.com\/PortalSulSC\",\"https:\/\/www.youtube.com\/channel\/UCv_BE8GeySluDov2n8qhVmw\"],\"url\":\"https:\/\/sulsc.com\/index.php\/author\/redacao\/\"}]}<\/script>\n<!-- \/ Yoast SEO plugin. -->","yoast_head_json":{"title":"Tempo inst\u00e1vel em todas regi\u00f5es com temporais isolados nesta quinta-feira (05) -","description":"As temperaturas n\u00e3o apresentam grande varia\u00e7\u00e3o ao longo do dia com m\u00e1ximas entre 15\u00b0C e 23\u00b0C na maior parte do estado","robots":{"index":"index","follow":"follow","max-snippet":"max-snippet:-1","max-image-preview":"max-image-preview:large","max-video-preview":"max-video-preview:-1"},"canonical":"https:\/\/sulsc.com\/index.php\/2025\/06\/05\/tempo-instavel-em-todas-regioes-com-temporais-isolados-nesta-quinta-feira-05\/","og_locale":"en_US","og_type":"article","og_title":"Tempo inst\u00e1vel em todas regi\u00f5es com temporais isolados nesta quinta-feira (05) -","og_description":"As temperaturas n\u00e3o apresentam grande varia\u00e7\u00e3o ao longo do dia com m\u00e1ximas entre 15\u00b0C e 23\u00b0C na maior parte do estado","og_url":"https:\/\/sulsc.com\/index.php\/2025\/06\/05\/tempo-instavel-em-todas-regioes-com-temporais-isolados-nesta-quinta-feira-05\/","article_author":"https:\/\/www.facebook.com\/profile.php?id=61559278119680","article_published_time":"2025-06-05T11:07:58+00:00","og_image":[{"width":2560,"height":2106,"url":"http:\/\/sulsc.com\/wp-content\/uploads\/2023\/09\/temporal-scaled.jpg","type":"image\/jpeg"}],"author":"Reda\u00e7\u00e3o Sul SC","twitter_card":"summary_large_image","twitter_creator":"@https:\/\/twitter.com\/PortalSulSC","twitter_misc":{"Written by":"Reda\u00e7\u00e3o Sul SC","Est. reading time":"2 minutes"},"schema":{"@context":"https:\/\/schema.org","@graph":[{"@type":"WebPage","@id":"https:\/\/sulsc.com\/index.php\/2025\/06\/05\/tempo-instavel-em-todas-regioes-com-temporais-isolados-nesta-quinta-feira-05\/","url":"https:\/\/sulsc.com\/index.php\/2025\/06\/05\/tempo-instavel-em-todas-regioes-com-temporais-isolados-nesta-quinta-feira-05\/","name":"Tempo inst\u00e1vel em todas regi\u00f5es com temporais isolados nesta quinta-feira (05) -","isPartOf":{"@id":"https:\/\/sulsc.com\/#website"},"datePublished":"2025-06-05T11:07:58+00:00","dateModified":"2025-06-05T11:07:58+00:00","author":{"@id":"https:\/\/sulsc.com\/#\/schema\/person\/84d2fc571684f6248ba83092f07750a3"},"description":"As temperaturas n\u00e3o apresentam grande varia\u00e7\u00e3o ao longo do dia com m\u00e1ximas entre 15\u00b0C e 23\u00b0C na maior parte do estado","breadcrumb":{"@id":"https:\/\/sulsc.com\/index.php\/2025\/06\/05\/tempo-instavel-em-todas-regioes-com-temporais-isolados-nesta-quinta-feira-05\/#breadcrumb"},"inLanguage":"en-US","potentialAction":[{"@type":"ReadAction","target":["https:\/\/sulsc.com\/index.php\/2025\/06\/05\/tempo-instavel-em-todas-regioes-com-temporais-isolados-nesta-quinta-feira-05\/"]}]},{"@type":"BreadcrumbList","@id":"https:\/\/sulsc.com\/index.php\/2025\/06\/05\/tempo-instavel-em-todas-regioes-com-temporais-isolados-nesta-quinta-feira-05\/#breadcrumb","itemListElement":[{"@type":"ListItem","position":1,"name":"In\u00edcio","item":"https:\/\/sulsc.com\/"},{"@type":"ListItem","position":2,"name":"Tempo inst\u00e1vel em todas regi\u00f5es com temporais isolados nesta quinta-feira (05)"}]},{"@type":"WebSite","@id":"https:\/\/sulsc.com\/#website","url":"https:\/\/sulsc.com\/","name":"","description":"","potentialAction":[{"@type":"SearchAction","target":{"@type":"EntryPoint","urlTemplate":"https:\/\/sulsc.com\/?s={search_term_string}"},"query-input":"required name=search_term_string"}],"inLanguage":"en-US"},{"@type":"Person","@id":"https:\/\/sulsc.com\/#\/schema\/person\/84d2fc571684f6248ba83092f07750a3","name":"Reda\u00e7\u00e3o Sul SC","image":{"@type":"ImageObject","inLanguage":"en-US","@id":"https:\/\/sulsc.com\/#\/schema\/person\/image\/e08d7fe2cc4ed596372063bbe852b8d0","url":"https:\/\/sulsc.com\/wp-content\/uploads\/2023\/09\/redacao.png","contentUrl":"https:\/\/sulsc.com\/wp-content\/uploads\/2023\/09\/redacao.png","caption":"Reda\u00e7\u00e3o Sul SC"},"description":"Foco em um jornalismo imparcial, voltado \u00e0 qualidade dos seus conte\u00fados e, assim, levar informa\u00e7\u00e3o de valor que agregue \u00e0 vida dos leitores. Esta \u00e9 grande miss\u00e3o do Portal de Not\u00edcias Sul SC. N\u00e3o \u00e9 quantidade que muda o mundo, sempre foi e seguir\u00e1 sendo qualidade!","sameAs":["https:\/\/sulsc.com\/","https:\/\/www.facebook.com\/profile.php?id=61559278119680","https:\/\/www.instagram.com\/sulscportal\/?hl=pt-br","https:\/\/twitter.com\/https:\/\/twitter.com\/PortalSulSC","https:\/\/www.youtube.com\/channel\/UCv_BE8GeySluDov2n8qhVmw"],"url":"https:\/\/sulsc.com\/index.php\/author\/redacao\/"}]}},"authors":[],"_links":{"self":[{"href":"https:\/\/sulsc.com\/index.php\/wp-json\/wp\/v2\/posts\/24308"}],"collection":[{"href":"https:\/\/sulsc.com\/index.php\/wp-json\/wp\/v2\/posts"}],"about":[{"href":"https:\/\/sulsc.com\/index.php\/wp-json\/wp\/v2\/types\/post"}],"author":[{"embeddable":true,"href":"https:\/\/sulsc.com\/index.php\/wp-json\/wp\/v2\/users\/3"}],"replies":[{"embeddable":true,"href":"https:\/\/sulsc.com\/index.php\/wp-json\/wp\/v2\/comments?post=24308"}],"version-history":[{"count":1,"href":"https:\/\/sulsc.com\/index.php\/wp-json\/wp\/v2\/posts\/24308\/revisions"}],"predecessor-version":[{"id":24311,"href":"https:\/\/sulsc.com\/index.php\/wp-json\/wp\/v2\/posts\/24308\/revisions\/24311"}],"wp:featuredmedia":[{"embeddable":true,"href":"https:\/\/sulsc.com\/index.php\/wp-json\/wp\/v2\/media\/1471"}],"wp:attachment":[{"href":"https:\/\/sulsc.com\/index.php\/wp-json\/wp\/v2\/media?parent=24308"}],"wp:term":[{"taxonomy":"category","embeddable":true,"href":"https:\/\/sulsc.com\/index.php\/wp-json\/wp\/v2\/categories?post=24308"},{"taxonomy":"post_tag","embeddable":true,"href":"https:\/\/sulsc.com\/index.php\/wp-json\/wp\/v2\/tags?post=24308"}],"curies":[{"name":"wp","href":"https:\/\/api.w.org\/{rel}","templated":true}]}}