{"id":2431,"date":"2023-10-17T15:30:40","date_gmt":"2023-10-17T18:30:40","guid":{"rendered":"https:\/\/sulsc.com\/?p=2431"},"modified":"2023-10-17T14:54:32","modified_gmt":"2023-10-17T17:54:32","slug":"acesso-a-comunidade-e-restabelecido-e-aulas-serao-retomadas-em-gravatal","status":"publish","type":"post","link":"https:\/\/sulsc.com\/index.php\/2023\/10\/17\/acesso-a-comunidade-e-restabelecido-e-aulas-serao-retomadas-em-gravatal\/","title":{"rendered":"Acesso \u00e0 comunidade \u00e9 restabelecido e aulas ser\u00e3o retomadas, em Gravatal"},"content":{"rendered":"<p>Cerca de 12h ap\u00f3s a interdi\u00e7\u00e3o, uma das pontes que d\u00e1 acesso \u00e0 comunidade do S\u00e3o Roque, em Gravatal, foi liberada para o tr\u00e1fego. A ponte no sentido ao Riacho foi reaberta com restri\u00e7\u00f5es. Apenas ve\u00edculos pequenos, como carros de passeio e moto, al\u00e9m de pedestres, podem passar pelo local. Caminh\u00f5es est\u00e3o proibidos.<\/p>\n<p>Na manh\u00e3 desta ter\u00e7a-feira (17), a equipe da Secretaria Municipal de Infraestrutura esteve na comunidade e, ap\u00f3s an\u00e1lise e sinaliza\u00e7\u00e3o, liberou a passagem. A ponte que d\u00e1 acesso pelo Barro Vermelho segue interditada.<\/p>\n<p>\u201cPedimos que as pessoas respeitem esse pedido para que n\u00e3o haja nenhum acidente. Estamos fazendo o poss\u00edvel para agilizar o trabalho nos locais que foram afetados. Pedimos a compreens\u00e3o e ajuda dos gravatalenses para que, muito em breve, possamos novamente ter nossas estradas em condi\u00e7\u00f5es\u201d, fala o prefeito Clei.<\/p>\n<p>Al\u00e9m da libera\u00e7\u00e3o na comunidade do S\u00e3o Roque, a Secretaria Municipal de Educa\u00e7\u00e3o comunica que, nesta quarta-feira (18), as aulas presenciais ser\u00e3o retomadas e o transporte escolar voltar\u00e1 a funcionar normalmente.<\/p>\n<p><img fetchpriority=\"high\" decoding=\"async\" class=\"alignnone size-full wp-image-2433\" src=\"http:\/\/sulsc.com\/wp-content\/uploads\/2023\/10\/Ponte-Gravatal-01.jpeg\" alt=\"\" width=\"780\" height=\"585\" srcset=\"https:\/\/sulsc.com\/wp-content\/uploads\/2023\/10\/Ponte-Gravatal-01.jpeg 780w, https:\/\/sulsc.com\/wp-content\/uploads\/2023\/10\/Ponte-Gravatal-01-300x225.jpeg 300w, https:\/\/sulsc.com\/wp-content\/uploads\/2023\/10\/Ponte-Gravatal-01-768x576.jpeg 768w\" sizes=\"(max-width: 780px) 100vw, 780px\" \/><\/p>\n<p>Fonte: Pref. Gravatal<\/p>\n","protected":false},"excerpt":{"rendered":"<p>Cerca de 12h ap\u00f3s a interdi\u00e7\u00e3o, uma das pontes que d\u00e1 acesso \u00e0 comunidade do S\u00e3o Roque, em Gravatal, foi liberada para o tr\u00e1fego. A ponte no sentido ao Riacho foi reaberta com restri\u00e7\u00f5es. Apenas ve\u00edculos pequenos, como carros de passeio e moto, al\u00e9m de pedestres, podem passar pelo local. Caminh\u00f5es est\u00e3o proibidos. Na manh\u00e3 &hellip;<\/p>\n<p class=\"read-more\"> <a class=\"\" href=\"https:\/\/sulsc.com\/index.php\/2023\/10\/17\/acesso-a-comunidade-e-restabelecido-e-aulas-serao-retomadas-em-gravatal\/\"> <span class=\"screen-reader-text\">Acesso \u00e0 comunidade \u00e9 restabelecido e aulas ser\u00e3o retomadas, em Gravatal<\/span> Read More &raquo;<\/a><\/p>\n","protected":false},"author":3,"featured_media":2432,"comment_status":"open","ping_status":"open","sticky":false,"template":"","format":"standard","meta":{"site-sidebar-layout":"default","site-content-layout":"","ast-site-content-layout":"default","site-content-style":"default","site-sidebar-style":"default","ast-global-header-display":"","ast-banner-title-visibility":"","ast-main-header-display":"","ast-hfb-above-header-display":"","ast-hfb-below-header-display":"","ast-hfb-mobile-header-display":"","site-post-title":"","ast-breadcrumbs-content":"","ast-featured-img":"","footer-sml-layout":"","theme-transparent-header-meta":"default","adv-header-id-meta":"","stick-header-meta":"","header-above-stick-meta":"","header-main-stick-meta":"","header-below-stick-meta":"","astra-migrate-meta-layouts":"set","footnotes":""},"categories":[1],"tags":[],"yoast_head":"<!-- This site is optimized with the Yoast SEO plugin v21.4 - https:\/\/yoast.com\/wordpress\/plugins\/seo\/ -->\n<title>Acesso \u00e0 comunidade \u00e9 restabelecido e aulas ser\u00e3o retomadas, em Gravatal -<\/title>\n<meta name=\"robots\" content=\"index, follow, max-snippet:-1, max-image-preview:large, max-video-preview:-1\" \/>\n<link rel=\"canonical\" href=\"https:\/\/sulsc.com\/index.php\/2023\/10\/17\/acesso-a-comunidade-e-restabelecido-e-aulas-serao-retomadas-em-gravatal\/\" \/>\n<meta property=\"og:locale\" content=\"en_US\" \/>\n<meta property=\"og:type\" content=\"article\" \/>\n<meta property=\"og:title\" content=\"Acesso \u00e0 comunidade \u00e9 restabelecido e aulas ser\u00e3o retomadas, em Gravatal -\" \/>\n<meta property=\"og:description\" content=\"Cerca de 12h ap\u00f3s a interdi\u00e7\u00e3o, uma das pontes que d\u00e1 acesso \u00e0 comunidade do S\u00e3o Roque, em Gravatal, foi liberada para o tr\u00e1fego. A ponte no sentido ao Riacho foi reaberta com restri\u00e7\u00f5es. Apenas ve\u00edculos pequenos, como carros de passeio e moto, al\u00e9m de pedestres, podem passar pelo local. Caminh\u00f5es est\u00e3o proibidos. Na manh\u00e3 &hellip; Acesso \u00e0 comunidade \u00e9 restabelecido e aulas ser\u00e3o retomadas, em Gravatal Read More &raquo;\" \/>\n<meta property=\"og:url\" content=\"https:\/\/sulsc.com\/index.php\/2023\/10\/17\/acesso-a-comunidade-e-restabelecido-e-aulas-serao-retomadas-em-gravatal\/\" \/>\n<meta property=\"article:author\" content=\"https:\/\/www.facebook.com\/profile.php?id=61559278119680\" \/>\n<meta property=\"article:published_time\" content=\"2023-10-17T18:30:40+00:00\" \/>\n<meta property=\"article:modified_time\" content=\"2023-10-17T17:54:32+00:00\" \/>\n<meta property=\"og:image\" content=\"http:\/\/sulsc.com\/wp-content\/uploads\/2023\/10\/Ponte-Gravatal-02.jpeg\" \/>\n\t<meta property=\"og:image:width\" content=\"780\" \/>\n\t<meta property=\"og:image:height\" content=\"1040\" \/>\n\t<meta property=\"og:image:type\" content=\"image\/jpeg\" \/>\n<meta name=\"author\" content=\"Reda\u00e7\u00e3o Sul SC\" \/>\n<meta name=\"twitter:card\" content=\"summary_large_image\" \/>\n<meta name=\"twitter:creator\" content=\"@https:\/\/twitter.com\/PortalSulSC\" \/>\n<meta name=\"twitter:label1\" content=\"Written by\" \/>\n\t<meta name=\"twitter:data1\" content=\"Reda\u00e7\u00e3o Sul SC\" \/>\n\t<meta name=\"twitter:label2\" content=\"Est. reading time\" \/>\n\t<meta name=\"twitter:data2\" content=\"1 minute\" \/>\n<script type=\"application\/ld+json\" class=\"yoast-schema-graph\">{\"@context\":\"https:\/\/schema.org\",\"@graph\":[{\"@type\":\"WebPage\",\"@id\":\"https:\/\/sulsc.com\/index.php\/2023\/10\/17\/acesso-a-comunidade-e-restabelecido-e-aulas-serao-retomadas-em-gravatal\/\",\"url\":\"https:\/\/sulsc.com\/index.php\/2023\/10\/17\/acesso-a-comunidade-e-restabelecido-e-aulas-serao-retomadas-em-gravatal\/\",\"name\":\"Acesso \u00e0 comunidade \u00e9 restabelecido e aulas ser\u00e3o retomadas, em Gravatal -\",\"isPartOf\":{\"@id\":\"https:\/\/sulsc.com\/#website\"},\"datePublished\":\"2023-10-17T18:30:40+00:00\",\"dateModified\":\"2023-10-17T17:54:32+00:00\",\"author\":{\"@id\":\"https:\/\/sulsc.com\/#\/schema\/person\/84d2fc571684f6248ba83092f07750a3\"},\"breadcrumb\":{\"@id\":\"https:\/\/sulsc.com\/index.php\/2023\/10\/17\/acesso-a-comunidade-e-restabelecido-e-aulas-serao-retomadas-em-gravatal\/#breadcrumb\"},\"inLanguage\":\"en-US\",\"potentialAction\":[{\"@type\":\"ReadAction\",\"target\":[\"https:\/\/sulsc.com\/index.php\/2023\/10\/17\/acesso-a-comunidade-e-restabelecido-e-aulas-serao-retomadas-em-gravatal\/\"]}]},{\"@type\":\"BreadcrumbList\",\"@id\":\"https:\/\/sulsc.com\/index.php\/2023\/10\/17\/acesso-a-comunidade-e-restabelecido-e-aulas-serao-retomadas-em-gravatal\/#breadcrumb\",\"itemListElement\":[{\"@type\":\"ListItem\",\"position\":1,\"name\":\"In\u00edcio\",\"item\":\"https:\/\/sulsc.com\/\"},{\"@type\":\"ListItem\",\"position\":2,\"name\":\"Acesso \u00e0 comunidade \u00e9 restabelecido e aulas ser\u00e3o retomadas, em Gravatal\"}]},{\"@type\":\"WebSite\",\"@id\":\"https:\/\/sulsc.com\/#website\",\"url\":\"https:\/\/sulsc.com\/\",\"name\":\"\",\"description\":\"\",\"potentialAction\":[{\"@type\":\"SearchAction\",\"target\":{\"@type\":\"EntryPoint\",\"urlTemplate\":\"https:\/\/sulsc.com\/?s={search_term_string}\"},\"query-input\":\"required name=search_term_string\"}],\"inLanguage\":\"en-US\"},{\"@type\":\"Person\",\"@id\":\"https:\/\/sulsc.com\/#\/schema\/person\/84d2fc571684f6248ba83092f07750a3\",\"name\":\"Reda\u00e7\u00e3o Sul SC\",\"image\":{\"@type\":\"ImageObject\",\"inLanguage\":\"en-US\",\"@id\":\"https:\/\/sulsc.com\/#\/schema\/person\/image\/e08d7fe2cc4ed596372063bbe852b8d0\",\"url\":\"https:\/\/sulsc.com\/wp-content\/uploads\/2023\/09\/redacao.png\",\"contentUrl\":\"https:\/\/sulsc.com\/wp-content\/uploads\/2023\/09\/redacao.png\",\"caption\":\"Reda\u00e7\u00e3o Sul SC\"},\"description\":\"Foco em um jornalismo imparcial, voltado \u00e0 qualidade dos seus conte\u00fados e, assim, levar informa\u00e7\u00e3o de valor que agregue \u00e0 vida dos leitores. Esta \u00e9 grande miss\u00e3o do Portal de Not\u00edcias Sul SC. N\u00e3o \u00e9 quantidade que muda o mundo, sempre foi e seguir\u00e1 sendo qualidade!\",\"sameAs\":[\"https:\/\/sulsc.com\/\",\"https:\/\/www.facebook.com\/profile.php?id=61559278119680\",\"https:\/\/www.instagram.com\/sulscportal\/?hl=pt-br\",\"https:\/\/twitter.com\/https:\/\/twitter.com\/PortalSulSC\",\"https:\/\/www.youtube.com\/channel\/UCv_BE8GeySluDov2n8qhVmw\"],\"url\":\"https:\/\/sulsc.com\/index.php\/author\/redacao\/\"}]}<\/script>\n<!-- \/ Yoast SEO plugin. -->","yoast_head_json":{"title":"Acesso \u00e0 comunidade \u00e9 restabelecido e aulas ser\u00e3o retomadas, em Gravatal -","robots":{"index":"index","follow":"follow","max-snippet":"max-snippet:-1","max-image-preview":"max-image-preview:large","max-video-preview":"max-video-preview:-1"},"canonical":"https:\/\/sulsc.com\/index.php\/2023\/10\/17\/acesso-a-comunidade-e-restabelecido-e-aulas-serao-retomadas-em-gravatal\/","og_locale":"en_US","og_type":"article","og_title":"Acesso \u00e0 comunidade \u00e9 restabelecido e aulas ser\u00e3o retomadas, em Gravatal -","og_description":"Cerca de 12h ap\u00f3s a interdi\u00e7\u00e3o, uma das pontes que d\u00e1 acesso \u00e0 comunidade do S\u00e3o Roque, em Gravatal, foi liberada para o tr\u00e1fego. A ponte no sentido ao Riacho foi reaberta com restri\u00e7\u00f5es. Apenas ve\u00edculos pequenos, como carros de passeio e moto, al\u00e9m de pedestres, podem passar pelo local. Caminh\u00f5es est\u00e3o proibidos. Na manh\u00e3 &hellip; Acesso \u00e0 comunidade \u00e9 restabelecido e aulas ser\u00e3o retomadas, em Gravatal Read More &raquo;","og_url":"https:\/\/sulsc.com\/index.php\/2023\/10\/17\/acesso-a-comunidade-e-restabelecido-e-aulas-serao-retomadas-em-gravatal\/","article_author":"https:\/\/www.facebook.com\/profile.php?id=61559278119680","article_published_time":"2023-10-17T18:30:40+00:00","article_modified_time":"2023-10-17T17:54:32+00:00","og_image":[{"width":780,"height":1040,"url":"http:\/\/sulsc.com\/wp-content\/uploads\/2023\/10\/Ponte-Gravatal-02.jpeg","type":"image\/jpeg"}],"author":"Reda\u00e7\u00e3o Sul SC","twitter_card":"summary_large_image","twitter_creator":"@https:\/\/twitter.com\/PortalSulSC","twitter_misc":{"Written by":"Reda\u00e7\u00e3o Sul SC","Est. reading time":"1 minute"},"schema":{"@context":"https:\/\/schema.org","@graph":[{"@type":"WebPage","@id":"https:\/\/sulsc.com\/index.php\/2023\/10\/17\/acesso-a-comunidade-e-restabelecido-e-aulas-serao-retomadas-em-gravatal\/","url":"https:\/\/sulsc.com\/index.php\/2023\/10\/17\/acesso-a-comunidade-e-restabelecido-e-aulas-serao-retomadas-em-gravatal\/","name":"Acesso \u00e0 comunidade \u00e9 restabelecido e aulas ser\u00e3o retomadas, em Gravatal -","isPartOf":{"@id":"https:\/\/sulsc.com\/#website"},"datePublished":"2023-10-17T18:30:40+00:00","dateModified":"2023-10-17T17:54:32+00:00","author":{"@id":"https:\/\/sulsc.com\/#\/schema\/person\/84d2fc571684f6248ba83092f07750a3"},"breadcrumb":{"@id":"https:\/\/sulsc.com\/index.php\/2023\/10\/17\/acesso-a-comunidade-e-restabelecido-e-aulas-serao-retomadas-em-gravatal\/#breadcrumb"},"inLanguage":"en-US","potentialAction":[{"@type":"ReadAction","target":["https:\/\/sulsc.com\/index.php\/2023\/10\/17\/acesso-a-comunidade-e-restabelecido-e-aulas-serao-retomadas-em-gravatal\/"]}]},{"@type":"BreadcrumbList","@id":"https:\/\/sulsc.com\/index.php\/2023\/10\/17\/acesso-a-comunidade-e-restabelecido-e-aulas-serao-retomadas-em-gravatal\/#breadcrumb","itemListElement":[{"@type":"ListItem","position":1,"name":"In\u00edcio","item":"https:\/\/sulsc.com\/"},{"@type":"ListItem","position":2,"name":"Acesso \u00e0 comunidade \u00e9 restabelecido e aulas ser\u00e3o retomadas, em Gravatal"}]},{"@type":"WebSite","@id":"https:\/\/sulsc.com\/#website","url":"https:\/\/sulsc.com\/","name":"","description":"","potentialAction":[{"@type":"SearchAction","target":{"@type":"EntryPoint","urlTemplate":"https:\/\/sulsc.com\/?s={search_term_string}"},"query-input":"required name=search_term_string"}],"inLanguage":"en-US"},{"@type":"Person","@id":"https:\/\/sulsc.com\/#\/schema\/person\/84d2fc571684f6248ba83092f07750a3","name":"Reda\u00e7\u00e3o Sul SC","image":{"@type":"ImageObject","inLanguage":"en-US","@id":"https:\/\/sulsc.com\/#\/schema\/person\/image\/e08d7fe2cc4ed596372063bbe852b8d0","url":"https:\/\/sulsc.com\/wp-content\/uploads\/2023\/09\/redacao.png","contentUrl":"https:\/\/sulsc.com\/wp-content\/uploads\/2023\/09\/redacao.png","caption":"Reda\u00e7\u00e3o Sul SC"},"description":"Foco em um jornalismo imparcial, voltado \u00e0 qualidade dos seus conte\u00fados e, assim, levar informa\u00e7\u00e3o de valor que agregue \u00e0 vida dos leitores. Esta \u00e9 grande miss\u00e3o do Portal de Not\u00edcias Sul SC. N\u00e3o \u00e9 quantidade que muda o mundo, sempre foi e seguir\u00e1 sendo qualidade!","sameAs":["https:\/\/sulsc.com\/","https:\/\/www.facebook.com\/profile.php?id=61559278119680","https:\/\/www.instagram.com\/sulscportal\/?hl=pt-br","https:\/\/twitter.com\/https:\/\/twitter.com\/PortalSulSC","https:\/\/www.youtube.com\/channel\/UCv_BE8GeySluDov2n8qhVmw"],"url":"https:\/\/sulsc.com\/index.php\/author\/redacao\/"}]}},"authors":[],"_links":{"self":[{"href":"https:\/\/sulsc.com\/index.php\/wp-json\/wp\/v2\/posts\/2431"}],"collection":[{"href":"https:\/\/sulsc.com\/index.php\/wp-json\/wp\/v2\/posts"}],"about":[{"href":"https:\/\/sulsc.com\/index.php\/wp-json\/wp\/v2\/types\/post"}],"author":[{"embeddable":true,"href":"https:\/\/sulsc.com\/index.php\/wp-json\/wp\/v2\/users\/3"}],"replies":[{"embeddable":true,"href":"https:\/\/sulsc.com\/index.php\/wp-json\/wp\/v2\/comments?post=2431"}],"version-history":[{"count":1,"href":"https:\/\/sulsc.com\/index.php\/wp-json\/wp\/v2\/posts\/2431\/revisions"}],"predecessor-version":[{"id":2434,"href":"https:\/\/sulsc.com\/index.php\/wp-json\/wp\/v2\/posts\/2431\/revisions\/2434"}],"wp:featuredmedia":[{"embeddable":true,"href":"https:\/\/sulsc.com\/index.php\/wp-json\/wp\/v2\/media\/2432"}],"wp:attachment":[{"href":"https:\/\/sulsc.com\/index.php\/wp-json\/wp\/v2\/media?parent=2431"}],"wp:term":[{"taxonomy":"category","embeddable":true,"href":"https:\/\/sulsc.com\/index.php\/wp-json\/wp\/v2\/categories?post=2431"},{"taxonomy":"post_tag","embeddable":true,"href":"https:\/\/sulsc.com\/index.php\/wp-json\/wp\/v2\/tags?post=2431"}],"curies":[{"name":"wp","href":"https:\/\/api.w.org\/{rel}","templated":true}]}}