{"id":24333,"date":"2025-06-07T08:40:36","date_gmt":"2025-06-07T11:40:36","guid":{"rendered":"https:\/\/sulsc.com\/?p=24333"},"modified":"2025-06-07T08:40:36","modified_gmt":"2025-06-07T11:40:36","slug":"nova-frente-fria-traz-instabilidade-neste-sabado-07","status":"publish","type":"post","link":"https:\/\/sulsc.com\/index.php\/2025\/06\/07\/nova-frente-fria-traz-instabilidade-neste-sabado-07\/","title":{"rendered":"Nova frente fria traz instabilidade neste s\u00e1bado (07)"},"content":{"rendered":"<p>Neste s\u00e1bado (07), a forma\u00e7\u00e3o de uma nova frente fria volta a deixar o tempo inst\u00e1vel em Santa Catarina. J\u00e1 no final da manh\u00e3, s\u00e3o esperados temporais acompanhados por raios, rajadas de vento e eventual queda de granizo, come\u00e7ando no Extremo Oeste e se espalhando para as demais regi\u00f5es, no decorrer do dia, mas principalmente entre o Grande Oeste, Vale do Itaja\u00ed, Planalto Norte e Litoral Norte, que s\u00e3o regi\u00f5es mais pr\u00f3ximas \u00e0 divisa com o Paran\u00e1, estado que deve apresentar instabilidades mais fortes.<\/p>\n<p><img fetchpriority=\"high\" decoding=\"async\" class=\"aligncenter size-full wp-image-24334\" src=\"http:\/\/sulsc.com\/wp-content\/uploads\/2025\/06\/a-3.png\" alt=\"\" width=\"1482\" height=\"1006\" srcset=\"https:\/\/sulsc.com\/wp-content\/uploads\/2025\/06\/a-3.png 1482w, https:\/\/sulsc.com\/wp-content\/uploads\/2025\/06\/a-3-300x204.png 300w, https:\/\/sulsc.com\/wp-content\/uploads\/2025\/06\/a-3-1024x695.png 1024w, https:\/\/sulsc.com\/wp-content\/uploads\/2025\/06\/a-3-768x521.png 768w\" sizes=\"(max-width: 1482px) 100vw, 1482px\" \/><\/p>\n<p><img decoding=\"async\" class=\"aligncenter  wp-image-22836\" src=\"http:\/\/sulsc.com\/wp-content\/uploads\/2025\/04\/Tempo-2.png\" alt=\"\" width=\"726\" height=\"134\" srcset=\"https:\/\/sulsc.com\/wp-content\/uploads\/2025\/04\/Tempo-2.png 1024w, https:\/\/sulsc.com\/wp-content\/uploads\/2025\/04\/Tempo-2-300x55.png 300w, https:\/\/sulsc.com\/wp-content\/uploads\/2025\/04\/Tempo-2-768x142.png 768w\" sizes=\"(max-width: 726px) 100vw, 726px\" \/><\/p>\n<p>O risco \u00e9 baixo a pontualmente alto para ocorr\u00eancias como alagamentos, destelhamentos e danos na rede el\u00e9trica.<\/p>\n<p><strong>Temperaturas<\/strong><\/p>\n<p>No amanhecer, as temperaturas variam entre 9\u00b0C e 14\u00b0C na maioria das regi\u00f5es (exceto nas \u00e1reas serranas onde ainda ficam menores). As temperaturas m\u00e1ximas variam de 13\u00b0C a 20\u00b0C entre os planaltos e o litoral e de 18\u00b0C a 23\u00b0C no Grande Oeste.<\/p>\n","protected":false},"excerpt":{"rendered":"<p>Neste s\u00e1bado (07), a forma\u00e7\u00e3o de uma nova frente fria volta a deixar o tempo inst\u00e1vel em Santa Catarina. J\u00e1 no final da manh\u00e3, s\u00e3o esperados temporais acompanhados por raios, rajadas de vento e eventual queda de granizo, come\u00e7ando no Extremo Oeste e se espalhando para as demais regi\u00f5es, no decorrer do dia, mas principalmente &hellip;<\/p>\n<p class=\"read-more\"> <a class=\"\" href=\"https:\/\/sulsc.com\/index.php\/2025\/06\/07\/nova-frente-fria-traz-instabilidade-neste-sabado-07\/\"> <span class=\"screen-reader-text\">Nova frente fria traz instabilidade neste s\u00e1bado (07)<\/span> Read More &raquo;<\/a><\/p>\n","protected":false},"author":3,"featured_media":24337,"comment_status":"open","ping_status":"open","sticky":false,"template":"","format":"standard","meta":{"site-sidebar-layout":"default","site-content-layout":"","ast-site-content-layout":"default","site-content-style":"default","site-sidebar-style":"default","ast-global-header-display":"","ast-banner-title-visibility":"","ast-main-header-display":"","ast-hfb-above-header-display":"","ast-hfb-below-header-display":"","ast-hfb-mobile-header-display":"","site-post-title":"","ast-breadcrumbs-content":"","ast-featured-img":"","footer-sml-layout":"","theme-transparent-header-meta":"default","adv-header-id-meta":"","stick-header-meta":"","header-above-stick-meta":"","header-main-stick-meta":"","header-below-stick-meta":"","astra-migrate-meta-layouts":"set","footnotes":""},"categories":[38],"tags":[90],"yoast_head":"<!-- This site is optimized with the Yoast SEO plugin v21.4 - https:\/\/yoast.com\/wordpress\/plugins\/seo\/ -->\n<title>Nova frente fria traz instabilidade neste s\u00e1bado (07) -<\/title>\n<meta name=\"description\" content=\"O risco \u00e9 baixo a pontualmente alto para ocorr\u00eancias como alagamentos, destelhamentos e danos na rede el\u00e9trica\" \/>\n<meta name=\"robots\" content=\"index, follow, max-snippet:-1, max-image-preview:large, max-video-preview:-1\" \/>\n<link rel=\"canonical\" href=\"https:\/\/sulsc.com\/index.php\/2025\/06\/07\/nova-frente-fria-traz-instabilidade-neste-sabado-07\/\" \/>\n<meta property=\"og:locale\" content=\"en_US\" \/>\n<meta property=\"og:type\" content=\"article\" \/>\n<meta property=\"og:title\" content=\"Nova frente fria traz instabilidade neste s\u00e1bado (07) -\" \/>\n<meta property=\"og:description\" content=\"O risco \u00e9 baixo a pontualmente alto para ocorr\u00eancias como alagamentos, destelhamentos e danos na rede el\u00e9trica\" \/>\n<meta property=\"og:url\" content=\"https:\/\/sulsc.com\/index.php\/2025\/06\/07\/nova-frente-fria-traz-instabilidade-neste-sabado-07\/\" \/>\n<meta property=\"article:author\" content=\"https:\/\/www.facebook.com\/profile.php?id=61559278119680\" \/>\n<meta property=\"article:published_time\" content=\"2025-06-07T11:40:36+00:00\" \/>\n<meta property=\"og:image\" content=\"http:\/\/sulsc.com\/wp-content\/uploads\/2025\/06\/d09b0c27-b197-4ae4-b75d-b340f705a002.jpg\" \/>\n\t<meta property=\"og:image:width\" content=\"1080\" \/>\n\t<meta property=\"og:image:height\" content=\"963\" \/>\n\t<meta property=\"og:image:type\" content=\"image\/jpeg\" \/>\n<meta name=\"author\" content=\"Reda\u00e7\u00e3o Sul SC\" \/>\n<meta name=\"twitter:card\" content=\"summary_large_image\" \/>\n<meta name=\"twitter:creator\" content=\"@https:\/\/twitter.com\/PortalSulSC\" \/>\n<meta name=\"twitter:label1\" content=\"Written by\" \/>\n\t<meta name=\"twitter:data1\" content=\"Reda\u00e7\u00e3o Sul SC\" \/>\n\t<meta name=\"twitter:label2\" content=\"Est. reading time\" \/>\n\t<meta name=\"twitter:data2\" content=\"2 minutes\" \/>\n<script type=\"application\/ld+json\" class=\"yoast-schema-graph\">{\"@context\":\"https:\/\/schema.org\",\"@graph\":[{\"@type\":\"WebPage\",\"@id\":\"https:\/\/sulsc.com\/index.php\/2025\/06\/07\/nova-frente-fria-traz-instabilidade-neste-sabado-07\/\",\"url\":\"https:\/\/sulsc.com\/index.php\/2025\/06\/07\/nova-frente-fria-traz-instabilidade-neste-sabado-07\/\",\"name\":\"Nova frente fria traz instabilidade neste s\u00e1bado (07) -\",\"isPartOf\":{\"@id\":\"https:\/\/sulsc.com\/#website\"},\"datePublished\":\"2025-06-07T11:40:36+00:00\",\"dateModified\":\"2025-06-07T11:40:36+00:00\",\"author\":{\"@id\":\"https:\/\/sulsc.com\/#\/schema\/person\/84d2fc571684f6248ba83092f07750a3\"},\"description\":\"O risco \u00e9 baixo a pontualmente alto para ocorr\u00eancias como alagamentos, destelhamentos e danos na rede el\u00e9trica\",\"breadcrumb\":{\"@id\":\"https:\/\/sulsc.com\/index.php\/2025\/06\/07\/nova-frente-fria-traz-instabilidade-neste-sabado-07\/#breadcrumb\"},\"inLanguage\":\"en-US\",\"potentialAction\":[{\"@type\":\"ReadAction\",\"target\":[\"https:\/\/sulsc.com\/index.php\/2025\/06\/07\/nova-frente-fria-traz-instabilidade-neste-sabado-07\/\"]}]},{\"@type\":\"BreadcrumbList\",\"@id\":\"https:\/\/sulsc.com\/index.php\/2025\/06\/07\/nova-frente-fria-traz-instabilidade-neste-sabado-07\/#breadcrumb\",\"itemListElement\":[{\"@type\":\"ListItem\",\"position\":1,\"name\":\"In\u00edcio\",\"item\":\"https:\/\/sulsc.com\/\"},{\"@type\":\"ListItem\",\"position\":2,\"name\":\"Nova frente fria traz instabilidade neste s\u00e1bado (07)\"}]},{\"@type\":\"WebSite\",\"@id\":\"https:\/\/sulsc.com\/#website\",\"url\":\"https:\/\/sulsc.com\/\",\"name\":\"\",\"description\":\"\",\"potentialAction\":[{\"@type\":\"SearchAction\",\"target\":{\"@type\":\"EntryPoint\",\"urlTemplate\":\"https:\/\/sulsc.com\/?s={search_term_string}\"},\"query-input\":\"required name=search_term_string\"}],\"inLanguage\":\"en-US\"},{\"@type\":\"Person\",\"@id\":\"https:\/\/sulsc.com\/#\/schema\/person\/84d2fc571684f6248ba83092f07750a3\",\"name\":\"Reda\u00e7\u00e3o Sul SC\",\"image\":{\"@type\":\"ImageObject\",\"inLanguage\":\"en-US\",\"@id\":\"https:\/\/sulsc.com\/#\/schema\/person\/image\/e08d7fe2cc4ed596372063bbe852b8d0\",\"url\":\"https:\/\/sulsc.com\/wp-content\/uploads\/2023\/09\/redacao.png\",\"contentUrl\":\"https:\/\/sulsc.com\/wp-content\/uploads\/2023\/09\/redacao.png\",\"caption\":\"Reda\u00e7\u00e3o Sul SC\"},\"description\":\"Foco em um jornalismo imparcial, voltado \u00e0 qualidade dos seus conte\u00fados e, assim, levar informa\u00e7\u00e3o de valor que agregue \u00e0 vida dos leitores. Esta \u00e9 grande miss\u00e3o do Portal de Not\u00edcias Sul SC. N\u00e3o \u00e9 quantidade que muda o mundo, sempre foi e seguir\u00e1 sendo qualidade!\",\"sameAs\":[\"https:\/\/sulsc.com\/\",\"https:\/\/www.facebook.com\/profile.php?id=61559278119680\",\"https:\/\/www.instagram.com\/sulscportal\/?hl=pt-br\",\"https:\/\/twitter.com\/https:\/\/twitter.com\/PortalSulSC\",\"https:\/\/www.youtube.com\/channel\/UCv_BE8GeySluDov2n8qhVmw\"],\"url\":\"https:\/\/sulsc.com\/index.php\/author\/redacao\/\"}]}<\/script>\n<!-- \/ Yoast SEO plugin. -->","yoast_head_json":{"title":"Nova frente fria traz instabilidade neste s\u00e1bado (07) -","description":"O risco \u00e9 baixo a pontualmente alto para ocorr\u00eancias como alagamentos, destelhamentos e danos na rede el\u00e9trica","robots":{"index":"index","follow":"follow","max-snippet":"max-snippet:-1","max-image-preview":"max-image-preview:large","max-video-preview":"max-video-preview:-1"},"canonical":"https:\/\/sulsc.com\/index.php\/2025\/06\/07\/nova-frente-fria-traz-instabilidade-neste-sabado-07\/","og_locale":"en_US","og_type":"article","og_title":"Nova frente fria traz instabilidade neste s\u00e1bado (07) -","og_description":"O risco \u00e9 baixo a pontualmente alto para ocorr\u00eancias como alagamentos, destelhamentos e danos na rede el\u00e9trica","og_url":"https:\/\/sulsc.com\/index.php\/2025\/06\/07\/nova-frente-fria-traz-instabilidade-neste-sabado-07\/","article_author":"https:\/\/www.facebook.com\/profile.php?id=61559278119680","article_published_time":"2025-06-07T11:40:36+00:00","og_image":[{"width":1080,"height":963,"url":"http:\/\/sulsc.com\/wp-content\/uploads\/2025\/06\/d09b0c27-b197-4ae4-b75d-b340f705a002.jpg","type":"image\/jpeg"}],"author":"Reda\u00e7\u00e3o Sul SC","twitter_card":"summary_large_image","twitter_creator":"@https:\/\/twitter.com\/PortalSulSC","twitter_misc":{"Written by":"Reda\u00e7\u00e3o Sul SC","Est. reading time":"2 minutes"},"schema":{"@context":"https:\/\/schema.org","@graph":[{"@type":"WebPage","@id":"https:\/\/sulsc.com\/index.php\/2025\/06\/07\/nova-frente-fria-traz-instabilidade-neste-sabado-07\/","url":"https:\/\/sulsc.com\/index.php\/2025\/06\/07\/nova-frente-fria-traz-instabilidade-neste-sabado-07\/","name":"Nova frente fria traz instabilidade neste s\u00e1bado (07) -","isPartOf":{"@id":"https:\/\/sulsc.com\/#website"},"datePublished":"2025-06-07T11:40:36+00:00","dateModified":"2025-06-07T11:40:36+00:00","author":{"@id":"https:\/\/sulsc.com\/#\/schema\/person\/84d2fc571684f6248ba83092f07750a3"},"description":"O risco \u00e9 baixo a pontualmente alto para ocorr\u00eancias como alagamentos, destelhamentos e danos na rede el\u00e9trica","breadcrumb":{"@id":"https:\/\/sulsc.com\/index.php\/2025\/06\/07\/nova-frente-fria-traz-instabilidade-neste-sabado-07\/#breadcrumb"},"inLanguage":"en-US","potentialAction":[{"@type":"ReadAction","target":["https:\/\/sulsc.com\/index.php\/2025\/06\/07\/nova-frente-fria-traz-instabilidade-neste-sabado-07\/"]}]},{"@type":"BreadcrumbList","@id":"https:\/\/sulsc.com\/index.php\/2025\/06\/07\/nova-frente-fria-traz-instabilidade-neste-sabado-07\/#breadcrumb","itemListElement":[{"@type":"ListItem","position":1,"name":"In\u00edcio","item":"https:\/\/sulsc.com\/"},{"@type":"ListItem","position":2,"name":"Nova frente fria traz instabilidade neste s\u00e1bado (07)"}]},{"@type":"WebSite","@id":"https:\/\/sulsc.com\/#website","url":"https:\/\/sulsc.com\/","name":"","description":"","potentialAction":[{"@type":"SearchAction","target":{"@type":"EntryPoint","urlTemplate":"https:\/\/sulsc.com\/?s={search_term_string}"},"query-input":"required name=search_term_string"}],"inLanguage":"en-US"},{"@type":"Person","@id":"https:\/\/sulsc.com\/#\/schema\/person\/84d2fc571684f6248ba83092f07750a3","name":"Reda\u00e7\u00e3o Sul SC","image":{"@type":"ImageObject","inLanguage":"en-US","@id":"https:\/\/sulsc.com\/#\/schema\/person\/image\/e08d7fe2cc4ed596372063bbe852b8d0","url":"https:\/\/sulsc.com\/wp-content\/uploads\/2023\/09\/redacao.png","contentUrl":"https:\/\/sulsc.com\/wp-content\/uploads\/2023\/09\/redacao.png","caption":"Reda\u00e7\u00e3o Sul SC"},"description":"Foco em um jornalismo imparcial, voltado \u00e0 qualidade dos seus conte\u00fados e, assim, levar informa\u00e7\u00e3o de valor que agregue \u00e0 vida dos leitores. Esta \u00e9 grande miss\u00e3o do Portal de Not\u00edcias Sul SC. N\u00e3o \u00e9 quantidade que muda o mundo, sempre foi e seguir\u00e1 sendo qualidade!","sameAs":["https:\/\/sulsc.com\/","https:\/\/www.facebook.com\/profile.php?id=61559278119680","https:\/\/www.instagram.com\/sulscportal\/?hl=pt-br","https:\/\/twitter.com\/https:\/\/twitter.com\/PortalSulSC","https:\/\/www.youtube.com\/channel\/UCv_BE8GeySluDov2n8qhVmw"],"url":"https:\/\/sulsc.com\/index.php\/author\/redacao\/"}]}},"authors":[],"_links":{"self":[{"href":"https:\/\/sulsc.com\/index.php\/wp-json\/wp\/v2\/posts\/24333"}],"collection":[{"href":"https:\/\/sulsc.com\/index.php\/wp-json\/wp\/v2\/posts"}],"about":[{"href":"https:\/\/sulsc.com\/index.php\/wp-json\/wp\/v2\/types\/post"}],"author":[{"embeddable":true,"href":"https:\/\/sulsc.com\/index.php\/wp-json\/wp\/v2\/users\/3"}],"replies":[{"embeddable":true,"href":"https:\/\/sulsc.com\/index.php\/wp-json\/wp\/v2\/comments?post=24333"}],"version-history":[{"count":1,"href":"https:\/\/sulsc.com\/index.php\/wp-json\/wp\/v2\/posts\/24333\/revisions"}],"predecessor-version":[{"id":24338,"href":"https:\/\/sulsc.com\/index.php\/wp-json\/wp\/v2\/posts\/24333\/revisions\/24338"}],"wp:featuredmedia":[{"embeddable":true,"href":"https:\/\/sulsc.com\/index.php\/wp-json\/wp\/v2\/media\/24337"}],"wp:attachment":[{"href":"https:\/\/sulsc.com\/index.php\/wp-json\/wp\/v2\/media?parent=24333"}],"wp:term":[{"taxonomy":"category","embeddable":true,"href":"https:\/\/sulsc.com\/index.php\/wp-json\/wp\/v2\/categories?post=24333"},{"taxonomy":"post_tag","embeddable":true,"href":"https:\/\/sulsc.com\/index.php\/wp-json\/wp\/v2\/tags?post=24333"}],"curies":[{"name":"wp","href":"https:\/\/api.w.org\/{rel}","templated":true}]}}