{"id":24362,"date":"2025-06-08T15:27:50","date_gmt":"2025-06-08T18:27:50","guid":{"rendered":"https:\/\/sulsc.com\/?p=24362"},"modified":"2025-06-08T15:27:50","modified_gmt":"2025-06-08T18:27:50","slug":"ar-seco-e-frio-de-origem-polar-marca-a-proxima-semana-com-noites-e-madrugadas-geladas-em-santa-catarina","status":"publish","type":"post","link":"https:\/\/sulsc.com\/index.php\/2025\/06\/08\/ar-seco-e-frio-de-origem-polar-marca-a-proxima-semana-com-noites-e-madrugadas-geladas-em-santa-catarina\/","title":{"rendered":"Ar seco e frio de origem polar marca a pr\u00f3xima semana com noites e madrugadas geladas em Santa Catarina"},"content":{"rendered":"<p>A partir da noite deste domingo (08) uma massa de ar seco e frio, de origem polar, passa a influenciar o tempo em Santa Catarina, provocando queda das temperaturas, que ser\u00e1 sentida principalmente nas noites e madrugadas. Essa massa de ar \u00e9 bastante ampla e por isso, tende a permanecer atuando no Sul do Brasil durante toda a semana.<\/p>\n<p>O avan\u00e7o do ar frio vai ser gradativo, ou seja, a tend\u00eancia \u00e9 que o pico aconte\u00e7a na madrugada da quarta-feira (11), quando os modelos num\u00e9ricos de previs\u00e3o do tempo indicam temperaturas m\u00ednimas bem abaixo de 0\u00b0C nos Planaltos Sul e Norte e nas \u00e1reas mais altas do Meio-Oeste.<\/p>\n<p><img fetchpriority=\"high\" decoding=\"async\" class=\"aligncenter size-full wp-image-24363\" src=\"http:\/\/sulsc.com\/wp-content\/uploads\/2025\/06\/a1-6.jpg\" alt=\"\" width=\"1500\" height=\"693\" srcset=\"https:\/\/sulsc.com\/wp-content\/uploads\/2025\/06\/a1-6.jpg 1500w, https:\/\/sulsc.com\/wp-content\/uploads\/2025\/06\/a1-6-300x139.jpg 300w, https:\/\/sulsc.com\/wp-content\/uploads\/2025\/06\/a1-6-1024x473.jpg 1024w, https:\/\/sulsc.com\/wp-content\/uploads\/2025\/06\/a1-6-768x355.jpg 768w\" sizes=\"(max-width: 1500px) 100vw, 1500px\" \/><\/p>\n<p style=\"text-align: center;\"><strong>Secomsc\/Divulga\u00e7\u00e3o\/Sulsc<\/strong><\/p>\n<p>No Grande Oeste, Alto Vale do Itaja\u00ed e Grande Florian\u00f3polis Serra as m\u00ednimas tendem a chegar a valores ligeiramente abaixo de 5\u00b0C e no Litoral abaixo de 10\u00b0C.\u00a0Durante este per\u00edodo teremos condi\u00e7\u00f5es favor\u00e1veis para forma\u00e7\u00e3o de geada no estado e de forma ampla na madrugada da quarta-feira (11).<\/p>\n<p>Fonte\/Defesa Civil SC<\/p>\n<p><strong>Acesse boulevardfm98.com<\/strong><\/p>\n<p><img decoding=\"async\" class=\"aligncenter  wp-image-24310\" src=\"http:\/\/sulsc.com\/wp-content\/uploads\/2025\/06\/Boulevard-FM-2.jpeg\" alt=\"\" width=\"700\" height=\"466\" srcset=\"https:\/\/sulsc.com\/wp-content\/uploads\/2025\/06\/Boulevard-FM-2.jpeg 1080w, https:\/\/sulsc.com\/wp-content\/uploads\/2025\/06\/Boulevard-FM-2-300x199.jpeg 300w, https:\/\/sulsc.com\/wp-content\/uploads\/2025\/06\/Boulevard-FM-2-1024x681.jpeg 1024w, https:\/\/sulsc.com\/wp-content\/uploads\/2025\/06\/Boulevard-FM-2-768x511.jpeg 768w\" sizes=\"(max-width: 700px) 100vw, 700px\" \/><\/p>\n","protected":false},"excerpt":{"rendered":"<p>A partir da noite deste domingo (08) uma massa de ar seco e frio, de origem polar, passa a influenciar o tempo em Santa Catarina, provocando queda das temperaturas, que ser\u00e1 sentida principalmente nas noites e madrugadas. Essa massa de ar \u00e9 bastante ampla e por isso, tende a permanecer atuando no Sul do Brasil &hellip;<\/p>\n<p class=\"read-more\"> <a class=\"\" href=\"https:\/\/sulsc.com\/index.php\/2025\/06\/08\/ar-seco-e-frio-de-origem-polar-marca-a-proxima-semana-com-noites-e-madrugadas-geladas-em-santa-catarina\/\"> <span class=\"screen-reader-text\">Ar seco e frio de origem polar marca a pr\u00f3xima semana com noites e madrugadas geladas em Santa Catarina<\/span> Read More &raquo;<\/a><\/p>\n","protected":false},"author":3,"featured_media":24363,"comment_status":"open","ping_status":"open","sticky":false,"template":"","format":"standard","meta":{"site-sidebar-layout":"default","site-content-layout":"","ast-site-content-layout":"default","site-content-style":"default","site-sidebar-style":"default","ast-global-header-display":"","ast-banner-title-visibility":"","ast-main-header-display":"","ast-hfb-above-header-display":"","ast-hfb-below-header-display":"","ast-hfb-mobile-header-display":"","site-post-title":"","ast-breadcrumbs-content":"","ast-featured-img":"","footer-sml-layout":"","theme-transparent-header-meta":"default","adv-header-id-meta":"","stick-header-meta":"","header-above-stick-meta":"","header-main-stick-meta":"","header-below-stick-meta":"","astra-migrate-meta-layouts":"set","footnotes":""},"categories":[38],"tags":[1505],"yoast_head":"<!-- This site is optimized with the Yoast SEO plugin v21.4 - https:\/\/yoast.com\/wordpress\/plugins\/seo\/ -->\n<title>Ar seco e frio de origem polar marca a pr\u00f3xima semana com noites e madrugadas geladas em Santa Catarina -<\/title>\n<meta name=\"description\" content=\"Essa massa de ar \u00e9 bastante ampla e por isso, tende a permanecer atuando no Sul do Brasil durante toda a semana\" \/>\n<meta name=\"robots\" content=\"index, follow, max-snippet:-1, max-image-preview:large, max-video-preview:-1\" \/>\n<link rel=\"canonical\" href=\"https:\/\/sulsc.com\/index.php\/2025\/06\/08\/ar-seco-e-frio-de-origem-polar-marca-a-proxima-semana-com-noites-e-madrugadas-geladas-em-santa-catarina\/\" \/>\n<meta property=\"og:locale\" content=\"en_US\" \/>\n<meta property=\"og:type\" content=\"article\" \/>\n<meta property=\"og:title\" content=\"Ar seco e frio de origem polar marca a pr\u00f3xima semana com noites e madrugadas geladas em Santa Catarina -\" \/>\n<meta property=\"og:description\" content=\"Essa massa de ar \u00e9 bastante ampla e por isso, tende a permanecer atuando no Sul do Brasil durante toda a semana\" \/>\n<meta property=\"og:url\" content=\"https:\/\/sulsc.com\/index.php\/2025\/06\/08\/ar-seco-e-frio-de-origem-polar-marca-a-proxima-semana-com-noites-e-madrugadas-geladas-em-santa-catarina\/\" \/>\n<meta property=\"article:author\" content=\"https:\/\/www.facebook.com\/profile.php?id=61559278119680\" \/>\n<meta property=\"article:published_time\" content=\"2025-06-08T18:27:50+00:00\" \/>\n<meta property=\"og:image\" content=\"http:\/\/sulsc.com\/wp-content\/uploads\/2025\/06\/a1-6.jpg\" \/>\n\t<meta property=\"og:image:width\" content=\"1500\" \/>\n\t<meta property=\"og:image:height\" content=\"693\" \/>\n\t<meta property=\"og:image:type\" content=\"image\/jpeg\" \/>\n<meta name=\"author\" content=\"Reda\u00e7\u00e3o Sul SC\" \/>\n<meta name=\"twitter:card\" content=\"summary_large_image\" \/>\n<meta name=\"twitter:creator\" content=\"@https:\/\/twitter.com\/PortalSulSC\" \/>\n<meta name=\"twitter:label1\" content=\"Written by\" \/>\n\t<meta name=\"twitter:data1\" content=\"Reda\u00e7\u00e3o Sul SC\" \/>\n\t<meta name=\"twitter:label2\" content=\"Est. reading time\" \/>\n\t<meta name=\"twitter:data2\" content=\"2 minutes\" \/>\n<script type=\"application\/ld+json\" class=\"yoast-schema-graph\">{\"@context\":\"https:\/\/schema.org\",\"@graph\":[{\"@type\":\"WebPage\",\"@id\":\"https:\/\/sulsc.com\/index.php\/2025\/06\/08\/ar-seco-e-frio-de-origem-polar-marca-a-proxima-semana-com-noites-e-madrugadas-geladas-em-santa-catarina\/\",\"url\":\"https:\/\/sulsc.com\/index.php\/2025\/06\/08\/ar-seco-e-frio-de-origem-polar-marca-a-proxima-semana-com-noites-e-madrugadas-geladas-em-santa-catarina\/\",\"name\":\"Ar seco e frio de origem polar marca a pr\u00f3xima semana com noites e madrugadas geladas em Santa Catarina -\",\"isPartOf\":{\"@id\":\"https:\/\/sulsc.com\/#website\"},\"datePublished\":\"2025-06-08T18:27:50+00:00\",\"dateModified\":\"2025-06-08T18:27:50+00:00\",\"author\":{\"@id\":\"https:\/\/sulsc.com\/#\/schema\/person\/84d2fc571684f6248ba83092f07750a3\"},\"description\":\"Essa massa de ar \u00e9 bastante ampla e por isso, tende a permanecer atuando no Sul do Brasil durante toda a semana\",\"breadcrumb\":{\"@id\":\"https:\/\/sulsc.com\/index.php\/2025\/06\/08\/ar-seco-e-frio-de-origem-polar-marca-a-proxima-semana-com-noites-e-madrugadas-geladas-em-santa-catarina\/#breadcrumb\"},\"inLanguage\":\"en-US\",\"potentialAction\":[{\"@type\":\"ReadAction\",\"target\":[\"https:\/\/sulsc.com\/index.php\/2025\/06\/08\/ar-seco-e-frio-de-origem-polar-marca-a-proxima-semana-com-noites-e-madrugadas-geladas-em-santa-catarina\/\"]}]},{\"@type\":\"BreadcrumbList\",\"@id\":\"https:\/\/sulsc.com\/index.php\/2025\/06\/08\/ar-seco-e-frio-de-origem-polar-marca-a-proxima-semana-com-noites-e-madrugadas-geladas-em-santa-catarina\/#breadcrumb\",\"itemListElement\":[{\"@type\":\"ListItem\",\"position\":1,\"name\":\"In\u00edcio\",\"item\":\"https:\/\/sulsc.com\/\"},{\"@type\":\"ListItem\",\"position\":2,\"name\":\"Ar seco e frio de origem polar marca a pr\u00f3xima semana com noites e madrugadas geladas em Santa Catarina\"}]},{\"@type\":\"WebSite\",\"@id\":\"https:\/\/sulsc.com\/#website\",\"url\":\"https:\/\/sulsc.com\/\",\"name\":\"\",\"description\":\"\",\"potentialAction\":[{\"@type\":\"SearchAction\",\"target\":{\"@type\":\"EntryPoint\",\"urlTemplate\":\"https:\/\/sulsc.com\/?s={search_term_string}\"},\"query-input\":\"required name=search_term_string\"}],\"inLanguage\":\"en-US\"},{\"@type\":\"Person\",\"@id\":\"https:\/\/sulsc.com\/#\/schema\/person\/84d2fc571684f6248ba83092f07750a3\",\"name\":\"Reda\u00e7\u00e3o Sul SC\",\"image\":{\"@type\":\"ImageObject\",\"inLanguage\":\"en-US\",\"@id\":\"https:\/\/sulsc.com\/#\/schema\/person\/image\/e08d7fe2cc4ed596372063bbe852b8d0\",\"url\":\"https:\/\/sulsc.com\/wp-content\/uploads\/2023\/09\/redacao.png\",\"contentUrl\":\"https:\/\/sulsc.com\/wp-content\/uploads\/2023\/09\/redacao.png\",\"caption\":\"Reda\u00e7\u00e3o Sul SC\"},\"description\":\"Foco em um jornalismo imparcial, voltado \u00e0 qualidade dos seus conte\u00fados e, assim, levar informa\u00e7\u00e3o de valor que agregue \u00e0 vida dos leitores. Esta \u00e9 grande miss\u00e3o do Portal de Not\u00edcias Sul SC. N\u00e3o \u00e9 quantidade que muda o mundo, sempre foi e seguir\u00e1 sendo qualidade!\",\"sameAs\":[\"https:\/\/sulsc.com\/\",\"https:\/\/www.facebook.com\/profile.php?id=61559278119680\",\"https:\/\/www.instagram.com\/sulscportal\/?hl=pt-br\",\"https:\/\/twitter.com\/https:\/\/twitter.com\/PortalSulSC\",\"https:\/\/www.youtube.com\/channel\/UCv_BE8GeySluDov2n8qhVmw\"],\"url\":\"https:\/\/sulsc.com\/index.php\/author\/redacao\/\"}]}<\/script>\n<!-- \/ Yoast SEO plugin. -->","yoast_head_json":{"title":"Ar seco e frio de origem polar marca a pr\u00f3xima semana com noites e madrugadas geladas em Santa Catarina -","description":"Essa massa de ar \u00e9 bastante ampla e por isso, tende a permanecer atuando no Sul do Brasil durante toda a semana","robots":{"index":"index","follow":"follow","max-snippet":"max-snippet:-1","max-image-preview":"max-image-preview:large","max-video-preview":"max-video-preview:-1"},"canonical":"https:\/\/sulsc.com\/index.php\/2025\/06\/08\/ar-seco-e-frio-de-origem-polar-marca-a-proxima-semana-com-noites-e-madrugadas-geladas-em-santa-catarina\/","og_locale":"en_US","og_type":"article","og_title":"Ar seco e frio de origem polar marca a pr\u00f3xima semana com noites e madrugadas geladas em Santa Catarina -","og_description":"Essa massa de ar \u00e9 bastante ampla e por isso, tende a permanecer atuando no Sul do Brasil durante toda a semana","og_url":"https:\/\/sulsc.com\/index.php\/2025\/06\/08\/ar-seco-e-frio-de-origem-polar-marca-a-proxima-semana-com-noites-e-madrugadas-geladas-em-santa-catarina\/","article_author":"https:\/\/www.facebook.com\/profile.php?id=61559278119680","article_published_time":"2025-06-08T18:27:50+00:00","og_image":[{"width":1500,"height":693,"url":"http:\/\/sulsc.com\/wp-content\/uploads\/2025\/06\/a1-6.jpg","type":"image\/jpeg"}],"author":"Reda\u00e7\u00e3o Sul SC","twitter_card":"summary_large_image","twitter_creator":"@https:\/\/twitter.com\/PortalSulSC","twitter_misc":{"Written by":"Reda\u00e7\u00e3o Sul SC","Est. reading time":"2 minutes"},"schema":{"@context":"https:\/\/schema.org","@graph":[{"@type":"WebPage","@id":"https:\/\/sulsc.com\/index.php\/2025\/06\/08\/ar-seco-e-frio-de-origem-polar-marca-a-proxima-semana-com-noites-e-madrugadas-geladas-em-santa-catarina\/","url":"https:\/\/sulsc.com\/index.php\/2025\/06\/08\/ar-seco-e-frio-de-origem-polar-marca-a-proxima-semana-com-noites-e-madrugadas-geladas-em-santa-catarina\/","name":"Ar seco e frio de origem polar marca a pr\u00f3xima semana com noites e madrugadas geladas em Santa Catarina -","isPartOf":{"@id":"https:\/\/sulsc.com\/#website"},"datePublished":"2025-06-08T18:27:50+00:00","dateModified":"2025-06-08T18:27:50+00:00","author":{"@id":"https:\/\/sulsc.com\/#\/schema\/person\/84d2fc571684f6248ba83092f07750a3"},"description":"Essa massa de ar \u00e9 bastante ampla e por isso, tende a permanecer atuando no Sul do Brasil durante toda a semana","breadcrumb":{"@id":"https:\/\/sulsc.com\/index.php\/2025\/06\/08\/ar-seco-e-frio-de-origem-polar-marca-a-proxima-semana-com-noites-e-madrugadas-geladas-em-santa-catarina\/#breadcrumb"},"inLanguage":"en-US","potentialAction":[{"@type":"ReadAction","target":["https:\/\/sulsc.com\/index.php\/2025\/06\/08\/ar-seco-e-frio-de-origem-polar-marca-a-proxima-semana-com-noites-e-madrugadas-geladas-em-santa-catarina\/"]}]},{"@type":"BreadcrumbList","@id":"https:\/\/sulsc.com\/index.php\/2025\/06\/08\/ar-seco-e-frio-de-origem-polar-marca-a-proxima-semana-com-noites-e-madrugadas-geladas-em-santa-catarina\/#breadcrumb","itemListElement":[{"@type":"ListItem","position":1,"name":"In\u00edcio","item":"https:\/\/sulsc.com\/"},{"@type":"ListItem","position":2,"name":"Ar seco e frio de origem polar marca a pr\u00f3xima semana com noites e madrugadas geladas em Santa Catarina"}]},{"@type":"WebSite","@id":"https:\/\/sulsc.com\/#website","url":"https:\/\/sulsc.com\/","name":"","description":"","potentialAction":[{"@type":"SearchAction","target":{"@type":"EntryPoint","urlTemplate":"https:\/\/sulsc.com\/?s={search_term_string}"},"query-input":"required name=search_term_string"}],"inLanguage":"en-US"},{"@type":"Person","@id":"https:\/\/sulsc.com\/#\/schema\/person\/84d2fc571684f6248ba83092f07750a3","name":"Reda\u00e7\u00e3o Sul SC","image":{"@type":"ImageObject","inLanguage":"en-US","@id":"https:\/\/sulsc.com\/#\/schema\/person\/image\/e08d7fe2cc4ed596372063bbe852b8d0","url":"https:\/\/sulsc.com\/wp-content\/uploads\/2023\/09\/redacao.png","contentUrl":"https:\/\/sulsc.com\/wp-content\/uploads\/2023\/09\/redacao.png","caption":"Reda\u00e7\u00e3o Sul SC"},"description":"Foco em um jornalismo imparcial, voltado \u00e0 qualidade dos seus conte\u00fados e, assim, levar informa\u00e7\u00e3o de valor que agregue \u00e0 vida dos leitores. Esta \u00e9 grande miss\u00e3o do Portal de Not\u00edcias Sul SC. N\u00e3o \u00e9 quantidade que muda o mundo, sempre foi e seguir\u00e1 sendo qualidade!","sameAs":["https:\/\/sulsc.com\/","https:\/\/www.facebook.com\/profile.php?id=61559278119680","https:\/\/www.instagram.com\/sulscportal\/?hl=pt-br","https:\/\/twitter.com\/https:\/\/twitter.com\/PortalSulSC","https:\/\/www.youtube.com\/channel\/UCv_BE8GeySluDov2n8qhVmw"],"url":"https:\/\/sulsc.com\/index.php\/author\/redacao\/"}]}},"authors":[],"_links":{"self":[{"href":"https:\/\/sulsc.com\/index.php\/wp-json\/wp\/v2\/posts\/24362"}],"collection":[{"href":"https:\/\/sulsc.com\/index.php\/wp-json\/wp\/v2\/posts"}],"about":[{"href":"https:\/\/sulsc.com\/index.php\/wp-json\/wp\/v2\/types\/post"}],"author":[{"embeddable":true,"href":"https:\/\/sulsc.com\/index.php\/wp-json\/wp\/v2\/users\/3"}],"replies":[{"embeddable":true,"href":"https:\/\/sulsc.com\/index.php\/wp-json\/wp\/v2\/comments?post=24362"}],"version-history":[{"count":1,"href":"https:\/\/sulsc.com\/index.php\/wp-json\/wp\/v2\/posts\/24362\/revisions"}],"predecessor-version":[{"id":24364,"href":"https:\/\/sulsc.com\/index.php\/wp-json\/wp\/v2\/posts\/24362\/revisions\/24364"}],"wp:featuredmedia":[{"embeddable":true,"href":"https:\/\/sulsc.com\/index.php\/wp-json\/wp\/v2\/media\/24363"}],"wp:attachment":[{"href":"https:\/\/sulsc.com\/index.php\/wp-json\/wp\/v2\/media?parent=24362"}],"wp:term":[{"taxonomy":"category","embeddable":true,"href":"https:\/\/sulsc.com\/index.php\/wp-json\/wp\/v2\/categories?post=24362"},{"taxonomy":"post_tag","embeddable":true,"href":"https:\/\/sulsc.com\/index.php\/wp-json\/wp\/v2\/tags?post=24362"}],"curies":[{"name":"wp","href":"https:\/\/api.w.org\/{rel}","templated":true}]}}