{"id":24372,"date":"2025-06-09T09:22:07","date_gmt":"2025-06-09T12:22:07","guid":{"rendered":"https:\/\/sulsc.com\/?p=24372"},"modified":"2025-06-09T09:35:24","modified_gmt":"2025-06-09T12:35:24","slug":"segunda-feira-09-com-ceu-encoberto-e-temperaturas-baixas","status":"publish","type":"post","link":"https:\/\/sulsc.com\/index.php\/2025\/06\/09\/segunda-feira-09-com-ceu-encoberto-e-temperaturas-baixas\/","title":{"rendered":"Segunda-feira (09) com c\u00e9u encoberto e temperaturas baixas"},"content":{"rendered":"<p>A semana come\u00e7a\u00a0 com uma circula\u00e7\u00e3o associada a alta press\u00e3o p\u00f3s frontal onde mant\u00e9m o tempo inst\u00e1vel em SC nesta segunda-feira (09), com a presen\u00e7a de muitas nuvens no Grande Oeste e condi\u00e7\u00f5es para chuva de forma intermitente no decorrer do dia e, por vezes, com moderada a forte intensidade, entre os Planaltos e o Litoral, oferecendo risco baixo a pontualmente moderado para ocorr\u00eancias associadas \u00e0 alagamentos pontuais.<\/p>\n<p><img fetchpriority=\"high\" decoding=\"async\" class=\"aligncenter size-full wp-image-24374\" src=\"http:\/\/sulsc.com\/wp-content\/uploads\/2025\/06\/a-4.png\" alt=\"\" width=\"1486\" height=\"1011\" srcset=\"https:\/\/sulsc.com\/wp-content\/uploads\/2025\/06\/a-4.png 1486w, https:\/\/sulsc.com\/wp-content\/uploads\/2025\/06\/a-4-300x204.png 300w, https:\/\/sulsc.com\/wp-content\/uploads\/2025\/06\/a-4-1024x697.png 1024w, https:\/\/sulsc.com\/wp-content\/uploads\/2025\/06\/a-4-768x523.png 768w\" sizes=\"(max-width: 1486px) 100vw, 1486px\" \/><\/p>\n<p><img decoding=\"async\" class=\"aligncenter wp-image-22836\" src=\"http:\/\/sulsc.com\/wp-content\/uploads\/2025\/04\/Tempo-2.png\" alt=\"\" width=\"753\" height=\"139\" srcset=\"https:\/\/sulsc.com\/wp-content\/uploads\/2025\/04\/Tempo-2.png 1024w, https:\/\/sulsc.com\/wp-content\/uploads\/2025\/04\/Tempo-2-300x55.png 300w, https:\/\/sulsc.com\/wp-content\/uploads\/2025\/04\/Tempo-2-768x142.png 768w\" sizes=\"(max-width: 753px) 100vw, 753px\" \/><\/p>\n<p><strong>Temperaturas<\/strong><\/p>\n<p>As temperaturas seguem baixas no amanhecer, devido \u00e0 entrada de uma massa de ar frio de origem polar, e as m\u00ednimas ficam entre 3\u00b0C e 10\u00b0C entre o Grande Oeste, Planalto Sul e Grd. Florian\u00f3polis Serrana, e entre 8\u00b0C e 16\u00b0C nas demais regi\u00f5es. O mar permanece agitado no decorrer do dia com ondas entre 2,0 m e 3,0 m no litoral e risco moderado para ocorr\u00eancias associadas \u00e0 agita\u00e7\u00e3o mar\u00edtima.<\/p>\n<p>Fonte\/Defesa Civil SC<\/p>\n<p><strong>Acesse\/boulevardfm98.com<\/strong><\/p>\n<p><img decoding=\"async\" class=\"aligncenter wp-image-24375\" src=\"http:\/\/sulsc.com\/wp-content\/uploads\/2025\/06\/Boulevard-FM-3.jpeg\" alt=\"\" width=\"700\" height=\"466\" srcset=\"https:\/\/sulsc.com\/wp-content\/uploads\/2025\/06\/Boulevard-FM-3.jpeg 1080w, https:\/\/sulsc.com\/wp-content\/uploads\/2025\/06\/Boulevard-FM-3-300x199.jpeg 300w, https:\/\/sulsc.com\/wp-content\/uploads\/2025\/06\/Boulevard-FM-3-1024x681.jpeg 1024w, https:\/\/sulsc.com\/wp-content\/uploads\/2025\/06\/Boulevard-FM-3-768x511.jpeg 768w\" sizes=\"(max-width: 700px) 100vw, 700px\" \/><\/p>\n<p>&nbsp;<\/p>\n","protected":false},"excerpt":{"rendered":"<p>A semana come\u00e7a\u00a0 com uma circula\u00e7\u00e3o associada a alta press\u00e3o p\u00f3s frontal onde mant\u00e9m o tempo inst\u00e1vel em SC nesta segunda-feira (09), com a presen\u00e7a de muitas nuvens no Grande Oeste e condi\u00e7\u00f5es para chuva de forma intermitente no decorrer do dia e, por vezes, com moderada a forte intensidade, entre os Planaltos e o &hellip;<\/p>\n<p class=\"read-more\"> <a class=\"\" href=\"https:\/\/sulsc.com\/index.php\/2025\/06\/09\/segunda-feira-09-com-ceu-encoberto-e-temperaturas-baixas\/\"> <span class=\"screen-reader-text\">Segunda-feira (09) com c\u00e9u encoberto e temperaturas baixas<\/span> Read More &raquo;<\/a><\/p>\n","protected":false},"author":3,"featured_media":24376,"comment_status":"open","ping_status":"open","sticky":false,"template":"","format":"standard","meta":{"site-sidebar-layout":"default","site-content-layout":"","ast-site-content-layout":"default","site-content-style":"default","site-sidebar-style":"default","ast-global-header-display":"","ast-banner-title-visibility":"","ast-main-header-display":"","ast-hfb-above-header-display":"","ast-hfb-below-header-display":"","ast-hfb-mobile-header-display":"","site-post-title":"","ast-breadcrumbs-content":"","ast-featured-img":"","footer-sml-layout":"","theme-transparent-header-meta":"default","adv-header-id-meta":"","stick-header-meta":"","header-above-stick-meta":"","header-main-stick-meta":"","header-below-stick-meta":"","astra-migrate-meta-layouts":"set","footnotes":""},"categories":[38],"tags":[90],"yoast_head":"<!-- This site is optimized with the Yoast SEO plugin v21.4 - https:\/\/yoast.com\/wordpress\/plugins\/seo\/ -->\n<title>Segunda-feira (09) com c\u00e9u encoberto e temperaturas baixas -<\/title>\n<meta name=\"description\" content=\"As temperaturas seguem baixas no amanhecer, devido \u00e0 entrada de uma massa de ar frio de origem polar regi\u00e3o sul entre 8\u00b0C e 16\u00b0C\" \/>\n<meta name=\"robots\" content=\"index, follow, max-snippet:-1, max-image-preview:large, max-video-preview:-1\" \/>\n<link rel=\"canonical\" href=\"https:\/\/sulsc.com\/index.php\/2025\/06\/09\/segunda-feira-09-com-ceu-encoberto-e-temperaturas-baixas\/\" \/>\n<meta property=\"og:locale\" content=\"en_US\" \/>\n<meta property=\"og:type\" content=\"article\" \/>\n<meta property=\"og:title\" content=\"Segunda-feira (09) com c\u00e9u encoberto e temperaturas baixas -\" \/>\n<meta property=\"og:description\" content=\"As temperaturas seguem baixas no amanhecer, devido \u00e0 entrada de uma massa de ar frio de origem polar regi\u00e3o sul entre 8\u00b0C e 16\u00b0C\" \/>\n<meta property=\"og:url\" content=\"https:\/\/sulsc.com\/index.php\/2025\/06\/09\/segunda-feira-09-com-ceu-encoberto-e-temperaturas-baixas\/\" \/>\n<meta property=\"article:author\" content=\"https:\/\/www.facebook.com\/profile.php?id=61559278119680\" \/>\n<meta property=\"article:published_time\" content=\"2025-06-09T12:22:07+00:00\" \/>\n<meta property=\"article:modified_time\" content=\"2025-06-09T12:35:24+00:00\" \/>\n<meta property=\"og:image\" content=\"http:\/\/sulsc.com\/wp-content\/uploads\/2025\/06\/4f7ee7b4-e4a9-460c-a922-17f5751fb6ee.jpg\" \/>\n\t<meta property=\"og:image:width\" content=\"1600\" \/>\n\t<meta property=\"og:image:height\" content=\"720\" \/>\n\t<meta property=\"og:image:type\" content=\"image\/jpeg\" \/>\n<meta name=\"author\" content=\"Reda\u00e7\u00e3o Sul SC\" \/>\n<meta name=\"twitter:card\" content=\"summary_large_image\" \/>\n<meta name=\"twitter:creator\" content=\"@https:\/\/twitter.com\/PortalSulSC\" \/>\n<meta name=\"twitter:label1\" content=\"Written by\" \/>\n\t<meta name=\"twitter:data1\" content=\"Reda\u00e7\u00e3o Sul SC\" \/>\n\t<meta name=\"twitter:label2\" content=\"Est. reading time\" \/>\n\t<meta name=\"twitter:data2\" content=\"2 minutes\" \/>\n<script type=\"application\/ld+json\" class=\"yoast-schema-graph\">{\"@context\":\"https:\/\/schema.org\",\"@graph\":[{\"@type\":\"WebPage\",\"@id\":\"https:\/\/sulsc.com\/index.php\/2025\/06\/09\/segunda-feira-09-com-ceu-encoberto-e-temperaturas-baixas\/\",\"url\":\"https:\/\/sulsc.com\/index.php\/2025\/06\/09\/segunda-feira-09-com-ceu-encoberto-e-temperaturas-baixas\/\",\"name\":\"Segunda-feira (09) com c\u00e9u encoberto e temperaturas baixas -\",\"isPartOf\":{\"@id\":\"https:\/\/sulsc.com\/#website\"},\"datePublished\":\"2025-06-09T12:22:07+00:00\",\"dateModified\":\"2025-06-09T12:35:24+00:00\",\"author\":{\"@id\":\"https:\/\/sulsc.com\/#\/schema\/person\/84d2fc571684f6248ba83092f07750a3\"},\"description\":\"As temperaturas seguem baixas no amanhecer, devido \u00e0 entrada de uma massa de ar frio de origem polar regi\u00e3o sul entre 8\u00b0C e 16\u00b0C\",\"breadcrumb\":{\"@id\":\"https:\/\/sulsc.com\/index.php\/2025\/06\/09\/segunda-feira-09-com-ceu-encoberto-e-temperaturas-baixas\/#breadcrumb\"},\"inLanguage\":\"en-US\",\"potentialAction\":[{\"@type\":\"ReadAction\",\"target\":[\"https:\/\/sulsc.com\/index.php\/2025\/06\/09\/segunda-feira-09-com-ceu-encoberto-e-temperaturas-baixas\/\"]}]},{\"@type\":\"BreadcrumbList\",\"@id\":\"https:\/\/sulsc.com\/index.php\/2025\/06\/09\/segunda-feira-09-com-ceu-encoberto-e-temperaturas-baixas\/#breadcrumb\",\"itemListElement\":[{\"@type\":\"ListItem\",\"position\":1,\"name\":\"In\u00edcio\",\"item\":\"https:\/\/sulsc.com\/\"},{\"@type\":\"ListItem\",\"position\":2,\"name\":\"Segunda-feira (09) com c\u00e9u encoberto e temperaturas baixas\"}]},{\"@type\":\"WebSite\",\"@id\":\"https:\/\/sulsc.com\/#website\",\"url\":\"https:\/\/sulsc.com\/\",\"name\":\"\",\"description\":\"\",\"potentialAction\":[{\"@type\":\"SearchAction\",\"target\":{\"@type\":\"EntryPoint\",\"urlTemplate\":\"https:\/\/sulsc.com\/?s={search_term_string}\"},\"query-input\":\"required name=search_term_string\"}],\"inLanguage\":\"en-US\"},{\"@type\":\"Person\",\"@id\":\"https:\/\/sulsc.com\/#\/schema\/person\/84d2fc571684f6248ba83092f07750a3\",\"name\":\"Reda\u00e7\u00e3o Sul SC\",\"image\":{\"@type\":\"ImageObject\",\"inLanguage\":\"en-US\",\"@id\":\"https:\/\/sulsc.com\/#\/schema\/person\/image\/e08d7fe2cc4ed596372063bbe852b8d0\",\"url\":\"https:\/\/sulsc.com\/wp-content\/uploads\/2023\/09\/redacao.png\",\"contentUrl\":\"https:\/\/sulsc.com\/wp-content\/uploads\/2023\/09\/redacao.png\",\"caption\":\"Reda\u00e7\u00e3o Sul SC\"},\"description\":\"Foco em um jornalismo imparcial, voltado \u00e0 qualidade dos seus conte\u00fados e, assim, levar informa\u00e7\u00e3o de valor que agregue \u00e0 vida dos leitores. Esta \u00e9 grande miss\u00e3o do Portal de Not\u00edcias Sul SC. N\u00e3o \u00e9 quantidade que muda o mundo, sempre foi e seguir\u00e1 sendo qualidade!\",\"sameAs\":[\"https:\/\/sulsc.com\/\",\"https:\/\/www.facebook.com\/profile.php?id=61559278119680\",\"https:\/\/www.instagram.com\/sulscportal\/?hl=pt-br\",\"https:\/\/twitter.com\/https:\/\/twitter.com\/PortalSulSC\",\"https:\/\/www.youtube.com\/channel\/UCv_BE8GeySluDov2n8qhVmw\"],\"url\":\"https:\/\/sulsc.com\/index.php\/author\/redacao\/\"}]}<\/script>\n<!-- \/ Yoast SEO plugin. -->","yoast_head_json":{"title":"Segunda-feira (09) com c\u00e9u encoberto e temperaturas baixas -","description":"As temperaturas seguem baixas no amanhecer, devido \u00e0 entrada de uma massa de ar frio de origem polar regi\u00e3o sul entre 8\u00b0C e 16\u00b0C","robots":{"index":"index","follow":"follow","max-snippet":"max-snippet:-1","max-image-preview":"max-image-preview:large","max-video-preview":"max-video-preview:-1"},"canonical":"https:\/\/sulsc.com\/index.php\/2025\/06\/09\/segunda-feira-09-com-ceu-encoberto-e-temperaturas-baixas\/","og_locale":"en_US","og_type":"article","og_title":"Segunda-feira (09) com c\u00e9u encoberto e temperaturas baixas -","og_description":"As temperaturas seguem baixas no amanhecer, devido \u00e0 entrada de uma massa de ar frio de origem polar regi\u00e3o sul entre 8\u00b0C e 16\u00b0C","og_url":"https:\/\/sulsc.com\/index.php\/2025\/06\/09\/segunda-feira-09-com-ceu-encoberto-e-temperaturas-baixas\/","article_author":"https:\/\/www.facebook.com\/profile.php?id=61559278119680","article_published_time":"2025-06-09T12:22:07+00:00","article_modified_time":"2025-06-09T12:35:24+00:00","og_image":[{"width":1600,"height":720,"url":"http:\/\/sulsc.com\/wp-content\/uploads\/2025\/06\/4f7ee7b4-e4a9-460c-a922-17f5751fb6ee.jpg","type":"image\/jpeg"}],"author":"Reda\u00e7\u00e3o Sul SC","twitter_card":"summary_large_image","twitter_creator":"@https:\/\/twitter.com\/PortalSulSC","twitter_misc":{"Written by":"Reda\u00e7\u00e3o Sul SC","Est. reading time":"2 minutes"},"schema":{"@context":"https:\/\/schema.org","@graph":[{"@type":"WebPage","@id":"https:\/\/sulsc.com\/index.php\/2025\/06\/09\/segunda-feira-09-com-ceu-encoberto-e-temperaturas-baixas\/","url":"https:\/\/sulsc.com\/index.php\/2025\/06\/09\/segunda-feira-09-com-ceu-encoberto-e-temperaturas-baixas\/","name":"Segunda-feira (09) com c\u00e9u encoberto e temperaturas baixas -","isPartOf":{"@id":"https:\/\/sulsc.com\/#website"},"datePublished":"2025-06-09T12:22:07+00:00","dateModified":"2025-06-09T12:35:24+00:00","author":{"@id":"https:\/\/sulsc.com\/#\/schema\/person\/84d2fc571684f6248ba83092f07750a3"},"description":"As temperaturas seguem baixas no amanhecer, devido \u00e0 entrada de uma massa de ar frio de origem polar regi\u00e3o sul entre 8\u00b0C e 16\u00b0C","breadcrumb":{"@id":"https:\/\/sulsc.com\/index.php\/2025\/06\/09\/segunda-feira-09-com-ceu-encoberto-e-temperaturas-baixas\/#breadcrumb"},"inLanguage":"en-US","potentialAction":[{"@type":"ReadAction","target":["https:\/\/sulsc.com\/index.php\/2025\/06\/09\/segunda-feira-09-com-ceu-encoberto-e-temperaturas-baixas\/"]}]},{"@type":"BreadcrumbList","@id":"https:\/\/sulsc.com\/index.php\/2025\/06\/09\/segunda-feira-09-com-ceu-encoberto-e-temperaturas-baixas\/#breadcrumb","itemListElement":[{"@type":"ListItem","position":1,"name":"In\u00edcio","item":"https:\/\/sulsc.com\/"},{"@type":"ListItem","position":2,"name":"Segunda-feira (09) com c\u00e9u encoberto e temperaturas baixas"}]},{"@type":"WebSite","@id":"https:\/\/sulsc.com\/#website","url":"https:\/\/sulsc.com\/","name":"","description":"","potentialAction":[{"@type":"SearchAction","target":{"@type":"EntryPoint","urlTemplate":"https:\/\/sulsc.com\/?s={search_term_string}"},"query-input":"required name=search_term_string"}],"inLanguage":"en-US"},{"@type":"Person","@id":"https:\/\/sulsc.com\/#\/schema\/person\/84d2fc571684f6248ba83092f07750a3","name":"Reda\u00e7\u00e3o Sul SC","image":{"@type":"ImageObject","inLanguage":"en-US","@id":"https:\/\/sulsc.com\/#\/schema\/person\/image\/e08d7fe2cc4ed596372063bbe852b8d0","url":"https:\/\/sulsc.com\/wp-content\/uploads\/2023\/09\/redacao.png","contentUrl":"https:\/\/sulsc.com\/wp-content\/uploads\/2023\/09\/redacao.png","caption":"Reda\u00e7\u00e3o Sul SC"},"description":"Foco em um jornalismo imparcial, voltado \u00e0 qualidade dos seus conte\u00fados e, assim, levar informa\u00e7\u00e3o de valor que agregue \u00e0 vida dos leitores. Esta \u00e9 grande miss\u00e3o do Portal de Not\u00edcias Sul SC. N\u00e3o \u00e9 quantidade que muda o mundo, sempre foi e seguir\u00e1 sendo qualidade!","sameAs":["https:\/\/sulsc.com\/","https:\/\/www.facebook.com\/profile.php?id=61559278119680","https:\/\/www.instagram.com\/sulscportal\/?hl=pt-br","https:\/\/twitter.com\/https:\/\/twitter.com\/PortalSulSC","https:\/\/www.youtube.com\/channel\/UCv_BE8GeySluDov2n8qhVmw"],"url":"https:\/\/sulsc.com\/index.php\/author\/redacao\/"}]}},"authors":[],"_links":{"self":[{"href":"https:\/\/sulsc.com\/index.php\/wp-json\/wp\/v2\/posts\/24372"}],"collection":[{"href":"https:\/\/sulsc.com\/index.php\/wp-json\/wp\/v2\/posts"}],"about":[{"href":"https:\/\/sulsc.com\/index.php\/wp-json\/wp\/v2\/types\/post"}],"author":[{"embeddable":true,"href":"https:\/\/sulsc.com\/index.php\/wp-json\/wp\/v2\/users\/3"}],"replies":[{"embeddable":true,"href":"https:\/\/sulsc.com\/index.php\/wp-json\/wp\/v2\/comments?post=24372"}],"version-history":[{"count":2,"href":"https:\/\/sulsc.com\/index.php\/wp-json\/wp\/v2\/posts\/24372\/revisions"}],"predecessor-version":[{"id":24379,"href":"https:\/\/sulsc.com\/index.php\/wp-json\/wp\/v2\/posts\/24372\/revisions\/24379"}],"wp:featuredmedia":[{"embeddable":true,"href":"https:\/\/sulsc.com\/index.php\/wp-json\/wp\/v2\/media\/24376"}],"wp:attachment":[{"href":"https:\/\/sulsc.com\/index.php\/wp-json\/wp\/v2\/media?parent=24372"}],"wp:term":[{"taxonomy":"category","embeddable":true,"href":"https:\/\/sulsc.com\/index.php\/wp-json\/wp\/v2\/categories?post=24372"},{"taxonomy":"post_tag","embeddable":true,"href":"https:\/\/sulsc.com\/index.php\/wp-json\/wp\/v2\/tags?post=24372"}],"curies":[{"name":"wp","href":"https:\/\/api.w.org\/{rel}","templated":true}]}}