{"id":24416,"date":"2025-06-10T09:19:34","date_gmt":"2025-06-10T12:19:34","guid":{"rendered":"https:\/\/sulsc.com\/?p=24416"},"modified":"2025-06-10T09:19:34","modified_gmt":"2025-06-10T12:19:34","slug":"tempo-firme-e-frio-em-toda-santa-catarina-nesta-terca-feira-10","status":"publish","type":"post","link":"https:\/\/sulsc.com\/index.php\/2025\/06\/10\/tempo-firme-e-frio-em-toda-santa-catarina-nesta-terca-feira-10\/","title":{"rendered":"Tempo firme e frio em toda Santa Catarina nesta ter\u00e7a-feira (10)"},"content":{"rendered":"<p>Nesta ter\u00e7a-feira (10), o tempo volta a ficar firme em toda SC, devido a atua\u00e7\u00e3o do centro de alta press\u00e3o sobre o estado. O sol predomina no Grande Oeste e aparece entre varia\u00e7\u00e3o de nuvens nos Planaltos, Vale do Itaja\u00ed e Litoral.<\/p>\n<p><img fetchpriority=\"high\" decoding=\"async\" class=\"aligncenter  wp-image-24418\" src=\"http:\/\/sulsc.com\/wp-content\/uploads\/2025\/06\/a-6.png\" alt=\"\" width=\"783\" height=\"533\" srcset=\"https:\/\/sulsc.com\/wp-content\/uploads\/2025\/06\/a-6.png 1486w, https:\/\/sulsc.com\/wp-content\/uploads\/2025\/06\/a-6-300x204.png 300w, https:\/\/sulsc.com\/wp-content\/uploads\/2025\/06\/a-6-1024x697.png 1024w, https:\/\/sulsc.com\/wp-content\/uploads\/2025\/06\/a-6-768x523.png 768w\" sizes=\"(max-width: 783px) 100vw, 783px\" \/><\/p>\n<p><img decoding=\"async\" class=\"aligncenter  wp-image-22836\" src=\"http:\/\/sulsc.com\/wp-content\/uploads\/2025\/04\/Tempo-2.png\" alt=\"\" width=\"726\" height=\"134\" srcset=\"https:\/\/sulsc.com\/wp-content\/uploads\/2025\/04\/Tempo-2.png 1024w, https:\/\/sulsc.com\/wp-content\/uploads\/2025\/04\/Tempo-2-300x55.png 300w, https:\/\/sulsc.com\/wp-content\/uploads\/2025\/04\/Tempo-2-768x142.png 768w\" sizes=\"(max-width: 726px) 100vw, 726px\" \/><\/p>\n<p><strong>Temperaturas<\/strong><\/p>\n<p>Com a alta press\u00e3o, a massa de ar frio, de origem polar, se estabelece e as temperaturas seguem baixas no amanhecer, com m\u00ednimas entre 1\u00b0C e 8\u00b0C entre o Grande Oeste, Planaltos e Grd. Florian\u00f3polis Serrana, e variam entre 08\u00b0C e 15\u00b0C nas demais regi\u00f5es. H\u00e1 condi\u00e7\u00f5es para a forma\u00e7\u00e3o de geada, especialmente entre o Meio-Oeste e o Planalto Sul.<\/p>\n<p>As m\u00e1ximas n\u00e3o passam dos 20\u00b0C no Vale do Itaja\u00ed e no Litoral e variam entre 14\u00b0C e 18\u00b0C nas demais regi\u00f5es. O mar segue agitado no decorrer do dia com ondas entre 2,0 m e 3,0 m no litoral e o risco moderado para ocorr\u00eancias associadas \u00e0 agita\u00e7\u00e3o mar\u00edtima permanece.<\/p>\n<p>Fonte\/Defesa Civil SC<\/p>\n","protected":false},"excerpt":{"rendered":"<p>Nesta ter\u00e7a-feira (10), o tempo volta a ficar firme em toda SC, devido a atua\u00e7\u00e3o do centro de alta press\u00e3o sobre o estado. O sol predomina no Grande Oeste e aparece entre varia\u00e7\u00e3o de nuvens nos Planaltos, Vale do Itaja\u00ed e Litoral. Temperaturas Com a alta press\u00e3o, a massa de ar frio, de origem polar, &hellip;<\/p>\n<p class=\"read-more\"> <a class=\"\" href=\"https:\/\/sulsc.com\/index.php\/2025\/06\/10\/tempo-firme-e-frio-em-toda-santa-catarina-nesta-terca-feira-10\/\"> <span class=\"screen-reader-text\">Tempo firme e frio em toda Santa Catarina nesta ter\u00e7a-feira (10)<\/span> Read More &raquo;<\/a><\/p>\n","protected":false},"author":3,"featured_media":24419,"comment_status":"open","ping_status":"open","sticky":false,"template":"","format":"standard","meta":{"site-sidebar-layout":"default","site-content-layout":"","ast-site-content-layout":"default","site-content-style":"default","site-sidebar-style":"default","ast-global-header-display":"","ast-banner-title-visibility":"","ast-main-header-display":"","ast-hfb-above-header-display":"","ast-hfb-below-header-display":"","ast-hfb-mobile-header-display":"","site-post-title":"","ast-breadcrumbs-content":"","ast-featured-img":"","footer-sml-layout":"","theme-transparent-header-meta":"default","adv-header-id-meta":"","stick-header-meta":"","header-above-stick-meta":"","header-main-stick-meta":"","header-below-stick-meta":"","astra-migrate-meta-layouts":"set","footnotes":""},"categories":[38],"tags":[90],"yoast_head":"<!-- This site is optimized with the Yoast SEO plugin v21.4 - https:\/\/yoast.com\/wordpress\/plugins\/seo\/ -->\n<title>Tempo firme e frio em toda Santa Catarina nesta ter\u00e7a-feira (10) -<\/title>\n<meta name=\"description\" content=\"As m\u00e1ximas n\u00e3o passam dos 20\u00b0C no Vale do Itaja\u00ed e no Litoral e variam entre 14\u00b0C e 18\u00b0C nas demais regi\u00f5es\" \/>\n<meta name=\"robots\" content=\"index, follow, max-snippet:-1, max-image-preview:large, max-video-preview:-1\" \/>\n<link rel=\"canonical\" href=\"https:\/\/sulsc.com\/index.php\/2025\/06\/10\/tempo-firme-e-frio-em-toda-santa-catarina-nesta-terca-feira-10\/\" \/>\n<meta property=\"og:locale\" content=\"en_US\" \/>\n<meta property=\"og:type\" content=\"article\" \/>\n<meta property=\"og:title\" content=\"Tempo firme e frio em toda Santa Catarina nesta ter\u00e7a-feira (10) -\" \/>\n<meta property=\"og:description\" content=\"As m\u00e1ximas n\u00e3o passam dos 20\u00b0C no Vale do Itaja\u00ed e no Litoral e variam entre 14\u00b0C e 18\u00b0C nas demais regi\u00f5es\" \/>\n<meta property=\"og:url\" content=\"https:\/\/sulsc.com\/index.php\/2025\/06\/10\/tempo-firme-e-frio-em-toda-santa-catarina-nesta-terca-feira-10\/\" \/>\n<meta property=\"article:author\" content=\"https:\/\/www.facebook.com\/profile.php?id=61559278119680\" \/>\n<meta property=\"article:published_time\" content=\"2025-06-10T12:19:34+00:00\" \/>\n<meta property=\"og:image\" content=\"http:\/\/sulsc.com\/wp-content\/uploads\/2025\/06\/70294db2-3c91-4e2c-8f81-d6a78fd3421a.jpg\" \/>\n\t<meta property=\"og:image:width\" content=\"1600\" \/>\n\t<meta property=\"og:image:height\" content=\"719\" \/>\n\t<meta property=\"og:image:type\" content=\"image\/jpeg\" \/>\n<meta name=\"author\" content=\"Reda\u00e7\u00e3o Sul SC\" \/>\n<meta name=\"twitter:card\" content=\"summary_large_image\" \/>\n<meta name=\"twitter:creator\" content=\"@https:\/\/twitter.com\/PortalSulSC\" \/>\n<meta name=\"twitter:label1\" content=\"Written by\" \/>\n\t<meta name=\"twitter:data1\" content=\"Reda\u00e7\u00e3o Sul SC\" \/>\n\t<meta name=\"twitter:label2\" content=\"Est. reading time\" \/>\n\t<meta name=\"twitter:data2\" content=\"2 minutes\" \/>\n<script type=\"application\/ld+json\" class=\"yoast-schema-graph\">{\"@context\":\"https:\/\/schema.org\",\"@graph\":[{\"@type\":\"WebPage\",\"@id\":\"https:\/\/sulsc.com\/index.php\/2025\/06\/10\/tempo-firme-e-frio-em-toda-santa-catarina-nesta-terca-feira-10\/\",\"url\":\"https:\/\/sulsc.com\/index.php\/2025\/06\/10\/tempo-firme-e-frio-em-toda-santa-catarina-nesta-terca-feira-10\/\",\"name\":\"Tempo firme e frio em toda Santa Catarina nesta ter\u00e7a-feira (10) -\",\"isPartOf\":{\"@id\":\"https:\/\/sulsc.com\/#website\"},\"datePublished\":\"2025-06-10T12:19:34+00:00\",\"dateModified\":\"2025-06-10T12:19:34+00:00\",\"author\":{\"@id\":\"https:\/\/sulsc.com\/#\/schema\/person\/84d2fc571684f6248ba83092f07750a3\"},\"description\":\"As m\u00e1ximas n\u00e3o passam dos 20\u00b0C no Vale do Itaja\u00ed e no Litoral e variam entre 14\u00b0C e 18\u00b0C nas demais regi\u00f5es\",\"breadcrumb\":{\"@id\":\"https:\/\/sulsc.com\/index.php\/2025\/06\/10\/tempo-firme-e-frio-em-toda-santa-catarina-nesta-terca-feira-10\/#breadcrumb\"},\"inLanguage\":\"en-US\",\"potentialAction\":[{\"@type\":\"ReadAction\",\"target\":[\"https:\/\/sulsc.com\/index.php\/2025\/06\/10\/tempo-firme-e-frio-em-toda-santa-catarina-nesta-terca-feira-10\/\"]}]},{\"@type\":\"BreadcrumbList\",\"@id\":\"https:\/\/sulsc.com\/index.php\/2025\/06\/10\/tempo-firme-e-frio-em-toda-santa-catarina-nesta-terca-feira-10\/#breadcrumb\",\"itemListElement\":[{\"@type\":\"ListItem\",\"position\":1,\"name\":\"In\u00edcio\",\"item\":\"https:\/\/sulsc.com\/\"},{\"@type\":\"ListItem\",\"position\":2,\"name\":\"Tempo firme e frio em toda Santa Catarina nesta ter\u00e7a-feira (10)\"}]},{\"@type\":\"WebSite\",\"@id\":\"https:\/\/sulsc.com\/#website\",\"url\":\"https:\/\/sulsc.com\/\",\"name\":\"\",\"description\":\"\",\"potentialAction\":[{\"@type\":\"SearchAction\",\"target\":{\"@type\":\"EntryPoint\",\"urlTemplate\":\"https:\/\/sulsc.com\/?s={search_term_string}\"},\"query-input\":\"required name=search_term_string\"}],\"inLanguage\":\"en-US\"},{\"@type\":\"Person\",\"@id\":\"https:\/\/sulsc.com\/#\/schema\/person\/84d2fc571684f6248ba83092f07750a3\",\"name\":\"Reda\u00e7\u00e3o Sul SC\",\"image\":{\"@type\":\"ImageObject\",\"inLanguage\":\"en-US\",\"@id\":\"https:\/\/sulsc.com\/#\/schema\/person\/image\/e08d7fe2cc4ed596372063bbe852b8d0\",\"url\":\"https:\/\/sulsc.com\/wp-content\/uploads\/2023\/09\/redacao.png\",\"contentUrl\":\"https:\/\/sulsc.com\/wp-content\/uploads\/2023\/09\/redacao.png\",\"caption\":\"Reda\u00e7\u00e3o Sul SC\"},\"description\":\"Foco em um jornalismo imparcial, voltado \u00e0 qualidade dos seus conte\u00fados e, assim, levar informa\u00e7\u00e3o de valor que agregue \u00e0 vida dos leitores. Esta \u00e9 grande miss\u00e3o do Portal de Not\u00edcias Sul SC. N\u00e3o \u00e9 quantidade que muda o mundo, sempre foi e seguir\u00e1 sendo qualidade!\",\"sameAs\":[\"https:\/\/sulsc.com\/\",\"https:\/\/www.facebook.com\/profile.php?id=61559278119680\",\"https:\/\/www.instagram.com\/sulscportal\/?hl=pt-br\",\"https:\/\/twitter.com\/https:\/\/twitter.com\/PortalSulSC\",\"https:\/\/www.youtube.com\/channel\/UCv_BE8GeySluDov2n8qhVmw\"],\"url\":\"https:\/\/sulsc.com\/index.php\/author\/redacao\/\"}]}<\/script>\n<!-- \/ Yoast SEO plugin. -->","yoast_head_json":{"title":"Tempo firme e frio em toda Santa Catarina nesta ter\u00e7a-feira (10) -","description":"As m\u00e1ximas n\u00e3o passam dos 20\u00b0C no Vale do Itaja\u00ed e no Litoral e variam entre 14\u00b0C e 18\u00b0C nas demais regi\u00f5es","robots":{"index":"index","follow":"follow","max-snippet":"max-snippet:-1","max-image-preview":"max-image-preview:large","max-video-preview":"max-video-preview:-1"},"canonical":"https:\/\/sulsc.com\/index.php\/2025\/06\/10\/tempo-firme-e-frio-em-toda-santa-catarina-nesta-terca-feira-10\/","og_locale":"en_US","og_type":"article","og_title":"Tempo firme e frio em toda Santa Catarina nesta ter\u00e7a-feira (10) -","og_description":"As m\u00e1ximas n\u00e3o passam dos 20\u00b0C no Vale do Itaja\u00ed e no Litoral e variam entre 14\u00b0C e 18\u00b0C nas demais regi\u00f5es","og_url":"https:\/\/sulsc.com\/index.php\/2025\/06\/10\/tempo-firme-e-frio-em-toda-santa-catarina-nesta-terca-feira-10\/","article_author":"https:\/\/www.facebook.com\/profile.php?id=61559278119680","article_published_time":"2025-06-10T12:19:34+00:00","og_image":[{"width":1600,"height":719,"url":"http:\/\/sulsc.com\/wp-content\/uploads\/2025\/06\/70294db2-3c91-4e2c-8f81-d6a78fd3421a.jpg","type":"image\/jpeg"}],"author":"Reda\u00e7\u00e3o Sul SC","twitter_card":"summary_large_image","twitter_creator":"@https:\/\/twitter.com\/PortalSulSC","twitter_misc":{"Written by":"Reda\u00e7\u00e3o Sul SC","Est. reading time":"2 minutes"},"schema":{"@context":"https:\/\/schema.org","@graph":[{"@type":"WebPage","@id":"https:\/\/sulsc.com\/index.php\/2025\/06\/10\/tempo-firme-e-frio-em-toda-santa-catarina-nesta-terca-feira-10\/","url":"https:\/\/sulsc.com\/index.php\/2025\/06\/10\/tempo-firme-e-frio-em-toda-santa-catarina-nesta-terca-feira-10\/","name":"Tempo firme e frio em toda Santa Catarina nesta ter\u00e7a-feira (10) -","isPartOf":{"@id":"https:\/\/sulsc.com\/#website"},"datePublished":"2025-06-10T12:19:34+00:00","dateModified":"2025-06-10T12:19:34+00:00","author":{"@id":"https:\/\/sulsc.com\/#\/schema\/person\/84d2fc571684f6248ba83092f07750a3"},"description":"As m\u00e1ximas n\u00e3o passam dos 20\u00b0C no Vale do Itaja\u00ed e no Litoral e variam entre 14\u00b0C e 18\u00b0C nas demais regi\u00f5es","breadcrumb":{"@id":"https:\/\/sulsc.com\/index.php\/2025\/06\/10\/tempo-firme-e-frio-em-toda-santa-catarina-nesta-terca-feira-10\/#breadcrumb"},"inLanguage":"en-US","potentialAction":[{"@type":"ReadAction","target":["https:\/\/sulsc.com\/index.php\/2025\/06\/10\/tempo-firme-e-frio-em-toda-santa-catarina-nesta-terca-feira-10\/"]}]},{"@type":"BreadcrumbList","@id":"https:\/\/sulsc.com\/index.php\/2025\/06\/10\/tempo-firme-e-frio-em-toda-santa-catarina-nesta-terca-feira-10\/#breadcrumb","itemListElement":[{"@type":"ListItem","position":1,"name":"In\u00edcio","item":"https:\/\/sulsc.com\/"},{"@type":"ListItem","position":2,"name":"Tempo firme e frio em toda Santa Catarina nesta ter\u00e7a-feira (10)"}]},{"@type":"WebSite","@id":"https:\/\/sulsc.com\/#website","url":"https:\/\/sulsc.com\/","name":"","description":"","potentialAction":[{"@type":"SearchAction","target":{"@type":"EntryPoint","urlTemplate":"https:\/\/sulsc.com\/?s={search_term_string}"},"query-input":"required name=search_term_string"}],"inLanguage":"en-US"},{"@type":"Person","@id":"https:\/\/sulsc.com\/#\/schema\/person\/84d2fc571684f6248ba83092f07750a3","name":"Reda\u00e7\u00e3o Sul SC","image":{"@type":"ImageObject","inLanguage":"en-US","@id":"https:\/\/sulsc.com\/#\/schema\/person\/image\/e08d7fe2cc4ed596372063bbe852b8d0","url":"https:\/\/sulsc.com\/wp-content\/uploads\/2023\/09\/redacao.png","contentUrl":"https:\/\/sulsc.com\/wp-content\/uploads\/2023\/09\/redacao.png","caption":"Reda\u00e7\u00e3o Sul SC"},"description":"Foco em um jornalismo imparcial, voltado \u00e0 qualidade dos seus conte\u00fados e, assim, levar informa\u00e7\u00e3o de valor que agregue \u00e0 vida dos leitores. Esta \u00e9 grande miss\u00e3o do Portal de Not\u00edcias Sul SC. N\u00e3o \u00e9 quantidade que muda o mundo, sempre foi e seguir\u00e1 sendo qualidade!","sameAs":["https:\/\/sulsc.com\/","https:\/\/www.facebook.com\/profile.php?id=61559278119680","https:\/\/www.instagram.com\/sulscportal\/?hl=pt-br","https:\/\/twitter.com\/https:\/\/twitter.com\/PortalSulSC","https:\/\/www.youtube.com\/channel\/UCv_BE8GeySluDov2n8qhVmw"],"url":"https:\/\/sulsc.com\/index.php\/author\/redacao\/"}]}},"authors":[],"_links":{"self":[{"href":"https:\/\/sulsc.com\/index.php\/wp-json\/wp\/v2\/posts\/24416"}],"collection":[{"href":"https:\/\/sulsc.com\/index.php\/wp-json\/wp\/v2\/posts"}],"about":[{"href":"https:\/\/sulsc.com\/index.php\/wp-json\/wp\/v2\/types\/post"}],"author":[{"embeddable":true,"href":"https:\/\/sulsc.com\/index.php\/wp-json\/wp\/v2\/users\/3"}],"replies":[{"embeddable":true,"href":"https:\/\/sulsc.com\/index.php\/wp-json\/wp\/v2\/comments?post=24416"}],"version-history":[{"count":2,"href":"https:\/\/sulsc.com\/index.php\/wp-json\/wp\/v2\/posts\/24416\/revisions"}],"predecessor-version":[{"id":24421,"href":"https:\/\/sulsc.com\/index.php\/wp-json\/wp\/v2\/posts\/24416\/revisions\/24421"}],"wp:featuredmedia":[{"embeddable":true,"href":"https:\/\/sulsc.com\/index.php\/wp-json\/wp\/v2\/media\/24419"}],"wp:attachment":[{"href":"https:\/\/sulsc.com\/index.php\/wp-json\/wp\/v2\/media?parent=24416"}],"wp:term":[{"taxonomy":"category","embeddable":true,"href":"https:\/\/sulsc.com\/index.php\/wp-json\/wp\/v2\/categories?post=24416"},{"taxonomy":"post_tag","embeddable":true,"href":"https:\/\/sulsc.com\/index.php\/wp-json\/wp\/v2\/tags?post=24416"}],"curies":[{"name":"wp","href":"https:\/\/api.w.org\/{rel}","templated":true}]}}