{"id":2444,"date":"2023-10-17T18:30:08","date_gmt":"2023-10-17T21:30:08","guid":{"rendered":"https:\/\/sulsc.com\/?p=2444"},"modified":"2023-10-17T22:48:54","modified_gmt":"2023-10-18T01:48:54","slug":"familia-de-aluno-com-espectro-autista-esquecido-em-foto-de-formatura-sera-indenizada","status":"publish","type":"post","link":"https:\/\/sulsc.com\/index.php\/2023\/10\/17\/familia-de-aluno-com-espectro-autista-esquecido-em-foto-de-formatura-sera-indenizada\/","title":{"rendered":"Fam\u00edlia de aluno com espectro autista \u201cesquecido\u201d em foto de formatura ser\u00e1 indenizada"},"content":{"rendered":"<p>A lembran\u00e7a de conclus\u00e3o do ensino fundamental n\u00e3o estar\u00e1 eternizada para um aluno da rede p\u00fablica municipal da regi\u00e3o norte do estado. Isso porque, ele sequer estava presente no momento em que a fotografia foi tirada. O descaso dos professores em comunicar a fam\u00edlia da crian\u00e7a sobre o dia combinado para o retrato causou danos significativos ao menino, tanto \u00e9 que ele n\u00e3o mais retornou \u00e0 escola. O caso chegou a justi\u00e7a e resultou em indeniza\u00e7\u00e3o de R$ 20 mil.<\/p>\n<p>Consta na inicial que o autor, representado por sua m\u00e3e, \u00e9 portador do transtorno de espectro autista (TEA), possui dificuldade de comunica\u00e7\u00e3o e por vezes se mostra introspectivo e at\u00e9 mesmo agressivo. Deste modo, a m\u00e3e conta que levava e buscava o menino todos os dias na escola, onde mantinha contato com a educadora.<\/p>\n<p>Garantiu que esta nunca lhe questionou sobre o interesse em adquirir a camiseta da formatura ou a participa\u00e7\u00e3o do filho na foto de encerramento. Muito pelo contr\u00e1rio. Em certa ocasi\u00e3o, ao indag\u00e1-la sobre os preparativos para a solenidade, recebeu a resposta de que nada havia sido decidido.<\/p>\n<p>Desta maneira, foi surpreendida no \u00faltimo dia de aula com o convite para a celebra\u00e7\u00e3o e a fotografia oficial da turma sem a presen\u00e7a de seu filho. Declarou a m\u00e3e que o filho se sentiu exclu\u00eddo e apresentou quadro de regress\u00e3o em seu tratamento ap\u00f3s o ocorrido. Por este motivo, recorreu \u00e0 justi\u00e7a em busca de repara\u00e7\u00e3o.<\/p>\n<p><img fetchpriority=\"high\" decoding=\"async\" class=\"alignnone size-full wp-image-2445\" src=\"http:\/\/sulsc.com\/wp-content\/uploads\/2023\/10\/Familia-de-aluno-com-espectro-autista-esquecido-em-foto-de-formatura-sera-indenizada.jpeg\" alt=\"\" width=\"555\" height=\"370\" srcset=\"https:\/\/sulsc.com\/wp-content\/uploads\/2023\/10\/Familia-de-aluno-com-espectro-autista-esquecido-em-foto-de-formatura-sera-indenizada.jpeg 555w, https:\/\/sulsc.com\/wp-content\/uploads\/2023\/10\/Familia-de-aluno-com-espectro-autista-esquecido-em-foto-de-formatura-sera-indenizada-300x200.jpeg 300w\" sizes=\"(max-width: 555px) 100vw, 555px\" \/><\/p>\n<p>Em ju\u00edzo, a professora regente alegou que foi realizada uma reuni\u00e3o entre pais e professores no m\u00eas de mar\u00e7o para tratar dos assuntos relacionados e que a m\u00e3e do requerente n\u00e3o compareceu. Acrescentou que ao questionar diretamente o menor sobre o interesse na participa\u00e7\u00e3o o menino respondeu que n\u00e3o queria.<\/p>\n<p>Ao final do ano, decidiu com demais professores \u201cbater uma foto\u201d da turma, avisou a sala sobre o dia escolhido, mas o aluno em quest\u00e3o faltou nesta ocasi\u00e3o. No mesmo sentido prestou depoimento a segunda professora, que confirmou as faltas seguidas do aluno e que ele, quando comparecia, se mostrava muito introspectivo.<\/p>\n<p>Portanto, ap\u00f3s an\u00e1lise dos fatos e vers\u00f5es colhidas, o magistrado consignou que as afirma\u00e7\u00f5es das professoras deixam claro a falta de cuidado com a comunica\u00e7\u00e3o entre a escola e a fam\u00edlia, ao considerar que a participa\u00e7\u00e3o efetiva da pessoa com defici\u00eancia no ambiente escolar depende primordialmente da boa comunica\u00e7\u00e3o.<\/p>\n<p>\u201cSendo de conhecimento (&#8230;) que o aluno possui dificuldade de compreens\u00e3o e comunica\u00e7\u00e3o, cabia \u00e0 escola garantir que a m\u00e3e fosse informada de forma clara de toda e qualquer situa\u00e7\u00e3o envolvendo seu filho. No caso ficou evidente que nenhum profissional tomou esse cuidado, mandando recados pelo aluno, que podem n\u00e3o ter chegado \u00e0 genitora.<\/p>\n<p>Ainda que prove que a foto n\u00e3o foi tirada propositalmente sem o autor, acrescentou o sentenciante, restou seguramente que houve omiss\u00e3o e neglig\u00eancia na comunica\u00e7\u00e3o ao autor e sua fam\u00edlia sobre a data da fotografia, o que se deu por parte de profissionais de educa\u00e7\u00e3o na condi\u00e7\u00e3o de agentes p\u00fablicos, ao desrespeitarem os direitos do aluno portador de defici\u00eancia de inclus\u00e3o, contribuindo para o abalo emocional informado que culminou inclusive no abandono escolar do infante. Deste modo o caso \u00e9 pass\u00edvel de indeniza\u00e7\u00e3o\u201d, definiu o juiz. O caso tramita em segredo de justi\u00e7a e cabe recurso ao TJSC.<\/p>\n<p>&nbsp;<\/p>\n<p>Fonte: TJSC<\/p>\n","protected":false},"excerpt":{"rendered":"<p>A lembran\u00e7a de conclus\u00e3o do ensino fundamental n\u00e3o estar\u00e1 eternizada para um aluno da rede p\u00fablica municipal da regi\u00e3o norte do estado. Isso porque, ele sequer estava presente no momento em que a fotografia foi tirada. O descaso dos professores em comunicar a fam\u00edlia da crian\u00e7a sobre o dia combinado para o retrato causou danos &hellip;<\/p>\n<p class=\"read-more\"> <a class=\"\" href=\"https:\/\/sulsc.com\/index.php\/2023\/10\/17\/familia-de-aluno-com-espectro-autista-esquecido-em-foto-de-formatura-sera-indenizada\/\"> <span class=\"screen-reader-text\">Fam\u00edlia de aluno com espectro autista \u201cesquecido\u201d em foto de formatura ser\u00e1 indenizada<\/span> Read More &raquo;<\/a><\/p>\n","protected":false},"author":3,"featured_media":2447,"comment_status":"open","ping_status":"open","sticky":false,"template":"","format":"standard","meta":{"site-sidebar-layout":"default","site-content-layout":"","ast-site-content-layout":"default","site-content-style":"default","site-sidebar-style":"default","ast-global-header-display":"","ast-banner-title-visibility":"","ast-main-header-display":"","ast-hfb-above-header-display":"","ast-hfb-below-header-display":"","ast-hfb-mobile-header-display":"","site-post-title":"","ast-breadcrumbs-content":"","ast-featured-img":"","footer-sml-layout":"","theme-transparent-header-meta":"default","adv-header-id-meta":"","stick-header-meta":"","header-above-stick-meta":"","header-main-stick-meta":"","header-below-stick-meta":"","astra-migrate-meta-layouts":"set","footnotes":""},"categories":[1,8],"tags":[],"yoast_head":"<!-- This site is optimized with the Yoast SEO plugin v21.4 - https:\/\/yoast.com\/wordpress\/plugins\/seo\/ -->\n<title>Fam\u00edlia de aluno com espectro autista \u201cesquecido\u201d em foto de formatura ser\u00e1 indenizada -<\/title>\n<meta name=\"robots\" content=\"index, follow, max-snippet:-1, max-image-preview:large, max-video-preview:-1\" \/>\n<link rel=\"canonical\" href=\"https:\/\/sulsc.com\/index.php\/2023\/10\/17\/familia-de-aluno-com-espectro-autista-esquecido-em-foto-de-formatura-sera-indenizada\/\" \/>\n<meta property=\"og:locale\" content=\"en_US\" \/>\n<meta property=\"og:type\" content=\"article\" \/>\n<meta property=\"og:title\" content=\"Fam\u00edlia de aluno com espectro autista \u201cesquecido\u201d em foto de formatura ser\u00e1 indenizada -\" \/>\n<meta property=\"og:description\" content=\"A lembran\u00e7a de conclus\u00e3o do ensino fundamental n\u00e3o estar\u00e1 eternizada para um aluno da rede p\u00fablica municipal da regi\u00e3o norte do estado. Isso porque, ele sequer estava presente no momento em que a fotografia foi tirada. O descaso dos professores em comunicar a fam\u00edlia da crian\u00e7a sobre o dia combinado para o retrato causou danos &hellip; Fam\u00edlia de aluno com espectro autista \u201cesquecido\u201d em foto de formatura ser\u00e1 indenizada Read More &raquo;\" \/>\n<meta property=\"og:url\" content=\"https:\/\/sulsc.com\/index.php\/2023\/10\/17\/familia-de-aluno-com-espectro-autista-esquecido-em-foto-de-formatura-sera-indenizada\/\" \/>\n<meta property=\"article:author\" content=\"https:\/\/www.facebook.com\/profile.php?id=61559278119680\" \/>\n<meta property=\"article:published_time\" content=\"2023-10-17T21:30:08+00:00\" \/>\n<meta property=\"article:modified_time\" content=\"2023-10-18T01:48:54+00:00\" \/>\n<meta property=\"og:image\" content=\"http:\/\/sulsc.com\/wp-content\/uploads\/2023\/10\/formatura.jpeg\" \/>\n\t<meta property=\"og:image:width\" content=\"549\" \/>\n\t<meta property=\"og:image:height\" content=\"379\" \/>\n\t<meta property=\"og:image:type\" content=\"image\/jpeg\" \/>\n<meta name=\"author\" content=\"Reda\u00e7\u00e3o Sul SC\" \/>\n<meta name=\"twitter:card\" content=\"summary_large_image\" \/>\n<meta name=\"twitter:creator\" content=\"@https:\/\/twitter.com\/PortalSulSC\" \/>\n<meta name=\"twitter:label1\" content=\"Written by\" \/>\n\t<meta name=\"twitter:data1\" content=\"Reda\u00e7\u00e3o Sul SC\" \/>\n\t<meta name=\"twitter:label2\" content=\"Est. reading time\" \/>\n\t<meta name=\"twitter:data2\" content=\"3 minutes\" \/>\n<script type=\"application\/ld+json\" class=\"yoast-schema-graph\">{\"@context\":\"https:\/\/schema.org\",\"@graph\":[{\"@type\":\"WebPage\",\"@id\":\"https:\/\/sulsc.com\/index.php\/2023\/10\/17\/familia-de-aluno-com-espectro-autista-esquecido-em-foto-de-formatura-sera-indenizada\/\",\"url\":\"https:\/\/sulsc.com\/index.php\/2023\/10\/17\/familia-de-aluno-com-espectro-autista-esquecido-em-foto-de-formatura-sera-indenizada\/\",\"name\":\"Fam\u00edlia de aluno com espectro autista \u201cesquecido\u201d em foto de formatura ser\u00e1 indenizada -\",\"isPartOf\":{\"@id\":\"https:\/\/sulsc.com\/#website\"},\"datePublished\":\"2023-10-17T21:30:08+00:00\",\"dateModified\":\"2023-10-18T01:48:54+00:00\",\"author\":{\"@id\":\"https:\/\/sulsc.com\/#\/schema\/person\/84d2fc571684f6248ba83092f07750a3\"},\"breadcrumb\":{\"@id\":\"https:\/\/sulsc.com\/index.php\/2023\/10\/17\/familia-de-aluno-com-espectro-autista-esquecido-em-foto-de-formatura-sera-indenizada\/#breadcrumb\"},\"inLanguage\":\"en-US\",\"potentialAction\":[{\"@type\":\"ReadAction\",\"target\":[\"https:\/\/sulsc.com\/index.php\/2023\/10\/17\/familia-de-aluno-com-espectro-autista-esquecido-em-foto-de-formatura-sera-indenizada\/\"]}]},{\"@type\":\"BreadcrumbList\",\"@id\":\"https:\/\/sulsc.com\/index.php\/2023\/10\/17\/familia-de-aluno-com-espectro-autista-esquecido-em-foto-de-formatura-sera-indenizada\/#breadcrumb\",\"itemListElement\":[{\"@type\":\"ListItem\",\"position\":1,\"name\":\"In\u00edcio\",\"item\":\"https:\/\/sulsc.com\/\"},{\"@type\":\"ListItem\",\"position\":2,\"name\":\"Fam\u00edlia de aluno com espectro autista \u201cesquecido\u201d em foto de formatura ser\u00e1 indenizada\"}]},{\"@type\":\"WebSite\",\"@id\":\"https:\/\/sulsc.com\/#website\",\"url\":\"https:\/\/sulsc.com\/\",\"name\":\"\",\"description\":\"\",\"potentialAction\":[{\"@type\":\"SearchAction\",\"target\":{\"@type\":\"EntryPoint\",\"urlTemplate\":\"https:\/\/sulsc.com\/?s={search_term_string}\"},\"query-input\":\"required name=search_term_string\"}],\"inLanguage\":\"en-US\"},{\"@type\":\"Person\",\"@id\":\"https:\/\/sulsc.com\/#\/schema\/person\/84d2fc571684f6248ba83092f07750a3\",\"name\":\"Reda\u00e7\u00e3o Sul SC\",\"image\":{\"@type\":\"ImageObject\",\"inLanguage\":\"en-US\",\"@id\":\"https:\/\/sulsc.com\/#\/schema\/person\/image\/e08d7fe2cc4ed596372063bbe852b8d0\",\"url\":\"https:\/\/sulsc.com\/wp-content\/uploads\/2023\/09\/redacao.png\",\"contentUrl\":\"https:\/\/sulsc.com\/wp-content\/uploads\/2023\/09\/redacao.png\",\"caption\":\"Reda\u00e7\u00e3o Sul SC\"},\"description\":\"Foco em um jornalismo imparcial, voltado \u00e0 qualidade dos seus conte\u00fados e, assim, levar informa\u00e7\u00e3o de valor que agregue \u00e0 vida dos leitores. Esta \u00e9 grande miss\u00e3o do Portal de Not\u00edcias Sul SC. N\u00e3o \u00e9 quantidade que muda o mundo, sempre foi e seguir\u00e1 sendo qualidade!\",\"sameAs\":[\"https:\/\/sulsc.com\/\",\"https:\/\/www.facebook.com\/profile.php?id=61559278119680\",\"https:\/\/www.instagram.com\/sulscportal\/?hl=pt-br\",\"https:\/\/twitter.com\/https:\/\/twitter.com\/PortalSulSC\",\"https:\/\/www.youtube.com\/channel\/UCv_BE8GeySluDov2n8qhVmw\"],\"url\":\"https:\/\/sulsc.com\/index.php\/author\/redacao\/\"}]}<\/script>\n<!-- \/ Yoast SEO plugin. -->","yoast_head_json":{"title":"Fam\u00edlia de aluno com espectro autista \u201cesquecido\u201d em foto de formatura ser\u00e1 indenizada -","robots":{"index":"index","follow":"follow","max-snippet":"max-snippet:-1","max-image-preview":"max-image-preview:large","max-video-preview":"max-video-preview:-1"},"canonical":"https:\/\/sulsc.com\/index.php\/2023\/10\/17\/familia-de-aluno-com-espectro-autista-esquecido-em-foto-de-formatura-sera-indenizada\/","og_locale":"en_US","og_type":"article","og_title":"Fam\u00edlia de aluno com espectro autista \u201cesquecido\u201d em foto de formatura ser\u00e1 indenizada -","og_description":"A lembran\u00e7a de conclus\u00e3o do ensino fundamental n\u00e3o estar\u00e1 eternizada para um aluno da rede p\u00fablica municipal da regi\u00e3o norte do estado. Isso porque, ele sequer estava presente no momento em que a fotografia foi tirada. O descaso dos professores em comunicar a fam\u00edlia da crian\u00e7a sobre o dia combinado para o retrato causou danos &hellip; Fam\u00edlia de aluno com espectro autista \u201cesquecido\u201d em foto de formatura ser\u00e1 indenizada Read More &raquo;","og_url":"https:\/\/sulsc.com\/index.php\/2023\/10\/17\/familia-de-aluno-com-espectro-autista-esquecido-em-foto-de-formatura-sera-indenizada\/","article_author":"https:\/\/www.facebook.com\/profile.php?id=61559278119680","article_published_time":"2023-10-17T21:30:08+00:00","article_modified_time":"2023-10-18T01:48:54+00:00","og_image":[{"width":549,"height":379,"url":"http:\/\/sulsc.com\/wp-content\/uploads\/2023\/10\/formatura.jpeg","type":"image\/jpeg"}],"author":"Reda\u00e7\u00e3o Sul SC","twitter_card":"summary_large_image","twitter_creator":"@https:\/\/twitter.com\/PortalSulSC","twitter_misc":{"Written by":"Reda\u00e7\u00e3o Sul SC","Est. reading time":"3 minutes"},"schema":{"@context":"https:\/\/schema.org","@graph":[{"@type":"WebPage","@id":"https:\/\/sulsc.com\/index.php\/2023\/10\/17\/familia-de-aluno-com-espectro-autista-esquecido-em-foto-de-formatura-sera-indenizada\/","url":"https:\/\/sulsc.com\/index.php\/2023\/10\/17\/familia-de-aluno-com-espectro-autista-esquecido-em-foto-de-formatura-sera-indenizada\/","name":"Fam\u00edlia de aluno com espectro autista \u201cesquecido\u201d em foto de formatura ser\u00e1 indenizada -","isPartOf":{"@id":"https:\/\/sulsc.com\/#website"},"datePublished":"2023-10-17T21:30:08+00:00","dateModified":"2023-10-18T01:48:54+00:00","author":{"@id":"https:\/\/sulsc.com\/#\/schema\/person\/84d2fc571684f6248ba83092f07750a3"},"breadcrumb":{"@id":"https:\/\/sulsc.com\/index.php\/2023\/10\/17\/familia-de-aluno-com-espectro-autista-esquecido-em-foto-de-formatura-sera-indenizada\/#breadcrumb"},"inLanguage":"en-US","potentialAction":[{"@type":"ReadAction","target":["https:\/\/sulsc.com\/index.php\/2023\/10\/17\/familia-de-aluno-com-espectro-autista-esquecido-em-foto-de-formatura-sera-indenizada\/"]}]},{"@type":"BreadcrumbList","@id":"https:\/\/sulsc.com\/index.php\/2023\/10\/17\/familia-de-aluno-com-espectro-autista-esquecido-em-foto-de-formatura-sera-indenizada\/#breadcrumb","itemListElement":[{"@type":"ListItem","position":1,"name":"In\u00edcio","item":"https:\/\/sulsc.com\/"},{"@type":"ListItem","position":2,"name":"Fam\u00edlia de aluno com espectro autista \u201cesquecido\u201d em foto de formatura ser\u00e1 indenizada"}]},{"@type":"WebSite","@id":"https:\/\/sulsc.com\/#website","url":"https:\/\/sulsc.com\/","name":"","description":"","potentialAction":[{"@type":"SearchAction","target":{"@type":"EntryPoint","urlTemplate":"https:\/\/sulsc.com\/?s={search_term_string}"},"query-input":"required name=search_term_string"}],"inLanguage":"en-US"},{"@type":"Person","@id":"https:\/\/sulsc.com\/#\/schema\/person\/84d2fc571684f6248ba83092f07750a3","name":"Reda\u00e7\u00e3o Sul SC","image":{"@type":"ImageObject","inLanguage":"en-US","@id":"https:\/\/sulsc.com\/#\/schema\/person\/image\/e08d7fe2cc4ed596372063bbe852b8d0","url":"https:\/\/sulsc.com\/wp-content\/uploads\/2023\/09\/redacao.png","contentUrl":"https:\/\/sulsc.com\/wp-content\/uploads\/2023\/09\/redacao.png","caption":"Reda\u00e7\u00e3o Sul SC"},"description":"Foco em um jornalismo imparcial, voltado \u00e0 qualidade dos seus conte\u00fados e, assim, levar informa\u00e7\u00e3o de valor que agregue \u00e0 vida dos leitores. Esta \u00e9 grande miss\u00e3o do Portal de Not\u00edcias Sul SC. N\u00e3o \u00e9 quantidade que muda o mundo, sempre foi e seguir\u00e1 sendo qualidade!","sameAs":["https:\/\/sulsc.com\/","https:\/\/www.facebook.com\/profile.php?id=61559278119680","https:\/\/www.instagram.com\/sulscportal\/?hl=pt-br","https:\/\/twitter.com\/https:\/\/twitter.com\/PortalSulSC","https:\/\/www.youtube.com\/channel\/UCv_BE8GeySluDov2n8qhVmw"],"url":"https:\/\/sulsc.com\/index.php\/author\/redacao\/"}]}},"authors":[],"_links":{"self":[{"href":"https:\/\/sulsc.com\/index.php\/wp-json\/wp\/v2\/posts\/2444"}],"collection":[{"href":"https:\/\/sulsc.com\/index.php\/wp-json\/wp\/v2\/posts"}],"about":[{"href":"https:\/\/sulsc.com\/index.php\/wp-json\/wp\/v2\/types\/post"}],"author":[{"embeddable":true,"href":"https:\/\/sulsc.com\/index.php\/wp-json\/wp\/v2\/users\/3"}],"replies":[{"embeddable":true,"href":"https:\/\/sulsc.com\/index.php\/wp-json\/wp\/v2\/comments?post=2444"}],"version-history":[{"count":1,"href":"https:\/\/sulsc.com\/index.php\/wp-json\/wp\/v2\/posts\/2444\/revisions"}],"predecessor-version":[{"id":2446,"href":"https:\/\/sulsc.com\/index.php\/wp-json\/wp\/v2\/posts\/2444\/revisions\/2446"}],"wp:featuredmedia":[{"embeddable":true,"href":"https:\/\/sulsc.com\/index.php\/wp-json\/wp\/v2\/media\/2447"}],"wp:attachment":[{"href":"https:\/\/sulsc.com\/index.php\/wp-json\/wp\/v2\/media?parent=2444"}],"wp:term":[{"taxonomy":"category","embeddable":true,"href":"https:\/\/sulsc.com\/index.php\/wp-json\/wp\/v2\/categories?post=2444"},{"taxonomy":"post_tag","embeddable":true,"href":"https:\/\/sulsc.com\/index.php\/wp-json\/wp\/v2\/tags?post=2444"}],"curies":[{"name":"wp","href":"https:\/\/api.w.org\/{rel}","templated":true}]}}