{"id":24452,"date":"2025-06-11T08:15:00","date_gmt":"2025-06-11T11:15:00","guid":{"rendered":"https:\/\/sulsc.com\/?p=24452"},"modified":"2025-06-11T08:15:00","modified_gmt":"2025-06-11T11:15:00","slug":"dia-ensolarado-mas-gelado-nesta-quarta-feira-11em-todo-estado","status":"publish","type":"post","link":"https:\/\/sulsc.com\/index.php\/2025\/06\/11\/dia-ensolarado-mas-gelado-nesta-quarta-feira-11em-todo-estado\/","title":{"rendered":"Dia ensolarado mas gelado nesta quarta-feira 11em todo estado"},"content":{"rendered":"<p>O tempo segue firme em toda Santa Catarina nesta na quarta-feira (11), com predom\u00ednio de sol na maior parte do estado. A sensa\u00e7\u00e3o \u00e9 de bastante frio, devido a presen\u00e7a de uma massa de ar de origem polar. No amanhecer, h\u00e1 condi\u00e7\u00f5es para forma\u00e7\u00e3o de geada principalmente nas regi\u00f5es entre o Meio-Oeste e o Planalto Sul.<\/p>\n<p><img fetchpriority=\"high\" decoding=\"async\" class=\"aligncenter size-full wp-image-24453\" src=\"http:\/\/sulsc.com\/wp-content\/uploads\/2025\/06\/a-7.png\" alt=\"\" width=\"1471\" height=\"1009\" srcset=\"https:\/\/sulsc.com\/wp-content\/uploads\/2025\/06\/a-7.png 1471w, https:\/\/sulsc.com\/wp-content\/uploads\/2025\/06\/a-7-300x206.png 300w, https:\/\/sulsc.com\/wp-content\/uploads\/2025\/06\/a-7-1024x702.png 1024w, https:\/\/sulsc.com\/wp-content\/uploads\/2025\/06\/a-7-768x527.png 768w\" sizes=\"(max-width: 1471px) 100vw, 1471px\" \/><\/p>\n<p><img decoding=\"async\" class=\"aligncenter  wp-image-22836\" src=\"http:\/\/sulsc.com\/wp-content\/uploads\/2025\/04\/Tempo-2.png\" alt=\"\" width=\"693\" height=\"128\" srcset=\"https:\/\/sulsc.com\/wp-content\/uploads\/2025\/04\/Tempo-2.png 1024w, https:\/\/sulsc.com\/wp-content\/uploads\/2025\/04\/Tempo-2-300x55.png 300w, https:\/\/sulsc.com\/wp-content\/uploads\/2025\/04\/Tempo-2-768x142.png 768w\" sizes=\"(max-width: 693px) 100vw, 693px\" \/><\/p>\n<p><strong>Temperaturas<\/strong><\/p>\n<p>As temperaturas marcam valores negativos, forma\u00e7\u00e3o de geada ampla, as temperaturas m\u00ednimas chegam pr\u00f3ximas e abaixo de 0\u00b0C no Planalto Sul, entre 2\u00b0C e 5\u00b0C do Extremo Oeste ao Planalto Norte e em \u00e1reas altas do Vale do Itaja\u00ed e Grande Florian\u00f3polis. Durante a tarde, as temperaturas marcam entre 14\u00b0C e 19\u00b0C na maior parte do estado.<\/p>\n<p><strong>Condi\u00e7\u00f5es do Mar<\/strong><\/p>\n<p>O mar permanece agitado no decorrer do dia, devido ao vento de quadrante sul e as ondas permanecem entre 2,0 m e 3,0 m, trazendo risco moderado para ocorr\u00eancias associadas \u00e0 agita\u00e7\u00e3o mar\u00edtima.<\/p>\n<p><strong>Ventos Predominantes<\/strong>: sudoeste e sul, fraco a moderado, com rajadas no Litoral Sul.<\/p>\n<p><strong>Sistema Atuando<\/strong>: alta press\u00e3o no Sul do Brasil (massa de ar frio e seco).<\/p>\n<p>Fontes\/Epagri Ciram\/Defesa Civil SC<\/p>\n<p><strong>Acesse\/boulevardfm98.com<\/strong><\/p>\n<p><img decoding=\"async\" class=\"aligncenter  wp-image-24454\" src=\"http:\/\/sulsc.com\/wp-content\/uploads\/2025\/06\/Boulevard-FM-4.jpeg\" alt=\"\" width=\"700\" height=\"466\" srcset=\"https:\/\/sulsc.com\/wp-content\/uploads\/2025\/06\/Boulevard-FM-4.jpeg 1080w, https:\/\/sulsc.com\/wp-content\/uploads\/2025\/06\/Boulevard-FM-4-300x199.jpeg 300w, https:\/\/sulsc.com\/wp-content\/uploads\/2025\/06\/Boulevard-FM-4-1024x681.jpeg 1024w, https:\/\/sulsc.com\/wp-content\/uploads\/2025\/06\/Boulevard-FM-4-768x511.jpeg 768w\" sizes=\"(max-width: 700px) 100vw, 700px\" \/><\/p>\n","protected":false},"excerpt":{"rendered":"<p>O tempo segue firme em toda Santa Catarina nesta na quarta-feira (11), com predom\u00ednio de sol na maior parte do estado. A sensa\u00e7\u00e3o \u00e9 de bastante frio, devido a presen\u00e7a de uma massa de ar de origem polar. No amanhecer, h\u00e1 condi\u00e7\u00f5es para forma\u00e7\u00e3o de geada principalmente nas regi\u00f5es entre o Meio-Oeste e o Planalto &hellip;<\/p>\n<p class=\"read-more\"> <a class=\"\" href=\"https:\/\/sulsc.com\/index.php\/2025\/06\/11\/dia-ensolarado-mas-gelado-nesta-quarta-feira-11em-todo-estado\/\"> <span class=\"screen-reader-text\">Dia ensolarado mas gelado nesta quarta-feira 11em todo estado<\/span> Read More &raquo;<\/a><\/p>\n","protected":false},"author":3,"featured_media":24455,"comment_status":"open","ping_status":"open","sticky":false,"template":"","format":"standard","meta":{"site-sidebar-layout":"default","site-content-layout":"","ast-site-content-layout":"default","site-content-style":"default","site-sidebar-style":"default","ast-global-header-display":"","ast-banner-title-visibility":"","ast-main-header-display":"","ast-hfb-above-header-display":"","ast-hfb-below-header-display":"","ast-hfb-mobile-header-display":"","site-post-title":"","ast-breadcrumbs-content":"","ast-featured-img":"","footer-sml-layout":"","theme-transparent-header-meta":"default","adv-header-id-meta":"","stick-header-meta":"","header-above-stick-meta":"","header-main-stick-meta":"","header-below-stick-meta":"","astra-migrate-meta-layouts":"set","footnotes":""},"categories":[38],"tags":[90],"yoast_head":"<!-- This site is optimized with the Yoast SEO plugin v21.4 - https:\/\/yoast.com\/wordpress\/plugins\/seo\/ -->\n<title>Dia ensolarado mas gelado nesta quarta-feira 11em todo estado -<\/title>\n<meta name=\"description\" content=\"As temperaturas marcam valores negativos forma\u00e7\u00e3o de geada ampla as temperaturas m\u00ednimas chegam pr\u00f3ximas e abaixo de 0\u00b0C no Planalto Sul\" \/>\n<meta name=\"robots\" content=\"index, follow, max-snippet:-1, max-image-preview:large, max-video-preview:-1\" \/>\n<link rel=\"canonical\" href=\"https:\/\/sulsc.com\/index.php\/2025\/06\/11\/dia-ensolarado-mas-gelado-nesta-quarta-feira-11em-todo-estado\/\" \/>\n<meta property=\"og:locale\" content=\"en_US\" \/>\n<meta property=\"og:type\" content=\"article\" \/>\n<meta property=\"og:title\" content=\"Dia ensolarado mas gelado nesta quarta-feira 11em todo estado -\" \/>\n<meta property=\"og:description\" content=\"As temperaturas marcam valores negativos forma\u00e7\u00e3o de geada ampla as temperaturas m\u00ednimas chegam pr\u00f3ximas e abaixo de 0\u00b0C no Planalto Sul\" \/>\n<meta property=\"og:url\" content=\"https:\/\/sulsc.com\/index.php\/2025\/06\/11\/dia-ensolarado-mas-gelado-nesta-quarta-feira-11em-todo-estado\/\" \/>\n<meta property=\"article:author\" content=\"https:\/\/www.facebook.com\/profile.php?id=61559278119680\" \/>\n<meta property=\"article:published_time\" content=\"2025-06-11T11:15:00+00:00\" \/>\n<meta property=\"og:image\" content=\"http:\/\/sulsc.com\/wp-content\/uploads\/2025\/06\/Previ.jpg\" \/>\n\t<meta property=\"og:image:width\" content=\"1600\" \/>\n\t<meta property=\"og:image:height\" content=\"719\" \/>\n\t<meta property=\"og:image:type\" content=\"image\/jpeg\" \/>\n<meta name=\"author\" content=\"Reda\u00e7\u00e3o Sul SC\" \/>\n<meta name=\"twitter:card\" content=\"summary_large_image\" \/>\n<meta name=\"twitter:creator\" content=\"@https:\/\/twitter.com\/PortalSulSC\" \/>\n<meta name=\"twitter:label1\" content=\"Written by\" \/>\n\t<meta name=\"twitter:data1\" content=\"Reda\u00e7\u00e3o Sul SC\" \/>\n\t<meta name=\"twitter:label2\" content=\"Est. reading time\" \/>\n\t<meta name=\"twitter:data2\" content=\"2 minutes\" \/>\n<script type=\"application\/ld+json\" class=\"yoast-schema-graph\">{\"@context\":\"https:\/\/schema.org\",\"@graph\":[{\"@type\":\"WebPage\",\"@id\":\"https:\/\/sulsc.com\/index.php\/2025\/06\/11\/dia-ensolarado-mas-gelado-nesta-quarta-feira-11em-todo-estado\/\",\"url\":\"https:\/\/sulsc.com\/index.php\/2025\/06\/11\/dia-ensolarado-mas-gelado-nesta-quarta-feira-11em-todo-estado\/\",\"name\":\"Dia ensolarado mas gelado nesta quarta-feira 11em todo estado -\",\"isPartOf\":{\"@id\":\"https:\/\/sulsc.com\/#website\"},\"datePublished\":\"2025-06-11T11:15:00+00:00\",\"dateModified\":\"2025-06-11T11:15:00+00:00\",\"author\":{\"@id\":\"https:\/\/sulsc.com\/#\/schema\/person\/84d2fc571684f6248ba83092f07750a3\"},\"description\":\"As temperaturas marcam valores negativos forma\u00e7\u00e3o de geada ampla as temperaturas m\u00ednimas chegam pr\u00f3ximas e abaixo de 0\u00b0C no Planalto Sul\",\"breadcrumb\":{\"@id\":\"https:\/\/sulsc.com\/index.php\/2025\/06\/11\/dia-ensolarado-mas-gelado-nesta-quarta-feira-11em-todo-estado\/#breadcrumb\"},\"inLanguage\":\"en-US\",\"potentialAction\":[{\"@type\":\"ReadAction\",\"target\":[\"https:\/\/sulsc.com\/index.php\/2025\/06\/11\/dia-ensolarado-mas-gelado-nesta-quarta-feira-11em-todo-estado\/\"]}]},{\"@type\":\"BreadcrumbList\",\"@id\":\"https:\/\/sulsc.com\/index.php\/2025\/06\/11\/dia-ensolarado-mas-gelado-nesta-quarta-feira-11em-todo-estado\/#breadcrumb\",\"itemListElement\":[{\"@type\":\"ListItem\",\"position\":1,\"name\":\"In\u00edcio\",\"item\":\"https:\/\/sulsc.com\/\"},{\"@type\":\"ListItem\",\"position\":2,\"name\":\"Dia ensolarado mas gelado nesta quarta-feira 11em todo estado\"}]},{\"@type\":\"WebSite\",\"@id\":\"https:\/\/sulsc.com\/#website\",\"url\":\"https:\/\/sulsc.com\/\",\"name\":\"\",\"description\":\"\",\"potentialAction\":[{\"@type\":\"SearchAction\",\"target\":{\"@type\":\"EntryPoint\",\"urlTemplate\":\"https:\/\/sulsc.com\/?s={search_term_string}\"},\"query-input\":\"required name=search_term_string\"}],\"inLanguage\":\"en-US\"},{\"@type\":\"Person\",\"@id\":\"https:\/\/sulsc.com\/#\/schema\/person\/84d2fc571684f6248ba83092f07750a3\",\"name\":\"Reda\u00e7\u00e3o Sul SC\",\"image\":{\"@type\":\"ImageObject\",\"inLanguage\":\"en-US\",\"@id\":\"https:\/\/sulsc.com\/#\/schema\/person\/image\/e08d7fe2cc4ed596372063bbe852b8d0\",\"url\":\"https:\/\/sulsc.com\/wp-content\/uploads\/2023\/09\/redacao.png\",\"contentUrl\":\"https:\/\/sulsc.com\/wp-content\/uploads\/2023\/09\/redacao.png\",\"caption\":\"Reda\u00e7\u00e3o Sul SC\"},\"description\":\"Foco em um jornalismo imparcial, voltado \u00e0 qualidade dos seus conte\u00fados e, assim, levar informa\u00e7\u00e3o de valor que agregue \u00e0 vida dos leitores. Esta \u00e9 grande miss\u00e3o do Portal de Not\u00edcias Sul SC. N\u00e3o \u00e9 quantidade que muda o mundo, sempre foi e seguir\u00e1 sendo qualidade!\",\"sameAs\":[\"https:\/\/sulsc.com\/\",\"https:\/\/www.facebook.com\/profile.php?id=61559278119680\",\"https:\/\/www.instagram.com\/sulscportal\/?hl=pt-br\",\"https:\/\/twitter.com\/https:\/\/twitter.com\/PortalSulSC\",\"https:\/\/www.youtube.com\/channel\/UCv_BE8GeySluDov2n8qhVmw\"],\"url\":\"https:\/\/sulsc.com\/index.php\/author\/redacao\/\"}]}<\/script>\n<!-- \/ Yoast SEO plugin. -->","yoast_head_json":{"title":"Dia ensolarado mas gelado nesta quarta-feira 11em todo estado -","description":"As temperaturas marcam valores negativos forma\u00e7\u00e3o de geada ampla as temperaturas m\u00ednimas chegam pr\u00f3ximas e abaixo de 0\u00b0C no Planalto Sul","robots":{"index":"index","follow":"follow","max-snippet":"max-snippet:-1","max-image-preview":"max-image-preview:large","max-video-preview":"max-video-preview:-1"},"canonical":"https:\/\/sulsc.com\/index.php\/2025\/06\/11\/dia-ensolarado-mas-gelado-nesta-quarta-feira-11em-todo-estado\/","og_locale":"en_US","og_type":"article","og_title":"Dia ensolarado mas gelado nesta quarta-feira 11em todo estado -","og_description":"As temperaturas marcam valores negativos forma\u00e7\u00e3o de geada ampla as temperaturas m\u00ednimas chegam pr\u00f3ximas e abaixo de 0\u00b0C no Planalto Sul","og_url":"https:\/\/sulsc.com\/index.php\/2025\/06\/11\/dia-ensolarado-mas-gelado-nesta-quarta-feira-11em-todo-estado\/","article_author":"https:\/\/www.facebook.com\/profile.php?id=61559278119680","article_published_time":"2025-06-11T11:15:00+00:00","og_image":[{"width":1600,"height":719,"url":"http:\/\/sulsc.com\/wp-content\/uploads\/2025\/06\/Previ.jpg","type":"image\/jpeg"}],"author":"Reda\u00e7\u00e3o Sul SC","twitter_card":"summary_large_image","twitter_creator":"@https:\/\/twitter.com\/PortalSulSC","twitter_misc":{"Written by":"Reda\u00e7\u00e3o Sul SC","Est. reading time":"2 minutes"},"schema":{"@context":"https:\/\/schema.org","@graph":[{"@type":"WebPage","@id":"https:\/\/sulsc.com\/index.php\/2025\/06\/11\/dia-ensolarado-mas-gelado-nesta-quarta-feira-11em-todo-estado\/","url":"https:\/\/sulsc.com\/index.php\/2025\/06\/11\/dia-ensolarado-mas-gelado-nesta-quarta-feira-11em-todo-estado\/","name":"Dia ensolarado mas gelado nesta quarta-feira 11em todo estado -","isPartOf":{"@id":"https:\/\/sulsc.com\/#website"},"datePublished":"2025-06-11T11:15:00+00:00","dateModified":"2025-06-11T11:15:00+00:00","author":{"@id":"https:\/\/sulsc.com\/#\/schema\/person\/84d2fc571684f6248ba83092f07750a3"},"description":"As temperaturas marcam valores negativos forma\u00e7\u00e3o de geada ampla as temperaturas m\u00ednimas chegam pr\u00f3ximas e abaixo de 0\u00b0C no Planalto Sul","breadcrumb":{"@id":"https:\/\/sulsc.com\/index.php\/2025\/06\/11\/dia-ensolarado-mas-gelado-nesta-quarta-feira-11em-todo-estado\/#breadcrumb"},"inLanguage":"en-US","potentialAction":[{"@type":"ReadAction","target":["https:\/\/sulsc.com\/index.php\/2025\/06\/11\/dia-ensolarado-mas-gelado-nesta-quarta-feira-11em-todo-estado\/"]}]},{"@type":"BreadcrumbList","@id":"https:\/\/sulsc.com\/index.php\/2025\/06\/11\/dia-ensolarado-mas-gelado-nesta-quarta-feira-11em-todo-estado\/#breadcrumb","itemListElement":[{"@type":"ListItem","position":1,"name":"In\u00edcio","item":"https:\/\/sulsc.com\/"},{"@type":"ListItem","position":2,"name":"Dia ensolarado mas gelado nesta quarta-feira 11em todo estado"}]},{"@type":"WebSite","@id":"https:\/\/sulsc.com\/#website","url":"https:\/\/sulsc.com\/","name":"","description":"","potentialAction":[{"@type":"SearchAction","target":{"@type":"EntryPoint","urlTemplate":"https:\/\/sulsc.com\/?s={search_term_string}"},"query-input":"required name=search_term_string"}],"inLanguage":"en-US"},{"@type":"Person","@id":"https:\/\/sulsc.com\/#\/schema\/person\/84d2fc571684f6248ba83092f07750a3","name":"Reda\u00e7\u00e3o Sul SC","image":{"@type":"ImageObject","inLanguage":"en-US","@id":"https:\/\/sulsc.com\/#\/schema\/person\/image\/e08d7fe2cc4ed596372063bbe852b8d0","url":"https:\/\/sulsc.com\/wp-content\/uploads\/2023\/09\/redacao.png","contentUrl":"https:\/\/sulsc.com\/wp-content\/uploads\/2023\/09\/redacao.png","caption":"Reda\u00e7\u00e3o Sul SC"},"description":"Foco em um jornalismo imparcial, voltado \u00e0 qualidade dos seus conte\u00fados e, assim, levar informa\u00e7\u00e3o de valor que agregue \u00e0 vida dos leitores. Esta \u00e9 grande miss\u00e3o do Portal de Not\u00edcias Sul SC. N\u00e3o \u00e9 quantidade que muda o mundo, sempre foi e seguir\u00e1 sendo qualidade!","sameAs":["https:\/\/sulsc.com\/","https:\/\/www.facebook.com\/profile.php?id=61559278119680","https:\/\/www.instagram.com\/sulscportal\/?hl=pt-br","https:\/\/twitter.com\/https:\/\/twitter.com\/PortalSulSC","https:\/\/www.youtube.com\/channel\/UCv_BE8GeySluDov2n8qhVmw"],"url":"https:\/\/sulsc.com\/index.php\/author\/redacao\/"}]}},"authors":[],"_links":{"self":[{"href":"https:\/\/sulsc.com\/index.php\/wp-json\/wp\/v2\/posts\/24452"}],"collection":[{"href":"https:\/\/sulsc.com\/index.php\/wp-json\/wp\/v2\/posts"}],"about":[{"href":"https:\/\/sulsc.com\/index.php\/wp-json\/wp\/v2\/types\/post"}],"author":[{"embeddable":true,"href":"https:\/\/sulsc.com\/index.php\/wp-json\/wp\/v2\/users\/3"}],"replies":[{"embeddable":true,"href":"https:\/\/sulsc.com\/index.php\/wp-json\/wp\/v2\/comments?post=24452"}],"version-history":[{"count":2,"href":"https:\/\/sulsc.com\/index.php\/wp-json\/wp\/v2\/posts\/24452\/revisions"}],"predecessor-version":[{"id":24457,"href":"https:\/\/sulsc.com\/index.php\/wp-json\/wp\/v2\/posts\/24452\/revisions\/24457"}],"wp:featuredmedia":[{"embeddable":true,"href":"https:\/\/sulsc.com\/index.php\/wp-json\/wp\/v2\/media\/24455"}],"wp:attachment":[{"href":"https:\/\/sulsc.com\/index.php\/wp-json\/wp\/v2\/media?parent=24452"}],"wp:term":[{"taxonomy":"category","embeddable":true,"href":"https:\/\/sulsc.com\/index.php\/wp-json\/wp\/v2\/categories?post=24452"},{"taxonomy":"post_tag","embeddable":true,"href":"https:\/\/sulsc.com\/index.php\/wp-json\/wp\/v2\/tags?post=24452"}],"curies":[{"name":"wp","href":"https:\/\/api.w.org\/{rel}","templated":true}]}}