{"id":24471,"date":"2025-06-12T07:03:18","date_gmt":"2025-06-12T10:03:18","guid":{"rendered":"https:\/\/sulsc.com\/?p=24471"},"modified":"2025-06-12T07:03:18","modified_gmt":"2025-06-12T10:03:18","slug":"quinta-feira-12-com-nebulosidade-no-litoral-e-maximas-nao-passando-dos-18oc","status":"publish","type":"post","link":"https:\/\/sulsc.com\/index.php\/2025\/06\/12\/quinta-feira-12-com-nebulosidade-no-litoral-e-maximas-nao-passando-dos-18oc\/","title":{"rendered":"Quinta-feira 12 com nebulosidade no litoral e m\u00e1ximas n\u00e3o passando dos 18\u00baC"},"content":{"rendered":"<p>O frio ainda persiste em Santa Catarina nesta quinta-feira 12, devido a presen\u00e7a de uma massa de ar polar no estado. No Grande Oeste o tempo segue firme, com predom\u00ednio de sol e poucas nuvens. J\u00e1 entre os Planaltos e o Litoral ocorre o aumento de nebulosidade, nas \u00e1reas litor\u00e2neas h\u00e1 condi\u00e7\u00f5es para a ocorr\u00eancia de chuvas r\u00e1pidas no decorrer do dia.<\/p>\n<p><img fetchpriority=\"high\" decoding=\"async\" class=\"aligncenter size-full wp-image-24472\" src=\"http:\/\/sulsc.com\/wp-content\/uploads\/2025\/06\/a-8.png\" alt=\"\" width=\"1639\" height=\"1119\" srcset=\"https:\/\/sulsc.com\/wp-content\/uploads\/2025\/06\/a-8.png 1639w, https:\/\/sulsc.com\/wp-content\/uploads\/2025\/06\/a-8-300x205.png 300w, https:\/\/sulsc.com\/wp-content\/uploads\/2025\/06\/a-8-1024x699.png 1024w, https:\/\/sulsc.com\/wp-content\/uploads\/2025\/06\/a-8-768x524.png 768w, https:\/\/sulsc.com\/wp-content\/uploads\/2025\/06\/a-8-1536x1049.png 1536w\" sizes=\"(max-width: 1639px) 100vw, 1639px\" \/><\/p>\n<p><img decoding=\"async\" class=\"aligncenter  wp-image-22836\" src=\"http:\/\/sulsc.com\/wp-content\/uploads\/2025\/04\/Tempo-2.png\" alt=\"\" width=\"726\" height=\"134\" srcset=\"https:\/\/sulsc.com\/wp-content\/uploads\/2025\/04\/Tempo-2.png 1024w, https:\/\/sulsc.com\/wp-content\/uploads\/2025\/04\/Tempo-2-300x55.png 300w, https:\/\/sulsc.com\/wp-content\/uploads\/2025\/04\/Tempo-2-768x142.png 768w\" sizes=\"(max-width: 726px) 100vw, 726px\" \/><\/p>\n<p><strong>Temperaturas<\/strong><\/p>\n<p>As temperaturas m\u00ednimas podem marcar novamente valores negativos nas regi\u00f5es mais altas. Nas regi\u00f5es litor\u00e2neas, ficam abaixo dos 10\u00b0C. Durante a tarde, as temperaturas n\u00e3o passam de 15\u00b0C nas \u00e1reas mais altas, e chegam at\u00e9 os 18\u00b0C no litoral e oeste catarinense.<\/p>\n<p><strong>Vento:<\/strong> sudeste, com varia\u00e7\u00f5es de sul do Extremo Oeste ao Planalto e com varia\u00e7\u00f5es de leste nas demais regi\u00f5es, fraco a moderado.<\/p>\n<p><strong>Sistema predominante:<\/strong> alta press\u00e3o (massa de ar frio e seco) no Sul do Brasil.<\/p>\n<p>Fontes\/Defesa Civil SC\/Epagri Ciram<\/p>\n","protected":false},"excerpt":{"rendered":"<p>O frio ainda persiste em Santa Catarina nesta quinta-feira 12, devido a presen\u00e7a de uma massa de ar polar no estado. No Grande Oeste o tempo segue firme, com predom\u00ednio de sol e poucas nuvens. J\u00e1 entre os Planaltos e o Litoral ocorre o aumento de nebulosidade, nas \u00e1reas litor\u00e2neas h\u00e1 condi\u00e7\u00f5es para a ocorr\u00eancia &hellip;<\/p>\n<p class=\"read-more\"> <a class=\"\" href=\"https:\/\/sulsc.com\/index.php\/2025\/06\/12\/quinta-feira-12-com-nebulosidade-no-litoral-e-maximas-nao-passando-dos-18oc\/\"> <span class=\"screen-reader-text\">Quinta-feira 12 com nebulosidade no litoral e m\u00e1ximas n\u00e3o passando dos 18\u00baC<\/span> Read More &raquo;<\/a><\/p>\n","protected":false},"author":3,"featured_media":24473,"comment_status":"open","ping_status":"open","sticky":false,"template":"","format":"standard","meta":{"site-sidebar-layout":"default","site-content-layout":"","ast-site-content-layout":"default","site-content-style":"default","site-sidebar-style":"default","ast-global-header-display":"","ast-banner-title-visibility":"","ast-main-header-display":"","ast-hfb-above-header-display":"","ast-hfb-below-header-display":"","ast-hfb-mobile-header-display":"","site-post-title":"","ast-breadcrumbs-content":"","ast-featured-img":"","footer-sml-layout":"","theme-transparent-header-meta":"default","adv-header-id-meta":"","stick-header-meta":"","header-above-stick-meta":"","header-main-stick-meta":"","header-below-stick-meta":"","astra-migrate-meta-layouts":"set","footnotes":""},"categories":[38],"tags":[90],"yoast_head":"<!-- This site is optimized with the Yoast SEO plugin v21.4 - https:\/\/yoast.com\/wordpress\/plugins\/seo\/ -->\n<title>Quinta-feira 12 com nebulosidade no litoral e m\u00e1ximas n\u00e3o passando dos 18\u00baC -<\/title>\n<meta name=\"description\" content=\"H\u00e1 risco para agravamento de doen\u00e7as respirat\u00f3rias e cardiovasculares, especialmente para a popula\u00e7\u00e3o mais vulner\u00e1vel\" \/>\n<meta name=\"robots\" content=\"index, follow, max-snippet:-1, max-image-preview:large, max-video-preview:-1\" \/>\n<link rel=\"canonical\" href=\"https:\/\/sulsc.com\/index.php\/2025\/06\/12\/quinta-feira-12-com-nebulosidade-no-litoral-e-maximas-nao-passando-dos-18oc\/\" \/>\n<meta property=\"og:locale\" content=\"en_US\" \/>\n<meta property=\"og:type\" content=\"article\" \/>\n<meta property=\"og:title\" content=\"Quinta-feira 12 com nebulosidade no litoral e m\u00e1ximas n\u00e3o passando dos 18\u00baC -\" \/>\n<meta property=\"og:description\" content=\"H\u00e1 risco para agravamento de doen\u00e7as respirat\u00f3rias e cardiovasculares, especialmente para a popula\u00e7\u00e3o mais vulner\u00e1vel\" \/>\n<meta property=\"og:url\" content=\"https:\/\/sulsc.com\/index.php\/2025\/06\/12\/quinta-feira-12-com-nebulosidade-no-litoral-e-maximas-nao-passando-dos-18oc\/\" \/>\n<meta property=\"article:author\" content=\"https:\/\/www.facebook.com\/profile.php?id=61559278119680\" \/>\n<meta property=\"article:published_time\" content=\"2025-06-12T10:03:18+00:00\" \/>\n<meta property=\"og:image\" content=\"http:\/\/sulsc.com\/wp-content\/uploads\/2025\/06\/tempo-4.jpg\" \/>\n\t<meta property=\"og:image:width\" content=\"1600\" \/>\n\t<meta property=\"og:image:height\" content=\"719\" \/>\n\t<meta property=\"og:image:type\" content=\"image\/jpeg\" \/>\n<meta name=\"author\" content=\"Reda\u00e7\u00e3o Sul SC\" \/>\n<meta name=\"twitter:card\" content=\"summary_large_image\" \/>\n<meta name=\"twitter:creator\" content=\"@https:\/\/twitter.com\/PortalSulSC\" \/>\n<meta name=\"twitter:label1\" content=\"Written by\" \/>\n\t<meta name=\"twitter:data1\" content=\"Reda\u00e7\u00e3o Sul SC\" \/>\n\t<meta name=\"twitter:label2\" content=\"Est. reading time\" \/>\n\t<meta name=\"twitter:data2\" content=\"2 minutes\" \/>\n<script type=\"application\/ld+json\" class=\"yoast-schema-graph\">{\"@context\":\"https:\/\/schema.org\",\"@graph\":[{\"@type\":\"WebPage\",\"@id\":\"https:\/\/sulsc.com\/index.php\/2025\/06\/12\/quinta-feira-12-com-nebulosidade-no-litoral-e-maximas-nao-passando-dos-18oc\/\",\"url\":\"https:\/\/sulsc.com\/index.php\/2025\/06\/12\/quinta-feira-12-com-nebulosidade-no-litoral-e-maximas-nao-passando-dos-18oc\/\",\"name\":\"Quinta-feira 12 com nebulosidade no litoral e m\u00e1ximas n\u00e3o passando dos 18\u00baC -\",\"isPartOf\":{\"@id\":\"https:\/\/sulsc.com\/#website\"},\"datePublished\":\"2025-06-12T10:03:18+00:00\",\"dateModified\":\"2025-06-12T10:03:18+00:00\",\"author\":{\"@id\":\"https:\/\/sulsc.com\/#\/schema\/person\/84d2fc571684f6248ba83092f07750a3\"},\"description\":\"H\u00e1 risco para agravamento de doen\u00e7as respirat\u00f3rias e cardiovasculares, especialmente para a popula\u00e7\u00e3o mais vulner\u00e1vel\",\"breadcrumb\":{\"@id\":\"https:\/\/sulsc.com\/index.php\/2025\/06\/12\/quinta-feira-12-com-nebulosidade-no-litoral-e-maximas-nao-passando-dos-18oc\/#breadcrumb\"},\"inLanguage\":\"en-US\",\"potentialAction\":[{\"@type\":\"ReadAction\",\"target\":[\"https:\/\/sulsc.com\/index.php\/2025\/06\/12\/quinta-feira-12-com-nebulosidade-no-litoral-e-maximas-nao-passando-dos-18oc\/\"]}]},{\"@type\":\"BreadcrumbList\",\"@id\":\"https:\/\/sulsc.com\/index.php\/2025\/06\/12\/quinta-feira-12-com-nebulosidade-no-litoral-e-maximas-nao-passando-dos-18oc\/#breadcrumb\",\"itemListElement\":[{\"@type\":\"ListItem\",\"position\":1,\"name\":\"In\u00edcio\",\"item\":\"https:\/\/sulsc.com\/\"},{\"@type\":\"ListItem\",\"position\":2,\"name\":\"Quinta-feira 12 com nebulosidade no litoral e m\u00e1ximas n\u00e3o passando dos 18\u00baC\"}]},{\"@type\":\"WebSite\",\"@id\":\"https:\/\/sulsc.com\/#website\",\"url\":\"https:\/\/sulsc.com\/\",\"name\":\"\",\"description\":\"\",\"potentialAction\":[{\"@type\":\"SearchAction\",\"target\":{\"@type\":\"EntryPoint\",\"urlTemplate\":\"https:\/\/sulsc.com\/?s={search_term_string}\"},\"query-input\":\"required name=search_term_string\"}],\"inLanguage\":\"en-US\"},{\"@type\":\"Person\",\"@id\":\"https:\/\/sulsc.com\/#\/schema\/person\/84d2fc571684f6248ba83092f07750a3\",\"name\":\"Reda\u00e7\u00e3o Sul SC\",\"image\":{\"@type\":\"ImageObject\",\"inLanguage\":\"en-US\",\"@id\":\"https:\/\/sulsc.com\/#\/schema\/person\/image\/e08d7fe2cc4ed596372063bbe852b8d0\",\"url\":\"https:\/\/sulsc.com\/wp-content\/uploads\/2023\/09\/redacao.png\",\"contentUrl\":\"https:\/\/sulsc.com\/wp-content\/uploads\/2023\/09\/redacao.png\",\"caption\":\"Reda\u00e7\u00e3o Sul SC\"},\"description\":\"Foco em um jornalismo imparcial, voltado \u00e0 qualidade dos seus conte\u00fados e, assim, levar informa\u00e7\u00e3o de valor que agregue \u00e0 vida dos leitores. Esta \u00e9 grande miss\u00e3o do Portal de Not\u00edcias Sul SC. N\u00e3o \u00e9 quantidade que muda o mundo, sempre foi e seguir\u00e1 sendo qualidade!\",\"sameAs\":[\"https:\/\/sulsc.com\/\",\"https:\/\/www.facebook.com\/profile.php?id=61559278119680\",\"https:\/\/www.instagram.com\/sulscportal\/?hl=pt-br\",\"https:\/\/twitter.com\/https:\/\/twitter.com\/PortalSulSC\",\"https:\/\/www.youtube.com\/channel\/UCv_BE8GeySluDov2n8qhVmw\"],\"url\":\"https:\/\/sulsc.com\/index.php\/author\/redacao\/\"}]}<\/script>\n<!-- \/ Yoast SEO plugin. -->","yoast_head_json":{"title":"Quinta-feira 12 com nebulosidade no litoral e m\u00e1ximas n\u00e3o passando dos 18\u00baC -","description":"H\u00e1 risco para agravamento de doen\u00e7as respirat\u00f3rias e cardiovasculares, especialmente para a popula\u00e7\u00e3o mais vulner\u00e1vel","robots":{"index":"index","follow":"follow","max-snippet":"max-snippet:-1","max-image-preview":"max-image-preview:large","max-video-preview":"max-video-preview:-1"},"canonical":"https:\/\/sulsc.com\/index.php\/2025\/06\/12\/quinta-feira-12-com-nebulosidade-no-litoral-e-maximas-nao-passando-dos-18oc\/","og_locale":"en_US","og_type":"article","og_title":"Quinta-feira 12 com nebulosidade no litoral e m\u00e1ximas n\u00e3o passando dos 18\u00baC -","og_description":"H\u00e1 risco para agravamento de doen\u00e7as respirat\u00f3rias e cardiovasculares, especialmente para a popula\u00e7\u00e3o mais vulner\u00e1vel","og_url":"https:\/\/sulsc.com\/index.php\/2025\/06\/12\/quinta-feira-12-com-nebulosidade-no-litoral-e-maximas-nao-passando-dos-18oc\/","article_author":"https:\/\/www.facebook.com\/profile.php?id=61559278119680","article_published_time":"2025-06-12T10:03:18+00:00","og_image":[{"width":1600,"height":719,"url":"http:\/\/sulsc.com\/wp-content\/uploads\/2025\/06\/tempo-4.jpg","type":"image\/jpeg"}],"author":"Reda\u00e7\u00e3o Sul SC","twitter_card":"summary_large_image","twitter_creator":"@https:\/\/twitter.com\/PortalSulSC","twitter_misc":{"Written by":"Reda\u00e7\u00e3o Sul SC","Est. reading time":"2 minutes"},"schema":{"@context":"https:\/\/schema.org","@graph":[{"@type":"WebPage","@id":"https:\/\/sulsc.com\/index.php\/2025\/06\/12\/quinta-feira-12-com-nebulosidade-no-litoral-e-maximas-nao-passando-dos-18oc\/","url":"https:\/\/sulsc.com\/index.php\/2025\/06\/12\/quinta-feira-12-com-nebulosidade-no-litoral-e-maximas-nao-passando-dos-18oc\/","name":"Quinta-feira 12 com nebulosidade no litoral e m\u00e1ximas n\u00e3o passando dos 18\u00baC -","isPartOf":{"@id":"https:\/\/sulsc.com\/#website"},"datePublished":"2025-06-12T10:03:18+00:00","dateModified":"2025-06-12T10:03:18+00:00","author":{"@id":"https:\/\/sulsc.com\/#\/schema\/person\/84d2fc571684f6248ba83092f07750a3"},"description":"H\u00e1 risco para agravamento de doen\u00e7as respirat\u00f3rias e cardiovasculares, especialmente para a popula\u00e7\u00e3o mais vulner\u00e1vel","breadcrumb":{"@id":"https:\/\/sulsc.com\/index.php\/2025\/06\/12\/quinta-feira-12-com-nebulosidade-no-litoral-e-maximas-nao-passando-dos-18oc\/#breadcrumb"},"inLanguage":"en-US","potentialAction":[{"@type":"ReadAction","target":["https:\/\/sulsc.com\/index.php\/2025\/06\/12\/quinta-feira-12-com-nebulosidade-no-litoral-e-maximas-nao-passando-dos-18oc\/"]}]},{"@type":"BreadcrumbList","@id":"https:\/\/sulsc.com\/index.php\/2025\/06\/12\/quinta-feira-12-com-nebulosidade-no-litoral-e-maximas-nao-passando-dos-18oc\/#breadcrumb","itemListElement":[{"@type":"ListItem","position":1,"name":"In\u00edcio","item":"https:\/\/sulsc.com\/"},{"@type":"ListItem","position":2,"name":"Quinta-feira 12 com nebulosidade no litoral e m\u00e1ximas n\u00e3o passando dos 18\u00baC"}]},{"@type":"WebSite","@id":"https:\/\/sulsc.com\/#website","url":"https:\/\/sulsc.com\/","name":"","description":"","potentialAction":[{"@type":"SearchAction","target":{"@type":"EntryPoint","urlTemplate":"https:\/\/sulsc.com\/?s={search_term_string}"},"query-input":"required name=search_term_string"}],"inLanguage":"en-US"},{"@type":"Person","@id":"https:\/\/sulsc.com\/#\/schema\/person\/84d2fc571684f6248ba83092f07750a3","name":"Reda\u00e7\u00e3o Sul SC","image":{"@type":"ImageObject","inLanguage":"en-US","@id":"https:\/\/sulsc.com\/#\/schema\/person\/image\/e08d7fe2cc4ed596372063bbe852b8d0","url":"https:\/\/sulsc.com\/wp-content\/uploads\/2023\/09\/redacao.png","contentUrl":"https:\/\/sulsc.com\/wp-content\/uploads\/2023\/09\/redacao.png","caption":"Reda\u00e7\u00e3o Sul SC"},"description":"Foco em um jornalismo imparcial, voltado \u00e0 qualidade dos seus conte\u00fados e, assim, levar informa\u00e7\u00e3o de valor que agregue \u00e0 vida dos leitores. Esta \u00e9 grande miss\u00e3o do Portal de Not\u00edcias Sul SC. N\u00e3o \u00e9 quantidade que muda o mundo, sempre foi e seguir\u00e1 sendo qualidade!","sameAs":["https:\/\/sulsc.com\/","https:\/\/www.facebook.com\/profile.php?id=61559278119680","https:\/\/www.instagram.com\/sulscportal\/?hl=pt-br","https:\/\/twitter.com\/https:\/\/twitter.com\/PortalSulSC","https:\/\/www.youtube.com\/channel\/UCv_BE8GeySluDov2n8qhVmw"],"url":"https:\/\/sulsc.com\/index.php\/author\/redacao\/"}]}},"authors":[],"_links":{"self":[{"href":"https:\/\/sulsc.com\/index.php\/wp-json\/wp\/v2\/posts\/24471"}],"collection":[{"href":"https:\/\/sulsc.com\/index.php\/wp-json\/wp\/v2\/posts"}],"about":[{"href":"https:\/\/sulsc.com\/index.php\/wp-json\/wp\/v2\/types\/post"}],"author":[{"embeddable":true,"href":"https:\/\/sulsc.com\/index.php\/wp-json\/wp\/v2\/users\/3"}],"replies":[{"embeddable":true,"href":"https:\/\/sulsc.com\/index.php\/wp-json\/wp\/v2\/comments?post=24471"}],"version-history":[{"count":1,"href":"https:\/\/sulsc.com\/index.php\/wp-json\/wp\/v2\/posts\/24471\/revisions"}],"predecessor-version":[{"id":24474,"href":"https:\/\/sulsc.com\/index.php\/wp-json\/wp\/v2\/posts\/24471\/revisions\/24474"}],"wp:featuredmedia":[{"embeddable":true,"href":"https:\/\/sulsc.com\/index.php\/wp-json\/wp\/v2\/media\/24473"}],"wp:attachment":[{"href":"https:\/\/sulsc.com\/index.php\/wp-json\/wp\/v2\/media?parent=24471"}],"wp:term":[{"taxonomy":"category","embeddable":true,"href":"https:\/\/sulsc.com\/index.php\/wp-json\/wp\/v2\/categories?post=24471"},{"taxonomy":"post_tag","embeddable":true,"href":"https:\/\/sulsc.com\/index.php\/wp-json\/wp\/v2\/tags?post=24471"}],"curies":[{"name":"wp","href":"https:\/\/api.w.org\/{rel}","templated":true}]}}