{"id":24492,"date":"2025-06-13T07:21:00","date_gmt":"2025-06-13T10:21:00","guid":{"rendered":"https:\/\/sulsc.com\/?p=24492"},"modified":"2025-06-13T07:21:00","modified_gmt":"2025-06-13T10:21:00","slug":"massa-de-ar-frio-comeca-a-perder-forca-nesta-sexta-feira-13","status":"publish","type":"post","link":"https:\/\/sulsc.com\/index.php\/2025\/06\/13\/massa-de-ar-frio-comeca-a-perder-forca-nesta-sexta-feira-13\/","title":{"rendered":"Massa de ar frio  come\u00e7a a perder for\u00e7a nesta sexta-feira 13"},"content":{"rendered":"<p>Nesta sexta-feira 13, a massa de ar frio come\u00e7a a perder for\u00e7a. O dia ser\u00e1 de tempo firme, entre as regi\u00f5es litor\u00e2neas e Planaltos, ter\u00e1 aumento de nebulosidade, mas sem condi\u00e7\u00f5es de chuva significativa. as temperaturas seguem baixas em todo o estado, principalmente pela manh\u00e3, quando marcam valores entre 3 e 9\u00b0C do Oeste aos Planaltos.<\/p>\n<p><img fetchpriority=\"high\" decoding=\"async\" class=\"aligncenter size-full wp-image-24494\" src=\"http:\/\/sulsc.com\/wp-content\/uploads\/2025\/06\/a-9.png\" alt=\"\" width=\"1485\" height=\"1008\" srcset=\"https:\/\/sulsc.com\/wp-content\/uploads\/2025\/06\/a-9.png 1485w, https:\/\/sulsc.com\/wp-content\/uploads\/2025\/06\/a-9-300x204.png 300w, https:\/\/sulsc.com\/wp-content\/uploads\/2025\/06\/a-9-1024x695.png 1024w, https:\/\/sulsc.com\/wp-content\/uploads\/2025\/06\/a-9-768x521.png 768w\" sizes=\"(max-width: 1485px) 100vw, 1485px\" \/><\/p>\n<p><img decoding=\"async\" class=\"aligncenter  wp-image-22836\" src=\"http:\/\/sulsc.com\/wp-content\/uploads\/2025\/04\/Tempo-2.png\" alt=\"\" width=\"710\" height=\"131\" srcset=\"https:\/\/sulsc.com\/wp-content\/uploads\/2025\/04\/Tempo-2.png 1024w, https:\/\/sulsc.com\/wp-content\/uploads\/2025\/04\/Tempo-2-300x55.png 300w, https:\/\/sulsc.com\/wp-content\/uploads\/2025\/04\/Tempo-2-768x142.png 768w\" sizes=\"(max-width: 710px) 100vw, 710px\" \/><\/p>\n<p><strong>Temperaturas<\/strong><\/p>\n<p>As temperaturas durante a tarde marcam valores entre 13\u00b0C e 18\u00b0C na maior parte das regi\u00f5es, com exce\u00e7\u00e3o do Litoral Sul e Extremo Oeste catarinense, onde com algumas aberturas de sol, as temperaturas podem chegar at\u00e9 os 21\u00b0C.<\/p>\n<p><strong>Vento:<\/strong> nordeste, fraco a moderado.<\/p>\n<p><strong>Sistema predominante:<\/strong> alta press\u00e3o (massa de ar frio e seco) no Sul do Brasil, perdendo for\u00e7a e deslocando-se para leste, favorecendo a circula\u00e7\u00e3o mar\u00edtima do centro ao leste de SC.<\/p>\n<p>Amanh\u00e3 s\u00e1bado 14, o processo de forma\u00e7\u00e3o de uma frente fria provoca pancadas de chuva e temporais, que d\u00e3o in\u00edcio no Grande Oeste e avan\u00e7am em dire\u00e7\u00e3o ao litoral no final do dia. No s\u00e1bado (14), o processo de forma\u00e7\u00e3o de uma frente fria provoca pancadas de chuva e temporais, que d\u00e3o in\u00edcio no Grande Oeste e avan\u00e7am em dire\u00e7\u00e3o ao litoral no final do dia.<\/p>\n<p>Fonte\/Defesa Civil SC\/Epagri\/Ciram<\/p>\n<p><strong>Acesse\/boulevardfnm98.com<\/strong><\/p>\n<p><img decoding=\"async\" class=\"aligncenter  wp-image-24476\" src=\"http:\/\/sulsc.com\/wp-content\/uploads\/2025\/06\/Boulevard-FM-5.jpeg\" alt=\"\" width=\"700\" height=\"466\" srcset=\"https:\/\/sulsc.com\/wp-content\/uploads\/2025\/06\/Boulevard-FM-5.jpeg 1080w, https:\/\/sulsc.com\/wp-content\/uploads\/2025\/06\/Boulevard-FM-5-300x199.jpeg 300w, https:\/\/sulsc.com\/wp-content\/uploads\/2025\/06\/Boulevard-FM-5-1024x681.jpeg 1024w, https:\/\/sulsc.com\/wp-content\/uploads\/2025\/06\/Boulevard-FM-5-768x511.jpeg 768w\" sizes=\"(max-width: 700px) 100vw, 700px\" \/><\/p>\n","protected":false},"excerpt":{"rendered":"<p>Nesta sexta-feira 13, a massa de ar frio come\u00e7a a perder for\u00e7a. O dia ser\u00e1 de tempo firme, entre as regi\u00f5es litor\u00e2neas e Planaltos, ter\u00e1 aumento de nebulosidade, mas sem condi\u00e7\u00f5es de chuva significativa. as temperaturas seguem baixas em todo o estado, principalmente pela manh\u00e3, quando marcam valores entre 3 e 9\u00b0C do Oeste aos &hellip;<\/p>\n<p class=\"read-more\"> <a class=\"\" href=\"https:\/\/sulsc.com\/index.php\/2025\/06\/13\/massa-de-ar-frio-comeca-a-perder-forca-nesta-sexta-feira-13\/\"> <span class=\"screen-reader-text\">Massa de ar frio  come\u00e7a a perder for\u00e7a nesta sexta-feira 13<\/span> Read More &raquo;<\/a><\/p>\n","protected":false},"author":3,"featured_media":24495,"comment_status":"open","ping_status":"open","sticky":false,"template":"","format":"standard","meta":{"site-sidebar-layout":"default","site-content-layout":"","ast-site-content-layout":"default","site-content-style":"default","site-sidebar-style":"default","ast-global-header-display":"","ast-banner-title-visibility":"","ast-main-header-display":"","ast-hfb-above-header-display":"","ast-hfb-below-header-display":"","ast-hfb-mobile-header-display":"","site-post-title":"","ast-breadcrumbs-content":"","ast-featured-img":"","footer-sml-layout":"","theme-transparent-header-meta":"default","adv-header-id-meta":"","stick-header-meta":"","header-above-stick-meta":"","header-main-stick-meta":"","header-below-stick-meta":"","astra-migrate-meta-layouts":"set","footnotes":""},"categories":[38],"tags":[90],"yoast_head":"<!-- This site is optimized with the Yoast SEO plugin v21.4 - https:\/\/yoast.com\/wordpress\/plugins\/seo\/ -->\n<title>Massa de ar frio come\u00e7a a perder for\u00e7a nesta sexta-feira 13 -<\/title>\n<meta name=\"description\" content=\"Massa de ar frio e seco no Sul do Brasil come\u00e7a perder for\u00e7a e se desloca para leste favorecendo a circula\u00e7\u00e3o mar\u00edtima do centro ao leste de SC\" \/>\n<meta name=\"robots\" content=\"index, follow, max-snippet:-1, max-image-preview:large, max-video-preview:-1\" \/>\n<link rel=\"canonical\" href=\"https:\/\/sulsc.com\/index.php\/2025\/06\/13\/massa-de-ar-frio-comeca-a-perder-forca-nesta-sexta-feira-13\/\" \/>\n<meta property=\"og:locale\" content=\"en_US\" \/>\n<meta property=\"og:type\" content=\"article\" \/>\n<meta property=\"og:title\" content=\"Massa de ar frio come\u00e7a a perder for\u00e7a nesta sexta-feira 13 -\" \/>\n<meta property=\"og:description\" content=\"Massa de ar frio e seco no Sul do Brasil come\u00e7a perder for\u00e7a e se desloca para leste favorecendo a circula\u00e7\u00e3o mar\u00edtima do centro ao leste de SC\" \/>\n<meta property=\"og:url\" content=\"https:\/\/sulsc.com\/index.php\/2025\/06\/13\/massa-de-ar-frio-comeca-a-perder-forca-nesta-sexta-feira-13\/\" \/>\n<meta property=\"article:author\" content=\"https:\/\/www.facebook.com\/profile.php?id=61559278119680\" \/>\n<meta property=\"article:published_time\" content=\"2025-06-13T10:21:00+00:00\" \/>\n<meta property=\"og:image\" content=\"http:\/\/sulsc.com\/wp-content\/uploads\/2025\/06\/1f108c15-8ccd-48a0-92aa-f3d0d612711f-1.jpg\" \/>\n\t<meta property=\"og:image:width\" content=\"1080\" \/>\n\t<meta property=\"og:image:height\" content=\"1318\" \/>\n\t<meta property=\"og:image:type\" content=\"image\/jpeg\" \/>\n<meta name=\"author\" content=\"Reda\u00e7\u00e3o Sul SC\" \/>\n<meta name=\"twitter:card\" content=\"summary_large_image\" \/>\n<meta name=\"twitter:creator\" content=\"@https:\/\/twitter.com\/PortalSulSC\" \/>\n<meta name=\"twitter:label1\" content=\"Written by\" \/>\n\t<meta name=\"twitter:data1\" content=\"Reda\u00e7\u00e3o Sul SC\" \/>\n\t<meta name=\"twitter:label2\" content=\"Est. reading time\" \/>\n\t<meta name=\"twitter:data2\" content=\"2 minutes\" \/>\n<script type=\"application\/ld+json\" class=\"yoast-schema-graph\">{\"@context\":\"https:\/\/schema.org\",\"@graph\":[{\"@type\":\"WebPage\",\"@id\":\"https:\/\/sulsc.com\/index.php\/2025\/06\/13\/massa-de-ar-frio-comeca-a-perder-forca-nesta-sexta-feira-13\/\",\"url\":\"https:\/\/sulsc.com\/index.php\/2025\/06\/13\/massa-de-ar-frio-comeca-a-perder-forca-nesta-sexta-feira-13\/\",\"name\":\"Massa de ar frio come\u00e7a a perder for\u00e7a nesta sexta-feira 13 -\",\"isPartOf\":{\"@id\":\"https:\/\/sulsc.com\/#website\"},\"datePublished\":\"2025-06-13T10:21:00+00:00\",\"dateModified\":\"2025-06-13T10:21:00+00:00\",\"author\":{\"@id\":\"https:\/\/sulsc.com\/#\/schema\/person\/84d2fc571684f6248ba83092f07750a3\"},\"description\":\"Massa de ar frio e seco no Sul do Brasil come\u00e7a perder for\u00e7a e se desloca para leste favorecendo a circula\u00e7\u00e3o mar\u00edtima do centro ao leste de SC\",\"breadcrumb\":{\"@id\":\"https:\/\/sulsc.com\/index.php\/2025\/06\/13\/massa-de-ar-frio-comeca-a-perder-forca-nesta-sexta-feira-13\/#breadcrumb\"},\"inLanguage\":\"en-US\",\"potentialAction\":[{\"@type\":\"ReadAction\",\"target\":[\"https:\/\/sulsc.com\/index.php\/2025\/06\/13\/massa-de-ar-frio-comeca-a-perder-forca-nesta-sexta-feira-13\/\"]}]},{\"@type\":\"BreadcrumbList\",\"@id\":\"https:\/\/sulsc.com\/index.php\/2025\/06\/13\/massa-de-ar-frio-comeca-a-perder-forca-nesta-sexta-feira-13\/#breadcrumb\",\"itemListElement\":[{\"@type\":\"ListItem\",\"position\":1,\"name\":\"In\u00edcio\",\"item\":\"https:\/\/sulsc.com\/\"},{\"@type\":\"ListItem\",\"position\":2,\"name\":\"Massa de ar frio come\u00e7a a perder for\u00e7a nesta sexta-feira 13\"}]},{\"@type\":\"WebSite\",\"@id\":\"https:\/\/sulsc.com\/#website\",\"url\":\"https:\/\/sulsc.com\/\",\"name\":\"\",\"description\":\"\",\"potentialAction\":[{\"@type\":\"SearchAction\",\"target\":{\"@type\":\"EntryPoint\",\"urlTemplate\":\"https:\/\/sulsc.com\/?s={search_term_string}\"},\"query-input\":\"required name=search_term_string\"}],\"inLanguage\":\"en-US\"},{\"@type\":\"Person\",\"@id\":\"https:\/\/sulsc.com\/#\/schema\/person\/84d2fc571684f6248ba83092f07750a3\",\"name\":\"Reda\u00e7\u00e3o Sul SC\",\"image\":{\"@type\":\"ImageObject\",\"inLanguage\":\"en-US\",\"@id\":\"https:\/\/sulsc.com\/#\/schema\/person\/image\/e08d7fe2cc4ed596372063bbe852b8d0\",\"url\":\"https:\/\/sulsc.com\/wp-content\/uploads\/2023\/09\/redacao.png\",\"contentUrl\":\"https:\/\/sulsc.com\/wp-content\/uploads\/2023\/09\/redacao.png\",\"caption\":\"Reda\u00e7\u00e3o Sul SC\"},\"description\":\"Foco em um jornalismo imparcial, voltado \u00e0 qualidade dos seus conte\u00fados e, assim, levar informa\u00e7\u00e3o de valor que agregue \u00e0 vida dos leitores. Esta \u00e9 grande miss\u00e3o do Portal de Not\u00edcias Sul SC. N\u00e3o \u00e9 quantidade que muda o mundo, sempre foi e seguir\u00e1 sendo qualidade!\",\"sameAs\":[\"https:\/\/sulsc.com\/\",\"https:\/\/www.facebook.com\/profile.php?id=61559278119680\",\"https:\/\/www.instagram.com\/sulscportal\/?hl=pt-br\",\"https:\/\/twitter.com\/https:\/\/twitter.com\/PortalSulSC\",\"https:\/\/www.youtube.com\/channel\/UCv_BE8GeySluDov2n8qhVmw\"],\"url\":\"https:\/\/sulsc.com\/index.php\/author\/redacao\/\"}]}<\/script>\n<!-- \/ Yoast SEO plugin. -->","yoast_head_json":{"title":"Massa de ar frio come\u00e7a a perder for\u00e7a nesta sexta-feira 13 -","description":"Massa de ar frio e seco no Sul do Brasil come\u00e7a perder for\u00e7a e se desloca para leste favorecendo a circula\u00e7\u00e3o mar\u00edtima do centro ao leste de SC","robots":{"index":"index","follow":"follow","max-snippet":"max-snippet:-1","max-image-preview":"max-image-preview:large","max-video-preview":"max-video-preview:-1"},"canonical":"https:\/\/sulsc.com\/index.php\/2025\/06\/13\/massa-de-ar-frio-comeca-a-perder-forca-nesta-sexta-feira-13\/","og_locale":"en_US","og_type":"article","og_title":"Massa de ar frio come\u00e7a a perder for\u00e7a nesta sexta-feira 13 -","og_description":"Massa de ar frio e seco no Sul do Brasil come\u00e7a perder for\u00e7a e se desloca para leste favorecendo a circula\u00e7\u00e3o mar\u00edtima do centro ao leste de SC","og_url":"https:\/\/sulsc.com\/index.php\/2025\/06\/13\/massa-de-ar-frio-comeca-a-perder-forca-nesta-sexta-feira-13\/","article_author":"https:\/\/www.facebook.com\/profile.php?id=61559278119680","article_published_time":"2025-06-13T10:21:00+00:00","og_image":[{"width":1080,"height":1318,"url":"http:\/\/sulsc.com\/wp-content\/uploads\/2025\/06\/1f108c15-8ccd-48a0-92aa-f3d0d612711f-1.jpg","type":"image\/jpeg"}],"author":"Reda\u00e7\u00e3o Sul SC","twitter_card":"summary_large_image","twitter_creator":"@https:\/\/twitter.com\/PortalSulSC","twitter_misc":{"Written by":"Reda\u00e7\u00e3o Sul SC","Est. reading time":"2 minutes"},"schema":{"@context":"https:\/\/schema.org","@graph":[{"@type":"WebPage","@id":"https:\/\/sulsc.com\/index.php\/2025\/06\/13\/massa-de-ar-frio-comeca-a-perder-forca-nesta-sexta-feira-13\/","url":"https:\/\/sulsc.com\/index.php\/2025\/06\/13\/massa-de-ar-frio-comeca-a-perder-forca-nesta-sexta-feira-13\/","name":"Massa de ar frio come\u00e7a a perder for\u00e7a nesta sexta-feira 13 -","isPartOf":{"@id":"https:\/\/sulsc.com\/#website"},"datePublished":"2025-06-13T10:21:00+00:00","dateModified":"2025-06-13T10:21:00+00:00","author":{"@id":"https:\/\/sulsc.com\/#\/schema\/person\/84d2fc571684f6248ba83092f07750a3"},"description":"Massa de ar frio e seco no Sul do Brasil come\u00e7a perder for\u00e7a e se desloca para leste favorecendo a circula\u00e7\u00e3o mar\u00edtima do centro ao leste de SC","breadcrumb":{"@id":"https:\/\/sulsc.com\/index.php\/2025\/06\/13\/massa-de-ar-frio-comeca-a-perder-forca-nesta-sexta-feira-13\/#breadcrumb"},"inLanguage":"en-US","potentialAction":[{"@type":"ReadAction","target":["https:\/\/sulsc.com\/index.php\/2025\/06\/13\/massa-de-ar-frio-comeca-a-perder-forca-nesta-sexta-feira-13\/"]}]},{"@type":"BreadcrumbList","@id":"https:\/\/sulsc.com\/index.php\/2025\/06\/13\/massa-de-ar-frio-comeca-a-perder-forca-nesta-sexta-feira-13\/#breadcrumb","itemListElement":[{"@type":"ListItem","position":1,"name":"In\u00edcio","item":"https:\/\/sulsc.com\/"},{"@type":"ListItem","position":2,"name":"Massa de ar frio come\u00e7a a perder for\u00e7a nesta sexta-feira 13"}]},{"@type":"WebSite","@id":"https:\/\/sulsc.com\/#website","url":"https:\/\/sulsc.com\/","name":"","description":"","potentialAction":[{"@type":"SearchAction","target":{"@type":"EntryPoint","urlTemplate":"https:\/\/sulsc.com\/?s={search_term_string}"},"query-input":"required name=search_term_string"}],"inLanguage":"en-US"},{"@type":"Person","@id":"https:\/\/sulsc.com\/#\/schema\/person\/84d2fc571684f6248ba83092f07750a3","name":"Reda\u00e7\u00e3o Sul SC","image":{"@type":"ImageObject","inLanguage":"en-US","@id":"https:\/\/sulsc.com\/#\/schema\/person\/image\/e08d7fe2cc4ed596372063bbe852b8d0","url":"https:\/\/sulsc.com\/wp-content\/uploads\/2023\/09\/redacao.png","contentUrl":"https:\/\/sulsc.com\/wp-content\/uploads\/2023\/09\/redacao.png","caption":"Reda\u00e7\u00e3o Sul SC"},"description":"Foco em um jornalismo imparcial, voltado \u00e0 qualidade dos seus conte\u00fados e, assim, levar informa\u00e7\u00e3o de valor que agregue \u00e0 vida dos leitores. Esta \u00e9 grande miss\u00e3o do Portal de Not\u00edcias Sul SC. N\u00e3o \u00e9 quantidade que muda o mundo, sempre foi e seguir\u00e1 sendo qualidade!","sameAs":["https:\/\/sulsc.com\/","https:\/\/www.facebook.com\/profile.php?id=61559278119680","https:\/\/www.instagram.com\/sulscportal\/?hl=pt-br","https:\/\/twitter.com\/https:\/\/twitter.com\/PortalSulSC","https:\/\/www.youtube.com\/channel\/UCv_BE8GeySluDov2n8qhVmw"],"url":"https:\/\/sulsc.com\/index.php\/author\/redacao\/"}]}},"authors":[],"_links":{"self":[{"href":"https:\/\/sulsc.com\/index.php\/wp-json\/wp\/v2\/posts\/24492"}],"collection":[{"href":"https:\/\/sulsc.com\/index.php\/wp-json\/wp\/v2\/posts"}],"about":[{"href":"https:\/\/sulsc.com\/index.php\/wp-json\/wp\/v2\/types\/post"}],"author":[{"embeddable":true,"href":"https:\/\/sulsc.com\/index.php\/wp-json\/wp\/v2\/users\/3"}],"replies":[{"embeddable":true,"href":"https:\/\/sulsc.com\/index.php\/wp-json\/wp\/v2\/comments?post=24492"}],"version-history":[{"count":1,"href":"https:\/\/sulsc.com\/index.php\/wp-json\/wp\/v2\/posts\/24492\/revisions"}],"predecessor-version":[{"id":24496,"href":"https:\/\/sulsc.com\/index.php\/wp-json\/wp\/v2\/posts\/24492\/revisions\/24496"}],"wp:featuredmedia":[{"embeddable":true,"href":"https:\/\/sulsc.com\/index.php\/wp-json\/wp\/v2\/media\/24495"}],"wp:attachment":[{"href":"https:\/\/sulsc.com\/index.php\/wp-json\/wp\/v2\/media?parent=24492"}],"wp:term":[{"taxonomy":"category","embeddable":true,"href":"https:\/\/sulsc.com\/index.php\/wp-json\/wp\/v2\/categories?post=24492"},{"taxonomy":"post_tag","embeddable":true,"href":"https:\/\/sulsc.com\/index.php\/wp-json\/wp\/v2\/tags?post=24492"}],"curies":[{"name":"wp","href":"https:\/\/api.w.org\/{rel}","templated":true}]}}