{"id":24578,"date":"2025-06-16T07:15:46","date_gmt":"2025-06-16T10:15:46","guid":{"rendered":"https:\/\/sulsc.com\/?p=24578"},"modified":"2025-06-16T07:15:46","modified_gmt":"2025-06-16T10:15:46","slug":"segunda-feira-16-com-sol-entre-nuvens-com-chance-de-chuva-no-final-do-dia","status":"publish","type":"post","link":"https:\/\/sulsc.com\/index.php\/2025\/06\/16\/segunda-feira-16-com-sol-entre-nuvens-com-chance-de-chuva-no-final-do-dia\/","title":{"rendered":"Segunda-feira (16) com sol entre nuvens com chance de chuva no final do dia"},"content":{"rendered":"<p>Na madrugada de segunda-feira (16) as temperaturas diminuem em todas as regi\u00f5es de Santa Catarina, acentuando a sensa\u00e7\u00e3o de frio novamente, especialmente nas primeiras horas da manh\u00e3, quando os term\u00f4metros variam entre 2 e 5\u00b0C do Meio Oeste, Alto Vale do Itaja\u00ed e Planalto Sul, ficando ligeiramente menores nas regi\u00f5es mais altas. Nestas regi\u00f5es, h\u00e1 condi\u00e7\u00f5es para forma\u00e7\u00e3o de nevoeiro e geada.<\/p>\n<p>No Oeste e Extremo Oeste as m\u00ednimas ficam em torno de 7\u00b0C e variam entre 6 e 11\u00b0C nas demais regi\u00f5es. O risco \u00e9 moderado para ocorr\u00eancias associadas ao desconforto t\u00e9rmico, hipotermia e agravamento de doen\u00e7as cardiorrespirat\u00f3rias.<\/p>\n<p><img fetchpriority=\"high\" decoding=\"async\" class=\"aligncenter  wp-image-24580\" src=\"http:\/\/sulsc.com\/wp-content\/uploads\/2025\/06\/a-10.png\" alt=\"\" width=\"773\" height=\"527\" srcset=\"https:\/\/sulsc.com\/wp-content\/uploads\/2025\/06\/a-10.png 1639w, https:\/\/sulsc.com\/wp-content\/uploads\/2025\/06\/a-10-300x204.png 300w, https:\/\/sulsc.com\/wp-content\/uploads\/2025\/06\/a-10-1024x698.png 1024w, https:\/\/sulsc.com\/wp-content\/uploads\/2025\/06\/a-10-768x523.png 768w, https:\/\/sulsc.com\/wp-content\/uploads\/2025\/06\/a-10-1536x1047.png 1536w\" sizes=\"(max-width: 773px) 100vw, 773px\" \/><\/p>\n<p><img decoding=\"async\" class=\"aligncenter  wp-image-22836\" src=\"http:\/\/sulsc.com\/wp-content\/uploads\/2025\/04\/Tempo-2.png\" alt=\"\" width=\"720\" height=\"133\" srcset=\"https:\/\/sulsc.com\/wp-content\/uploads\/2025\/04\/Tempo-2.png 1024w, https:\/\/sulsc.com\/wp-content\/uploads\/2025\/04\/Tempo-2-300x55.png 300w, https:\/\/sulsc.com\/wp-content\/uploads\/2025\/04\/Tempo-2-768x142.png 768w\" sizes=\"(max-width: 720px) 100vw, 720px\" \/><\/p>\n<p><strong>Temperaturas<\/strong><\/p>\n<p>As temperaturas sobem gradativamente ao longo das horas, com m\u00e1ximas variando entre 21 e 25\u00b0C no Grande Oeste e n\u00e3o passando dos 20\u00b0C nas demais regi\u00f5es do estado. H\u00e1 condi\u00e7\u00f5es para temporais isolados no Grande Oeste e nas \u00e1reas que fazem divisa com o Rio Grande do Sul a partir da tarde, o risco \u00e9 baixo para ocorr\u00eancias associadas.<\/p>\n<p><strong>Vento:<\/strong> sudeste a nordeste, fraco a moderado.<\/p>\n<p><strong>Sistema predominante:<\/strong> alta press\u00e3o sobre o Sul do Brasil.<\/p>\n<p>Fonte\/Epagri\/Ciram\/Defesa Civil SC<\/p>\n","protected":false},"excerpt":{"rendered":"<p>Na madrugada de segunda-feira (16) as temperaturas diminuem em todas as regi\u00f5es de Santa Catarina, acentuando a sensa\u00e7\u00e3o de frio novamente, especialmente nas primeiras horas da manh\u00e3, quando os term\u00f4metros variam entre 2 e 5\u00b0C do Meio Oeste, Alto Vale do Itaja\u00ed e Planalto Sul, ficando ligeiramente menores nas regi\u00f5es mais altas. Nestas regi\u00f5es, h\u00e1 &hellip;<\/p>\n<p class=\"read-more\"> <a class=\"\" href=\"https:\/\/sulsc.com\/index.php\/2025\/06\/16\/segunda-feira-16-com-sol-entre-nuvens-com-chance-de-chuva-no-final-do-dia\/\"> <span class=\"screen-reader-text\">Segunda-feira (16) com sol entre nuvens com chance de chuva no final do dia<\/span> Read More &raquo;<\/a><\/p>\n","protected":false},"author":3,"featured_media":18447,"comment_status":"open","ping_status":"open","sticky":false,"template":"","format":"standard","meta":{"site-sidebar-layout":"default","site-content-layout":"","ast-site-content-layout":"default","site-content-style":"default","site-sidebar-style":"default","ast-global-header-display":"","ast-banner-title-visibility":"","ast-main-header-display":"","ast-hfb-above-header-display":"","ast-hfb-below-header-display":"","ast-hfb-mobile-header-display":"","site-post-title":"","ast-breadcrumbs-content":"","ast-featured-img":"","footer-sml-layout":"","theme-transparent-header-meta":"default","adv-header-id-meta":"","stick-header-meta":"","header-above-stick-meta":"","header-main-stick-meta":"","header-below-stick-meta":"","astra-migrate-meta-layouts":"set","footnotes":""},"categories":[38],"tags":[90],"yoast_head":"<!-- This site is optimized with the Yoast SEO plugin v21.4 - https:\/\/yoast.com\/wordpress\/plugins\/seo\/ -->\n<title>Segunda-feira (16) com sol entre nuvens com chance de chuva no final do dia -<\/title>\n<meta name=\"description\" content=\"H\u00e1 condi\u00e7\u00f5es para temporais isolados no Grande Oeste e nas \u00e1reas que fazem divisa com o Rio Grande do Sul a partir da tarde\" \/>\n<meta name=\"robots\" content=\"index, follow, max-snippet:-1, max-image-preview:large, max-video-preview:-1\" \/>\n<link rel=\"canonical\" href=\"https:\/\/sulsc.com\/index.php\/2025\/06\/16\/segunda-feira-16-com-sol-entre-nuvens-com-chance-de-chuva-no-final-do-dia\/\" \/>\n<meta property=\"og:locale\" content=\"en_US\" \/>\n<meta property=\"og:type\" content=\"article\" \/>\n<meta property=\"og:title\" content=\"Segunda-feira (16) com sol entre nuvens com chance de chuva no final do dia -\" \/>\n<meta property=\"og:description\" content=\"H\u00e1 condi\u00e7\u00f5es para temporais isolados no Grande Oeste e nas \u00e1reas que fazem divisa com o Rio Grande do Sul a partir da tarde\" \/>\n<meta property=\"og:url\" content=\"https:\/\/sulsc.com\/index.php\/2025\/06\/16\/segunda-feira-16-com-sol-entre-nuvens-com-chance-de-chuva-no-final-do-dia\/\" \/>\n<meta property=\"article:author\" content=\"https:\/\/www.facebook.com\/profile.php?id=61559278119680\" \/>\n<meta property=\"article:published_time\" content=\"2025-06-16T10:15:46+00:00\" \/>\n<meta property=\"og:image\" content=\"http:\/\/sulsc.com\/wp-content\/uploads\/2024\/12\/Sol-tempo-previsao-calor-10.11.19.jpg\" \/>\n\t<meta property=\"og:image:width\" content=\"750\" \/>\n\t<meta property=\"og:image:height\" content=\"500\" \/>\n\t<meta property=\"og:image:type\" content=\"image\/jpeg\" \/>\n<meta name=\"author\" content=\"Reda\u00e7\u00e3o Sul SC\" \/>\n<meta name=\"twitter:card\" content=\"summary_large_image\" \/>\n<meta name=\"twitter:creator\" content=\"@https:\/\/twitter.com\/PortalSulSC\" \/>\n<meta name=\"twitter:label1\" content=\"Written by\" \/>\n\t<meta name=\"twitter:data1\" content=\"Reda\u00e7\u00e3o Sul SC\" \/>\n\t<meta name=\"twitter:label2\" content=\"Est. reading time\" \/>\n\t<meta name=\"twitter:data2\" content=\"2 minutes\" \/>\n<script type=\"application\/ld+json\" class=\"yoast-schema-graph\">{\"@context\":\"https:\/\/schema.org\",\"@graph\":[{\"@type\":\"WebPage\",\"@id\":\"https:\/\/sulsc.com\/index.php\/2025\/06\/16\/segunda-feira-16-com-sol-entre-nuvens-com-chance-de-chuva-no-final-do-dia\/\",\"url\":\"https:\/\/sulsc.com\/index.php\/2025\/06\/16\/segunda-feira-16-com-sol-entre-nuvens-com-chance-de-chuva-no-final-do-dia\/\",\"name\":\"Segunda-feira (16) com sol entre nuvens com chance de chuva no final do dia -\",\"isPartOf\":{\"@id\":\"https:\/\/sulsc.com\/#website\"},\"datePublished\":\"2025-06-16T10:15:46+00:00\",\"dateModified\":\"2025-06-16T10:15:46+00:00\",\"author\":{\"@id\":\"https:\/\/sulsc.com\/#\/schema\/person\/84d2fc571684f6248ba83092f07750a3\"},\"description\":\"H\u00e1 condi\u00e7\u00f5es para temporais isolados no Grande Oeste e nas \u00e1reas que fazem divisa com o Rio Grande do Sul a partir da tarde\",\"breadcrumb\":{\"@id\":\"https:\/\/sulsc.com\/index.php\/2025\/06\/16\/segunda-feira-16-com-sol-entre-nuvens-com-chance-de-chuva-no-final-do-dia\/#breadcrumb\"},\"inLanguage\":\"en-US\",\"potentialAction\":[{\"@type\":\"ReadAction\",\"target\":[\"https:\/\/sulsc.com\/index.php\/2025\/06\/16\/segunda-feira-16-com-sol-entre-nuvens-com-chance-de-chuva-no-final-do-dia\/\"]}]},{\"@type\":\"BreadcrumbList\",\"@id\":\"https:\/\/sulsc.com\/index.php\/2025\/06\/16\/segunda-feira-16-com-sol-entre-nuvens-com-chance-de-chuva-no-final-do-dia\/#breadcrumb\",\"itemListElement\":[{\"@type\":\"ListItem\",\"position\":1,\"name\":\"In\u00edcio\",\"item\":\"https:\/\/sulsc.com\/\"},{\"@type\":\"ListItem\",\"position\":2,\"name\":\"Segunda-feira (16) com sol entre nuvens com chance de chuva no final do dia\"}]},{\"@type\":\"WebSite\",\"@id\":\"https:\/\/sulsc.com\/#website\",\"url\":\"https:\/\/sulsc.com\/\",\"name\":\"\",\"description\":\"\",\"potentialAction\":[{\"@type\":\"SearchAction\",\"target\":{\"@type\":\"EntryPoint\",\"urlTemplate\":\"https:\/\/sulsc.com\/?s={search_term_string}\"},\"query-input\":\"required name=search_term_string\"}],\"inLanguage\":\"en-US\"},{\"@type\":\"Person\",\"@id\":\"https:\/\/sulsc.com\/#\/schema\/person\/84d2fc571684f6248ba83092f07750a3\",\"name\":\"Reda\u00e7\u00e3o Sul SC\",\"image\":{\"@type\":\"ImageObject\",\"inLanguage\":\"en-US\",\"@id\":\"https:\/\/sulsc.com\/#\/schema\/person\/image\/e08d7fe2cc4ed596372063bbe852b8d0\",\"url\":\"https:\/\/sulsc.com\/wp-content\/uploads\/2023\/09\/redacao.png\",\"contentUrl\":\"https:\/\/sulsc.com\/wp-content\/uploads\/2023\/09\/redacao.png\",\"caption\":\"Reda\u00e7\u00e3o Sul SC\"},\"description\":\"Foco em um jornalismo imparcial, voltado \u00e0 qualidade dos seus conte\u00fados e, assim, levar informa\u00e7\u00e3o de valor que agregue \u00e0 vida dos leitores. Esta \u00e9 grande miss\u00e3o do Portal de Not\u00edcias Sul SC. N\u00e3o \u00e9 quantidade que muda o mundo, sempre foi e seguir\u00e1 sendo qualidade!\",\"sameAs\":[\"https:\/\/sulsc.com\/\",\"https:\/\/www.facebook.com\/profile.php?id=61559278119680\",\"https:\/\/www.instagram.com\/sulscportal\/?hl=pt-br\",\"https:\/\/twitter.com\/https:\/\/twitter.com\/PortalSulSC\",\"https:\/\/www.youtube.com\/channel\/UCv_BE8GeySluDov2n8qhVmw\"],\"url\":\"https:\/\/sulsc.com\/index.php\/author\/redacao\/\"}]}<\/script>\n<!-- \/ Yoast SEO plugin. -->","yoast_head_json":{"title":"Segunda-feira (16) com sol entre nuvens com chance de chuva no final do dia -","description":"H\u00e1 condi\u00e7\u00f5es para temporais isolados no Grande Oeste e nas \u00e1reas que fazem divisa com o Rio Grande do Sul a partir da tarde","robots":{"index":"index","follow":"follow","max-snippet":"max-snippet:-1","max-image-preview":"max-image-preview:large","max-video-preview":"max-video-preview:-1"},"canonical":"https:\/\/sulsc.com\/index.php\/2025\/06\/16\/segunda-feira-16-com-sol-entre-nuvens-com-chance-de-chuva-no-final-do-dia\/","og_locale":"en_US","og_type":"article","og_title":"Segunda-feira (16) com sol entre nuvens com chance de chuva no final do dia -","og_description":"H\u00e1 condi\u00e7\u00f5es para temporais isolados no Grande Oeste e nas \u00e1reas que fazem divisa com o Rio Grande do Sul a partir da tarde","og_url":"https:\/\/sulsc.com\/index.php\/2025\/06\/16\/segunda-feira-16-com-sol-entre-nuvens-com-chance-de-chuva-no-final-do-dia\/","article_author":"https:\/\/www.facebook.com\/profile.php?id=61559278119680","article_published_time":"2025-06-16T10:15:46+00:00","og_image":[{"width":750,"height":500,"url":"http:\/\/sulsc.com\/wp-content\/uploads\/2024\/12\/Sol-tempo-previsao-calor-10.11.19.jpg","type":"image\/jpeg"}],"author":"Reda\u00e7\u00e3o Sul SC","twitter_card":"summary_large_image","twitter_creator":"@https:\/\/twitter.com\/PortalSulSC","twitter_misc":{"Written by":"Reda\u00e7\u00e3o Sul SC","Est. reading time":"2 minutes"},"schema":{"@context":"https:\/\/schema.org","@graph":[{"@type":"WebPage","@id":"https:\/\/sulsc.com\/index.php\/2025\/06\/16\/segunda-feira-16-com-sol-entre-nuvens-com-chance-de-chuva-no-final-do-dia\/","url":"https:\/\/sulsc.com\/index.php\/2025\/06\/16\/segunda-feira-16-com-sol-entre-nuvens-com-chance-de-chuva-no-final-do-dia\/","name":"Segunda-feira (16) com sol entre nuvens com chance de chuva no final do dia -","isPartOf":{"@id":"https:\/\/sulsc.com\/#website"},"datePublished":"2025-06-16T10:15:46+00:00","dateModified":"2025-06-16T10:15:46+00:00","author":{"@id":"https:\/\/sulsc.com\/#\/schema\/person\/84d2fc571684f6248ba83092f07750a3"},"description":"H\u00e1 condi\u00e7\u00f5es para temporais isolados no Grande Oeste e nas \u00e1reas que fazem divisa com o Rio Grande do Sul a partir da tarde","breadcrumb":{"@id":"https:\/\/sulsc.com\/index.php\/2025\/06\/16\/segunda-feira-16-com-sol-entre-nuvens-com-chance-de-chuva-no-final-do-dia\/#breadcrumb"},"inLanguage":"en-US","potentialAction":[{"@type":"ReadAction","target":["https:\/\/sulsc.com\/index.php\/2025\/06\/16\/segunda-feira-16-com-sol-entre-nuvens-com-chance-de-chuva-no-final-do-dia\/"]}]},{"@type":"BreadcrumbList","@id":"https:\/\/sulsc.com\/index.php\/2025\/06\/16\/segunda-feira-16-com-sol-entre-nuvens-com-chance-de-chuva-no-final-do-dia\/#breadcrumb","itemListElement":[{"@type":"ListItem","position":1,"name":"In\u00edcio","item":"https:\/\/sulsc.com\/"},{"@type":"ListItem","position":2,"name":"Segunda-feira (16) com sol entre nuvens com chance de chuva no final do dia"}]},{"@type":"WebSite","@id":"https:\/\/sulsc.com\/#website","url":"https:\/\/sulsc.com\/","name":"","description":"","potentialAction":[{"@type":"SearchAction","target":{"@type":"EntryPoint","urlTemplate":"https:\/\/sulsc.com\/?s={search_term_string}"},"query-input":"required name=search_term_string"}],"inLanguage":"en-US"},{"@type":"Person","@id":"https:\/\/sulsc.com\/#\/schema\/person\/84d2fc571684f6248ba83092f07750a3","name":"Reda\u00e7\u00e3o Sul SC","image":{"@type":"ImageObject","inLanguage":"en-US","@id":"https:\/\/sulsc.com\/#\/schema\/person\/image\/e08d7fe2cc4ed596372063bbe852b8d0","url":"https:\/\/sulsc.com\/wp-content\/uploads\/2023\/09\/redacao.png","contentUrl":"https:\/\/sulsc.com\/wp-content\/uploads\/2023\/09\/redacao.png","caption":"Reda\u00e7\u00e3o Sul SC"},"description":"Foco em um jornalismo imparcial, voltado \u00e0 qualidade dos seus conte\u00fados e, assim, levar informa\u00e7\u00e3o de valor que agregue \u00e0 vida dos leitores. Esta \u00e9 grande miss\u00e3o do Portal de Not\u00edcias Sul SC. N\u00e3o \u00e9 quantidade que muda o mundo, sempre foi e seguir\u00e1 sendo qualidade!","sameAs":["https:\/\/sulsc.com\/","https:\/\/www.facebook.com\/profile.php?id=61559278119680","https:\/\/www.instagram.com\/sulscportal\/?hl=pt-br","https:\/\/twitter.com\/https:\/\/twitter.com\/PortalSulSC","https:\/\/www.youtube.com\/channel\/UCv_BE8GeySluDov2n8qhVmw"],"url":"https:\/\/sulsc.com\/index.php\/author\/redacao\/"}]}},"authors":[],"_links":{"self":[{"href":"https:\/\/sulsc.com\/index.php\/wp-json\/wp\/v2\/posts\/24578"}],"collection":[{"href":"https:\/\/sulsc.com\/index.php\/wp-json\/wp\/v2\/posts"}],"about":[{"href":"https:\/\/sulsc.com\/index.php\/wp-json\/wp\/v2\/types\/post"}],"author":[{"embeddable":true,"href":"https:\/\/sulsc.com\/index.php\/wp-json\/wp\/v2\/users\/3"}],"replies":[{"embeddable":true,"href":"https:\/\/sulsc.com\/index.php\/wp-json\/wp\/v2\/comments?post=24578"}],"version-history":[{"count":1,"href":"https:\/\/sulsc.com\/index.php\/wp-json\/wp\/v2\/posts\/24578\/revisions"}],"predecessor-version":[{"id":24581,"href":"https:\/\/sulsc.com\/index.php\/wp-json\/wp\/v2\/posts\/24578\/revisions\/24581"}],"wp:featuredmedia":[{"embeddable":true,"href":"https:\/\/sulsc.com\/index.php\/wp-json\/wp\/v2\/media\/18447"}],"wp:attachment":[{"href":"https:\/\/sulsc.com\/index.php\/wp-json\/wp\/v2\/media?parent=24578"}],"wp:term":[{"taxonomy":"category","embeddable":true,"href":"https:\/\/sulsc.com\/index.php\/wp-json\/wp\/v2\/categories?post=24578"},{"taxonomy":"post_tag","embeddable":true,"href":"https:\/\/sulsc.com\/index.php\/wp-json\/wp\/v2\/tags?post=24578"}],"curies":[{"name":"wp","href":"https:\/\/api.w.org\/{rel}","templated":true}]}}