{"id":24636,"date":"2025-06-18T07:14:17","date_gmt":"2025-06-18T10:14:17","guid":{"rendered":"https:\/\/sulsc.com\/?p=24636"},"modified":"2025-06-18T07:14:17","modified_gmt":"2025-06-18T10:14:17","slug":"operacao-conjunta-desarticula-trafico-de-drogas-em-grao-para","status":"publish","type":"post","link":"https:\/\/sulsc.com\/index.php\/2025\/06\/18\/operacao-conjunta-desarticula-trafico-de-drogas-em-grao-para\/","title":{"rendered":"Opera\u00e7\u00e3o conjunta desarticula tr\u00e1fico de drogas em Gr\u00e3o-Par\u00e1"},"content":{"rendered":"<p data-sourcepos=\"5:1-5:412\">Uma opera\u00e7\u00e3o conjunta entre a Pol\u00edcia Militar de Bra\u00e7o do Norte e a Pol\u00edcia Civil resultou na desarticula\u00e7\u00e3o de um ponto de tr\u00e1fico de drogas em Gr\u00e3o-Par\u00e1, na localidade de Vila Esperan\u00e7a, na tarde de ontem. A a\u00e7\u00e3o levou \u00e0 pris\u00e3o de uma mulher e \u00e0 apreens\u00e3o de cinco adolescentes, al\u00e9m de significativa quantidade de entorpecentes e materiais relacionados ao com\u00e9rcio ilegal.<\/p>\n<p data-sourcepos=\"7:1-7:283\">A investiga\u00e7\u00e3o teve in\u00edcio ap\u00f3s informa\u00e7\u00f5es levantadas pelas autoridades indicarem que um grupo de adolescentes, j\u00e1 conhecidos por envolvimento com o tr\u00e1fico, havia recebido uma grande quantidade de drogas para comercializa\u00e7\u00e3o e as estaria armazenando em uma resid\u00eancia no munic\u00edpio.<\/p>\n<p data-sourcepos=\"7:1-7:283\"><img fetchpriority=\"high\" decoding=\"async\" class=\"aligncenter size-full wp-image-24526\" src=\"http:\/\/sulsc.com\/wp-content\/uploads\/2025\/06\/a10.jpg\" alt=\"\" width=\"720\" height=\"405\" srcset=\"https:\/\/sulsc.com\/wp-content\/uploads\/2025\/06\/a10.jpg 720w, https:\/\/sulsc.com\/wp-content\/uploads\/2025\/06\/a10-300x169.jpg 300w\" sizes=\"(max-width: 720px) 100vw, 720px\" \/><\/p>\n<p data-sourcepos=\"9:1-9:336\">Por volta das 16h20, as equipes policiais iniciaram o monitoramento do local. A observa\u00e7\u00e3o atenta rendeu frutos quando um indiv\u00edduo, conhecido usu\u00e1rio de drogas, foi visto saindo da casa. No momento em que as viaturas se aproximavam para abord\u00e1-lo, os policiais notaram moradores da resid\u00eancia descartando parte da droga por uma janela.<\/p>\n<p data-sourcepos=\"11:1-11:403\">Diante da flagr\u00e2ncia, as equipes adentraram o im\u00f3vel e realizaram a abordagem de todos os ocupantes. Foram encontrados cinco adolescentes, com idades entre 14 e 17 anos, e uma mulher de 22 anos. Embora nada il\u00edcito tenha sido encontrado diretamente com eles, a revista externa, na dire\u00e7\u00e3o da janela onde o descarte foi observado, revelou 12 petecas de coca\u00edna prontas para venda, totalizando 7,3 gramas.<\/p>\n<p data-sourcepos=\"13:1-13:339\">A busca detalhada na resid\u00eancia resultou na localiza\u00e7\u00e3o de mais drogas: dois pequenos torr\u00f5es de maconha (13,8 gramas), um torr\u00e3o maior de maconha (50,2 gramas) e duas grandes por\u00e7\u00f5es de coca\u00edna, pesando 70,1 gramas. Uma balan\u00e7a de precis\u00e3o, celulares, dinheiro e um caderno com anota\u00e7\u00f5es referentes \u00e0 trafic\u00e2ncia tamb\u00e9m foram apreendidos.<\/p>\n<p data-sourcepos=\"15:1-15:119\">Todos os envolvidos foram encaminhados \u00e0 Delegacia de Pol\u00edcia Civil de Gr\u00e3o-Par\u00e1 para os procedimentos legais cab\u00edveis.<\/p>\n","protected":false},"excerpt":{"rendered":"<p>Uma opera\u00e7\u00e3o conjunta entre a Pol\u00edcia Militar de Bra\u00e7o do Norte e a Pol\u00edcia Civil resultou na desarticula\u00e7\u00e3o de um ponto de tr\u00e1fico de drogas em Gr\u00e3o-Par\u00e1, na localidade de Vila Esperan\u00e7a, na tarde de ontem. A a\u00e7\u00e3o levou \u00e0 pris\u00e3o de uma mulher e \u00e0 apreens\u00e3o de cinco adolescentes, al\u00e9m de significativa quantidade de &hellip;<\/p>\n<p class=\"read-more\"> <a class=\"\" href=\"https:\/\/sulsc.com\/index.php\/2025\/06\/18\/operacao-conjunta-desarticula-trafico-de-drogas-em-grao-para\/\"> <span class=\"screen-reader-text\">Opera\u00e7\u00e3o conjunta desarticula tr\u00e1fico de drogas em Gr\u00e3o-Par\u00e1<\/span> Read More &raquo;<\/a><\/p>\n","protected":false},"author":3,"featured_media":24592,"comment_status":"open","ping_status":"open","sticky":false,"template":"","format":"standard","meta":{"site-sidebar-layout":"default","site-content-layout":"","ast-site-content-layout":"default","site-content-style":"default","site-sidebar-style":"default","ast-global-header-display":"","ast-banner-title-visibility":"","ast-main-header-display":"","ast-hfb-above-header-display":"","ast-hfb-below-header-display":"","ast-hfb-mobile-header-display":"","site-post-title":"","ast-breadcrumbs-content":"","ast-featured-img":"","footer-sml-layout":"","theme-transparent-header-meta":"default","adv-header-id-meta":"","stick-header-meta":"","header-above-stick-meta":"","header-main-stick-meta":"","header-below-stick-meta":"","astra-migrate-meta-layouts":"set","footnotes":""},"categories":[8],"tags":[],"yoast_head":"<!-- This site is optimized with the Yoast SEO plugin v21.4 - https:\/\/yoast.com\/wordpress\/plugins\/seo\/ -->\n<title>Opera\u00e7\u00e3o conjunta desarticula tr\u00e1fico de drogas em Gr\u00e3o-Par\u00e1 -<\/title>\n<meta name=\"robots\" content=\"index, follow, max-snippet:-1, max-image-preview:large, max-video-preview:-1\" \/>\n<link rel=\"canonical\" href=\"https:\/\/sulsc.com\/index.php\/2025\/06\/18\/operacao-conjunta-desarticula-trafico-de-drogas-em-grao-para\/\" \/>\n<meta property=\"og:locale\" content=\"en_US\" \/>\n<meta property=\"og:type\" content=\"article\" \/>\n<meta property=\"og:title\" content=\"Opera\u00e7\u00e3o conjunta desarticula tr\u00e1fico de drogas em Gr\u00e3o-Par\u00e1 -\" \/>\n<meta property=\"og:description\" content=\"Uma opera\u00e7\u00e3o conjunta entre a Pol\u00edcia Militar de Bra\u00e7o do Norte e a Pol\u00edcia Civil resultou na desarticula\u00e7\u00e3o de um ponto de tr\u00e1fico de drogas em Gr\u00e3o-Par\u00e1, na localidade de Vila Esperan\u00e7a, na tarde de ontem. A a\u00e7\u00e3o levou \u00e0 pris\u00e3o de uma mulher e \u00e0 apreens\u00e3o de cinco adolescentes, al\u00e9m de significativa quantidade de &hellip; Opera\u00e7\u00e3o conjunta desarticula tr\u00e1fico de drogas em Gr\u00e3o-Par\u00e1 Read More &raquo;\" \/>\n<meta property=\"og:url\" content=\"https:\/\/sulsc.com\/index.php\/2025\/06\/18\/operacao-conjunta-desarticula-trafico-de-drogas-em-grao-para\/\" \/>\n<meta property=\"article:author\" content=\"https:\/\/www.facebook.com\/profile.php?id=61559278119680\" \/>\n<meta property=\"article:published_time\" content=\"2025-06-18T10:14:17+00:00\" \/>\n<meta property=\"og:image\" content=\"http:\/\/sulsc.com\/wp-content\/uploads\/2025\/06\/a3-10.jpg\" \/>\n\t<meta property=\"og:image:width\" content=\"1024\" \/>\n\t<meta property=\"og:image:height\" content=\"768\" \/>\n\t<meta property=\"og:image:type\" content=\"image\/jpeg\" \/>\n<meta name=\"author\" content=\"Reda\u00e7\u00e3o Sul SC\" \/>\n<meta name=\"twitter:card\" content=\"summary_large_image\" \/>\n<meta name=\"twitter:creator\" content=\"@https:\/\/twitter.com\/PortalSulSC\" \/>\n<meta name=\"twitter:label1\" content=\"Written by\" \/>\n\t<meta name=\"twitter:data1\" content=\"Reda\u00e7\u00e3o Sul SC\" \/>\n\t<meta name=\"twitter:label2\" content=\"Est. reading time\" \/>\n\t<meta name=\"twitter:data2\" content=\"2 minutes\" \/>\n<script type=\"application\/ld+json\" class=\"yoast-schema-graph\">{\"@context\":\"https:\/\/schema.org\",\"@graph\":[{\"@type\":\"WebPage\",\"@id\":\"https:\/\/sulsc.com\/index.php\/2025\/06\/18\/operacao-conjunta-desarticula-trafico-de-drogas-em-grao-para\/\",\"url\":\"https:\/\/sulsc.com\/index.php\/2025\/06\/18\/operacao-conjunta-desarticula-trafico-de-drogas-em-grao-para\/\",\"name\":\"Opera\u00e7\u00e3o conjunta desarticula tr\u00e1fico de drogas em Gr\u00e3o-Par\u00e1 -\",\"isPartOf\":{\"@id\":\"https:\/\/sulsc.com\/#website\"},\"datePublished\":\"2025-06-18T10:14:17+00:00\",\"dateModified\":\"2025-06-18T10:14:17+00:00\",\"author\":{\"@id\":\"https:\/\/sulsc.com\/#\/schema\/person\/84d2fc571684f6248ba83092f07750a3\"},\"breadcrumb\":{\"@id\":\"https:\/\/sulsc.com\/index.php\/2025\/06\/18\/operacao-conjunta-desarticula-trafico-de-drogas-em-grao-para\/#breadcrumb\"},\"inLanguage\":\"en-US\",\"potentialAction\":[{\"@type\":\"ReadAction\",\"target\":[\"https:\/\/sulsc.com\/index.php\/2025\/06\/18\/operacao-conjunta-desarticula-trafico-de-drogas-em-grao-para\/\"]}]},{\"@type\":\"BreadcrumbList\",\"@id\":\"https:\/\/sulsc.com\/index.php\/2025\/06\/18\/operacao-conjunta-desarticula-trafico-de-drogas-em-grao-para\/#breadcrumb\",\"itemListElement\":[{\"@type\":\"ListItem\",\"position\":1,\"name\":\"In\u00edcio\",\"item\":\"https:\/\/sulsc.com\/\"},{\"@type\":\"ListItem\",\"position\":2,\"name\":\"Opera\u00e7\u00e3o conjunta desarticula tr\u00e1fico de drogas em Gr\u00e3o-Par\u00e1\"}]},{\"@type\":\"WebSite\",\"@id\":\"https:\/\/sulsc.com\/#website\",\"url\":\"https:\/\/sulsc.com\/\",\"name\":\"\",\"description\":\"\",\"potentialAction\":[{\"@type\":\"SearchAction\",\"target\":{\"@type\":\"EntryPoint\",\"urlTemplate\":\"https:\/\/sulsc.com\/?s={search_term_string}\"},\"query-input\":\"required name=search_term_string\"}],\"inLanguage\":\"en-US\"},{\"@type\":\"Person\",\"@id\":\"https:\/\/sulsc.com\/#\/schema\/person\/84d2fc571684f6248ba83092f07750a3\",\"name\":\"Reda\u00e7\u00e3o Sul SC\",\"image\":{\"@type\":\"ImageObject\",\"inLanguage\":\"en-US\",\"@id\":\"https:\/\/sulsc.com\/#\/schema\/person\/image\/e08d7fe2cc4ed596372063bbe852b8d0\",\"url\":\"https:\/\/sulsc.com\/wp-content\/uploads\/2023\/09\/redacao.png\",\"contentUrl\":\"https:\/\/sulsc.com\/wp-content\/uploads\/2023\/09\/redacao.png\",\"caption\":\"Reda\u00e7\u00e3o Sul SC\"},\"description\":\"Foco em um jornalismo imparcial, voltado \u00e0 qualidade dos seus conte\u00fados e, assim, levar informa\u00e7\u00e3o de valor que agregue \u00e0 vida dos leitores. Esta \u00e9 grande miss\u00e3o do Portal de Not\u00edcias Sul SC. N\u00e3o \u00e9 quantidade que muda o mundo, sempre foi e seguir\u00e1 sendo qualidade!\",\"sameAs\":[\"https:\/\/sulsc.com\/\",\"https:\/\/www.facebook.com\/profile.php?id=61559278119680\",\"https:\/\/www.instagram.com\/sulscportal\/?hl=pt-br\",\"https:\/\/twitter.com\/https:\/\/twitter.com\/PortalSulSC\",\"https:\/\/www.youtube.com\/channel\/UCv_BE8GeySluDov2n8qhVmw\"],\"url\":\"https:\/\/sulsc.com\/index.php\/author\/redacao\/\"}]}<\/script>\n<!-- \/ Yoast SEO plugin. -->","yoast_head_json":{"title":"Opera\u00e7\u00e3o conjunta desarticula tr\u00e1fico de drogas em Gr\u00e3o-Par\u00e1 -","robots":{"index":"index","follow":"follow","max-snippet":"max-snippet:-1","max-image-preview":"max-image-preview:large","max-video-preview":"max-video-preview:-1"},"canonical":"https:\/\/sulsc.com\/index.php\/2025\/06\/18\/operacao-conjunta-desarticula-trafico-de-drogas-em-grao-para\/","og_locale":"en_US","og_type":"article","og_title":"Opera\u00e7\u00e3o conjunta desarticula tr\u00e1fico de drogas em Gr\u00e3o-Par\u00e1 -","og_description":"Uma opera\u00e7\u00e3o conjunta entre a Pol\u00edcia Militar de Bra\u00e7o do Norte e a Pol\u00edcia Civil resultou na desarticula\u00e7\u00e3o de um ponto de tr\u00e1fico de drogas em Gr\u00e3o-Par\u00e1, na localidade de Vila Esperan\u00e7a, na tarde de ontem. A a\u00e7\u00e3o levou \u00e0 pris\u00e3o de uma mulher e \u00e0 apreens\u00e3o de cinco adolescentes, al\u00e9m de significativa quantidade de &hellip; Opera\u00e7\u00e3o conjunta desarticula tr\u00e1fico de drogas em Gr\u00e3o-Par\u00e1 Read More &raquo;","og_url":"https:\/\/sulsc.com\/index.php\/2025\/06\/18\/operacao-conjunta-desarticula-trafico-de-drogas-em-grao-para\/","article_author":"https:\/\/www.facebook.com\/profile.php?id=61559278119680","article_published_time":"2025-06-18T10:14:17+00:00","og_image":[{"width":1024,"height":768,"url":"http:\/\/sulsc.com\/wp-content\/uploads\/2025\/06\/a3-10.jpg","type":"image\/jpeg"}],"author":"Reda\u00e7\u00e3o Sul SC","twitter_card":"summary_large_image","twitter_creator":"@https:\/\/twitter.com\/PortalSulSC","twitter_misc":{"Written by":"Reda\u00e7\u00e3o Sul SC","Est. reading time":"2 minutes"},"schema":{"@context":"https:\/\/schema.org","@graph":[{"@type":"WebPage","@id":"https:\/\/sulsc.com\/index.php\/2025\/06\/18\/operacao-conjunta-desarticula-trafico-de-drogas-em-grao-para\/","url":"https:\/\/sulsc.com\/index.php\/2025\/06\/18\/operacao-conjunta-desarticula-trafico-de-drogas-em-grao-para\/","name":"Opera\u00e7\u00e3o conjunta desarticula tr\u00e1fico de drogas em Gr\u00e3o-Par\u00e1 -","isPartOf":{"@id":"https:\/\/sulsc.com\/#website"},"datePublished":"2025-06-18T10:14:17+00:00","dateModified":"2025-06-18T10:14:17+00:00","author":{"@id":"https:\/\/sulsc.com\/#\/schema\/person\/84d2fc571684f6248ba83092f07750a3"},"breadcrumb":{"@id":"https:\/\/sulsc.com\/index.php\/2025\/06\/18\/operacao-conjunta-desarticula-trafico-de-drogas-em-grao-para\/#breadcrumb"},"inLanguage":"en-US","potentialAction":[{"@type":"ReadAction","target":["https:\/\/sulsc.com\/index.php\/2025\/06\/18\/operacao-conjunta-desarticula-trafico-de-drogas-em-grao-para\/"]}]},{"@type":"BreadcrumbList","@id":"https:\/\/sulsc.com\/index.php\/2025\/06\/18\/operacao-conjunta-desarticula-trafico-de-drogas-em-grao-para\/#breadcrumb","itemListElement":[{"@type":"ListItem","position":1,"name":"In\u00edcio","item":"https:\/\/sulsc.com\/"},{"@type":"ListItem","position":2,"name":"Opera\u00e7\u00e3o conjunta desarticula tr\u00e1fico de drogas em Gr\u00e3o-Par\u00e1"}]},{"@type":"WebSite","@id":"https:\/\/sulsc.com\/#website","url":"https:\/\/sulsc.com\/","name":"","description":"","potentialAction":[{"@type":"SearchAction","target":{"@type":"EntryPoint","urlTemplate":"https:\/\/sulsc.com\/?s={search_term_string}"},"query-input":"required name=search_term_string"}],"inLanguage":"en-US"},{"@type":"Person","@id":"https:\/\/sulsc.com\/#\/schema\/person\/84d2fc571684f6248ba83092f07750a3","name":"Reda\u00e7\u00e3o Sul SC","image":{"@type":"ImageObject","inLanguage":"en-US","@id":"https:\/\/sulsc.com\/#\/schema\/person\/image\/e08d7fe2cc4ed596372063bbe852b8d0","url":"https:\/\/sulsc.com\/wp-content\/uploads\/2023\/09\/redacao.png","contentUrl":"https:\/\/sulsc.com\/wp-content\/uploads\/2023\/09\/redacao.png","caption":"Reda\u00e7\u00e3o Sul SC"},"description":"Foco em um jornalismo imparcial, voltado \u00e0 qualidade dos seus conte\u00fados e, assim, levar informa\u00e7\u00e3o de valor que agregue \u00e0 vida dos leitores. Esta \u00e9 grande miss\u00e3o do Portal de Not\u00edcias Sul SC. N\u00e3o \u00e9 quantidade que muda o mundo, sempre foi e seguir\u00e1 sendo qualidade!","sameAs":["https:\/\/sulsc.com\/","https:\/\/www.facebook.com\/profile.php?id=61559278119680","https:\/\/www.instagram.com\/sulscportal\/?hl=pt-br","https:\/\/twitter.com\/https:\/\/twitter.com\/PortalSulSC","https:\/\/www.youtube.com\/channel\/UCv_BE8GeySluDov2n8qhVmw"],"url":"https:\/\/sulsc.com\/index.php\/author\/redacao\/"}]}},"authors":[],"_links":{"self":[{"href":"https:\/\/sulsc.com\/index.php\/wp-json\/wp\/v2\/posts\/24636"}],"collection":[{"href":"https:\/\/sulsc.com\/index.php\/wp-json\/wp\/v2\/posts"}],"about":[{"href":"https:\/\/sulsc.com\/index.php\/wp-json\/wp\/v2\/types\/post"}],"author":[{"embeddable":true,"href":"https:\/\/sulsc.com\/index.php\/wp-json\/wp\/v2\/users\/3"}],"replies":[{"embeddable":true,"href":"https:\/\/sulsc.com\/index.php\/wp-json\/wp\/v2\/comments?post=24636"}],"version-history":[{"count":1,"href":"https:\/\/sulsc.com\/index.php\/wp-json\/wp\/v2\/posts\/24636\/revisions"}],"predecessor-version":[{"id":24637,"href":"https:\/\/sulsc.com\/index.php\/wp-json\/wp\/v2\/posts\/24636\/revisions\/24637"}],"wp:featuredmedia":[{"embeddable":true,"href":"https:\/\/sulsc.com\/index.php\/wp-json\/wp\/v2\/media\/24592"}],"wp:attachment":[{"href":"https:\/\/sulsc.com\/index.php\/wp-json\/wp\/v2\/media?parent=24636"}],"wp:term":[{"taxonomy":"category","embeddable":true,"href":"https:\/\/sulsc.com\/index.php\/wp-json\/wp\/v2\/categories?post=24636"},{"taxonomy":"post_tag","embeddable":true,"href":"https:\/\/sulsc.com\/index.php\/wp-json\/wp\/v2\/tags?post=24636"}],"curies":[{"name":"wp","href":"https:\/\/api.w.org\/{rel}","templated":true}]}}