{"id":2464,"date":"2023-10-18T08:30:55","date_gmt":"2023-10-18T11:30:55","guid":{"rendered":"https:\/\/sulsc.com\/?p=2464"},"modified":"2023-10-18T08:35:08","modified_gmt":"2023-10-18T11:35:08","slug":"casa-e-arrombada-em-jaguaruna","status":"publish","type":"post","link":"https:\/\/sulsc.com\/index.php\/2023\/10\/18\/casa-e-arrombada-em-jaguaruna\/","title":{"rendered":"Casa \u00e9 arrombada em Jaguaruna"},"content":{"rendered":"<p>Uma tentativa de furto foi registrado na noite esta ter\u00e7a-feira (17), em Balne\u00e1rio Esplanada, Jaguaruna. A guarni\u00e7\u00e3o foi acionada por volta das 20h10, para atender a ocorr\u00eancia.<\/p>\n<p>No local os policiais conversaram com um homem. Ele contou que por volta das 13h foram para Crici\u00fama, que iriam voltar no dia seguinte, mas resolveram voltar no mesmo dia. Ao chegar na resid\u00eancia da praia percebemos que uma janela estava aberta e ao verificar o que estava acontecendo viram que uma porta tamb\u00e9m estava aberta.<\/p>\n<p>&#8220;Verificamos que a porta foi aberta por meio de dois garfos em forma de &#8216;chave micha&#8217; e na janela havia marca de arrombamento por meio de chave de fenda usada como alavanca, conforme objetos deixados no local.\u00a0Dentro da casa v\u00e1rios objetos estavam preparados para serem levados: um botij\u00e3o de g\u00e1s, um aparelho de som, uma esmerilhadeira, uma TV 32 polegadas e 01bin\u00f3culo&#8221;&#8221;, detalha o morador.<\/p>\n<p>Diante dos fatos foi lavrado um presente boletim de ocorr\u00eancia e aprendemos os objetos utilizados no arrombamento da resid\u00eancia.<\/p>\n<p><img fetchpriority=\"high\" decoding=\"async\" class=\"alignnone size-large wp-image-2466\" src=\"http:\/\/sulsc.com\/wp-content\/uploads\/2023\/10\/arrobamento-janela-1-1024x683.jpg\" alt=\"\" width=\"1024\" height=\"683\" srcset=\"https:\/\/sulsc.com\/wp-content\/uploads\/2023\/10\/arrobamento-janela-1-1024x683.jpg 1024w, https:\/\/sulsc.com\/wp-content\/uploads\/2023\/10\/arrobamento-janela-1-300x200.jpg 300w, https:\/\/sulsc.com\/wp-content\/uploads\/2023\/10\/arrobamento-janela-1-768x512.jpg 768w, https:\/\/sulsc.com\/wp-content\/uploads\/2023\/10\/arrobamento-janela-1-1536x1024.jpg 1536w, https:\/\/sulsc.com\/wp-content\/uploads\/2023\/10\/arrobamento-janela-1-2048x1365.jpg 2048w\" sizes=\"(max-width: 1024px) 100vw, 1024px\" \/><\/p>\n","protected":false},"excerpt":{"rendered":"<p>Uma tentativa de furto foi registrado na noite esta ter\u00e7a-feira (17), em Balne\u00e1rio Esplanada, Jaguaruna. A guarni\u00e7\u00e3o foi acionada por volta das 20h10, para atender a ocorr\u00eancia. No local os policiais conversaram com um homem. Ele contou que por volta das 13h foram para Crici\u00fama, que iriam voltar no dia seguinte, mas resolveram voltar no &hellip;<\/p>\n<p class=\"read-more\"> <a class=\"\" href=\"https:\/\/sulsc.com\/index.php\/2023\/10\/18\/casa-e-arrombada-em-jaguaruna\/\"> <span class=\"screen-reader-text\">Casa \u00e9 arrombada em Jaguaruna<\/span> Read More &raquo;<\/a><\/p>\n","protected":false},"author":3,"featured_media":2465,"comment_status":"open","ping_status":"open","sticky":false,"template":"","format":"standard","meta":{"site-sidebar-layout":"default","site-content-layout":"","ast-site-content-layout":"default","site-content-style":"default","site-sidebar-style":"default","ast-global-header-display":"","ast-banner-title-visibility":"","ast-main-header-display":"","ast-hfb-above-header-display":"","ast-hfb-below-header-display":"","ast-hfb-mobile-header-display":"","site-post-title":"","ast-breadcrumbs-content":"","ast-featured-img":"","footer-sml-layout":"","theme-transparent-header-meta":"default","adv-header-id-meta":"","stick-header-meta":"","header-above-stick-meta":"","header-main-stick-meta":"","header-below-stick-meta":"","astra-migrate-meta-layouts":"set","footnotes":""},"categories":[8],"tags":[],"yoast_head":"<!-- This site is optimized with the Yoast SEO plugin v21.4 - https:\/\/yoast.com\/wordpress\/plugins\/seo\/ -->\n<title>Casa \u00e9 arrombada em Jaguaruna -<\/title>\n<meta name=\"robots\" content=\"index, follow, max-snippet:-1, max-image-preview:large, max-video-preview:-1\" \/>\n<link rel=\"canonical\" href=\"https:\/\/sulsc.com\/index.php\/2023\/10\/18\/casa-e-arrombada-em-jaguaruna\/\" \/>\n<meta property=\"og:locale\" content=\"en_US\" \/>\n<meta property=\"og:type\" content=\"article\" \/>\n<meta property=\"og:title\" content=\"Casa \u00e9 arrombada em Jaguaruna -\" \/>\n<meta property=\"og:description\" content=\"Uma tentativa de furto foi registrado na noite esta ter\u00e7a-feira (17), em Balne\u00e1rio Esplanada, Jaguaruna. A guarni\u00e7\u00e3o foi acionada por volta das 20h10, para atender a ocorr\u00eancia. No local os policiais conversaram com um homem. Ele contou que por volta das 13h foram para Crici\u00fama, que iriam voltar no dia seguinte, mas resolveram voltar no &hellip; Casa \u00e9 arrombada em Jaguaruna Read More &raquo;\" \/>\n<meta property=\"og:url\" content=\"https:\/\/sulsc.com\/index.php\/2023\/10\/18\/casa-e-arrombada-em-jaguaruna\/\" \/>\n<meta property=\"article:author\" content=\"https:\/\/www.facebook.com\/profile.php?id=61559278119680\" \/>\n<meta property=\"article:published_time\" content=\"2023-10-18T11:30:55+00:00\" \/>\n<meta property=\"article:modified_time\" content=\"2023-10-18T11:35:08+00:00\" \/>\n<meta property=\"og:image\" content=\"https:\/\/sulsc.com\/wp-content\/uploads\/2023\/10\/arrobamento-janela.jpg\" \/>\n\t<meta property=\"og:image:width\" content=\"626\" \/>\n\t<meta property=\"og:image:height\" content=\"417\" \/>\n\t<meta property=\"og:image:type\" content=\"image\/jpeg\" \/>\n<meta name=\"author\" content=\"Reda\u00e7\u00e3o Sul SC\" \/>\n<meta name=\"twitter:card\" content=\"summary_large_image\" \/>\n<meta name=\"twitter:creator\" content=\"@https:\/\/twitter.com\/PortalSulSC\" \/>\n<meta name=\"twitter:label1\" content=\"Written by\" \/>\n\t<meta name=\"twitter:data1\" content=\"Reda\u00e7\u00e3o Sul SC\" \/>\n\t<meta name=\"twitter:label2\" content=\"Est. reading time\" \/>\n\t<meta name=\"twitter:data2\" content=\"1 minute\" \/>\n<script type=\"application\/ld+json\" class=\"yoast-schema-graph\">{\"@context\":\"https:\/\/schema.org\",\"@graph\":[{\"@type\":\"WebPage\",\"@id\":\"https:\/\/sulsc.com\/index.php\/2023\/10\/18\/casa-e-arrombada-em-jaguaruna\/\",\"url\":\"https:\/\/sulsc.com\/index.php\/2023\/10\/18\/casa-e-arrombada-em-jaguaruna\/\",\"name\":\"Casa \u00e9 arrombada em Jaguaruna -\",\"isPartOf\":{\"@id\":\"https:\/\/sulsc.com\/#website\"},\"datePublished\":\"2023-10-18T11:30:55+00:00\",\"dateModified\":\"2023-10-18T11:35:08+00:00\",\"author\":{\"@id\":\"https:\/\/sulsc.com\/#\/schema\/person\/84d2fc571684f6248ba83092f07750a3\"},\"breadcrumb\":{\"@id\":\"https:\/\/sulsc.com\/index.php\/2023\/10\/18\/casa-e-arrombada-em-jaguaruna\/#breadcrumb\"},\"inLanguage\":\"en-US\",\"potentialAction\":[{\"@type\":\"ReadAction\",\"target\":[\"https:\/\/sulsc.com\/index.php\/2023\/10\/18\/casa-e-arrombada-em-jaguaruna\/\"]}]},{\"@type\":\"BreadcrumbList\",\"@id\":\"https:\/\/sulsc.com\/index.php\/2023\/10\/18\/casa-e-arrombada-em-jaguaruna\/#breadcrumb\",\"itemListElement\":[{\"@type\":\"ListItem\",\"position\":1,\"name\":\"In\u00edcio\",\"item\":\"https:\/\/sulsc.com\/\"},{\"@type\":\"ListItem\",\"position\":2,\"name\":\"Casa \u00e9 arrombada em Jaguaruna\"}]},{\"@type\":\"WebSite\",\"@id\":\"https:\/\/sulsc.com\/#website\",\"url\":\"https:\/\/sulsc.com\/\",\"name\":\"\",\"description\":\"\",\"potentialAction\":[{\"@type\":\"SearchAction\",\"target\":{\"@type\":\"EntryPoint\",\"urlTemplate\":\"https:\/\/sulsc.com\/?s={search_term_string}\"},\"query-input\":\"required name=search_term_string\"}],\"inLanguage\":\"en-US\"},{\"@type\":\"Person\",\"@id\":\"https:\/\/sulsc.com\/#\/schema\/person\/84d2fc571684f6248ba83092f07750a3\",\"name\":\"Reda\u00e7\u00e3o Sul SC\",\"image\":{\"@type\":\"ImageObject\",\"inLanguage\":\"en-US\",\"@id\":\"https:\/\/sulsc.com\/#\/schema\/person\/image\/e08d7fe2cc4ed596372063bbe852b8d0\",\"url\":\"https:\/\/sulsc.com\/wp-content\/uploads\/2023\/09\/redacao.png\",\"contentUrl\":\"https:\/\/sulsc.com\/wp-content\/uploads\/2023\/09\/redacao.png\",\"caption\":\"Reda\u00e7\u00e3o Sul SC\"},\"description\":\"Foco em um jornalismo imparcial, voltado \u00e0 qualidade dos seus conte\u00fados e, assim, levar informa\u00e7\u00e3o de valor que agregue \u00e0 vida dos leitores. Esta \u00e9 grande miss\u00e3o do Portal de Not\u00edcias Sul SC. N\u00e3o \u00e9 quantidade que muda o mundo, sempre foi e seguir\u00e1 sendo qualidade!\",\"sameAs\":[\"https:\/\/sulsc.com\/\",\"https:\/\/www.facebook.com\/profile.php?id=61559278119680\",\"https:\/\/www.instagram.com\/sulscportal\/?hl=pt-br\",\"https:\/\/twitter.com\/https:\/\/twitter.com\/PortalSulSC\",\"https:\/\/www.youtube.com\/channel\/UCv_BE8GeySluDov2n8qhVmw\"],\"url\":\"https:\/\/sulsc.com\/index.php\/author\/redacao\/\"}]}<\/script>\n<!-- \/ Yoast SEO plugin. -->","yoast_head_json":{"title":"Casa \u00e9 arrombada em Jaguaruna -","robots":{"index":"index","follow":"follow","max-snippet":"max-snippet:-1","max-image-preview":"max-image-preview:large","max-video-preview":"max-video-preview:-1"},"canonical":"https:\/\/sulsc.com\/index.php\/2023\/10\/18\/casa-e-arrombada-em-jaguaruna\/","og_locale":"en_US","og_type":"article","og_title":"Casa \u00e9 arrombada em Jaguaruna -","og_description":"Uma tentativa de furto foi registrado na noite esta ter\u00e7a-feira (17), em Balne\u00e1rio Esplanada, Jaguaruna. A guarni\u00e7\u00e3o foi acionada por volta das 20h10, para atender a ocorr\u00eancia. No local os policiais conversaram com um homem. Ele contou que por volta das 13h foram para Crici\u00fama, que iriam voltar no dia seguinte, mas resolveram voltar no &hellip; Casa \u00e9 arrombada em Jaguaruna Read More &raquo;","og_url":"https:\/\/sulsc.com\/index.php\/2023\/10\/18\/casa-e-arrombada-em-jaguaruna\/","article_author":"https:\/\/www.facebook.com\/profile.php?id=61559278119680","article_published_time":"2023-10-18T11:30:55+00:00","article_modified_time":"2023-10-18T11:35:08+00:00","og_image":[{"width":626,"height":417,"url":"https:\/\/sulsc.com\/wp-content\/uploads\/2023\/10\/arrobamento-janela.jpg","type":"image\/jpeg"}],"author":"Reda\u00e7\u00e3o Sul SC","twitter_card":"summary_large_image","twitter_creator":"@https:\/\/twitter.com\/PortalSulSC","twitter_misc":{"Written by":"Reda\u00e7\u00e3o Sul SC","Est. reading time":"1 minute"},"schema":{"@context":"https:\/\/schema.org","@graph":[{"@type":"WebPage","@id":"https:\/\/sulsc.com\/index.php\/2023\/10\/18\/casa-e-arrombada-em-jaguaruna\/","url":"https:\/\/sulsc.com\/index.php\/2023\/10\/18\/casa-e-arrombada-em-jaguaruna\/","name":"Casa \u00e9 arrombada em Jaguaruna -","isPartOf":{"@id":"https:\/\/sulsc.com\/#website"},"datePublished":"2023-10-18T11:30:55+00:00","dateModified":"2023-10-18T11:35:08+00:00","author":{"@id":"https:\/\/sulsc.com\/#\/schema\/person\/84d2fc571684f6248ba83092f07750a3"},"breadcrumb":{"@id":"https:\/\/sulsc.com\/index.php\/2023\/10\/18\/casa-e-arrombada-em-jaguaruna\/#breadcrumb"},"inLanguage":"en-US","potentialAction":[{"@type":"ReadAction","target":["https:\/\/sulsc.com\/index.php\/2023\/10\/18\/casa-e-arrombada-em-jaguaruna\/"]}]},{"@type":"BreadcrumbList","@id":"https:\/\/sulsc.com\/index.php\/2023\/10\/18\/casa-e-arrombada-em-jaguaruna\/#breadcrumb","itemListElement":[{"@type":"ListItem","position":1,"name":"In\u00edcio","item":"https:\/\/sulsc.com\/"},{"@type":"ListItem","position":2,"name":"Casa \u00e9 arrombada em Jaguaruna"}]},{"@type":"WebSite","@id":"https:\/\/sulsc.com\/#website","url":"https:\/\/sulsc.com\/","name":"","description":"","potentialAction":[{"@type":"SearchAction","target":{"@type":"EntryPoint","urlTemplate":"https:\/\/sulsc.com\/?s={search_term_string}"},"query-input":"required name=search_term_string"}],"inLanguage":"en-US"},{"@type":"Person","@id":"https:\/\/sulsc.com\/#\/schema\/person\/84d2fc571684f6248ba83092f07750a3","name":"Reda\u00e7\u00e3o Sul SC","image":{"@type":"ImageObject","inLanguage":"en-US","@id":"https:\/\/sulsc.com\/#\/schema\/person\/image\/e08d7fe2cc4ed596372063bbe852b8d0","url":"https:\/\/sulsc.com\/wp-content\/uploads\/2023\/09\/redacao.png","contentUrl":"https:\/\/sulsc.com\/wp-content\/uploads\/2023\/09\/redacao.png","caption":"Reda\u00e7\u00e3o Sul SC"},"description":"Foco em um jornalismo imparcial, voltado \u00e0 qualidade dos seus conte\u00fados e, assim, levar informa\u00e7\u00e3o de valor que agregue \u00e0 vida dos leitores. Esta \u00e9 grande miss\u00e3o do Portal de Not\u00edcias Sul SC. N\u00e3o \u00e9 quantidade que muda o mundo, sempre foi e seguir\u00e1 sendo qualidade!","sameAs":["https:\/\/sulsc.com\/","https:\/\/www.facebook.com\/profile.php?id=61559278119680","https:\/\/www.instagram.com\/sulscportal\/?hl=pt-br","https:\/\/twitter.com\/https:\/\/twitter.com\/PortalSulSC","https:\/\/www.youtube.com\/channel\/UCv_BE8GeySluDov2n8qhVmw"],"url":"https:\/\/sulsc.com\/index.php\/author\/redacao\/"}]}},"authors":[],"_links":{"self":[{"href":"https:\/\/sulsc.com\/index.php\/wp-json\/wp\/v2\/posts\/2464"}],"collection":[{"href":"https:\/\/sulsc.com\/index.php\/wp-json\/wp\/v2\/posts"}],"about":[{"href":"https:\/\/sulsc.com\/index.php\/wp-json\/wp\/v2\/types\/post"}],"author":[{"embeddable":true,"href":"https:\/\/sulsc.com\/index.php\/wp-json\/wp\/v2\/users\/3"}],"replies":[{"embeddable":true,"href":"https:\/\/sulsc.com\/index.php\/wp-json\/wp\/v2\/comments?post=2464"}],"version-history":[{"count":1,"href":"https:\/\/sulsc.com\/index.php\/wp-json\/wp\/v2\/posts\/2464\/revisions"}],"predecessor-version":[{"id":2467,"href":"https:\/\/sulsc.com\/index.php\/wp-json\/wp\/v2\/posts\/2464\/revisions\/2467"}],"wp:featuredmedia":[{"embeddable":true,"href":"https:\/\/sulsc.com\/index.php\/wp-json\/wp\/v2\/media\/2465"}],"wp:attachment":[{"href":"https:\/\/sulsc.com\/index.php\/wp-json\/wp\/v2\/media?parent=2464"}],"wp:term":[{"taxonomy":"category","embeddable":true,"href":"https:\/\/sulsc.com\/index.php\/wp-json\/wp\/v2\/categories?post=2464"},{"taxonomy":"post_tag","embeddable":true,"href":"https:\/\/sulsc.com\/index.php\/wp-json\/wp\/v2\/tags?post=2464"}],"curies":[{"name":"wp","href":"https:\/\/api.w.org\/{rel}","templated":true}]}}