{"id":24654,"date":"2025-06-18T14:44:34","date_gmt":"2025-06-18T17:44:34","guid":{"rendered":"https:\/\/sulsc.com\/?p=24654"},"modified":"2025-06-18T14:44:34","modified_gmt":"2025-06-18T17:44:34","slug":"chuvas-dos-ultimos-dias-ja-causaram-duas-mortes-no-rs","status":"publish","type":"post","link":"https:\/\/sulsc.com\/index.php\/2025\/06\/18\/chuvas-dos-ultimos-dias-ja-causaram-duas-mortes-no-rs\/","title":{"rendered":"Chuvas dos \u00faltimos dias j\u00e1 causaram duas mortes no RS"},"content":{"rendered":"<p>As fortes chuvas que atingem parte do Rio Grande do Sul desde o \u00faltimo fim de semana j\u00e1 causaram ao menos duas mortes e deixaram uma pessoa desaparecida. Segundo a Defesa Civil estadual, at\u00e9 a manh\u00e3 desta quarta-feira (18),\u00a0o n\u00famero de desalojados (pessoas que tiveram que deixar suas resid\u00eancias e se alojar na casa de parentes, amigos ou hot\u00e9is) chegava a 1.336. Outras 1 mil pessoas est\u00e3o temporariamente em abrigos p\u00fablicos ou de entidades assistenciais.<img decoding=\"async\" src=\"https:\/\/agenciabrasil.ebc.com.br\/ebc.png?id=1647524&amp;o=node\" \/><img decoding=\"async\" src=\"https:\/\/agenciabrasil.ebc.com.br\/ebc.gif?id=1647524&amp;o=node\" \/><\/p>\n<p>Um dos dois \u00f3bitos j\u00e1 confirmados ocorreu em Nova Petr\u00f3polis, munic\u00edpio da Serra Ga\u00facha, a cerca de 100 quil\u00f4metros da capital ga\u00facha, Porto Alegre.\u00a0Trata-se de um jovem de 22 anos cujo nome n\u00e3o foi divulgado.\u00a0Seu corpo foi resgatado de dentro de um carro parcialmente coberto pelas \u00e1guas do Rio Ca\u00ed.<\/p>\n<p><img fetchpriority=\"high\" decoding=\"async\" class=\"aligncenter size-full wp-image-24655\" src=\"http:\/\/sulsc.com\/wp-content\/uploads\/2025\/06\/saveclip.app_509660133_1223643489454524_5753767985297099785_n.jpg\" alt=\"\" width=\"1170\" height=\"700\" srcset=\"https:\/\/sulsc.com\/wp-content\/uploads\/2025\/06\/saveclip.app_509660133_1223643489454524_5753767985297099785_n.jpg 1170w, https:\/\/sulsc.com\/wp-content\/uploads\/2025\/06\/saveclip.app_509660133_1223643489454524_5753767985297099785_n-300x179.jpg 300w, https:\/\/sulsc.com\/wp-content\/uploads\/2025\/06\/saveclip.app_509660133_1223643489454524_5753767985297099785_n-1024x613.jpg 1024w, https:\/\/sulsc.com\/wp-content\/uploads\/2025\/06\/saveclip.app_509660133_1223643489454524_5753767985297099785_n-768x459.jpg 768w\" sizes=\"(max-width: 1170px) 100vw, 1170px\" \/><\/p>\n<p>O ve\u00edculo foi arrastado para o rio ao atravessar a Ponte da Coopera\u00e7\u00e3o, que interliga Nova Petr\u00f3polis e Caxias do Sul.\u00a0Provis\u00f3ria, a ponte foi constru\u00edda com recursos das comunidades locais, da iniciativa privada e de munic\u00edpios da regi\u00e3o, para servir de alternativa \u00e0 antiga ponte da BR-116, levada pelas enchentes de 2024. Parte da estrutura tamb\u00e9m foi levada pela for\u00e7a das \u00e1guas do rio.<\/p>\n<p>A outra morte foi confirmada ontem (17), pela Defesa Civil estadual.\u00a0O corpo de Geneci da Rosa, de 54 anos de idade, foi encontrado em Candel\u00e1ria, cidade da Regi\u00e3o dos Vales, a cerca de 188 quil\u00f4metros de Porto Alegre.\u00a0Ao passar por uma ponte, na manh\u00e3 desta ter\u00e7a-feira, o ve\u00edculo em que Geneci e seu marido estavam foi levado pela correnteza. O marido de Geneci segue desaparecido.<\/p>\n<p>Al\u00e9m das mortes, as chuvas voltaram a causar estragos e transtornos em grande parte do Rio Grande do Sul.\u00a0Ao menos 51 dos 497 munic\u00edpios ga\u00fachos j\u00e1 relataram \u00e0 Defesa Civil estadual registros de danos ou intercorr\u00eancias.\u00a0Em Canoas, na regi\u00e3o metropolitana de Porto Alegre, por exemplo, h\u00e1 ao menos 89 pessoas desalojadas e 28 desabrigados.\u00a0Em um v\u00eddeo divulgado esta manh\u00e3, o prefeito de Canoas, Airton Souza, comentou que pelo menos 29 escolas da cidade foram parcialmente destelhadas.<\/p>\n<p>H\u00e1 trechos totalmente bloqueados \u00e0 passagem de ve\u00edculos em ao menos 16 rodovias estaduais e outras seis t\u00eam trechos parcialmente bloqueados.<\/p>\n<p>Nas redes sociais, o governador Eduardo Leite afirmou que, desde o fim de semana, algumas regi\u00f5es j\u00e1 acumulam mais de 350 mil\u00edmetros de chuva, principalmente na regi\u00e3o noroeste do estado.\u00a0O que, segundo ele, \u00e9 um volume \u201cmuito acima do normal para o per\u00edodo\u201d.<\/p>\n<p>\u201c\u00c9 claro que isso traz muitos transtornos, mas para fazer uma compara\u00e7\u00e3o \u2013 \u00e9 importante para as pessoas, pela mem\u00f3ria que elas t\u00eam [dos temporais que castigaram o estado h\u00e1 pouco mais de um ano].\u00a0Deveremos ter acumulados de [at\u00e9] 450 mil\u00edmetros em v\u00e1rias localidades do estado. Enquanto, no ano passado, nas enchentes de maio, tivemos [um ac\u00famulo de] mais de 1 mil mil\u00edmetros [de precipita\u00e7\u00e3o] generalizada gerando aquele n\u00edvel de situa\u00e7\u00e3o extrema\u201d, comentou Leite, destacando que, apesar de, em alguns locais, a situa\u00e7\u00e3o j\u00e1 pode ser considerada \u201ccr\u00edtica\u201d, at\u00e9 o momento, n\u00e3o h\u00e1 informa\u00e7\u00f5es que apontem para uma situa\u00e7\u00e3o semelhante a que os ga\u00fachos enfrentaram em 2024, quando as consequ\u00eancias dos temporais mataram ao menos 184 pessoas e deixaram 25 desaparecidas.<\/p>\n","protected":false},"excerpt":{"rendered":"<p>As fortes chuvas que atingem parte do Rio Grande do Sul desde o \u00faltimo fim de semana j\u00e1 causaram ao menos duas mortes e deixaram uma pessoa desaparecida. Segundo a Defesa Civil estadual, at\u00e9 a manh\u00e3 desta quarta-feira (18),\u00a0o n\u00famero de desalojados (pessoas que tiveram que deixar suas resid\u00eancias e se alojar na casa de &hellip;<\/p>\n<p class=\"read-more\"> <a class=\"\" href=\"https:\/\/sulsc.com\/index.php\/2025\/06\/18\/chuvas-dos-ultimos-dias-ja-causaram-duas-mortes-no-rs\/\"> <span class=\"screen-reader-text\">Chuvas dos \u00faltimos dias j\u00e1 causaram duas mortes no RS<\/span> Read More &raquo;<\/a><\/p>\n","protected":false},"author":3,"featured_media":24655,"comment_status":"open","ping_status":"open","sticky":false,"template":"","format":"standard","meta":{"site-sidebar-layout":"default","site-content-layout":"","ast-site-content-layout":"default","site-content-style":"default","site-sidebar-style":"default","ast-global-header-display":"","ast-banner-title-visibility":"","ast-main-header-display":"","ast-hfb-above-header-display":"","ast-hfb-below-header-display":"","ast-hfb-mobile-header-display":"","site-post-title":"","ast-breadcrumbs-content":"","ast-featured-img":"","footer-sml-layout":"","theme-transparent-header-meta":"default","adv-header-id-meta":"","stick-header-meta":"","header-above-stick-meta":"","header-main-stick-meta":"","header-below-stick-meta":"","astra-migrate-meta-layouts":"set","footnotes":""},"categories":[38],"tags":[],"yoast_head":"<!-- This site is optimized with the Yoast SEO plugin v21.4 - https:\/\/yoast.com\/wordpress\/plugins\/seo\/ -->\n<title>Chuvas dos \u00faltimos dias j\u00e1 causaram duas mortes no RS -<\/title>\n<meta name=\"robots\" content=\"index, follow, max-snippet:-1, max-image-preview:large, max-video-preview:-1\" \/>\n<link rel=\"canonical\" href=\"https:\/\/sulsc.com\/index.php\/2025\/06\/18\/chuvas-dos-ultimos-dias-ja-causaram-duas-mortes-no-rs\/\" \/>\n<meta property=\"og:locale\" content=\"en_US\" \/>\n<meta property=\"og:type\" content=\"article\" \/>\n<meta property=\"og:title\" content=\"Chuvas dos \u00faltimos dias j\u00e1 causaram duas mortes no RS -\" \/>\n<meta property=\"og:description\" content=\"As fortes chuvas que atingem parte do Rio Grande do Sul desde o \u00faltimo fim de semana j\u00e1 causaram ao menos duas mortes e deixaram uma pessoa desaparecida. Segundo a Defesa Civil estadual, at\u00e9 a manh\u00e3 desta quarta-feira (18),\u00a0o n\u00famero de desalojados (pessoas que tiveram que deixar suas resid\u00eancias e se alojar na casa de &hellip; Chuvas dos \u00faltimos dias j\u00e1 causaram duas mortes no RS Read More &raquo;\" \/>\n<meta property=\"og:url\" content=\"https:\/\/sulsc.com\/index.php\/2025\/06\/18\/chuvas-dos-ultimos-dias-ja-causaram-duas-mortes-no-rs\/\" \/>\n<meta property=\"article:author\" content=\"https:\/\/www.facebook.com\/profile.php?id=61559278119680\" \/>\n<meta property=\"article:published_time\" content=\"2025-06-18T17:44:34+00:00\" \/>\n<meta property=\"og:image\" content=\"http:\/\/sulsc.com\/wp-content\/uploads\/2025\/06\/saveclip.app_509660133_1223643489454524_5753767985297099785_n.jpg\" \/>\n\t<meta property=\"og:image:width\" content=\"1170\" \/>\n\t<meta property=\"og:image:height\" content=\"700\" \/>\n\t<meta property=\"og:image:type\" content=\"image\/jpeg\" \/>\n<meta name=\"author\" content=\"Reda\u00e7\u00e3o Sul SC\" \/>\n<meta name=\"twitter:card\" content=\"summary_large_image\" \/>\n<meta name=\"twitter:creator\" content=\"@https:\/\/twitter.com\/PortalSulSC\" \/>\n<meta name=\"twitter:label1\" content=\"Written by\" \/>\n\t<meta name=\"twitter:data1\" content=\"Reda\u00e7\u00e3o Sul SC\" \/>\n\t<meta name=\"twitter:label2\" content=\"Est. reading time\" \/>\n\t<meta name=\"twitter:data2\" content=\"3 minutes\" \/>\n<script type=\"application\/ld+json\" class=\"yoast-schema-graph\">{\"@context\":\"https:\/\/schema.org\",\"@graph\":[{\"@type\":\"WebPage\",\"@id\":\"https:\/\/sulsc.com\/index.php\/2025\/06\/18\/chuvas-dos-ultimos-dias-ja-causaram-duas-mortes-no-rs\/\",\"url\":\"https:\/\/sulsc.com\/index.php\/2025\/06\/18\/chuvas-dos-ultimos-dias-ja-causaram-duas-mortes-no-rs\/\",\"name\":\"Chuvas dos \u00faltimos dias j\u00e1 causaram duas mortes no RS -\",\"isPartOf\":{\"@id\":\"https:\/\/sulsc.com\/#website\"},\"datePublished\":\"2025-06-18T17:44:34+00:00\",\"dateModified\":\"2025-06-18T17:44:34+00:00\",\"author\":{\"@id\":\"https:\/\/sulsc.com\/#\/schema\/person\/84d2fc571684f6248ba83092f07750a3\"},\"breadcrumb\":{\"@id\":\"https:\/\/sulsc.com\/index.php\/2025\/06\/18\/chuvas-dos-ultimos-dias-ja-causaram-duas-mortes-no-rs\/#breadcrumb\"},\"inLanguage\":\"en-US\",\"potentialAction\":[{\"@type\":\"ReadAction\",\"target\":[\"https:\/\/sulsc.com\/index.php\/2025\/06\/18\/chuvas-dos-ultimos-dias-ja-causaram-duas-mortes-no-rs\/\"]}]},{\"@type\":\"BreadcrumbList\",\"@id\":\"https:\/\/sulsc.com\/index.php\/2025\/06\/18\/chuvas-dos-ultimos-dias-ja-causaram-duas-mortes-no-rs\/#breadcrumb\",\"itemListElement\":[{\"@type\":\"ListItem\",\"position\":1,\"name\":\"In\u00edcio\",\"item\":\"https:\/\/sulsc.com\/\"},{\"@type\":\"ListItem\",\"position\":2,\"name\":\"Chuvas dos \u00faltimos dias j\u00e1 causaram duas mortes no RS\"}]},{\"@type\":\"WebSite\",\"@id\":\"https:\/\/sulsc.com\/#website\",\"url\":\"https:\/\/sulsc.com\/\",\"name\":\"\",\"description\":\"\",\"potentialAction\":[{\"@type\":\"SearchAction\",\"target\":{\"@type\":\"EntryPoint\",\"urlTemplate\":\"https:\/\/sulsc.com\/?s={search_term_string}\"},\"query-input\":\"required name=search_term_string\"}],\"inLanguage\":\"en-US\"},{\"@type\":\"Person\",\"@id\":\"https:\/\/sulsc.com\/#\/schema\/person\/84d2fc571684f6248ba83092f07750a3\",\"name\":\"Reda\u00e7\u00e3o Sul SC\",\"image\":{\"@type\":\"ImageObject\",\"inLanguage\":\"en-US\",\"@id\":\"https:\/\/sulsc.com\/#\/schema\/person\/image\/e08d7fe2cc4ed596372063bbe852b8d0\",\"url\":\"https:\/\/sulsc.com\/wp-content\/uploads\/2023\/09\/redacao.png\",\"contentUrl\":\"https:\/\/sulsc.com\/wp-content\/uploads\/2023\/09\/redacao.png\",\"caption\":\"Reda\u00e7\u00e3o Sul SC\"},\"description\":\"Foco em um jornalismo imparcial, voltado \u00e0 qualidade dos seus conte\u00fados e, assim, levar informa\u00e7\u00e3o de valor que agregue \u00e0 vida dos leitores. Esta \u00e9 grande miss\u00e3o do Portal de Not\u00edcias Sul SC. N\u00e3o \u00e9 quantidade que muda o mundo, sempre foi e seguir\u00e1 sendo qualidade!\",\"sameAs\":[\"https:\/\/sulsc.com\/\",\"https:\/\/www.facebook.com\/profile.php?id=61559278119680\",\"https:\/\/www.instagram.com\/sulscportal\/?hl=pt-br\",\"https:\/\/twitter.com\/https:\/\/twitter.com\/PortalSulSC\",\"https:\/\/www.youtube.com\/channel\/UCv_BE8GeySluDov2n8qhVmw\"],\"url\":\"https:\/\/sulsc.com\/index.php\/author\/redacao\/\"}]}<\/script>\n<!-- \/ Yoast SEO plugin. -->","yoast_head_json":{"title":"Chuvas dos \u00faltimos dias j\u00e1 causaram duas mortes no RS -","robots":{"index":"index","follow":"follow","max-snippet":"max-snippet:-1","max-image-preview":"max-image-preview:large","max-video-preview":"max-video-preview:-1"},"canonical":"https:\/\/sulsc.com\/index.php\/2025\/06\/18\/chuvas-dos-ultimos-dias-ja-causaram-duas-mortes-no-rs\/","og_locale":"en_US","og_type":"article","og_title":"Chuvas dos \u00faltimos dias j\u00e1 causaram duas mortes no RS -","og_description":"As fortes chuvas que atingem parte do Rio Grande do Sul desde o \u00faltimo fim de semana j\u00e1 causaram ao menos duas mortes e deixaram uma pessoa desaparecida. Segundo a Defesa Civil estadual, at\u00e9 a manh\u00e3 desta quarta-feira (18),\u00a0o n\u00famero de desalojados (pessoas que tiveram que deixar suas resid\u00eancias e se alojar na casa de &hellip; Chuvas dos \u00faltimos dias j\u00e1 causaram duas mortes no RS Read More &raquo;","og_url":"https:\/\/sulsc.com\/index.php\/2025\/06\/18\/chuvas-dos-ultimos-dias-ja-causaram-duas-mortes-no-rs\/","article_author":"https:\/\/www.facebook.com\/profile.php?id=61559278119680","article_published_time":"2025-06-18T17:44:34+00:00","og_image":[{"width":1170,"height":700,"url":"http:\/\/sulsc.com\/wp-content\/uploads\/2025\/06\/saveclip.app_509660133_1223643489454524_5753767985297099785_n.jpg","type":"image\/jpeg"}],"author":"Reda\u00e7\u00e3o Sul SC","twitter_card":"summary_large_image","twitter_creator":"@https:\/\/twitter.com\/PortalSulSC","twitter_misc":{"Written by":"Reda\u00e7\u00e3o Sul SC","Est. reading time":"3 minutes"},"schema":{"@context":"https:\/\/schema.org","@graph":[{"@type":"WebPage","@id":"https:\/\/sulsc.com\/index.php\/2025\/06\/18\/chuvas-dos-ultimos-dias-ja-causaram-duas-mortes-no-rs\/","url":"https:\/\/sulsc.com\/index.php\/2025\/06\/18\/chuvas-dos-ultimos-dias-ja-causaram-duas-mortes-no-rs\/","name":"Chuvas dos \u00faltimos dias j\u00e1 causaram duas mortes no RS -","isPartOf":{"@id":"https:\/\/sulsc.com\/#website"},"datePublished":"2025-06-18T17:44:34+00:00","dateModified":"2025-06-18T17:44:34+00:00","author":{"@id":"https:\/\/sulsc.com\/#\/schema\/person\/84d2fc571684f6248ba83092f07750a3"},"breadcrumb":{"@id":"https:\/\/sulsc.com\/index.php\/2025\/06\/18\/chuvas-dos-ultimos-dias-ja-causaram-duas-mortes-no-rs\/#breadcrumb"},"inLanguage":"en-US","potentialAction":[{"@type":"ReadAction","target":["https:\/\/sulsc.com\/index.php\/2025\/06\/18\/chuvas-dos-ultimos-dias-ja-causaram-duas-mortes-no-rs\/"]}]},{"@type":"BreadcrumbList","@id":"https:\/\/sulsc.com\/index.php\/2025\/06\/18\/chuvas-dos-ultimos-dias-ja-causaram-duas-mortes-no-rs\/#breadcrumb","itemListElement":[{"@type":"ListItem","position":1,"name":"In\u00edcio","item":"https:\/\/sulsc.com\/"},{"@type":"ListItem","position":2,"name":"Chuvas dos \u00faltimos dias j\u00e1 causaram duas mortes no RS"}]},{"@type":"WebSite","@id":"https:\/\/sulsc.com\/#website","url":"https:\/\/sulsc.com\/","name":"","description":"","potentialAction":[{"@type":"SearchAction","target":{"@type":"EntryPoint","urlTemplate":"https:\/\/sulsc.com\/?s={search_term_string}"},"query-input":"required name=search_term_string"}],"inLanguage":"en-US"},{"@type":"Person","@id":"https:\/\/sulsc.com\/#\/schema\/person\/84d2fc571684f6248ba83092f07750a3","name":"Reda\u00e7\u00e3o Sul SC","image":{"@type":"ImageObject","inLanguage":"en-US","@id":"https:\/\/sulsc.com\/#\/schema\/person\/image\/e08d7fe2cc4ed596372063bbe852b8d0","url":"https:\/\/sulsc.com\/wp-content\/uploads\/2023\/09\/redacao.png","contentUrl":"https:\/\/sulsc.com\/wp-content\/uploads\/2023\/09\/redacao.png","caption":"Reda\u00e7\u00e3o Sul SC"},"description":"Foco em um jornalismo imparcial, voltado \u00e0 qualidade dos seus conte\u00fados e, assim, levar informa\u00e7\u00e3o de valor que agregue \u00e0 vida dos leitores. Esta \u00e9 grande miss\u00e3o do Portal de Not\u00edcias Sul SC. N\u00e3o \u00e9 quantidade que muda o mundo, sempre foi e seguir\u00e1 sendo qualidade!","sameAs":["https:\/\/sulsc.com\/","https:\/\/www.facebook.com\/profile.php?id=61559278119680","https:\/\/www.instagram.com\/sulscportal\/?hl=pt-br","https:\/\/twitter.com\/https:\/\/twitter.com\/PortalSulSC","https:\/\/www.youtube.com\/channel\/UCv_BE8GeySluDov2n8qhVmw"],"url":"https:\/\/sulsc.com\/index.php\/author\/redacao\/"}]}},"authors":[],"_links":{"self":[{"href":"https:\/\/sulsc.com\/index.php\/wp-json\/wp\/v2\/posts\/24654"}],"collection":[{"href":"https:\/\/sulsc.com\/index.php\/wp-json\/wp\/v2\/posts"}],"about":[{"href":"https:\/\/sulsc.com\/index.php\/wp-json\/wp\/v2\/types\/post"}],"author":[{"embeddable":true,"href":"https:\/\/sulsc.com\/index.php\/wp-json\/wp\/v2\/users\/3"}],"replies":[{"embeddable":true,"href":"https:\/\/sulsc.com\/index.php\/wp-json\/wp\/v2\/comments?post=24654"}],"version-history":[{"count":1,"href":"https:\/\/sulsc.com\/index.php\/wp-json\/wp\/v2\/posts\/24654\/revisions"}],"predecessor-version":[{"id":24656,"href":"https:\/\/sulsc.com\/index.php\/wp-json\/wp\/v2\/posts\/24654\/revisions\/24656"}],"wp:featuredmedia":[{"embeddable":true,"href":"https:\/\/sulsc.com\/index.php\/wp-json\/wp\/v2\/media\/24655"}],"wp:attachment":[{"href":"https:\/\/sulsc.com\/index.php\/wp-json\/wp\/v2\/media?parent=24654"}],"wp:term":[{"taxonomy":"category","embeddable":true,"href":"https:\/\/sulsc.com\/index.php\/wp-json\/wp\/v2\/categories?post=24654"},{"taxonomy":"post_tag","embeddable":true,"href":"https:\/\/sulsc.com\/index.php\/wp-json\/wp\/v2\/tags?post=24654"}],"curies":[{"name":"wp","href":"https:\/\/api.w.org\/{rel}","templated":true}]}}