{"id":24667,"date":"2025-06-18T17:47:28","date_gmt":"2025-06-18T20:47:28","guid":{"rendered":"https:\/\/sulsc.com\/?p=24667"},"modified":"2025-06-18T17:47:28","modified_gmt":"2025-06-18T20:47:28","slug":"sc-tem-previsao-de-chuva-intensa-e-risco-de-temporais-entre-quinta-e-sexta-feira","status":"publish","type":"post","link":"https:\/\/sulsc.com\/index.php\/2025\/06\/18\/sc-tem-previsao-de-chuva-intensa-e-risco-de-temporais-entre-quinta-e-sexta-feira\/","title":{"rendered":"SC tem previs\u00e3o de chuva intensa e risco de temporais entre quinta e sexta-feira"},"content":{"rendered":"<p>A Secretaria de Estado da Prote\u00e7\u00e3o e Defesa Civil de Santa Catarina (SDC\/SC) emitiu um aviso de aten\u00e7\u00e3o meteorol\u00f3gica para o per\u00edodo entre a madrugada de quinta-feira, 19, e sexta-feira, 20. A previs\u00e3o indica o retorno da chuva intensa, com risco moderado a alto para alagamentos e enxurradas pontuais, principalmente nas regi\u00f5es do Oeste, Meio-Oeste, Extremo Oeste e Sul do estado.<\/p>\n<p>Al\u00e9m da chuva volumosa, tamb\u00e9m h\u00e1 condi\u00e7\u00e3o para a ocorr\u00eancia de temporais isolados, que podem ser acompanhados de raios, rajadas de vento e eventual queda de granizo, com risco baixo a moderado para danos, como destelhamentos, quedas de galhos e interrup\u00e7\u00f5es no fornecimento de energia.<\/p>\n<p><img fetchpriority=\"high\" decoding=\"async\" class=\"aligncenter  wp-image-24669\" src=\"http:\/\/sulsc.com\/wp-content\/uploads\/2025\/06\/Aviso-19-20-Junho.png\" alt=\"\" width=\"722\" height=\"435\" srcset=\"https:\/\/sulsc.com\/wp-content\/uploads\/2025\/06\/Aviso-19-20-Junho.png 1024w, https:\/\/sulsc.com\/wp-content\/uploads\/2025\/06\/Aviso-19-20-Junho-300x181.png 300w, https:\/\/sulsc.com\/wp-content\/uploads\/2025\/06\/Aviso-19-20-Junho-768x463.png 768w\" sizes=\"(max-width: 722px) 100vw, 722px\" \/><\/p>\n<p>O cen\u00e1rio se forma devido \u00e0 atua\u00e7\u00e3o de um sistema de baixa press\u00e3o no Sul do Brasil, que avan\u00e7a a partir da divisa com o Rio Grande do Sul durante a madrugada de quinta-feira, 19, espalhando-se para as demais regi\u00f5es catarinenses ao longo do dia. O deslocamento desse sistema em dire\u00e7\u00e3o ao oceano deve ocorrer apenas no final da sexta-feira, 20.<\/p>\n<p>Diante desse cen\u00e1rio, a Defesa Civil de Santa Catarina orienta a popula\u00e7\u00e3o a acompanhar os avisos e atualiza\u00e7\u00f5es por meio dos canais oficiais e a adotar medidas preventivas, especialmente em \u00e1reas com hist\u00f3rico de alagamentos e enxurradas.<\/p>\n<p>Em caso de emerg\u00eancia, acione a Defesa Civil pelo telefone 199 ou o Corpo de Bombeiros pelo 193. Para receber alertas diretamente no celular, envie seu CEP por SMS para 40199.<\/p>\n<p>&nbsp;<\/p>\n<p>&nbsp;<\/p>\n<p>&nbsp;<\/p>\n","protected":false},"excerpt":{"rendered":"<p>A Secretaria de Estado da Prote\u00e7\u00e3o e Defesa Civil de Santa Catarina (SDC\/SC) emitiu um aviso de aten\u00e7\u00e3o meteorol\u00f3gica para o per\u00edodo entre a madrugada de quinta-feira, 19, e sexta-feira, 20. A previs\u00e3o indica o retorno da chuva intensa, com risco moderado a alto para alagamentos e enxurradas pontuais, principalmente nas regi\u00f5es do Oeste, Meio-Oeste, &hellip;<\/p>\n<p class=\"read-more\"> <a class=\"\" href=\"https:\/\/sulsc.com\/index.php\/2025\/06\/18\/sc-tem-previsao-de-chuva-intensa-e-risco-de-temporais-entre-quinta-e-sexta-feira\/\"> <span class=\"screen-reader-text\">SC tem previs\u00e3o de chuva intensa e risco de temporais entre quinta e sexta-feira<\/span> Read More &raquo;<\/a><\/p>\n","protected":false},"author":3,"featured_media":24668,"comment_status":"open","ping_status":"open","sticky":false,"template":"","format":"standard","meta":{"site-sidebar-layout":"default","site-content-layout":"","ast-site-content-layout":"default","site-content-style":"default","site-sidebar-style":"default","ast-global-header-display":"","ast-banner-title-visibility":"","ast-main-header-display":"","ast-hfb-above-header-display":"","ast-hfb-below-header-display":"","ast-hfb-mobile-header-display":"","site-post-title":"","ast-breadcrumbs-content":"","ast-featured-img":"","footer-sml-layout":"","theme-transparent-header-meta":"default","adv-header-id-meta":"","stick-header-meta":"","header-above-stick-meta":"","header-main-stick-meta":"","header-below-stick-meta":"","astra-migrate-meta-layouts":"set","footnotes":""},"categories":[38],"tags":[],"yoast_head":"<!-- This site is optimized with the Yoast SEO plugin v21.4 - https:\/\/yoast.com\/wordpress\/plugins\/seo\/ -->\n<title>SC tem previs\u00e3o de chuva intensa e risco de temporais entre quinta e sexta-feira -<\/title>\n<meta name=\"robots\" content=\"index, follow, max-snippet:-1, max-image-preview:large, max-video-preview:-1\" \/>\n<link rel=\"canonical\" href=\"https:\/\/sulsc.com\/index.php\/2025\/06\/18\/sc-tem-previsao-de-chuva-intensa-e-risco-de-temporais-entre-quinta-e-sexta-feira\/\" \/>\n<meta property=\"og:locale\" content=\"en_US\" \/>\n<meta property=\"og:type\" content=\"article\" \/>\n<meta property=\"og:title\" content=\"SC tem previs\u00e3o de chuva intensa e risco de temporais entre quinta e sexta-feira -\" \/>\n<meta property=\"og:description\" content=\"A Secretaria de Estado da Prote\u00e7\u00e3o e Defesa Civil de Santa Catarina (SDC\/SC) emitiu um aviso de aten\u00e7\u00e3o meteorol\u00f3gica para o per\u00edodo entre a madrugada de quinta-feira, 19, e sexta-feira, 20. A previs\u00e3o indica o retorno da chuva intensa, com risco moderado a alto para alagamentos e enxurradas pontuais, principalmente nas regi\u00f5es do Oeste, Meio-Oeste, &hellip; SC tem previs\u00e3o de chuva intensa e risco de temporais entre quinta e sexta-feira Read More &raquo;\" \/>\n<meta property=\"og:url\" content=\"https:\/\/sulsc.com\/index.php\/2025\/06\/18\/sc-tem-previsao-de-chuva-intensa-e-risco-de-temporais-entre-quinta-e-sexta-feira\/\" \/>\n<meta property=\"article:author\" content=\"https:\/\/www.facebook.com\/profile.php?id=61559278119680\" \/>\n<meta property=\"article:published_time\" content=\"2025-06-18T20:47:28+00:00\" \/>\n<meta property=\"og:image\" content=\"http:\/\/sulsc.com\/wp-content\/uploads\/2025\/06\/2023040223100242-5545890785503506055-.jpg\" \/>\n\t<meta property=\"og:image:width\" content=\"1200\" \/>\n\t<meta property=\"og:image:height\" content=\"773\" \/>\n\t<meta property=\"og:image:type\" content=\"image\/jpeg\" \/>\n<meta name=\"author\" content=\"Reda\u00e7\u00e3o Sul SC\" \/>\n<meta name=\"twitter:card\" content=\"summary_large_image\" \/>\n<meta name=\"twitter:creator\" content=\"@https:\/\/twitter.com\/PortalSulSC\" \/>\n<meta name=\"twitter:label1\" content=\"Written by\" \/>\n\t<meta name=\"twitter:data1\" content=\"Reda\u00e7\u00e3o Sul SC\" \/>\n\t<meta name=\"twitter:label2\" content=\"Est. reading time\" \/>\n\t<meta name=\"twitter:data2\" content=\"2 minutes\" \/>\n<script type=\"application\/ld+json\" class=\"yoast-schema-graph\">{\"@context\":\"https:\/\/schema.org\",\"@graph\":[{\"@type\":\"WebPage\",\"@id\":\"https:\/\/sulsc.com\/index.php\/2025\/06\/18\/sc-tem-previsao-de-chuva-intensa-e-risco-de-temporais-entre-quinta-e-sexta-feira\/\",\"url\":\"https:\/\/sulsc.com\/index.php\/2025\/06\/18\/sc-tem-previsao-de-chuva-intensa-e-risco-de-temporais-entre-quinta-e-sexta-feira\/\",\"name\":\"SC tem previs\u00e3o de chuva intensa e risco de temporais entre quinta e sexta-feira -\",\"isPartOf\":{\"@id\":\"https:\/\/sulsc.com\/#website\"},\"datePublished\":\"2025-06-18T20:47:28+00:00\",\"dateModified\":\"2025-06-18T20:47:28+00:00\",\"author\":{\"@id\":\"https:\/\/sulsc.com\/#\/schema\/person\/84d2fc571684f6248ba83092f07750a3\"},\"breadcrumb\":{\"@id\":\"https:\/\/sulsc.com\/index.php\/2025\/06\/18\/sc-tem-previsao-de-chuva-intensa-e-risco-de-temporais-entre-quinta-e-sexta-feira\/#breadcrumb\"},\"inLanguage\":\"en-US\",\"potentialAction\":[{\"@type\":\"ReadAction\",\"target\":[\"https:\/\/sulsc.com\/index.php\/2025\/06\/18\/sc-tem-previsao-de-chuva-intensa-e-risco-de-temporais-entre-quinta-e-sexta-feira\/\"]}]},{\"@type\":\"BreadcrumbList\",\"@id\":\"https:\/\/sulsc.com\/index.php\/2025\/06\/18\/sc-tem-previsao-de-chuva-intensa-e-risco-de-temporais-entre-quinta-e-sexta-feira\/#breadcrumb\",\"itemListElement\":[{\"@type\":\"ListItem\",\"position\":1,\"name\":\"In\u00edcio\",\"item\":\"https:\/\/sulsc.com\/\"},{\"@type\":\"ListItem\",\"position\":2,\"name\":\"SC tem previs\u00e3o de chuva intensa e risco de temporais entre quinta e sexta-feira\"}]},{\"@type\":\"WebSite\",\"@id\":\"https:\/\/sulsc.com\/#website\",\"url\":\"https:\/\/sulsc.com\/\",\"name\":\"\",\"description\":\"\",\"potentialAction\":[{\"@type\":\"SearchAction\",\"target\":{\"@type\":\"EntryPoint\",\"urlTemplate\":\"https:\/\/sulsc.com\/?s={search_term_string}\"},\"query-input\":\"required name=search_term_string\"}],\"inLanguage\":\"en-US\"},{\"@type\":\"Person\",\"@id\":\"https:\/\/sulsc.com\/#\/schema\/person\/84d2fc571684f6248ba83092f07750a3\",\"name\":\"Reda\u00e7\u00e3o Sul SC\",\"image\":{\"@type\":\"ImageObject\",\"inLanguage\":\"en-US\",\"@id\":\"https:\/\/sulsc.com\/#\/schema\/person\/image\/e08d7fe2cc4ed596372063bbe852b8d0\",\"url\":\"https:\/\/sulsc.com\/wp-content\/uploads\/2023\/09\/redacao.png\",\"contentUrl\":\"https:\/\/sulsc.com\/wp-content\/uploads\/2023\/09\/redacao.png\",\"caption\":\"Reda\u00e7\u00e3o Sul SC\"},\"description\":\"Foco em um jornalismo imparcial, voltado \u00e0 qualidade dos seus conte\u00fados e, assim, levar informa\u00e7\u00e3o de valor que agregue \u00e0 vida dos leitores. Esta \u00e9 grande miss\u00e3o do Portal de Not\u00edcias Sul SC. N\u00e3o \u00e9 quantidade que muda o mundo, sempre foi e seguir\u00e1 sendo qualidade!\",\"sameAs\":[\"https:\/\/sulsc.com\/\",\"https:\/\/www.facebook.com\/profile.php?id=61559278119680\",\"https:\/\/www.instagram.com\/sulscportal\/?hl=pt-br\",\"https:\/\/twitter.com\/https:\/\/twitter.com\/PortalSulSC\",\"https:\/\/www.youtube.com\/channel\/UCv_BE8GeySluDov2n8qhVmw\"],\"url\":\"https:\/\/sulsc.com\/index.php\/author\/redacao\/\"}]}<\/script>\n<!-- \/ Yoast SEO plugin. -->","yoast_head_json":{"title":"SC tem previs\u00e3o de chuva intensa e risco de temporais entre quinta e sexta-feira -","robots":{"index":"index","follow":"follow","max-snippet":"max-snippet:-1","max-image-preview":"max-image-preview:large","max-video-preview":"max-video-preview:-1"},"canonical":"https:\/\/sulsc.com\/index.php\/2025\/06\/18\/sc-tem-previsao-de-chuva-intensa-e-risco-de-temporais-entre-quinta-e-sexta-feira\/","og_locale":"en_US","og_type":"article","og_title":"SC tem previs\u00e3o de chuva intensa e risco de temporais entre quinta e sexta-feira -","og_description":"A Secretaria de Estado da Prote\u00e7\u00e3o e Defesa Civil de Santa Catarina (SDC\/SC) emitiu um aviso de aten\u00e7\u00e3o meteorol\u00f3gica para o per\u00edodo entre a madrugada de quinta-feira, 19, e sexta-feira, 20. A previs\u00e3o indica o retorno da chuva intensa, com risco moderado a alto para alagamentos e enxurradas pontuais, principalmente nas regi\u00f5es do Oeste, Meio-Oeste, &hellip; SC tem previs\u00e3o de chuva intensa e risco de temporais entre quinta e sexta-feira Read More &raquo;","og_url":"https:\/\/sulsc.com\/index.php\/2025\/06\/18\/sc-tem-previsao-de-chuva-intensa-e-risco-de-temporais-entre-quinta-e-sexta-feira\/","article_author":"https:\/\/www.facebook.com\/profile.php?id=61559278119680","article_published_time":"2025-06-18T20:47:28+00:00","og_image":[{"width":1200,"height":773,"url":"http:\/\/sulsc.com\/wp-content\/uploads\/2025\/06\/2023040223100242-5545890785503506055-.jpg","type":"image\/jpeg"}],"author":"Reda\u00e7\u00e3o Sul SC","twitter_card":"summary_large_image","twitter_creator":"@https:\/\/twitter.com\/PortalSulSC","twitter_misc":{"Written by":"Reda\u00e7\u00e3o Sul SC","Est. reading time":"2 minutes"},"schema":{"@context":"https:\/\/schema.org","@graph":[{"@type":"WebPage","@id":"https:\/\/sulsc.com\/index.php\/2025\/06\/18\/sc-tem-previsao-de-chuva-intensa-e-risco-de-temporais-entre-quinta-e-sexta-feira\/","url":"https:\/\/sulsc.com\/index.php\/2025\/06\/18\/sc-tem-previsao-de-chuva-intensa-e-risco-de-temporais-entre-quinta-e-sexta-feira\/","name":"SC tem previs\u00e3o de chuva intensa e risco de temporais entre quinta e sexta-feira -","isPartOf":{"@id":"https:\/\/sulsc.com\/#website"},"datePublished":"2025-06-18T20:47:28+00:00","dateModified":"2025-06-18T20:47:28+00:00","author":{"@id":"https:\/\/sulsc.com\/#\/schema\/person\/84d2fc571684f6248ba83092f07750a3"},"breadcrumb":{"@id":"https:\/\/sulsc.com\/index.php\/2025\/06\/18\/sc-tem-previsao-de-chuva-intensa-e-risco-de-temporais-entre-quinta-e-sexta-feira\/#breadcrumb"},"inLanguage":"en-US","potentialAction":[{"@type":"ReadAction","target":["https:\/\/sulsc.com\/index.php\/2025\/06\/18\/sc-tem-previsao-de-chuva-intensa-e-risco-de-temporais-entre-quinta-e-sexta-feira\/"]}]},{"@type":"BreadcrumbList","@id":"https:\/\/sulsc.com\/index.php\/2025\/06\/18\/sc-tem-previsao-de-chuva-intensa-e-risco-de-temporais-entre-quinta-e-sexta-feira\/#breadcrumb","itemListElement":[{"@type":"ListItem","position":1,"name":"In\u00edcio","item":"https:\/\/sulsc.com\/"},{"@type":"ListItem","position":2,"name":"SC tem previs\u00e3o de chuva intensa e risco de temporais entre quinta e sexta-feira"}]},{"@type":"WebSite","@id":"https:\/\/sulsc.com\/#website","url":"https:\/\/sulsc.com\/","name":"","description":"","potentialAction":[{"@type":"SearchAction","target":{"@type":"EntryPoint","urlTemplate":"https:\/\/sulsc.com\/?s={search_term_string}"},"query-input":"required name=search_term_string"}],"inLanguage":"en-US"},{"@type":"Person","@id":"https:\/\/sulsc.com\/#\/schema\/person\/84d2fc571684f6248ba83092f07750a3","name":"Reda\u00e7\u00e3o Sul SC","image":{"@type":"ImageObject","inLanguage":"en-US","@id":"https:\/\/sulsc.com\/#\/schema\/person\/image\/e08d7fe2cc4ed596372063bbe852b8d0","url":"https:\/\/sulsc.com\/wp-content\/uploads\/2023\/09\/redacao.png","contentUrl":"https:\/\/sulsc.com\/wp-content\/uploads\/2023\/09\/redacao.png","caption":"Reda\u00e7\u00e3o Sul SC"},"description":"Foco em um jornalismo imparcial, voltado \u00e0 qualidade dos seus conte\u00fados e, assim, levar informa\u00e7\u00e3o de valor que agregue \u00e0 vida dos leitores. Esta \u00e9 grande miss\u00e3o do Portal de Not\u00edcias Sul SC. N\u00e3o \u00e9 quantidade que muda o mundo, sempre foi e seguir\u00e1 sendo qualidade!","sameAs":["https:\/\/sulsc.com\/","https:\/\/www.facebook.com\/profile.php?id=61559278119680","https:\/\/www.instagram.com\/sulscportal\/?hl=pt-br","https:\/\/twitter.com\/https:\/\/twitter.com\/PortalSulSC","https:\/\/www.youtube.com\/channel\/UCv_BE8GeySluDov2n8qhVmw"],"url":"https:\/\/sulsc.com\/index.php\/author\/redacao\/"}]}},"authors":[],"_links":{"self":[{"href":"https:\/\/sulsc.com\/index.php\/wp-json\/wp\/v2\/posts\/24667"}],"collection":[{"href":"https:\/\/sulsc.com\/index.php\/wp-json\/wp\/v2\/posts"}],"about":[{"href":"https:\/\/sulsc.com\/index.php\/wp-json\/wp\/v2\/types\/post"}],"author":[{"embeddable":true,"href":"https:\/\/sulsc.com\/index.php\/wp-json\/wp\/v2\/users\/3"}],"replies":[{"embeddable":true,"href":"https:\/\/sulsc.com\/index.php\/wp-json\/wp\/v2\/comments?post=24667"}],"version-history":[{"count":1,"href":"https:\/\/sulsc.com\/index.php\/wp-json\/wp\/v2\/posts\/24667\/revisions"}],"predecessor-version":[{"id":24670,"href":"https:\/\/sulsc.com\/index.php\/wp-json\/wp\/v2\/posts\/24667\/revisions\/24670"}],"wp:featuredmedia":[{"embeddable":true,"href":"https:\/\/sulsc.com\/index.php\/wp-json\/wp\/v2\/media\/24668"}],"wp:attachment":[{"href":"https:\/\/sulsc.com\/index.php\/wp-json\/wp\/v2\/media?parent=24667"}],"wp:term":[{"taxonomy":"category","embeddable":true,"href":"https:\/\/sulsc.com\/index.php\/wp-json\/wp\/v2\/categories?post=24667"},{"taxonomy":"post_tag","embeddable":true,"href":"https:\/\/sulsc.com\/index.php\/wp-json\/wp\/v2\/tags?post=24667"}],"curies":[{"name":"wp","href":"https:\/\/api.w.org\/{rel}","templated":true}]}}