{"id":24711,"date":"2025-06-21T10:42:13","date_gmt":"2025-06-21T13:42:13","guid":{"rendered":"https:\/\/sulsc.com\/?p=24711"},"modified":"2025-06-21T10:42:13","modified_gmt":"2025-06-21T13:42:13","slug":"sabado-21-de-ensolarado-e-de-temperaturas-amenas","status":"publish","type":"post","link":"https:\/\/sulsc.com\/index.php\/2025\/06\/21\/sabado-21-de-ensolarado-e-de-temperaturas-amenas\/","title":{"rendered":"S\u00e1bado (21) de ensolarado e de temperaturas amenas"},"content":{"rendered":"<p>No s\u00e1bado (21), uma alta press\u00e3o favorece o tempo firme em Santa Catarina. O dia amanhece com temperaturas baixas e com a presen\u00e7a de nevoeiros pelo estado, que se dissipam no decorrer da manh\u00e3 e d\u00e3o lugar ao sol. As m\u00ednimas variam entre 7 e 12\u00b0C no Grande Oeste, Planaltos e Alto Vale, chegando a valores menores na Serra.<\/p>\n<p>No litoral as m\u00ednimas ficam em torno dos 12\u00b0C. \u00c0 tarde as m\u00ednimas n\u00e3o passam dos 20\u00b0C na maioria das \u00e1reas, chegando aos 24\u00b0C apenas entre o Vale do Itaja\u00ed e o Litoral Norte. O vento sopra do quadrante sul e deixa o mar agitado entre o Litoral Sul e a Grande Florian\u00f3polis, com ondas entre 2,0 e 2,5 m e picos de 3,0 m em alto mar.<\/p>\n<p><img fetchpriority=\"high\" decoding=\"async\" class=\"aligncenter  wp-image-24713\" src=\"http:\/\/sulsc.com\/wp-content\/uploads\/2025\/06\/a-12.png\" alt=\"\" width=\"700\" height=\"476\" srcset=\"https:\/\/sulsc.com\/wp-content\/uploads\/2025\/06\/a-12.png 1651w, https:\/\/sulsc.com\/wp-content\/uploads\/2025\/06\/a-12-300x204.png 300w, https:\/\/sulsc.com\/wp-content\/uploads\/2025\/06\/a-12-1024x697.png 1024w, https:\/\/sulsc.com\/wp-content\/uploads\/2025\/06\/a-12-768x522.png 768w, https:\/\/sulsc.com\/wp-content\/uploads\/2025\/06\/a-12-1536x1045.png 1536w\" sizes=\"(max-width: 700px) 100vw, 700px\" \/><\/p>\n<p><img decoding=\"async\" class=\"aligncenter  wp-image-22836\" src=\"http:\/\/sulsc.com\/wp-content\/uploads\/2025\/04\/Tempo-2.png\" alt=\"\" width=\"655\" height=\"121\" srcset=\"https:\/\/sulsc.com\/wp-content\/uploads\/2025\/04\/Tempo-2.png 1024w, https:\/\/sulsc.com\/wp-content\/uploads\/2025\/04\/Tempo-2-300x55.png 300w, https:\/\/sulsc.com\/wp-content\/uploads\/2025\/04\/Tempo-2-768x142.png 768w\" sizes=\"(max-width: 655px) 100vw, 655px\" \/><\/p>\n<p><strong>Vento:<\/strong> nordeste\/noroeste passando a sudoeste, fraco a moderado com fortes rajadas no sul de SC.<\/p>\n<p><strong>Sistema predominante:<\/strong> frente fria no Sul do Brasil com ciclone extratropical intensificando-se na costa.<\/p>\n<p>Amanh\u00e3 domingo (22), o amanhece ser\u00e1 com temperaturas mais baixas em compara\u00e7\u00e3o ao dia anterior, com m\u00ednimas de 6 a 10\u00b0C em boa parte do estado. No litoral as m\u00ednimas seguem em torno de 12 a 15\u00b0C.<\/p>\n<p><strong>Acesse\/boulevardfm98.com<\/strong><\/p>\n<p><img decoding=\"async\" class=\"aligncenter  wp-image-24714\" src=\"http:\/\/sulsc.com\/wp-content\/uploads\/2025\/06\/9a859f9f-f317-43e2-90d7-ef861c2fa54a-2.jpg\" alt=\"\" width=\"600\" height=\"668\" srcset=\"https:\/\/sulsc.com\/wp-content\/uploads\/2025\/06\/9a859f9f-f317-43e2-90d7-ef861c2fa54a-2.jpg 1080w, https:\/\/sulsc.com\/wp-content\/uploads\/2025\/06\/9a859f9f-f317-43e2-90d7-ef861c2fa54a-2-270x300.jpg 270w, https:\/\/sulsc.com\/wp-content\/uploads\/2025\/06\/9a859f9f-f317-43e2-90d7-ef861c2fa54a-2-920x1024.jpg 920w, https:\/\/sulsc.com\/wp-content\/uploads\/2025\/06\/9a859f9f-f317-43e2-90d7-ef861c2fa54a-2-768x855.jpg 768w\" sizes=\"(max-width: 600px) 100vw, 600px\" \/><\/p>\n","protected":false},"excerpt":{"rendered":"<p>No s\u00e1bado (21), uma alta press\u00e3o favorece o tempo firme em Santa Catarina. O dia amanhece com temperaturas baixas e com a presen\u00e7a de nevoeiros pelo estado, que se dissipam no decorrer da manh\u00e3 e d\u00e3o lugar ao sol. As m\u00ednimas variam entre 7 e 12\u00b0C no Grande Oeste, Planaltos e Alto Vale, chegando a &hellip;<\/p>\n<p class=\"read-more\"> <a class=\"\" href=\"https:\/\/sulsc.com\/index.php\/2025\/06\/21\/sabado-21-de-ensolarado-e-de-temperaturas-amenas\/\"> <span class=\"screen-reader-text\">S\u00e1bado (21) de ensolarado e de temperaturas amenas<\/span> Read More &raquo;<\/a><\/p>\n","protected":false},"author":3,"featured_media":16995,"comment_status":"open","ping_status":"open","sticky":false,"template":"","format":"standard","meta":{"site-sidebar-layout":"default","site-content-layout":"","ast-site-content-layout":"default","site-content-style":"default","site-sidebar-style":"default","ast-global-header-display":"","ast-banner-title-visibility":"","ast-main-header-display":"","ast-hfb-above-header-display":"","ast-hfb-below-header-display":"","ast-hfb-mobile-header-display":"","site-post-title":"","ast-breadcrumbs-content":"","ast-featured-img":"","footer-sml-layout":"","theme-transparent-header-meta":"default","adv-header-id-meta":"","stick-header-meta":"","header-above-stick-meta":"","header-main-stick-meta":"","header-below-stick-meta":"","astra-migrate-meta-layouts":"set","footnotes":""},"categories":[38],"tags":[90],"yoast_head":"<!-- This site is optimized with the Yoast SEO plugin v21.4 - https:\/\/yoast.com\/wordpress\/plugins\/seo\/ -->\n<title>S\u00e1bado (21) de ensolarado e de temperaturas amenas -<\/title>\n<meta name=\"description\" content=\"O vento sopra do quadrante sul e deixa o mar agitado entre o Litoral Sul e a Grande Florian\u00f3polis com ondas entre 2,0 e 2,5 m\" \/>\n<meta name=\"robots\" content=\"index, follow, max-snippet:-1, max-image-preview:large, max-video-preview:-1\" \/>\n<link rel=\"canonical\" href=\"https:\/\/sulsc.com\/index.php\/2025\/06\/21\/sabado-21-de-ensolarado-e-de-temperaturas-amenas\/\" \/>\n<meta property=\"og:locale\" content=\"en_US\" \/>\n<meta property=\"og:type\" content=\"article\" \/>\n<meta property=\"og:title\" content=\"S\u00e1bado (21) de ensolarado e de temperaturas amenas -\" \/>\n<meta property=\"og:description\" content=\"O vento sopra do quadrante sul e deixa o mar agitado entre o Litoral Sul e a Grande Florian\u00f3polis com ondas entre 2,0 e 2,5 m\" \/>\n<meta property=\"og:url\" content=\"https:\/\/sulsc.com\/index.php\/2025\/06\/21\/sabado-21-de-ensolarado-e-de-temperaturas-amenas\/\" \/>\n<meta property=\"article:author\" content=\"https:\/\/www.facebook.com\/profile.php?id=61559278119680\" \/>\n<meta property=\"article:published_time\" content=\"2025-06-21T13:42:13+00:00\" \/>\n<meta property=\"og:image\" content=\"http:\/\/sulsc.com\/wp-content\/uploads\/2024\/11\/Tempo-1.jpg\" \/>\n\t<meta property=\"og:image:width\" content=\"900\" \/>\n\t<meta property=\"og:image:height\" content=\"1600\" \/>\n\t<meta property=\"og:image:type\" content=\"image\/jpeg\" \/>\n<meta name=\"author\" content=\"Reda\u00e7\u00e3o Sul SC\" \/>\n<meta name=\"twitter:card\" content=\"summary_large_image\" \/>\n<meta name=\"twitter:creator\" content=\"@https:\/\/twitter.com\/PortalSulSC\" \/>\n<meta name=\"twitter:label1\" content=\"Written by\" \/>\n\t<meta name=\"twitter:data1\" content=\"Reda\u00e7\u00e3o Sul SC\" \/>\n\t<meta name=\"twitter:label2\" content=\"Est. reading time\" \/>\n\t<meta name=\"twitter:data2\" content=\"2 minutes\" \/>\n<script type=\"application\/ld+json\" class=\"yoast-schema-graph\">{\"@context\":\"https:\/\/schema.org\",\"@graph\":[{\"@type\":\"WebPage\",\"@id\":\"https:\/\/sulsc.com\/index.php\/2025\/06\/21\/sabado-21-de-ensolarado-e-de-temperaturas-amenas\/\",\"url\":\"https:\/\/sulsc.com\/index.php\/2025\/06\/21\/sabado-21-de-ensolarado-e-de-temperaturas-amenas\/\",\"name\":\"S\u00e1bado (21) de ensolarado e de temperaturas amenas -\",\"isPartOf\":{\"@id\":\"https:\/\/sulsc.com\/#website\"},\"datePublished\":\"2025-06-21T13:42:13+00:00\",\"dateModified\":\"2025-06-21T13:42:13+00:00\",\"author\":{\"@id\":\"https:\/\/sulsc.com\/#\/schema\/person\/84d2fc571684f6248ba83092f07750a3\"},\"description\":\"O vento sopra do quadrante sul e deixa o mar agitado entre o Litoral Sul e a Grande Florian\u00f3polis com ondas entre 2,0 e 2,5 m\",\"breadcrumb\":{\"@id\":\"https:\/\/sulsc.com\/index.php\/2025\/06\/21\/sabado-21-de-ensolarado-e-de-temperaturas-amenas\/#breadcrumb\"},\"inLanguage\":\"en-US\",\"potentialAction\":[{\"@type\":\"ReadAction\",\"target\":[\"https:\/\/sulsc.com\/index.php\/2025\/06\/21\/sabado-21-de-ensolarado-e-de-temperaturas-amenas\/\"]}]},{\"@type\":\"BreadcrumbList\",\"@id\":\"https:\/\/sulsc.com\/index.php\/2025\/06\/21\/sabado-21-de-ensolarado-e-de-temperaturas-amenas\/#breadcrumb\",\"itemListElement\":[{\"@type\":\"ListItem\",\"position\":1,\"name\":\"In\u00edcio\",\"item\":\"https:\/\/sulsc.com\/\"},{\"@type\":\"ListItem\",\"position\":2,\"name\":\"S\u00e1bado (21) de ensolarado e de temperaturas amenas\"}]},{\"@type\":\"WebSite\",\"@id\":\"https:\/\/sulsc.com\/#website\",\"url\":\"https:\/\/sulsc.com\/\",\"name\":\"\",\"description\":\"\",\"potentialAction\":[{\"@type\":\"SearchAction\",\"target\":{\"@type\":\"EntryPoint\",\"urlTemplate\":\"https:\/\/sulsc.com\/?s={search_term_string}\"},\"query-input\":\"required name=search_term_string\"}],\"inLanguage\":\"en-US\"},{\"@type\":\"Person\",\"@id\":\"https:\/\/sulsc.com\/#\/schema\/person\/84d2fc571684f6248ba83092f07750a3\",\"name\":\"Reda\u00e7\u00e3o Sul SC\",\"image\":{\"@type\":\"ImageObject\",\"inLanguage\":\"en-US\",\"@id\":\"https:\/\/sulsc.com\/#\/schema\/person\/image\/e08d7fe2cc4ed596372063bbe852b8d0\",\"url\":\"https:\/\/sulsc.com\/wp-content\/uploads\/2023\/09\/redacao.png\",\"contentUrl\":\"https:\/\/sulsc.com\/wp-content\/uploads\/2023\/09\/redacao.png\",\"caption\":\"Reda\u00e7\u00e3o Sul SC\"},\"description\":\"Foco em um jornalismo imparcial, voltado \u00e0 qualidade dos seus conte\u00fados e, assim, levar informa\u00e7\u00e3o de valor que agregue \u00e0 vida dos leitores. Esta \u00e9 grande miss\u00e3o do Portal de Not\u00edcias Sul SC. N\u00e3o \u00e9 quantidade que muda o mundo, sempre foi e seguir\u00e1 sendo qualidade!\",\"sameAs\":[\"https:\/\/sulsc.com\/\",\"https:\/\/www.facebook.com\/profile.php?id=61559278119680\",\"https:\/\/www.instagram.com\/sulscportal\/?hl=pt-br\",\"https:\/\/twitter.com\/https:\/\/twitter.com\/PortalSulSC\",\"https:\/\/www.youtube.com\/channel\/UCv_BE8GeySluDov2n8qhVmw\"],\"url\":\"https:\/\/sulsc.com\/index.php\/author\/redacao\/\"}]}<\/script>\n<!-- \/ Yoast SEO plugin. -->","yoast_head_json":{"title":"S\u00e1bado (21) de ensolarado e de temperaturas amenas -","description":"O vento sopra do quadrante sul e deixa o mar agitado entre o Litoral Sul e a Grande Florian\u00f3polis com ondas entre 2,0 e 2,5 m","robots":{"index":"index","follow":"follow","max-snippet":"max-snippet:-1","max-image-preview":"max-image-preview:large","max-video-preview":"max-video-preview:-1"},"canonical":"https:\/\/sulsc.com\/index.php\/2025\/06\/21\/sabado-21-de-ensolarado-e-de-temperaturas-amenas\/","og_locale":"en_US","og_type":"article","og_title":"S\u00e1bado (21) de ensolarado e de temperaturas amenas -","og_description":"O vento sopra do quadrante sul e deixa o mar agitado entre o Litoral Sul e a Grande Florian\u00f3polis com ondas entre 2,0 e 2,5 m","og_url":"https:\/\/sulsc.com\/index.php\/2025\/06\/21\/sabado-21-de-ensolarado-e-de-temperaturas-amenas\/","article_author":"https:\/\/www.facebook.com\/profile.php?id=61559278119680","article_published_time":"2025-06-21T13:42:13+00:00","og_image":[{"width":900,"height":1600,"url":"http:\/\/sulsc.com\/wp-content\/uploads\/2024\/11\/Tempo-1.jpg","type":"image\/jpeg"}],"author":"Reda\u00e7\u00e3o Sul SC","twitter_card":"summary_large_image","twitter_creator":"@https:\/\/twitter.com\/PortalSulSC","twitter_misc":{"Written by":"Reda\u00e7\u00e3o Sul SC","Est. reading time":"2 minutes"},"schema":{"@context":"https:\/\/schema.org","@graph":[{"@type":"WebPage","@id":"https:\/\/sulsc.com\/index.php\/2025\/06\/21\/sabado-21-de-ensolarado-e-de-temperaturas-amenas\/","url":"https:\/\/sulsc.com\/index.php\/2025\/06\/21\/sabado-21-de-ensolarado-e-de-temperaturas-amenas\/","name":"S\u00e1bado (21) de ensolarado e de temperaturas amenas -","isPartOf":{"@id":"https:\/\/sulsc.com\/#website"},"datePublished":"2025-06-21T13:42:13+00:00","dateModified":"2025-06-21T13:42:13+00:00","author":{"@id":"https:\/\/sulsc.com\/#\/schema\/person\/84d2fc571684f6248ba83092f07750a3"},"description":"O vento sopra do quadrante sul e deixa o mar agitado entre o Litoral Sul e a Grande Florian\u00f3polis com ondas entre 2,0 e 2,5 m","breadcrumb":{"@id":"https:\/\/sulsc.com\/index.php\/2025\/06\/21\/sabado-21-de-ensolarado-e-de-temperaturas-amenas\/#breadcrumb"},"inLanguage":"en-US","potentialAction":[{"@type":"ReadAction","target":["https:\/\/sulsc.com\/index.php\/2025\/06\/21\/sabado-21-de-ensolarado-e-de-temperaturas-amenas\/"]}]},{"@type":"BreadcrumbList","@id":"https:\/\/sulsc.com\/index.php\/2025\/06\/21\/sabado-21-de-ensolarado-e-de-temperaturas-amenas\/#breadcrumb","itemListElement":[{"@type":"ListItem","position":1,"name":"In\u00edcio","item":"https:\/\/sulsc.com\/"},{"@type":"ListItem","position":2,"name":"S\u00e1bado (21) de ensolarado e de temperaturas amenas"}]},{"@type":"WebSite","@id":"https:\/\/sulsc.com\/#website","url":"https:\/\/sulsc.com\/","name":"","description":"","potentialAction":[{"@type":"SearchAction","target":{"@type":"EntryPoint","urlTemplate":"https:\/\/sulsc.com\/?s={search_term_string}"},"query-input":"required name=search_term_string"}],"inLanguage":"en-US"},{"@type":"Person","@id":"https:\/\/sulsc.com\/#\/schema\/person\/84d2fc571684f6248ba83092f07750a3","name":"Reda\u00e7\u00e3o Sul SC","image":{"@type":"ImageObject","inLanguage":"en-US","@id":"https:\/\/sulsc.com\/#\/schema\/person\/image\/e08d7fe2cc4ed596372063bbe852b8d0","url":"https:\/\/sulsc.com\/wp-content\/uploads\/2023\/09\/redacao.png","contentUrl":"https:\/\/sulsc.com\/wp-content\/uploads\/2023\/09\/redacao.png","caption":"Reda\u00e7\u00e3o Sul SC"},"description":"Foco em um jornalismo imparcial, voltado \u00e0 qualidade dos seus conte\u00fados e, assim, levar informa\u00e7\u00e3o de valor que agregue \u00e0 vida dos leitores. Esta \u00e9 grande miss\u00e3o do Portal de Not\u00edcias Sul SC. N\u00e3o \u00e9 quantidade que muda o mundo, sempre foi e seguir\u00e1 sendo qualidade!","sameAs":["https:\/\/sulsc.com\/","https:\/\/www.facebook.com\/profile.php?id=61559278119680","https:\/\/www.instagram.com\/sulscportal\/?hl=pt-br","https:\/\/twitter.com\/https:\/\/twitter.com\/PortalSulSC","https:\/\/www.youtube.com\/channel\/UCv_BE8GeySluDov2n8qhVmw"],"url":"https:\/\/sulsc.com\/index.php\/author\/redacao\/"}]}},"authors":[],"_links":{"self":[{"href":"https:\/\/sulsc.com\/index.php\/wp-json\/wp\/v2\/posts\/24711"}],"collection":[{"href":"https:\/\/sulsc.com\/index.php\/wp-json\/wp\/v2\/posts"}],"about":[{"href":"https:\/\/sulsc.com\/index.php\/wp-json\/wp\/v2\/types\/post"}],"author":[{"embeddable":true,"href":"https:\/\/sulsc.com\/index.php\/wp-json\/wp\/v2\/users\/3"}],"replies":[{"embeddable":true,"href":"https:\/\/sulsc.com\/index.php\/wp-json\/wp\/v2\/comments?post=24711"}],"version-history":[{"count":1,"href":"https:\/\/sulsc.com\/index.php\/wp-json\/wp\/v2\/posts\/24711\/revisions"}],"predecessor-version":[{"id":24715,"href":"https:\/\/sulsc.com\/index.php\/wp-json\/wp\/v2\/posts\/24711\/revisions\/24715"}],"wp:featuredmedia":[{"embeddable":true,"href":"https:\/\/sulsc.com\/index.php\/wp-json\/wp\/v2\/media\/16995"}],"wp:attachment":[{"href":"https:\/\/sulsc.com\/index.php\/wp-json\/wp\/v2\/media?parent=24711"}],"wp:term":[{"taxonomy":"category","embeddable":true,"href":"https:\/\/sulsc.com\/index.php\/wp-json\/wp\/v2\/categories?post=24711"},{"taxonomy":"post_tag","embeddable":true,"href":"https:\/\/sulsc.com\/index.php\/wp-json\/wp\/v2\/tags?post=24711"}],"curies":[{"name":"wp","href":"https:\/\/api.w.org\/{rel}","templated":true}]}}