{"id":24779,"date":"2025-06-24T08:35:50","date_gmt":"2025-06-24T11:35:50","guid":{"rendered":"https:\/\/sulsc.com\/?p=24779"},"modified":"2025-06-24T08:36:57","modified_gmt":"2025-06-24T11:36:57","slug":"dia-mais-frio-de-2025-terca-feira-24-ensolarada-e-batendo-recordes-nas-temperaturas","status":"publish","type":"post","link":"https:\/\/sulsc.com\/index.php\/2025\/06\/24\/dia-mais-frio-de-2025-terca-feira-24-ensolarada-e-batendo-recordes-nas-temperaturas\/","title":{"rendered":"Dia mais frio de 2025: Ter\u00e7a-feira (24) ensolarada e batendo recordes nas temperaturas"},"content":{"rendered":"<p>A ter\u00e7a-feira (24), come\u00e7a batendo o recordes do dia mais frio registrado em 2025, ser\u00e1 de tempo firme, predom\u00ednio de sol e bastante frio em Santa Catarina. No amanhecer as temperaturas m\u00ednimas variam entre 2 e -4\u00b0C no Grande Oeste e nos Planaltos, chegando a valores ainda menores nos pontos mais altos da Serra.<\/p>\n<p>No Litoral e \u00e1reas pr\u00f3ximas o frio tamb\u00e9m ser\u00e1 intenso, com m\u00ednimas entre 3 e 10\u00b0C. H\u00e1 condi\u00e7\u00f5es para a forma\u00e7\u00e3o de nevoeiros e geada abrangente no estado. \u00c0 tarde os term\u00f4metros n\u00e3o passam dos 16\u00b0C no litoral e permanecem na casa dos 7 aos 12\u00b0C no restante do estado.<\/p>\n<p><img fetchpriority=\"high\" decoding=\"async\" class=\"aligncenter size-full wp-image-24780\" src=\"http:\/\/sulsc.com\/wp-content\/uploads\/2025\/06\/a-14.png\" alt=\"\" width=\"1650\" height=\"1111\" srcset=\"https:\/\/sulsc.com\/wp-content\/uploads\/2025\/06\/a-14.png 1650w, https:\/\/sulsc.com\/wp-content\/uploads\/2025\/06\/a-14-300x202.png 300w, https:\/\/sulsc.com\/wp-content\/uploads\/2025\/06\/a-14-1024x689.png 1024w, https:\/\/sulsc.com\/wp-content\/uploads\/2025\/06\/a-14-768x517.png 768w, https:\/\/sulsc.com\/wp-content\/uploads\/2025\/06\/a-14-1536x1034.png 1536w\" sizes=\"(max-width: 1650px) 100vw, 1650px\" \/><\/p>\n<p><img decoding=\"async\" class=\"aligncenter wp-image-22836\" src=\"http:\/\/sulsc.com\/wp-content\/uploads\/2025\/04\/Tempo-2.png\" alt=\"\" width=\"715\" height=\"132\" srcset=\"https:\/\/sulsc.com\/wp-content\/uploads\/2025\/04\/Tempo-2.png 1024w, https:\/\/sulsc.com\/wp-content\/uploads\/2025\/04\/Tempo-2-300x55.png 300w, https:\/\/sulsc.com\/wp-content\/uploads\/2025\/04\/Tempo-2-768x142.png 768w\" sizes=\"(max-width: 715px) 100vw, 715px\" \/><\/p>\n<p>O risco \u00e9 alto a muito alto para ocorr\u00eancias relacionadas \u00e0s baixas temperaturas, como hipotermia.<\/p>\n<p><strong>Vento:<\/strong> oeste a sudoeste\/sul, fraco a moderado com rajadas.<\/p>\n<p><strong>Sistema predominante:<\/strong> presen\u00e7a de uma nova massa de ar frio e seco de origem Polar.<\/p>\n<p><strong>Amanh\u00e3 quarta-feira (25)<\/strong>, o tempo continua firme e com predom\u00ednio de sol durante a maior parte do dia. O amanhecer ainda ser\u00e1 de bastante frio e condi\u00e7\u00f5es para a forma\u00e7\u00e3o de geada ampla. As m\u00ednimas variam entre 2 e -2\u00b0C no Grande Oeste, Planaltos e Alto Vale. Na faixa litor\u00e2nea s\u00e3o esperadas temperaturas m\u00ednimas de 3 a 10\u00b0C. <strong>Quinta-feira (26)<\/strong>, chega com mudan\u00e7as significativas no tempo, voltando a ficar inst\u00e1vel com nebulosidade e chuva ao longo do dia em todas as regi\u00f5es, devido a passagem de uma frente fria pelo Sul do Brasil.<\/p>\n<p>Fontes\/Epagri\/Ciram\/Defesa Civil SC<\/p>\n<p><img decoding=\"async\" class=\"aligncenter wp-image-24781\" src=\"http:\/\/sulsc.com\/wp-content\/uploads\/2025\/06\/Baner-grupo-SulSC-1.jpg\" alt=\"\" width=\"500\" height=\"500\" srcset=\"https:\/\/sulsc.com\/wp-content\/uploads\/2025\/06\/Baner-grupo-SulSC-1.jpg 1080w, https:\/\/sulsc.com\/wp-content\/uploads\/2025\/06\/Baner-grupo-SulSC-1-300x300.jpg 300w, https:\/\/sulsc.com\/wp-content\/uploads\/2025\/06\/Baner-grupo-SulSC-1-1024x1024.jpg 1024w, https:\/\/sulsc.com\/wp-content\/uploads\/2025\/06\/Baner-grupo-SulSC-1-150x150.jpg 150w, https:\/\/sulsc.com\/wp-content\/uploads\/2025\/06\/Baner-grupo-SulSC-1-768x768.jpg 768w\" sizes=\"(max-width: 500px) 100vw, 500px\" \/><\/p>\n<p>&nbsp;<\/p>\n","protected":false},"excerpt":{"rendered":"<p>A ter\u00e7a-feira (24), come\u00e7a batendo o recordes do dia mais frio registrado em 2025, ser\u00e1 de tempo firme, predom\u00ednio de sol e bastante frio em Santa Catarina. No amanhecer as temperaturas m\u00ednimas variam entre 2 e -4\u00b0C no Grande Oeste e nos Planaltos, chegando a valores ainda menores nos pontos mais altos da Serra. No &hellip;<\/p>\n<p class=\"read-more\"> <a class=\"\" href=\"https:\/\/sulsc.com\/index.php\/2025\/06\/24\/dia-mais-frio-de-2025-terca-feira-24-ensolarada-e-batendo-recordes-nas-temperaturas\/\"> <span class=\"screen-reader-text\">Dia mais frio de 2025: Ter\u00e7a-feira (24) ensolarada e batendo recordes nas temperaturas<\/span> Read More &raquo;<\/a><\/p>\n","protected":false},"author":3,"featured_media":24782,"comment_status":"open","ping_status":"open","sticky":false,"template":"","format":"standard","meta":{"site-sidebar-layout":"default","site-content-layout":"","ast-site-content-layout":"default","site-content-style":"default","site-sidebar-style":"default","ast-global-header-display":"","ast-banner-title-visibility":"","ast-main-header-display":"","ast-hfb-above-header-display":"","ast-hfb-below-header-display":"","ast-hfb-mobile-header-display":"","site-post-title":"","ast-breadcrumbs-content":"","ast-featured-img":"","footer-sml-layout":"","theme-transparent-header-meta":"default","adv-header-id-meta":"","stick-header-meta":"","header-above-stick-meta":"","header-main-stick-meta":"","header-below-stick-meta":"","astra-migrate-meta-layouts":"set","footnotes":""},"categories":[38],"tags":[90],"yoast_head":"<!-- This site is optimized with the Yoast SEO plugin v21.4 - https:\/\/yoast.com\/wordpress\/plugins\/seo\/ -->\n<title>Dia mais frio de 2025: Ter\u00e7a-feira (24) ensolarada e batendo recordes nas temperaturas -<\/title>\n<meta name=\"robots\" content=\"index, follow, max-snippet:-1, max-image-preview:large, max-video-preview:-1\" \/>\n<link rel=\"canonical\" href=\"https:\/\/sulsc.com\/index.php\/2025\/06\/24\/dia-mais-frio-de-2025-terca-feira-24-ensolarada-e-batendo-recordes-nas-temperaturas\/\" \/>\n<meta property=\"og:locale\" content=\"en_US\" \/>\n<meta property=\"og:type\" content=\"article\" \/>\n<meta property=\"og:title\" content=\"Dia mais frio de 2025: Ter\u00e7a-feira (24) ensolarada e batendo recordes nas temperaturas -\" \/>\n<meta property=\"og:description\" content=\"A ter\u00e7a-feira (24), come\u00e7a batendo o recordes do dia mais frio registrado em 2025, ser\u00e1 de tempo firme, predom\u00ednio de sol e bastante frio em Santa Catarina. No amanhecer as temperaturas m\u00ednimas variam entre 2 e -4\u00b0C no Grande Oeste e nos Planaltos, chegando a valores ainda menores nos pontos mais altos da Serra. No &hellip; Dia mais frio de 2025: Ter\u00e7a-feira (24) ensolarada e batendo recordes nas temperaturas Read More &raquo;\" \/>\n<meta property=\"og:url\" content=\"https:\/\/sulsc.com\/index.php\/2025\/06\/24\/dia-mais-frio-de-2025-terca-feira-24-ensolarada-e-batendo-recordes-nas-temperaturas\/\" \/>\n<meta property=\"article:author\" content=\"https:\/\/www.facebook.com\/profile.php?id=61559278119680\" \/>\n<meta property=\"article:published_time\" content=\"2025-06-24T11:35:50+00:00\" \/>\n<meta property=\"article:modified_time\" content=\"2025-06-24T11:36:57+00:00\" \/>\n<meta property=\"og:image\" content=\"http:\/\/sulsc.com\/wp-content\/uploads\/2025\/06\/f9e2a9d9-1612-414b-a14d-4105fdee0d15.jpg\" \/>\n\t<meta property=\"og:image:width\" content=\"1600\" \/>\n\t<meta property=\"og:image:height\" content=\"900\" \/>\n\t<meta property=\"og:image:type\" content=\"image\/jpeg\" \/>\n<meta name=\"author\" content=\"Reda\u00e7\u00e3o Sul SC\" \/>\n<meta name=\"twitter:card\" content=\"summary_large_image\" \/>\n<meta name=\"twitter:creator\" content=\"@https:\/\/twitter.com\/PortalSulSC\" \/>\n<meta name=\"twitter:label1\" content=\"Written by\" \/>\n\t<meta name=\"twitter:data1\" content=\"Reda\u00e7\u00e3o Sul SC\" \/>\n\t<meta name=\"twitter:label2\" content=\"Est. reading time\" \/>\n\t<meta name=\"twitter:data2\" content=\"2 minutes\" \/>\n<script type=\"application\/ld+json\" class=\"yoast-schema-graph\">{\"@context\":\"https:\/\/schema.org\",\"@graph\":[{\"@type\":\"WebPage\",\"@id\":\"https:\/\/sulsc.com\/index.php\/2025\/06\/24\/dia-mais-frio-de-2025-terca-feira-24-ensolarada-e-batendo-recordes-nas-temperaturas\/\",\"url\":\"https:\/\/sulsc.com\/index.php\/2025\/06\/24\/dia-mais-frio-de-2025-terca-feira-24-ensolarada-e-batendo-recordes-nas-temperaturas\/\",\"name\":\"Dia mais frio de 2025: Ter\u00e7a-feira (24) ensolarada e batendo recordes nas temperaturas -\",\"isPartOf\":{\"@id\":\"https:\/\/sulsc.com\/#website\"},\"datePublished\":\"2025-06-24T11:35:50+00:00\",\"dateModified\":\"2025-06-24T11:36:57+00:00\",\"author\":{\"@id\":\"https:\/\/sulsc.com\/#\/schema\/person\/84d2fc571684f6248ba83092f07750a3\"},\"breadcrumb\":{\"@id\":\"https:\/\/sulsc.com\/index.php\/2025\/06\/24\/dia-mais-frio-de-2025-terca-feira-24-ensolarada-e-batendo-recordes-nas-temperaturas\/#breadcrumb\"},\"inLanguage\":\"en-US\",\"potentialAction\":[{\"@type\":\"ReadAction\",\"target\":[\"https:\/\/sulsc.com\/index.php\/2025\/06\/24\/dia-mais-frio-de-2025-terca-feira-24-ensolarada-e-batendo-recordes-nas-temperaturas\/\"]}]},{\"@type\":\"BreadcrumbList\",\"@id\":\"https:\/\/sulsc.com\/index.php\/2025\/06\/24\/dia-mais-frio-de-2025-terca-feira-24-ensolarada-e-batendo-recordes-nas-temperaturas\/#breadcrumb\",\"itemListElement\":[{\"@type\":\"ListItem\",\"position\":1,\"name\":\"In\u00edcio\",\"item\":\"https:\/\/sulsc.com\/\"},{\"@type\":\"ListItem\",\"position\":2,\"name\":\"Dia mais frio de 2025: Ter\u00e7a-feira (24) ensolarada e batendo recordes nas temperaturas\"}]},{\"@type\":\"WebSite\",\"@id\":\"https:\/\/sulsc.com\/#website\",\"url\":\"https:\/\/sulsc.com\/\",\"name\":\"\",\"description\":\"\",\"potentialAction\":[{\"@type\":\"SearchAction\",\"target\":{\"@type\":\"EntryPoint\",\"urlTemplate\":\"https:\/\/sulsc.com\/?s={search_term_string}\"},\"query-input\":\"required name=search_term_string\"}],\"inLanguage\":\"en-US\"},{\"@type\":\"Person\",\"@id\":\"https:\/\/sulsc.com\/#\/schema\/person\/84d2fc571684f6248ba83092f07750a3\",\"name\":\"Reda\u00e7\u00e3o Sul SC\",\"image\":{\"@type\":\"ImageObject\",\"inLanguage\":\"en-US\",\"@id\":\"https:\/\/sulsc.com\/#\/schema\/person\/image\/e08d7fe2cc4ed596372063bbe852b8d0\",\"url\":\"https:\/\/sulsc.com\/wp-content\/uploads\/2023\/09\/redacao.png\",\"contentUrl\":\"https:\/\/sulsc.com\/wp-content\/uploads\/2023\/09\/redacao.png\",\"caption\":\"Reda\u00e7\u00e3o Sul SC\"},\"description\":\"Foco em um jornalismo imparcial, voltado \u00e0 qualidade dos seus conte\u00fados e, assim, levar informa\u00e7\u00e3o de valor que agregue \u00e0 vida dos leitores. Esta \u00e9 grande miss\u00e3o do Portal de Not\u00edcias Sul SC. N\u00e3o \u00e9 quantidade que muda o mundo, sempre foi e seguir\u00e1 sendo qualidade!\",\"sameAs\":[\"https:\/\/sulsc.com\/\",\"https:\/\/www.facebook.com\/profile.php?id=61559278119680\",\"https:\/\/www.instagram.com\/sulscportal\/?hl=pt-br\",\"https:\/\/twitter.com\/https:\/\/twitter.com\/PortalSulSC\",\"https:\/\/www.youtube.com\/channel\/UCv_BE8GeySluDov2n8qhVmw\"],\"url\":\"https:\/\/sulsc.com\/index.php\/author\/redacao\/\"}]}<\/script>\n<!-- \/ Yoast SEO plugin. -->","yoast_head_json":{"title":"Dia mais frio de 2025: Ter\u00e7a-feira (24) ensolarada e batendo recordes nas temperaturas -","robots":{"index":"index","follow":"follow","max-snippet":"max-snippet:-1","max-image-preview":"max-image-preview:large","max-video-preview":"max-video-preview:-1"},"canonical":"https:\/\/sulsc.com\/index.php\/2025\/06\/24\/dia-mais-frio-de-2025-terca-feira-24-ensolarada-e-batendo-recordes-nas-temperaturas\/","og_locale":"en_US","og_type":"article","og_title":"Dia mais frio de 2025: Ter\u00e7a-feira (24) ensolarada e batendo recordes nas temperaturas -","og_description":"A ter\u00e7a-feira (24), come\u00e7a batendo o recordes do dia mais frio registrado em 2025, ser\u00e1 de tempo firme, predom\u00ednio de sol e bastante frio em Santa Catarina. No amanhecer as temperaturas m\u00ednimas variam entre 2 e -4\u00b0C no Grande Oeste e nos Planaltos, chegando a valores ainda menores nos pontos mais altos da Serra. No &hellip; Dia mais frio de 2025: Ter\u00e7a-feira (24) ensolarada e batendo recordes nas temperaturas Read More &raquo;","og_url":"https:\/\/sulsc.com\/index.php\/2025\/06\/24\/dia-mais-frio-de-2025-terca-feira-24-ensolarada-e-batendo-recordes-nas-temperaturas\/","article_author":"https:\/\/www.facebook.com\/profile.php?id=61559278119680","article_published_time":"2025-06-24T11:35:50+00:00","article_modified_time":"2025-06-24T11:36:57+00:00","og_image":[{"width":1600,"height":900,"url":"http:\/\/sulsc.com\/wp-content\/uploads\/2025\/06\/f9e2a9d9-1612-414b-a14d-4105fdee0d15.jpg","type":"image\/jpeg"}],"author":"Reda\u00e7\u00e3o Sul SC","twitter_card":"summary_large_image","twitter_creator":"@https:\/\/twitter.com\/PortalSulSC","twitter_misc":{"Written by":"Reda\u00e7\u00e3o Sul SC","Est. reading time":"2 minutes"},"schema":{"@context":"https:\/\/schema.org","@graph":[{"@type":"WebPage","@id":"https:\/\/sulsc.com\/index.php\/2025\/06\/24\/dia-mais-frio-de-2025-terca-feira-24-ensolarada-e-batendo-recordes-nas-temperaturas\/","url":"https:\/\/sulsc.com\/index.php\/2025\/06\/24\/dia-mais-frio-de-2025-terca-feira-24-ensolarada-e-batendo-recordes-nas-temperaturas\/","name":"Dia mais frio de 2025: Ter\u00e7a-feira (24) ensolarada e batendo recordes nas temperaturas -","isPartOf":{"@id":"https:\/\/sulsc.com\/#website"},"datePublished":"2025-06-24T11:35:50+00:00","dateModified":"2025-06-24T11:36:57+00:00","author":{"@id":"https:\/\/sulsc.com\/#\/schema\/person\/84d2fc571684f6248ba83092f07750a3"},"breadcrumb":{"@id":"https:\/\/sulsc.com\/index.php\/2025\/06\/24\/dia-mais-frio-de-2025-terca-feira-24-ensolarada-e-batendo-recordes-nas-temperaturas\/#breadcrumb"},"inLanguage":"en-US","potentialAction":[{"@type":"ReadAction","target":["https:\/\/sulsc.com\/index.php\/2025\/06\/24\/dia-mais-frio-de-2025-terca-feira-24-ensolarada-e-batendo-recordes-nas-temperaturas\/"]}]},{"@type":"BreadcrumbList","@id":"https:\/\/sulsc.com\/index.php\/2025\/06\/24\/dia-mais-frio-de-2025-terca-feira-24-ensolarada-e-batendo-recordes-nas-temperaturas\/#breadcrumb","itemListElement":[{"@type":"ListItem","position":1,"name":"In\u00edcio","item":"https:\/\/sulsc.com\/"},{"@type":"ListItem","position":2,"name":"Dia mais frio de 2025: Ter\u00e7a-feira (24) ensolarada e batendo recordes nas temperaturas"}]},{"@type":"WebSite","@id":"https:\/\/sulsc.com\/#website","url":"https:\/\/sulsc.com\/","name":"","description":"","potentialAction":[{"@type":"SearchAction","target":{"@type":"EntryPoint","urlTemplate":"https:\/\/sulsc.com\/?s={search_term_string}"},"query-input":"required name=search_term_string"}],"inLanguage":"en-US"},{"@type":"Person","@id":"https:\/\/sulsc.com\/#\/schema\/person\/84d2fc571684f6248ba83092f07750a3","name":"Reda\u00e7\u00e3o Sul SC","image":{"@type":"ImageObject","inLanguage":"en-US","@id":"https:\/\/sulsc.com\/#\/schema\/person\/image\/e08d7fe2cc4ed596372063bbe852b8d0","url":"https:\/\/sulsc.com\/wp-content\/uploads\/2023\/09\/redacao.png","contentUrl":"https:\/\/sulsc.com\/wp-content\/uploads\/2023\/09\/redacao.png","caption":"Reda\u00e7\u00e3o Sul SC"},"description":"Foco em um jornalismo imparcial, voltado \u00e0 qualidade dos seus conte\u00fados e, assim, levar informa\u00e7\u00e3o de valor que agregue \u00e0 vida dos leitores. Esta \u00e9 grande miss\u00e3o do Portal de Not\u00edcias Sul SC. N\u00e3o \u00e9 quantidade que muda o mundo, sempre foi e seguir\u00e1 sendo qualidade!","sameAs":["https:\/\/sulsc.com\/","https:\/\/www.facebook.com\/profile.php?id=61559278119680","https:\/\/www.instagram.com\/sulscportal\/?hl=pt-br","https:\/\/twitter.com\/https:\/\/twitter.com\/PortalSulSC","https:\/\/www.youtube.com\/channel\/UCv_BE8GeySluDov2n8qhVmw"],"url":"https:\/\/sulsc.com\/index.php\/author\/redacao\/"}]}},"authors":[],"_links":{"self":[{"href":"https:\/\/sulsc.com\/index.php\/wp-json\/wp\/v2\/posts\/24779"}],"collection":[{"href":"https:\/\/sulsc.com\/index.php\/wp-json\/wp\/v2\/posts"}],"about":[{"href":"https:\/\/sulsc.com\/index.php\/wp-json\/wp\/v2\/types\/post"}],"author":[{"embeddable":true,"href":"https:\/\/sulsc.com\/index.php\/wp-json\/wp\/v2\/users\/3"}],"replies":[{"embeddable":true,"href":"https:\/\/sulsc.com\/index.php\/wp-json\/wp\/v2\/comments?post=24779"}],"version-history":[{"count":2,"href":"https:\/\/sulsc.com\/index.php\/wp-json\/wp\/v2\/posts\/24779\/revisions"}],"predecessor-version":[{"id":24784,"href":"https:\/\/sulsc.com\/index.php\/wp-json\/wp\/v2\/posts\/24779\/revisions\/24784"}],"wp:featuredmedia":[{"embeddable":true,"href":"https:\/\/sulsc.com\/index.php\/wp-json\/wp\/v2\/media\/24782"}],"wp:attachment":[{"href":"https:\/\/sulsc.com\/index.php\/wp-json\/wp\/v2\/media?parent=24779"}],"wp:term":[{"taxonomy":"category","embeddable":true,"href":"https:\/\/sulsc.com\/index.php\/wp-json\/wp\/v2\/categories?post=24779"},{"taxonomy":"post_tag","embeddable":true,"href":"https:\/\/sulsc.com\/index.php\/wp-json\/wp\/v2\/tags?post=24779"}],"curies":[{"name":"wp","href":"https:\/\/api.w.org\/{rel}","templated":true}]}}