{"id":24833,"date":"2025-06-25T08:15:17","date_gmt":"2025-06-25T11:15:17","guid":{"rendered":"https:\/\/sulsc.com\/?p=24833"},"modified":"2025-06-25T08:37:54","modified_gmt":"2025-06-25T11:37:54","slug":"quarta-feira-25-gelada-com-minimas-3c-no-grande-oeste-planaltos-e-alto-vale-e-3-e-10c-no-litoral","status":"publish","type":"post","link":"https:\/\/sulsc.com\/index.php\/2025\/06\/25\/quarta-feira-25-gelada-com-minimas-3c-no-grande-oeste-planaltos-e-alto-vale-e-3-e-10c-no-litoral\/","title":{"rendered":"quarta-feira (25) gelada com m\u00ednimas  -3\u00b0C no Grande Oeste Planaltos e Alto Vale e 3 e 10\u00b0C no litoral"},"content":{"rendered":"<p><span style=\"vertical-align: inherit;\"><span style=\"vertical-align: inherit;\">O dia segue com predom\u00ednio de tempo firme e sensa\u00e7\u00e3o de frio em todas as regi\u00f5es de Santa Catarina nesta quarta-feira (25). O risco segue alto a muito alto para ocorr\u00eancias relacionadas a baixas temperaturas no amanhecer, como desconforto t\u00e9rmico, agravamento de doen\u00e7as cardiorrespirat\u00f3rias, hipotermia e congelamento de pistas nas \u00e1reas mais suscet\u00edveis.<\/span><\/span><\/p>\n<p><strong><span style=\"vertical-align: inherit;\"><span style=\"vertical-align: inherit;\">Temperaturas<\/span><\/span><\/strong><\/p>\n<p><span style=\"vertical-align: inherit;\"><span style=\"vertical-align: inherit;\">No amanhecer as prefer\u00eancias variam entre 2 e -3\u00b0C no Grande Oeste, Planaltos e Alto Vale, ficando ainda mais baixas nas regi\u00f5es mais altas da serra catarinense. No litoral s\u00e3o esperadas m\u00ednimas entre 3 e 10\u00b0C. \u00c0 tarde os t\u00e1citas sobem um pouco mais, ficando entre 17 e 20\u00b0C na maioria das \u00e1reas.<\/span><\/span><\/p>\n<p><strong><span style=\"vertical-align: inherit;\"><span style=\"vertical-align: inherit;\">Vento:<\/span><\/span><\/strong><span style=\"vertical-align: inherit;\"><span style=\"vertical-align: inherit;\"> oeste a sul, virando para nordeste, fraco na ter\u00e7a e com rajadas. <\/span><\/span><br \/>\n<strong><span style=\"vertical-align: inherit;\"><span style=\"vertical-align: inherit;\">Sistema predominantemente:<\/span><\/span><\/strong><span style=\"vertical-align: inherit;\"><span style=\"vertical-align: inherit;\"> massa de ar frio e seco de origem Polar no Sul do Brasil.<\/span><\/span><\/p>\n<p><img fetchpriority=\"high\" decoding=\"async\" class=\"aligncenter size-full wp-image-24834\" src=\"http:\/\/sulsc.com\/wp-content\/uploads\/2025\/06\/a-15.png\" alt=\"\" width=\"1655\" height=\"1122\" srcset=\"https:\/\/sulsc.com\/wp-content\/uploads\/2025\/06\/a-15.png 1655w, https:\/\/sulsc.com\/wp-content\/uploads\/2025\/06\/a-15-300x203.png 300w, https:\/\/sulsc.com\/wp-content\/uploads\/2025\/06\/a-15-1024x694.png 1024w, https:\/\/sulsc.com\/wp-content\/uploads\/2025\/06\/a-15-768x521.png 768w, https:\/\/sulsc.com\/wp-content\/uploads\/2025\/06\/a-15-1536x1041.png 1536w\" sizes=\"(max-width: 1655px) 100vw, 1655px\" \/><\/p>\n<p><img decoding=\"async\" class=\"aligncenter wp-image-22836\" src=\"http:\/\/sulsc.com\/wp-content\/uploads\/2025\/04\/Tempo-2.png\" alt=\"\" width=\"688\" height=\"127\" srcset=\"https:\/\/sulsc.com\/wp-content\/uploads\/2025\/04\/Tempo-2.png 1024w, https:\/\/sulsc.com\/wp-content\/uploads\/2025\/04\/Tempo-2-300x55.png 300w, https:\/\/sulsc.com\/wp-content\/uploads\/2025\/04\/Tempo-2-768x142.png 768w\" sizes=\"(max-width: 688px) 100vw, 688px\" \/><\/p>\n<p><span style=\"vertical-align: inherit;\"><span style=\"vertical-align: inherit;\">No Grande Oeste, o tempo muda entre a tarde e a noite, quando uma baixa press\u00e3o no interior do continente favorece o desenvolvimento de temporais isolados. Nestas \u00e1reas o risco \u00e9 moderado a alto para ocorr\u00eancias associadas a alagamentos, enxarradas, perfura\u00e7\u00f5es, destelhamentos, queda de galhos e \u00e1rvores e danos na rede el\u00e9trica.<\/span><\/span><\/p>\n<p><strong><span style=\"vertical-align: inherit;\"><span style=\"vertical-align: inherit;\">Quinta-feira (26):<\/span><\/span><\/strong><span style=\"vertical-align: inherit;\"><span style=\"vertical-align: inherit;\"> Durante a madrugada os temporais permaneceram hospedados no Grande Oeste catarinense e avan\u00e7ando para as demais regi\u00f5es no decorrer das horas. M\u00e1ximas n\u00e3o passam dos 15\u00b0C em todo estado.<\/span><\/span><\/p>\n<p><span style=\"vertical-align: inherit;\"><span style=\"vertical-align: inherit;\">Fonte\/Epagri\/Ciram\/Defesa Civil SC<\/span><\/span><\/p>\n<p><img decoding=\"async\" class=\"aligncenter wp-image-24781\" src=\"http:\/\/sulsc.com\/wp-content\/uploads\/2025\/06\/Baner-grupo-SulSC-1.jpg\" alt=\"\" width=\"500\" height=\"500\" srcset=\"https:\/\/sulsc.com\/wp-content\/uploads\/2025\/06\/Baner-grupo-SulSC-1.jpg 1080w, https:\/\/sulsc.com\/wp-content\/uploads\/2025\/06\/Baner-grupo-SulSC-1-300x300.jpg 300w, https:\/\/sulsc.com\/wp-content\/uploads\/2025\/06\/Baner-grupo-SulSC-1-1024x1024.jpg 1024w, https:\/\/sulsc.com\/wp-content\/uploads\/2025\/06\/Baner-grupo-SulSC-1-150x150.jpg 150w, https:\/\/sulsc.com\/wp-content\/uploads\/2025\/06\/Baner-grupo-SulSC-1-768x768.jpg 768w\" sizes=\"(max-width: 500px) 100vw, 500px\" \/><\/p>\n","protected":false},"excerpt":{"rendered":"<p>O dia segue com predom\u00ednio de tempo firme e sensa\u00e7\u00e3o de frio em todas as regi\u00f5es de Santa Catarina nesta quarta-feira (25). O risco segue alto a muito alto para ocorr\u00eancias relacionadas a baixas temperaturas no amanhecer, como desconforto t\u00e9rmico, agravamento de doen\u00e7as cardiorrespirat\u00f3rias, hipotermia e congelamento de pistas nas \u00e1reas mais suscet\u00edveis. Temperaturas No &hellip;<\/p>\n<p class=\"read-more\"> <a class=\"\" href=\"https:\/\/sulsc.com\/index.php\/2025\/06\/25\/quarta-feira-25-gelada-com-minimas-3c-no-grande-oeste-planaltos-e-alto-vale-e-3-e-10c-no-litoral\/\"> <span class=\"screen-reader-text\">quarta-feira (25) gelada com m\u00ednimas  -3\u00b0C no Grande Oeste Planaltos e Alto Vale e 3 e 10\u00b0C no litoral<\/span> Read More &raquo;<\/a><\/p>\n","protected":false},"author":3,"featured_media":16524,"comment_status":"open","ping_status":"open","sticky":false,"template":"","format":"standard","meta":{"site-sidebar-layout":"default","site-content-layout":"","ast-site-content-layout":"default","site-content-style":"default","site-sidebar-style":"default","ast-global-header-display":"","ast-banner-title-visibility":"","ast-main-header-display":"","ast-hfb-above-header-display":"","ast-hfb-below-header-display":"","ast-hfb-mobile-header-display":"","site-post-title":"","ast-breadcrumbs-content":"","ast-featured-img":"","footer-sml-layout":"","theme-transparent-header-meta":"default","adv-header-id-meta":"","stick-header-meta":"","header-above-stick-meta":"","header-main-stick-meta":"","header-below-stick-meta":"","astra-migrate-meta-layouts":"set","footnotes":""},"categories":[38],"tags":[90],"yoast_head":"<!-- This site is optimized with the Yoast SEO plugin v21.4 - https:\/\/yoast.com\/wordpress\/plugins\/seo\/ -->\n<title>quarta-feira (25) gelada com m\u00ednimas -3\u00b0C no Grande Oeste Planaltos e Alto Vale e 3 e 10\u00b0C no litoral -<\/title>\n<meta name=\"description\" content=\"Mudan\u00e7a no tempo no Grande Oeste entre a tarde e \u00e0 noite com uma baixa press\u00e3o atuando no continente onde favorece de temporais isolados\" \/>\n<meta name=\"robots\" content=\"index, follow, max-snippet:-1, max-image-preview:large, max-video-preview:-1\" \/>\n<link rel=\"canonical\" href=\"https:\/\/sulsc.com\/index.php\/2025\/06\/25\/quarta-feira-25-gelada-com-minimas-3c-no-grande-oeste-planaltos-e-alto-vale-e-3-e-10c-no-litoral\/\" \/>\n<meta property=\"og:locale\" content=\"en_US\" \/>\n<meta property=\"og:type\" content=\"article\" \/>\n<meta property=\"og:title\" content=\"quarta-feira (25) gelada com m\u00ednimas -3\u00b0C no Grande Oeste Planaltos e Alto Vale e 3 e 10\u00b0C no litoral -\" \/>\n<meta property=\"og:description\" content=\"Mudan\u00e7a no tempo no Grande Oeste entre a tarde e \u00e0 noite com uma baixa press\u00e3o atuando no continente onde favorece de temporais isolados\" \/>\n<meta property=\"og:url\" content=\"https:\/\/sulsc.com\/index.php\/2025\/06\/25\/quarta-feira-25-gelada-com-minimas-3c-no-grande-oeste-planaltos-e-alto-vale-e-3-e-10c-no-litoral\/\" \/>\n<meta property=\"article:author\" content=\"https:\/\/www.facebook.com\/profile.php?id=61559278119680\" \/>\n<meta property=\"article:published_time\" content=\"2025-06-25T11:15:17+00:00\" \/>\n<meta property=\"article:modified_time\" content=\"2025-06-25T11:37:54+00:00\" \/>\n<meta property=\"og:image\" content=\"http:\/\/sulsc.com\/wp-content\/uploads\/2024\/10\/Tempo-scaled.jpg\" \/>\n\t<meta property=\"og:image:width\" content=\"2560\" \/>\n\t<meta property=\"og:image:height\" content=\"1151\" \/>\n\t<meta property=\"og:image:type\" content=\"image\/jpeg\" \/>\n<meta name=\"author\" content=\"Reda\u00e7\u00e3o Sul SC\" \/>\n<meta name=\"twitter:card\" content=\"summary_large_image\" \/>\n<meta name=\"twitter:creator\" content=\"@https:\/\/twitter.com\/PortalSulSC\" \/>\n<meta name=\"twitter:label1\" content=\"Written by\" \/>\n\t<meta name=\"twitter:data1\" content=\"Reda\u00e7\u00e3o Sul SC\" \/>\n\t<meta name=\"twitter:label2\" content=\"Est. reading time\" \/>\n\t<meta name=\"twitter:data2\" content=\"2 minutes\" \/>\n<script type=\"application\/ld+json\" class=\"yoast-schema-graph\">{\"@context\":\"https:\/\/schema.org\",\"@graph\":[{\"@type\":\"WebPage\",\"@id\":\"https:\/\/sulsc.com\/index.php\/2025\/06\/25\/quarta-feira-25-gelada-com-minimas-3c-no-grande-oeste-planaltos-e-alto-vale-e-3-e-10c-no-litoral\/\",\"url\":\"https:\/\/sulsc.com\/index.php\/2025\/06\/25\/quarta-feira-25-gelada-com-minimas-3c-no-grande-oeste-planaltos-e-alto-vale-e-3-e-10c-no-litoral\/\",\"name\":\"quarta-feira (25) gelada com m\u00ednimas -3\u00b0C no Grande Oeste Planaltos e Alto Vale e 3 e 10\u00b0C no litoral -\",\"isPartOf\":{\"@id\":\"https:\/\/sulsc.com\/#website\"},\"datePublished\":\"2025-06-25T11:15:17+00:00\",\"dateModified\":\"2025-06-25T11:37:54+00:00\",\"author\":{\"@id\":\"https:\/\/sulsc.com\/#\/schema\/person\/84d2fc571684f6248ba83092f07750a3\"},\"description\":\"Mudan\u00e7a no tempo no Grande Oeste entre a tarde e \u00e0 noite com uma baixa press\u00e3o atuando no continente onde favorece de temporais isolados\",\"breadcrumb\":{\"@id\":\"https:\/\/sulsc.com\/index.php\/2025\/06\/25\/quarta-feira-25-gelada-com-minimas-3c-no-grande-oeste-planaltos-e-alto-vale-e-3-e-10c-no-litoral\/#breadcrumb\"},\"inLanguage\":\"en-US\",\"potentialAction\":[{\"@type\":\"ReadAction\",\"target\":[\"https:\/\/sulsc.com\/index.php\/2025\/06\/25\/quarta-feira-25-gelada-com-minimas-3c-no-grande-oeste-planaltos-e-alto-vale-e-3-e-10c-no-litoral\/\"]}]},{\"@type\":\"BreadcrumbList\",\"@id\":\"https:\/\/sulsc.com\/index.php\/2025\/06\/25\/quarta-feira-25-gelada-com-minimas-3c-no-grande-oeste-planaltos-e-alto-vale-e-3-e-10c-no-litoral\/#breadcrumb\",\"itemListElement\":[{\"@type\":\"ListItem\",\"position\":1,\"name\":\"In\u00edcio\",\"item\":\"https:\/\/sulsc.com\/\"},{\"@type\":\"ListItem\",\"position\":2,\"name\":\"quarta-feira (25) gelada com m\u00ednimas -3\u00b0C no Grande Oeste Planaltos e Alto Vale e 3 e 10\u00b0C no litoral\"}]},{\"@type\":\"WebSite\",\"@id\":\"https:\/\/sulsc.com\/#website\",\"url\":\"https:\/\/sulsc.com\/\",\"name\":\"\",\"description\":\"\",\"potentialAction\":[{\"@type\":\"SearchAction\",\"target\":{\"@type\":\"EntryPoint\",\"urlTemplate\":\"https:\/\/sulsc.com\/?s={search_term_string}\"},\"query-input\":\"required name=search_term_string\"}],\"inLanguage\":\"en-US\"},{\"@type\":\"Person\",\"@id\":\"https:\/\/sulsc.com\/#\/schema\/person\/84d2fc571684f6248ba83092f07750a3\",\"name\":\"Reda\u00e7\u00e3o Sul SC\",\"image\":{\"@type\":\"ImageObject\",\"inLanguage\":\"en-US\",\"@id\":\"https:\/\/sulsc.com\/#\/schema\/person\/image\/e08d7fe2cc4ed596372063bbe852b8d0\",\"url\":\"https:\/\/sulsc.com\/wp-content\/uploads\/2023\/09\/redacao.png\",\"contentUrl\":\"https:\/\/sulsc.com\/wp-content\/uploads\/2023\/09\/redacao.png\",\"caption\":\"Reda\u00e7\u00e3o Sul SC\"},\"description\":\"Foco em um jornalismo imparcial, voltado \u00e0 qualidade dos seus conte\u00fados e, assim, levar informa\u00e7\u00e3o de valor que agregue \u00e0 vida dos leitores. Esta \u00e9 grande miss\u00e3o do Portal de Not\u00edcias Sul SC. N\u00e3o \u00e9 quantidade que muda o mundo, sempre foi e seguir\u00e1 sendo qualidade!\",\"sameAs\":[\"https:\/\/sulsc.com\/\",\"https:\/\/www.facebook.com\/profile.php?id=61559278119680\",\"https:\/\/www.instagram.com\/sulscportal\/?hl=pt-br\",\"https:\/\/twitter.com\/https:\/\/twitter.com\/PortalSulSC\",\"https:\/\/www.youtube.com\/channel\/UCv_BE8GeySluDov2n8qhVmw\"],\"url\":\"https:\/\/sulsc.com\/index.php\/author\/redacao\/\"}]}<\/script>\n<!-- \/ Yoast SEO plugin. -->","yoast_head_json":{"title":"quarta-feira (25) gelada com m\u00ednimas -3\u00b0C no Grande Oeste Planaltos e Alto Vale e 3 e 10\u00b0C no litoral -","description":"Mudan\u00e7a no tempo no Grande Oeste entre a tarde e \u00e0 noite com uma baixa press\u00e3o atuando no continente onde favorece de temporais isolados","robots":{"index":"index","follow":"follow","max-snippet":"max-snippet:-1","max-image-preview":"max-image-preview:large","max-video-preview":"max-video-preview:-1"},"canonical":"https:\/\/sulsc.com\/index.php\/2025\/06\/25\/quarta-feira-25-gelada-com-minimas-3c-no-grande-oeste-planaltos-e-alto-vale-e-3-e-10c-no-litoral\/","og_locale":"en_US","og_type":"article","og_title":"quarta-feira (25) gelada com m\u00ednimas -3\u00b0C no Grande Oeste Planaltos e Alto Vale e 3 e 10\u00b0C no litoral -","og_description":"Mudan\u00e7a no tempo no Grande Oeste entre a tarde e \u00e0 noite com uma baixa press\u00e3o atuando no continente onde favorece de temporais isolados","og_url":"https:\/\/sulsc.com\/index.php\/2025\/06\/25\/quarta-feira-25-gelada-com-minimas-3c-no-grande-oeste-planaltos-e-alto-vale-e-3-e-10c-no-litoral\/","article_author":"https:\/\/www.facebook.com\/profile.php?id=61559278119680","article_published_time":"2025-06-25T11:15:17+00:00","article_modified_time":"2025-06-25T11:37:54+00:00","og_image":[{"width":2560,"height":1151,"url":"http:\/\/sulsc.com\/wp-content\/uploads\/2024\/10\/Tempo-scaled.jpg","type":"image\/jpeg"}],"author":"Reda\u00e7\u00e3o Sul SC","twitter_card":"summary_large_image","twitter_creator":"@https:\/\/twitter.com\/PortalSulSC","twitter_misc":{"Written by":"Reda\u00e7\u00e3o Sul SC","Est. reading time":"2 minutes"},"schema":{"@context":"https:\/\/schema.org","@graph":[{"@type":"WebPage","@id":"https:\/\/sulsc.com\/index.php\/2025\/06\/25\/quarta-feira-25-gelada-com-minimas-3c-no-grande-oeste-planaltos-e-alto-vale-e-3-e-10c-no-litoral\/","url":"https:\/\/sulsc.com\/index.php\/2025\/06\/25\/quarta-feira-25-gelada-com-minimas-3c-no-grande-oeste-planaltos-e-alto-vale-e-3-e-10c-no-litoral\/","name":"quarta-feira (25) gelada com m\u00ednimas -3\u00b0C no Grande Oeste Planaltos e Alto Vale e 3 e 10\u00b0C no litoral -","isPartOf":{"@id":"https:\/\/sulsc.com\/#website"},"datePublished":"2025-06-25T11:15:17+00:00","dateModified":"2025-06-25T11:37:54+00:00","author":{"@id":"https:\/\/sulsc.com\/#\/schema\/person\/84d2fc571684f6248ba83092f07750a3"},"description":"Mudan\u00e7a no tempo no Grande Oeste entre a tarde e \u00e0 noite com uma baixa press\u00e3o atuando no continente onde favorece de temporais isolados","breadcrumb":{"@id":"https:\/\/sulsc.com\/index.php\/2025\/06\/25\/quarta-feira-25-gelada-com-minimas-3c-no-grande-oeste-planaltos-e-alto-vale-e-3-e-10c-no-litoral\/#breadcrumb"},"inLanguage":"en-US","potentialAction":[{"@type":"ReadAction","target":["https:\/\/sulsc.com\/index.php\/2025\/06\/25\/quarta-feira-25-gelada-com-minimas-3c-no-grande-oeste-planaltos-e-alto-vale-e-3-e-10c-no-litoral\/"]}]},{"@type":"BreadcrumbList","@id":"https:\/\/sulsc.com\/index.php\/2025\/06\/25\/quarta-feira-25-gelada-com-minimas-3c-no-grande-oeste-planaltos-e-alto-vale-e-3-e-10c-no-litoral\/#breadcrumb","itemListElement":[{"@type":"ListItem","position":1,"name":"In\u00edcio","item":"https:\/\/sulsc.com\/"},{"@type":"ListItem","position":2,"name":"quarta-feira (25) gelada com m\u00ednimas -3\u00b0C no Grande Oeste Planaltos e Alto Vale e 3 e 10\u00b0C no litoral"}]},{"@type":"WebSite","@id":"https:\/\/sulsc.com\/#website","url":"https:\/\/sulsc.com\/","name":"","description":"","potentialAction":[{"@type":"SearchAction","target":{"@type":"EntryPoint","urlTemplate":"https:\/\/sulsc.com\/?s={search_term_string}"},"query-input":"required name=search_term_string"}],"inLanguage":"en-US"},{"@type":"Person","@id":"https:\/\/sulsc.com\/#\/schema\/person\/84d2fc571684f6248ba83092f07750a3","name":"Reda\u00e7\u00e3o Sul SC","image":{"@type":"ImageObject","inLanguage":"en-US","@id":"https:\/\/sulsc.com\/#\/schema\/person\/image\/e08d7fe2cc4ed596372063bbe852b8d0","url":"https:\/\/sulsc.com\/wp-content\/uploads\/2023\/09\/redacao.png","contentUrl":"https:\/\/sulsc.com\/wp-content\/uploads\/2023\/09\/redacao.png","caption":"Reda\u00e7\u00e3o Sul SC"},"description":"Foco em um jornalismo imparcial, voltado \u00e0 qualidade dos seus conte\u00fados e, assim, levar informa\u00e7\u00e3o de valor que agregue \u00e0 vida dos leitores. Esta \u00e9 grande miss\u00e3o do Portal de Not\u00edcias Sul SC. N\u00e3o \u00e9 quantidade que muda o mundo, sempre foi e seguir\u00e1 sendo qualidade!","sameAs":["https:\/\/sulsc.com\/","https:\/\/www.facebook.com\/profile.php?id=61559278119680","https:\/\/www.instagram.com\/sulscportal\/?hl=pt-br","https:\/\/twitter.com\/https:\/\/twitter.com\/PortalSulSC","https:\/\/www.youtube.com\/channel\/UCv_BE8GeySluDov2n8qhVmw"],"url":"https:\/\/sulsc.com\/index.php\/author\/redacao\/"}]}},"authors":[],"_links":{"self":[{"href":"https:\/\/sulsc.com\/index.php\/wp-json\/wp\/v2\/posts\/24833"}],"collection":[{"href":"https:\/\/sulsc.com\/index.php\/wp-json\/wp\/v2\/posts"}],"about":[{"href":"https:\/\/sulsc.com\/index.php\/wp-json\/wp\/v2\/types\/post"}],"author":[{"embeddable":true,"href":"https:\/\/sulsc.com\/index.php\/wp-json\/wp\/v2\/users\/3"}],"replies":[{"embeddable":true,"href":"https:\/\/sulsc.com\/index.php\/wp-json\/wp\/v2\/comments?post=24833"}],"version-history":[{"count":2,"href":"https:\/\/sulsc.com\/index.php\/wp-json\/wp\/v2\/posts\/24833\/revisions"}],"predecessor-version":[{"id":24840,"href":"https:\/\/sulsc.com\/index.php\/wp-json\/wp\/v2\/posts\/24833\/revisions\/24840"}],"wp:featuredmedia":[{"embeddable":true,"href":"https:\/\/sulsc.com\/index.php\/wp-json\/wp\/v2\/media\/16524"}],"wp:attachment":[{"href":"https:\/\/sulsc.com\/index.php\/wp-json\/wp\/v2\/media?parent=24833"}],"wp:term":[{"taxonomy":"category","embeddable":true,"href":"https:\/\/sulsc.com\/index.php\/wp-json\/wp\/v2\/categories?post=24833"},{"taxonomy":"post_tag","embeddable":true,"href":"https:\/\/sulsc.com\/index.php\/wp-json\/wp\/v2\/tags?post=24833"}],"curies":[{"name":"wp","href":"https:\/\/api.w.org\/{rel}","templated":true}]}}