{"id":24891,"date":"2025-06-27T08:02:11","date_gmt":"2025-06-27T11:02:11","guid":{"rendered":"https:\/\/sulsc.com\/?p=24891"},"modified":"2025-06-27T08:02:49","modified_gmt":"2025-06-27T11:02:49","slug":"sexta-feira-27-com-tempo-firme-com-predominio-de-nuvens","status":"publish","type":"post","link":"https:\/\/sulsc.com\/index.php\/2025\/06\/27\/sexta-feira-27-com-tempo-firme-com-predominio-de-nuvens\/","title":{"rendered":"Sexta-feira (27) com tempo firme com predom\u00ednio de nuvens"},"content":{"rendered":"<p><span style=\"vertical-align: inherit;\"><span style=\"vertical-align: inherit;\">O dia ser\u00e1 marcado por c\u00e9u com muitas nuvens e por predom\u00ednio de tempo firme no estado nesta sexta-feira (27). H\u00e1 condi\u00e7\u00f5es para chuviscos isolados nas \u00e1reas que fazem divis\u00e3o com o Paran\u00e1, principalmente nos hor\u00e1rios extremos do dia.<\/span><\/span><\/p>\n<p><strong><span style=\"vertical-align: inherit;\"><span style=\"vertical-align: inherit;\">Temperaturas<\/span><\/span><\/strong><\/p>\n<p><span style=\"vertical-align: inherit;\"><span style=\"vertical-align: inherit;\">Nas primeiras horas da manh\u00e3, as temperaturas m\u00ednimas variam entre 10 e 15\u00b0C na grande parte do estado, ficando um pouco mais amenas nas regi\u00f5es da Serra. O risco \u00e9 moderado de ocorr\u00eancias associadas ao desconforto t\u00e9rmico e agravamento de doen\u00e7as cardiorrespirat\u00f3rias. \u00c0 tarde, com o predom\u00ednio de nuvens, as m\u00e1ximas n\u00e3o ultrapassaram os 17\u00b0C.<\/span><\/span><\/p>\n<p><img fetchpriority=\"high\" decoding=\"async\" class=\"aligncenter size-full wp-image-24893\" src=\"http:\/\/sulsc.com\/wp-content\/uploads\/2025\/06\/a-17.png\" alt=\"\" width=\"1477\" height=\"1000\" srcset=\"https:\/\/sulsc.com\/wp-content\/uploads\/2025\/06\/a-17.png 1477w, https:\/\/sulsc.com\/wp-content\/uploads\/2025\/06\/a-17-300x203.png 300w, https:\/\/sulsc.com\/wp-content\/uploads\/2025\/06\/a-17-1024x693.png 1024w, https:\/\/sulsc.com\/wp-content\/uploads\/2025\/06\/a-17-768x520.png 768w\" sizes=\"(max-width: 1477px) 100vw, 1477px\" \/><\/p>\n<p><img decoding=\"async\" class=\"aligncenter wp-image-22836\" src=\"http:\/\/sulsc.com\/wp-content\/uploads\/2025\/04\/Tempo-2.png\" alt=\"\" width=\"639\" height=\"118\" srcset=\"https:\/\/sulsc.com\/wp-content\/uploads\/2025\/04\/Tempo-2.png 1024w, https:\/\/sulsc.com\/wp-content\/uploads\/2025\/04\/Tempo-2-300x55.png 300w, https:\/\/sulsc.com\/wp-content\/uploads\/2025\/04\/Tempo-2-768x142.png 768w\" sizes=\"(max-width: 639px) 100vw, 639px\" \/><\/p>\n<p><strong>Vento:<\/strong> sudoeste a sudeste, com varia\u00e7\u00e3o para nordeste no interior, fraco a moderado.<\/p>\n<p><strong>Sistema predominante:<\/strong> alta press\u00e3o no Sul do Brasil. Cavado (\u00e1rea de baixa press\u00e3o) no oeste de SC.<\/p>\n<p><strong>S\u00e1bado (28) : <\/strong>O tempo inst\u00e1vel com chuva e temporais isolados em SC, devido ao processo de forma\u00e7\u00e3o de uma frente fria no Sul do Brasil, associada a um ciclone extratropical no litoral do RS no domingo. Elevados acumulados de chuva especialmente do oeste ao sul do estado.<\/p>\n<p>Fonte: Epagri\/Ciram\/Defesa Civil SC<\/p>\n<p><strong>Sua empresa aqui<\/strong><\/p>\n<p><img decoding=\"async\" class=\"aligncenter wp-image-24781\" src=\"http:\/\/sulsc.com\/wp-content\/uploads\/2025\/06\/Baner-grupo-SulSC-1.jpg\" alt=\"\" width=\"500\" height=\"500\" srcset=\"https:\/\/sulsc.com\/wp-content\/uploads\/2025\/06\/Baner-grupo-SulSC-1.jpg 1080w, https:\/\/sulsc.com\/wp-content\/uploads\/2025\/06\/Baner-grupo-SulSC-1-300x300.jpg 300w, https:\/\/sulsc.com\/wp-content\/uploads\/2025\/06\/Baner-grupo-SulSC-1-1024x1024.jpg 1024w, https:\/\/sulsc.com\/wp-content\/uploads\/2025\/06\/Baner-grupo-SulSC-1-150x150.jpg 150w, https:\/\/sulsc.com\/wp-content\/uploads\/2025\/06\/Baner-grupo-SulSC-1-768x768.jpg 768w\" sizes=\"(max-width: 500px) 100vw, 500px\" \/><\/p>\n","protected":false},"excerpt":{"rendered":"<p>O dia ser\u00e1 marcado por c\u00e9u com muitas nuvens e por predom\u00ednio de tempo firme no estado nesta sexta-feira (27). H\u00e1 condi\u00e7\u00f5es para chuviscos isolados nas \u00e1reas que fazem divis\u00e3o com o Paran\u00e1, principalmente nos hor\u00e1rios extremos do dia. Temperaturas Nas primeiras horas da manh\u00e3, as temperaturas m\u00ednimas variam entre 10 e 15\u00b0C na grande &hellip;<\/p>\n<p class=\"read-more\"> <a class=\"\" href=\"https:\/\/sulsc.com\/index.php\/2025\/06\/27\/sexta-feira-27-com-tempo-firme-com-predominio-de-nuvens\/\"> <span class=\"screen-reader-text\">Sexta-feira (27) com tempo firme com predom\u00ednio de nuvens<\/span> Read More &raquo;<\/a><\/p>\n","protected":false},"author":3,"featured_media":14284,"comment_status":"open","ping_status":"open","sticky":false,"template":"","format":"standard","meta":{"site-sidebar-layout":"default","site-content-layout":"","ast-site-content-layout":"default","site-content-style":"default","site-sidebar-style":"default","ast-global-header-display":"","ast-banner-title-visibility":"","ast-main-header-display":"","ast-hfb-above-header-display":"","ast-hfb-below-header-display":"","ast-hfb-mobile-header-display":"","site-post-title":"","ast-breadcrumbs-content":"","ast-featured-img":"","footer-sml-layout":"","theme-transparent-header-meta":"default","adv-header-id-meta":"","stick-header-meta":"","header-above-stick-meta":"","header-main-stick-meta":"","header-below-stick-meta":"","astra-migrate-meta-layouts":"set","footnotes":""},"categories":[38],"tags":[90],"yoast_head":"<!-- This site is optimized with the Yoast SEO plugin v21.4 - https:\/\/yoast.com\/wordpress\/plugins\/seo\/ -->\n<title>Sexta-feira (27) com tempo firme com predom\u00ednio de nuvens -<\/title>\n<meta name=\"description\" content=\"Nas primeiras horas da manh\u00e3 m\u00ednimas variam entre 10 e 15\u00b0C na grande parte do estado a tarde as m\u00e1ximas n\u00e3o ultrapassaram os 17\u00b0C\" \/>\n<meta name=\"robots\" content=\"index, follow, max-snippet:-1, max-image-preview:large, max-video-preview:-1\" \/>\n<link rel=\"canonical\" href=\"https:\/\/sulsc.com\/index.php\/2025\/06\/27\/sexta-feira-27-com-tempo-firme-com-predominio-de-nuvens\/\" \/>\n<meta property=\"og:locale\" content=\"en_US\" \/>\n<meta property=\"og:type\" content=\"article\" \/>\n<meta property=\"og:title\" content=\"Sexta-feira (27) com tempo firme com predom\u00ednio de nuvens -\" \/>\n<meta property=\"og:description\" content=\"Nas primeiras horas da manh\u00e3 m\u00ednimas variam entre 10 e 15\u00b0C na grande parte do estado a tarde as m\u00e1ximas n\u00e3o ultrapassaram os 17\u00b0C\" \/>\n<meta property=\"og:url\" content=\"https:\/\/sulsc.com\/index.php\/2025\/06\/27\/sexta-feira-27-com-tempo-firme-com-predominio-de-nuvens\/\" \/>\n<meta property=\"article:author\" content=\"https:\/\/www.facebook.com\/profile.php?id=61559278119680\" \/>\n<meta property=\"article:published_time\" content=\"2025-06-27T11:02:11+00:00\" \/>\n<meta property=\"article:modified_time\" content=\"2025-06-27T11:02:49+00:00\" \/>\n<meta property=\"og:image\" content=\"http:\/\/sulsc.com\/wp-content\/uploads\/2024\/07\/tempo-nublado-4.jpeg\" \/>\n\t<meta property=\"og:image:width\" content=\"1600\" \/>\n\t<meta property=\"og:image:height\" content=\"900\" \/>\n\t<meta property=\"og:image:type\" content=\"image\/jpeg\" \/>\n<meta name=\"author\" content=\"Reda\u00e7\u00e3o Sul SC\" \/>\n<meta name=\"twitter:card\" content=\"summary_large_image\" \/>\n<meta name=\"twitter:creator\" content=\"@https:\/\/twitter.com\/PortalSulSC\" \/>\n<meta name=\"twitter:label1\" content=\"Written by\" \/>\n\t<meta name=\"twitter:data1\" content=\"Reda\u00e7\u00e3o Sul SC\" \/>\n\t<meta name=\"twitter:label2\" content=\"Est. reading time\" \/>\n\t<meta name=\"twitter:data2\" content=\"2 minutes\" \/>\n<script type=\"application\/ld+json\" class=\"yoast-schema-graph\">{\"@context\":\"https:\/\/schema.org\",\"@graph\":[{\"@type\":\"WebPage\",\"@id\":\"https:\/\/sulsc.com\/index.php\/2025\/06\/27\/sexta-feira-27-com-tempo-firme-com-predominio-de-nuvens\/\",\"url\":\"https:\/\/sulsc.com\/index.php\/2025\/06\/27\/sexta-feira-27-com-tempo-firme-com-predominio-de-nuvens\/\",\"name\":\"Sexta-feira (27) com tempo firme com predom\u00ednio de nuvens -\",\"isPartOf\":{\"@id\":\"https:\/\/sulsc.com\/#website\"},\"datePublished\":\"2025-06-27T11:02:11+00:00\",\"dateModified\":\"2025-06-27T11:02:49+00:00\",\"author\":{\"@id\":\"https:\/\/sulsc.com\/#\/schema\/person\/84d2fc571684f6248ba83092f07750a3\"},\"description\":\"Nas primeiras horas da manh\u00e3 m\u00ednimas variam entre 10 e 15\u00b0C na grande parte do estado a tarde as m\u00e1ximas n\u00e3o ultrapassaram os 17\u00b0C\",\"breadcrumb\":{\"@id\":\"https:\/\/sulsc.com\/index.php\/2025\/06\/27\/sexta-feira-27-com-tempo-firme-com-predominio-de-nuvens\/#breadcrumb\"},\"inLanguage\":\"en-US\",\"potentialAction\":[{\"@type\":\"ReadAction\",\"target\":[\"https:\/\/sulsc.com\/index.php\/2025\/06\/27\/sexta-feira-27-com-tempo-firme-com-predominio-de-nuvens\/\"]}]},{\"@type\":\"BreadcrumbList\",\"@id\":\"https:\/\/sulsc.com\/index.php\/2025\/06\/27\/sexta-feira-27-com-tempo-firme-com-predominio-de-nuvens\/#breadcrumb\",\"itemListElement\":[{\"@type\":\"ListItem\",\"position\":1,\"name\":\"In\u00edcio\",\"item\":\"https:\/\/sulsc.com\/\"},{\"@type\":\"ListItem\",\"position\":2,\"name\":\"Sexta-feira (27) com tempo firme com predom\u00ednio de nuvens\"}]},{\"@type\":\"WebSite\",\"@id\":\"https:\/\/sulsc.com\/#website\",\"url\":\"https:\/\/sulsc.com\/\",\"name\":\"\",\"description\":\"\",\"potentialAction\":[{\"@type\":\"SearchAction\",\"target\":{\"@type\":\"EntryPoint\",\"urlTemplate\":\"https:\/\/sulsc.com\/?s={search_term_string}\"},\"query-input\":\"required name=search_term_string\"}],\"inLanguage\":\"en-US\"},{\"@type\":\"Person\",\"@id\":\"https:\/\/sulsc.com\/#\/schema\/person\/84d2fc571684f6248ba83092f07750a3\",\"name\":\"Reda\u00e7\u00e3o Sul SC\",\"image\":{\"@type\":\"ImageObject\",\"inLanguage\":\"en-US\",\"@id\":\"https:\/\/sulsc.com\/#\/schema\/person\/image\/e08d7fe2cc4ed596372063bbe852b8d0\",\"url\":\"https:\/\/sulsc.com\/wp-content\/uploads\/2023\/09\/redacao.png\",\"contentUrl\":\"https:\/\/sulsc.com\/wp-content\/uploads\/2023\/09\/redacao.png\",\"caption\":\"Reda\u00e7\u00e3o Sul SC\"},\"description\":\"Foco em um jornalismo imparcial, voltado \u00e0 qualidade dos seus conte\u00fados e, assim, levar informa\u00e7\u00e3o de valor que agregue \u00e0 vida dos leitores. Esta \u00e9 grande miss\u00e3o do Portal de Not\u00edcias Sul SC. N\u00e3o \u00e9 quantidade que muda o mundo, sempre foi e seguir\u00e1 sendo qualidade!\",\"sameAs\":[\"https:\/\/sulsc.com\/\",\"https:\/\/www.facebook.com\/profile.php?id=61559278119680\",\"https:\/\/www.instagram.com\/sulscportal\/?hl=pt-br\",\"https:\/\/twitter.com\/https:\/\/twitter.com\/PortalSulSC\",\"https:\/\/www.youtube.com\/channel\/UCv_BE8GeySluDov2n8qhVmw\"],\"url\":\"https:\/\/sulsc.com\/index.php\/author\/redacao\/\"}]}<\/script>\n<!-- \/ Yoast SEO plugin. -->","yoast_head_json":{"title":"Sexta-feira (27) com tempo firme com predom\u00ednio de nuvens -","description":"Nas primeiras horas da manh\u00e3 m\u00ednimas variam entre 10 e 15\u00b0C na grande parte do estado a tarde as m\u00e1ximas n\u00e3o ultrapassaram os 17\u00b0C","robots":{"index":"index","follow":"follow","max-snippet":"max-snippet:-1","max-image-preview":"max-image-preview:large","max-video-preview":"max-video-preview:-1"},"canonical":"https:\/\/sulsc.com\/index.php\/2025\/06\/27\/sexta-feira-27-com-tempo-firme-com-predominio-de-nuvens\/","og_locale":"en_US","og_type":"article","og_title":"Sexta-feira (27) com tempo firme com predom\u00ednio de nuvens -","og_description":"Nas primeiras horas da manh\u00e3 m\u00ednimas variam entre 10 e 15\u00b0C na grande parte do estado a tarde as m\u00e1ximas n\u00e3o ultrapassaram os 17\u00b0C","og_url":"https:\/\/sulsc.com\/index.php\/2025\/06\/27\/sexta-feira-27-com-tempo-firme-com-predominio-de-nuvens\/","article_author":"https:\/\/www.facebook.com\/profile.php?id=61559278119680","article_published_time":"2025-06-27T11:02:11+00:00","article_modified_time":"2025-06-27T11:02:49+00:00","og_image":[{"width":1600,"height":900,"url":"http:\/\/sulsc.com\/wp-content\/uploads\/2024\/07\/tempo-nublado-4.jpeg","type":"image\/jpeg"}],"author":"Reda\u00e7\u00e3o Sul SC","twitter_card":"summary_large_image","twitter_creator":"@https:\/\/twitter.com\/PortalSulSC","twitter_misc":{"Written by":"Reda\u00e7\u00e3o Sul SC","Est. reading time":"2 minutes"},"schema":{"@context":"https:\/\/schema.org","@graph":[{"@type":"WebPage","@id":"https:\/\/sulsc.com\/index.php\/2025\/06\/27\/sexta-feira-27-com-tempo-firme-com-predominio-de-nuvens\/","url":"https:\/\/sulsc.com\/index.php\/2025\/06\/27\/sexta-feira-27-com-tempo-firme-com-predominio-de-nuvens\/","name":"Sexta-feira (27) com tempo firme com predom\u00ednio de nuvens -","isPartOf":{"@id":"https:\/\/sulsc.com\/#website"},"datePublished":"2025-06-27T11:02:11+00:00","dateModified":"2025-06-27T11:02:49+00:00","author":{"@id":"https:\/\/sulsc.com\/#\/schema\/person\/84d2fc571684f6248ba83092f07750a3"},"description":"Nas primeiras horas da manh\u00e3 m\u00ednimas variam entre 10 e 15\u00b0C na grande parte do estado a tarde as m\u00e1ximas n\u00e3o ultrapassaram os 17\u00b0C","breadcrumb":{"@id":"https:\/\/sulsc.com\/index.php\/2025\/06\/27\/sexta-feira-27-com-tempo-firme-com-predominio-de-nuvens\/#breadcrumb"},"inLanguage":"en-US","potentialAction":[{"@type":"ReadAction","target":["https:\/\/sulsc.com\/index.php\/2025\/06\/27\/sexta-feira-27-com-tempo-firme-com-predominio-de-nuvens\/"]}]},{"@type":"BreadcrumbList","@id":"https:\/\/sulsc.com\/index.php\/2025\/06\/27\/sexta-feira-27-com-tempo-firme-com-predominio-de-nuvens\/#breadcrumb","itemListElement":[{"@type":"ListItem","position":1,"name":"In\u00edcio","item":"https:\/\/sulsc.com\/"},{"@type":"ListItem","position":2,"name":"Sexta-feira (27) com tempo firme com predom\u00ednio de nuvens"}]},{"@type":"WebSite","@id":"https:\/\/sulsc.com\/#website","url":"https:\/\/sulsc.com\/","name":"","description":"","potentialAction":[{"@type":"SearchAction","target":{"@type":"EntryPoint","urlTemplate":"https:\/\/sulsc.com\/?s={search_term_string}"},"query-input":"required name=search_term_string"}],"inLanguage":"en-US"},{"@type":"Person","@id":"https:\/\/sulsc.com\/#\/schema\/person\/84d2fc571684f6248ba83092f07750a3","name":"Reda\u00e7\u00e3o Sul SC","image":{"@type":"ImageObject","inLanguage":"en-US","@id":"https:\/\/sulsc.com\/#\/schema\/person\/image\/e08d7fe2cc4ed596372063bbe852b8d0","url":"https:\/\/sulsc.com\/wp-content\/uploads\/2023\/09\/redacao.png","contentUrl":"https:\/\/sulsc.com\/wp-content\/uploads\/2023\/09\/redacao.png","caption":"Reda\u00e7\u00e3o Sul SC"},"description":"Foco em um jornalismo imparcial, voltado \u00e0 qualidade dos seus conte\u00fados e, assim, levar informa\u00e7\u00e3o de valor que agregue \u00e0 vida dos leitores. Esta \u00e9 grande miss\u00e3o do Portal de Not\u00edcias Sul SC. N\u00e3o \u00e9 quantidade que muda o mundo, sempre foi e seguir\u00e1 sendo qualidade!","sameAs":["https:\/\/sulsc.com\/","https:\/\/www.facebook.com\/profile.php?id=61559278119680","https:\/\/www.instagram.com\/sulscportal\/?hl=pt-br","https:\/\/twitter.com\/https:\/\/twitter.com\/PortalSulSC","https:\/\/www.youtube.com\/channel\/UCv_BE8GeySluDov2n8qhVmw"],"url":"https:\/\/sulsc.com\/index.php\/author\/redacao\/"}]}},"authors":[],"_links":{"self":[{"href":"https:\/\/sulsc.com\/index.php\/wp-json\/wp\/v2\/posts\/24891"}],"collection":[{"href":"https:\/\/sulsc.com\/index.php\/wp-json\/wp\/v2\/posts"}],"about":[{"href":"https:\/\/sulsc.com\/index.php\/wp-json\/wp\/v2\/types\/post"}],"author":[{"embeddable":true,"href":"https:\/\/sulsc.com\/index.php\/wp-json\/wp\/v2\/users\/3"}],"replies":[{"embeddable":true,"href":"https:\/\/sulsc.com\/index.php\/wp-json\/wp\/v2\/comments?post=24891"}],"version-history":[{"count":1,"href":"https:\/\/sulsc.com\/index.php\/wp-json\/wp\/v2\/posts\/24891\/revisions"}],"predecessor-version":[{"id":24894,"href":"https:\/\/sulsc.com\/index.php\/wp-json\/wp\/v2\/posts\/24891\/revisions\/24894"}],"wp:featuredmedia":[{"embeddable":true,"href":"https:\/\/sulsc.com\/index.php\/wp-json\/wp\/v2\/media\/14284"}],"wp:attachment":[{"href":"https:\/\/sulsc.com\/index.php\/wp-json\/wp\/v2\/media?parent=24891"}],"wp:term":[{"taxonomy":"category","embeddable":true,"href":"https:\/\/sulsc.com\/index.php\/wp-json\/wp\/v2\/categories?post=24891"},{"taxonomy":"post_tag","embeddable":true,"href":"https:\/\/sulsc.com\/index.php\/wp-json\/wp\/v2\/tags?post=24891"}],"curies":[{"name":"wp","href":"https:\/\/api.w.org\/{rel}","templated":true}]}}