{"id":24953,"date":"2025-06-28T10:51:05","date_gmt":"2025-06-28T13:51:05","guid":{"rendered":"https:\/\/sulsc.com\/?p=24953"},"modified":"2025-06-28T10:51:05","modified_gmt":"2025-06-28T13:51:05","slug":"alerta-para-temporais-e-rajadas-de-vento-para-regiao-sul-neste-sabado-28","status":"publish","type":"post","link":"https:\/\/sulsc.com\/index.php\/2025\/06\/28\/alerta-para-temporais-e-rajadas-de-vento-para-regiao-sul-neste-sabado-28\/","title":{"rendered":"Alerta para temporais e rajadas de vento para regi\u00e3o Sul neste s\u00e1bado (28)"},"content":{"rendered":"<p>Nos pr\u00f3ximos dias, o frio segue menos intenso entre as noites e madrugadas, n\u00e3o sendo esperadas temperaturas pr\u00f3ximas ou abaixo de zero. Entretanto, as temperaturas m\u00e1ximas (diurnas) ainda permanecem baixas, com marcas entre 10\u00b0C e 17\u00b0C na maior parte do estado, com valores pontualmente menores, especialmente nas \u00e1reas de maior altitude.<\/p>\n<p>Essa condi\u00e7\u00e3o favorece a manuten\u00e7\u00e3o das condi\u00e7\u00f5es de frio intenso, oferecendo risco baixo a moderado para ocorr\u00eancias relacionadas ao agravamento de doen\u00e7as cardiorespirat\u00f3rias e desconforto t\u00e9rmico, entre esse s\u00e1bado (28) e domingo (29). No in\u00edcio da pr\u00f3xima semana, o frio volta a ganhar for\u00e7a entre as noites e madrugadas em todas as regi\u00f5es.<\/p>\n<p><strong>s\u00e1bado (28)<\/strong><\/p>\n<p>O tempo ser\u00e1 inst\u00e1vel com chuva desde o amanhecer em todas as regi\u00f5es. No decorrer da tarde, a instabilidade mais intensa se concentra nas \u00e1reas pr\u00f3ximas da divisa com o RS, onde se forma uma frente fria que avan\u00e7a por SC a partir do final do dia. Por alguns momentos a chuva ocorre associada a temporais com raios, rajadas de vento, chuva intensa e eventual queda de granizo. O risco \u00e9 moderado a alto para ocorr\u00eancias associadas, especialmente entre o Extremo Oeste e o Litoral Sul, nas \u00e1reas que fazem divisa com o Rio Grande do Sul.<\/p>\n<p><img fetchpriority=\"high\" decoding=\"async\" class=\"aligncenter size-full wp-image-24955\" src=\"http:\/\/sulsc.com\/wp-content\/uploads\/2025\/06\/a-18.png\" alt=\"\" width=\"1024\" height=\"699\" srcset=\"https:\/\/sulsc.com\/wp-content\/uploads\/2025\/06\/a-18.png 1024w, https:\/\/sulsc.com\/wp-content\/uploads\/2025\/06\/a-18-300x205.png 300w, https:\/\/sulsc.com\/wp-content\/uploads\/2025\/06\/a-18-768x524.png 768w\" sizes=\"(max-width: 1024px) 100vw, 1024px\" \/><\/p>\n<p><img decoding=\"async\" class=\"aligncenter size-full wp-image-22836\" src=\"http:\/\/sulsc.com\/wp-content\/uploads\/2025\/04\/Tempo-2.png\" alt=\"\" width=\"1024\" height=\"189\" srcset=\"https:\/\/sulsc.com\/wp-content\/uploads\/2025\/04\/Tempo-2.png 1024w, https:\/\/sulsc.com\/wp-content\/uploads\/2025\/04\/Tempo-2-300x55.png 300w, https:\/\/sulsc.com\/wp-content\/uploads\/2025\/04\/Tempo-2-768x142.png 768w\" sizes=\"(max-width: 1024px) 100vw, 1024px\" \/><\/p>\n<p><strong>Temperaturas<\/strong><\/p>\n<p>\u00c0 tarde, as temperaturas m\u00e1ximas variam entre 15 e 18\u00b0C em grande parte do estado. No Oeste e no Extremo Oeste, principalmente nas \u00e1reas que fazem divisa com o Paran\u00e1, as m\u00e1ximas ficam pr\u00f3ximas dos 26\u00b0C e na Serra n\u00e3o passam de 13\u00b0C.<\/p>\n<p><strong>Vento:<\/strong> nordeste a noroeste, fraco a moderado e com rajadas mais intensas (50 a 70km\/h) a partir da tarde do oeste ao sul de SC.<\/p>\n<p><strong>Sistema predominante:<\/strong> processo de forma\u00e7\u00e3o de uma frente fria no Sul do Brasil.<\/p>\n<p><strong>Domingo (29\/06)<\/strong><\/p>\n<p>O tempo ser\u00e1 inst\u00e1vel com chuva e temporais isolados em SC. Elevados acumulados de chuva especialmente do oeste ao sul do estado. No fim do dia a chuva diminui.<\/p>\n<p><strong>Sua empresa aqui<\/strong><\/p>\n<p><img decoding=\"async\" class=\"aligncenter  wp-image-24781\" src=\"http:\/\/sulsc.com\/wp-content\/uploads\/2025\/06\/Baner-grupo-SulSC-1.jpg\" alt=\"\" width=\"500\" height=\"500\" srcset=\"https:\/\/sulsc.com\/wp-content\/uploads\/2025\/06\/Baner-grupo-SulSC-1.jpg 1080w, https:\/\/sulsc.com\/wp-content\/uploads\/2025\/06\/Baner-grupo-SulSC-1-300x300.jpg 300w, https:\/\/sulsc.com\/wp-content\/uploads\/2025\/06\/Baner-grupo-SulSC-1-1024x1024.jpg 1024w, https:\/\/sulsc.com\/wp-content\/uploads\/2025\/06\/Baner-grupo-SulSC-1-150x150.jpg 150w, https:\/\/sulsc.com\/wp-content\/uploads\/2025\/06\/Baner-grupo-SulSC-1-768x768.jpg 768w\" sizes=\"(max-width: 500px) 100vw, 500px\" \/><\/p>\n","protected":false},"excerpt":{"rendered":"<p>Nos pr\u00f3ximos dias, o frio segue menos intenso entre as noites e madrugadas, n\u00e3o sendo esperadas temperaturas pr\u00f3ximas ou abaixo de zero. Entretanto, as temperaturas m\u00e1ximas (diurnas) ainda permanecem baixas, com marcas entre 10\u00b0C e 17\u00b0C na maior parte do estado, com valores pontualmente menores, especialmente nas \u00e1reas de maior altitude. Essa condi\u00e7\u00e3o favorece a &hellip;<\/p>\n<p class=\"read-more\"> <a class=\"\" href=\"https:\/\/sulsc.com\/index.php\/2025\/06\/28\/alerta-para-temporais-e-rajadas-de-vento-para-regiao-sul-neste-sabado-28\/\"> <span class=\"screen-reader-text\">Alerta para temporais e rajadas de vento para regi\u00e3o Sul neste s\u00e1bado (28)<\/span> Read More &raquo;<\/a><\/p>\n","protected":false},"author":3,"featured_media":13306,"comment_status":"open","ping_status":"open","sticky":false,"template":"","format":"standard","meta":{"site-sidebar-layout":"default","site-content-layout":"","ast-site-content-layout":"default","site-content-style":"default","site-sidebar-style":"default","ast-global-header-display":"","ast-banner-title-visibility":"","ast-main-header-display":"","ast-hfb-above-header-display":"","ast-hfb-below-header-display":"","ast-hfb-mobile-header-display":"","site-post-title":"","ast-breadcrumbs-content":"","ast-featured-img":"","footer-sml-layout":"","theme-transparent-header-meta":"default","adv-header-id-meta":"","stick-header-meta":"","header-above-stick-meta":"","header-main-stick-meta":"","header-below-stick-meta":"","astra-migrate-meta-layouts":"set","footnotes":""},"categories":[38],"tags":[90],"yoast_head":"<!-- This site is optimized with the Yoast SEO plugin v21.4 - https:\/\/yoast.com\/wordpress\/plugins\/seo\/ -->\n<title>Alerta para temporais e rajadas de vento para regi\u00e3o Sul neste s\u00e1bado (28) -<\/title>\n<meta name=\"description\" content=\"O risco \u00e9 moderado a alto para ocorr\u00eancias associadas, especialmente entre o Extremo Oeste e o Litoral Sul\" \/>\n<meta name=\"robots\" content=\"index, follow, max-snippet:-1, max-image-preview:large, max-video-preview:-1\" \/>\n<link rel=\"canonical\" href=\"https:\/\/sulsc.com\/index.php\/2025\/06\/28\/alerta-para-temporais-e-rajadas-de-vento-para-regiao-sul-neste-sabado-28\/\" \/>\n<meta property=\"og:locale\" content=\"en_US\" \/>\n<meta property=\"og:type\" content=\"article\" \/>\n<meta property=\"og:title\" content=\"Alerta para temporais e rajadas de vento para regi\u00e3o Sul neste s\u00e1bado (28) -\" \/>\n<meta property=\"og:description\" content=\"O risco \u00e9 moderado a alto para ocorr\u00eancias associadas, especialmente entre o Extremo Oeste e o Litoral Sul\" \/>\n<meta property=\"og:url\" content=\"https:\/\/sulsc.com\/index.php\/2025\/06\/28\/alerta-para-temporais-e-rajadas-de-vento-para-regiao-sul-neste-sabado-28\/\" \/>\n<meta property=\"article:author\" content=\"https:\/\/www.facebook.com\/profile.php?id=61559278119680\" \/>\n<meta property=\"article:published_time\" content=\"2025-06-28T13:51:05+00:00\" \/>\n<meta property=\"og:image\" content=\"http:\/\/sulsc.com\/wp-content\/uploads\/2024\/06\/tempo.jpg\" \/>\n\t<meta property=\"og:image:width\" content=\"1500\" \/>\n\t<meta property=\"og:image:height\" content=\"1000\" \/>\n\t<meta property=\"og:image:type\" content=\"image\/jpeg\" \/>\n<meta name=\"author\" content=\"Reda\u00e7\u00e3o Sul SC\" \/>\n<meta name=\"twitter:card\" content=\"summary_large_image\" \/>\n<meta name=\"twitter:creator\" content=\"@https:\/\/twitter.com\/PortalSulSC\" \/>\n<meta name=\"twitter:label1\" content=\"Written by\" \/>\n\t<meta name=\"twitter:data1\" content=\"Reda\u00e7\u00e3o Sul SC\" \/>\n\t<meta name=\"twitter:label2\" content=\"Est. reading time\" \/>\n\t<meta name=\"twitter:data2\" content=\"2 minutes\" \/>\n<script type=\"application\/ld+json\" class=\"yoast-schema-graph\">{\"@context\":\"https:\/\/schema.org\",\"@graph\":[{\"@type\":\"WebPage\",\"@id\":\"https:\/\/sulsc.com\/index.php\/2025\/06\/28\/alerta-para-temporais-e-rajadas-de-vento-para-regiao-sul-neste-sabado-28\/\",\"url\":\"https:\/\/sulsc.com\/index.php\/2025\/06\/28\/alerta-para-temporais-e-rajadas-de-vento-para-regiao-sul-neste-sabado-28\/\",\"name\":\"Alerta para temporais e rajadas de vento para regi\u00e3o Sul neste s\u00e1bado (28) -\",\"isPartOf\":{\"@id\":\"https:\/\/sulsc.com\/#website\"},\"datePublished\":\"2025-06-28T13:51:05+00:00\",\"dateModified\":\"2025-06-28T13:51:05+00:00\",\"author\":{\"@id\":\"https:\/\/sulsc.com\/#\/schema\/person\/84d2fc571684f6248ba83092f07750a3\"},\"description\":\"O risco \u00e9 moderado a alto para ocorr\u00eancias associadas, especialmente entre o Extremo Oeste e o Litoral Sul\",\"breadcrumb\":{\"@id\":\"https:\/\/sulsc.com\/index.php\/2025\/06\/28\/alerta-para-temporais-e-rajadas-de-vento-para-regiao-sul-neste-sabado-28\/#breadcrumb\"},\"inLanguage\":\"en-US\",\"potentialAction\":[{\"@type\":\"ReadAction\",\"target\":[\"https:\/\/sulsc.com\/index.php\/2025\/06\/28\/alerta-para-temporais-e-rajadas-de-vento-para-regiao-sul-neste-sabado-28\/\"]}]},{\"@type\":\"BreadcrumbList\",\"@id\":\"https:\/\/sulsc.com\/index.php\/2025\/06\/28\/alerta-para-temporais-e-rajadas-de-vento-para-regiao-sul-neste-sabado-28\/#breadcrumb\",\"itemListElement\":[{\"@type\":\"ListItem\",\"position\":1,\"name\":\"In\u00edcio\",\"item\":\"https:\/\/sulsc.com\/\"},{\"@type\":\"ListItem\",\"position\":2,\"name\":\"Alerta para temporais e rajadas de vento para regi\u00e3o Sul neste s\u00e1bado (28)\"}]},{\"@type\":\"WebSite\",\"@id\":\"https:\/\/sulsc.com\/#website\",\"url\":\"https:\/\/sulsc.com\/\",\"name\":\"\",\"description\":\"\",\"potentialAction\":[{\"@type\":\"SearchAction\",\"target\":{\"@type\":\"EntryPoint\",\"urlTemplate\":\"https:\/\/sulsc.com\/?s={search_term_string}\"},\"query-input\":\"required name=search_term_string\"}],\"inLanguage\":\"en-US\"},{\"@type\":\"Person\",\"@id\":\"https:\/\/sulsc.com\/#\/schema\/person\/84d2fc571684f6248ba83092f07750a3\",\"name\":\"Reda\u00e7\u00e3o Sul SC\",\"image\":{\"@type\":\"ImageObject\",\"inLanguage\":\"en-US\",\"@id\":\"https:\/\/sulsc.com\/#\/schema\/person\/image\/e08d7fe2cc4ed596372063bbe852b8d0\",\"url\":\"https:\/\/sulsc.com\/wp-content\/uploads\/2023\/09\/redacao.png\",\"contentUrl\":\"https:\/\/sulsc.com\/wp-content\/uploads\/2023\/09\/redacao.png\",\"caption\":\"Reda\u00e7\u00e3o Sul SC\"},\"description\":\"Foco em um jornalismo imparcial, voltado \u00e0 qualidade dos seus conte\u00fados e, assim, levar informa\u00e7\u00e3o de valor que agregue \u00e0 vida dos leitores. Esta \u00e9 grande miss\u00e3o do Portal de Not\u00edcias Sul SC. N\u00e3o \u00e9 quantidade que muda o mundo, sempre foi e seguir\u00e1 sendo qualidade!\",\"sameAs\":[\"https:\/\/sulsc.com\/\",\"https:\/\/www.facebook.com\/profile.php?id=61559278119680\",\"https:\/\/www.instagram.com\/sulscportal\/?hl=pt-br\",\"https:\/\/twitter.com\/https:\/\/twitter.com\/PortalSulSC\",\"https:\/\/www.youtube.com\/channel\/UCv_BE8GeySluDov2n8qhVmw\"],\"url\":\"https:\/\/sulsc.com\/index.php\/author\/redacao\/\"}]}<\/script>\n<!-- \/ Yoast SEO plugin. -->","yoast_head_json":{"title":"Alerta para temporais e rajadas de vento para regi\u00e3o Sul neste s\u00e1bado (28) -","description":"O risco \u00e9 moderado a alto para ocorr\u00eancias associadas, especialmente entre o Extremo Oeste e o Litoral Sul","robots":{"index":"index","follow":"follow","max-snippet":"max-snippet:-1","max-image-preview":"max-image-preview:large","max-video-preview":"max-video-preview:-1"},"canonical":"https:\/\/sulsc.com\/index.php\/2025\/06\/28\/alerta-para-temporais-e-rajadas-de-vento-para-regiao-sul-neste-sabado-28\/","og_locale":"en_US","og_type":"article","og_title":"Alerta para temporais e rajadas de vento para regi\u00e3o Sul neste s\u00e1bado (28) -","og_description":"O risco \u00e9 moderado a alto para ocorr\u00eancias associadas, especialmente entre o Extremo Oeste e o Litoral Sul","og_url":"https:\/\/sulsc.com\/index.php\/2025\/06\/28\/alerta-para-temporais-e-rajadas-de-vento-para-regiao-sul-neste-sabado-28\/","article_author":"https:\/\/www.facebook.com\/profile.php?id=61559278119680","article_published_time":"2025-06-28T13:51:05+00:00","og_image":[{"width":1500,"height":1000,"url":"http:\/\/sulsc.com\/wp-content\/uploads\/2024\/06\/tempo.jpg","type":"image\/jpeg"}],"author":"Reda\u00e7\u00e3o Sul SC","twitter_card":"summary_large_image","twitter_creator":"@https:\/\/twitter.com\/PortalSulSC","twitter_misc":{"Written by":"Reda\u00e7\u00e3o Sul SC","Est. reading time":"2 minutes"},"schema":{"@context":"https:\/\/schema.org","@graph":[{"@type":"WebPage","@id":"https:\/\/sulsc.com\/index.php\/2025\/06\/28\/alerta-para-temporais-e-rajadas-de-vento-para-regiao-sul-neste-sabado-28\/","url":"https:\/\/sulsc.com\/index.php\/2025\/06\/28\/alerta-para-temporais-e-rajadas-de-vento-para-regiao-sul-neste-sabado-28\/","name":"Alerta para temporais e rajadas de vento para regi\u00e3o Sul neste s\u00e1bado (28) -","isPartOf":{"@id":"https:\/\/sulsc.com\/#website"},"datePublished":"2025-06-28T13:51:05+00:00","dateModified":"2025-06-28T13:51:05+00:00","author":{"@id":"https:\/\/sulsc.com\/#\/schema\/person\/84d2fc571684f6248ba83092f07750a3"},"description":"O risco \u00e9 moderado a alto para ocorr\u00eancias associadas, especialmente entre o Extremo Oeste e o Litoral Sul","breadcrumb":{"@id":"https:\/\/sulsc.com\/index.php\/2025\/06\/28\/alerta-para-temporais-e-rajadas-de-vento-para-regiao-sul-neste-sabado-28\/#breadcrumb"},"inLanguage":"en-US","potentialAction":[{"@type":"ReadAction","target":["https:\/\/sulsc.com\/index.php\/2025\/06\/28\/alerta-para-temporais-e-rajadas-de-vento-para-regiao-sul-neste-sabado-28\/"]}]},{"@type":"BreadcrumbList","@id":"https:\/\/sulsc.com\/index.php\/2025\/06\/28\/alerta-para-temporais-e-rajadas-de-vento-para-regiao-sul-neste-sabado-28\/#breadcrumb","itemListElement":[{"@type":"ListItem","position":1,"name":"In\u00edcio","item":"https:\/\/sulsc.com\/"},{"@type":"ListItem","position":2,"name":"Alerta para temporais e rajadas de vento para regi\u00e3o Sul neste s\u00e1bado (28)"}]},{"@type":"WebSite","@id":"https:\/\/sulsc.com\/#website","url":"https:\/\/sulsc.com\/","name":"","description":"","potentialAction":[{"@type":"SearchAction","target":{"@type":"EntryPoint","urlTemplate":"https:\/\/sulsc.com\/?s={search_term_string}"},"query-input":"required name=search_term_string"}],"inLanguage":"en-US"},{"@type":"Person","@id":"https:\/\/sulsc.com\/#\/schema\/person\/84d2fc571684f6248ba83092f07750a3","name":"Reda\u00e7\u00e3o Sul SC","image":{"@type":"ImageObject","inLanguage":"en-US","@id":"https:\/\/sulsc.com\/#\/schema\/person\/image\/e08d7fe2cc4ed596372063bbe852b8d0","url":"https:\/\/sulsc.com\/wp-content\/uploads\/2023\/09\/redacao.png","contentUrl":"https:\/\/sulsc.com\/wp-content\/uploads\/2023\/09\/redacao.png","caption":"Reda\u00e7\u00e3o Sul SC"},"description":"Foco em um jornalismo imparcial, voltado \u00e0 qualidade dos seus conte\u00fados e, assim, levar informa\u00e7\u00e3o de valor que agregue \u00e0 vida dos leitores. Esta \u00e9 grande miss\u00e3o do Portal de Not\u00edcias Sul SC. N\u00e3o \u00e9 quantidade que muda o mundo, sempre foi e seguir\u00e1 sendo qualidade!","sameAs":["https:\/\/sulsc.com\/","https:\/\/www.facebook.com\/profile.php?id=61559278119680","https:\/\/www.instagram.com\/sulscportal\/?hl=pt-br","https:\/\/twitter.com\/https:\/\/twitter.com\/PortalSulSC","https:\/\/www.youtube.com\/channel\/UCv_BE8GeySluDov2n8qhVmw"],"url":"https:\/\/sulsc.com\/index.php\/author\/redacao\/"}]}},"authors":[],"_links":{"self":[{"href":"https:\/\/sulsc.com\/index.php\/wp-json\/wp\/v2\/posts\/24953"}],"collection":[{"href":"https:\/\/sulsc.com\/index.php\/wp-json\/wp\/v2\/posts"}],"about":[{"href":"https:\/\/sulsc.com\/index.php\/wp-json\/wp\/v2\/types\/post"}],"author":[{"embeddable":true,"href":"https:\/\/sulsc.com\/index.php\/wp-json\/wp\/v2\/users\/3"}],"replies":[{"embeddable":true,"href":"https:\/\/sulsc.com\/index.php\/wp-json\/wp\/v2\/comments?post=24953"}],"version-history":[{"count":1,"href":"https:\/\/sulsc.com\/index.php\/wp-json\/wp\/v2\/posts\/24953\/revisions"}],"predecessor-version":[{"id":24956,"href":"https:\/\/sulsc.com\/index.php\/wp-json\/wp\/v2\/posts\/24953\/revisions\/24956"}],"wp:featuredmedia":[{"embeddable":true,"href":"https:\/\/sulsc.com\/index.php\/wp-json\/wp\/v2\/media\/13306"}],"wp:attachment":[{"href":"https:\/\/sulsc.com\/index.php\/wp-json\/wp\/v2\/media?parent=24953"}],"wp:term":[{"taxonomy":"category","embeddable":true,"href":"https:\/\/sulsc.com\/index.php\/wp-json\/wp\/v2\/categories?post=24953"},{"taxonomy":"post_tag","embeddable":true,"href":"https:\/\/sulsc.com\/index.php\/wp-json\/wp\/v2\/tags?post=24953"}],"curies":[{"name":"wp","href":"https:\/\/api.w.org\/{rel}","templated":true}]}}