{"id":24980,"date":"2025-06-29T10:02:27","date_gmt":"2025-06-29T13:02:27","guid":{"rendered":"https:\/\/sulsc.com\/?p=24980"},"modified":"2025-06-29T10:02:27","modified_gmt":"2025-06-29T13:02:27","slug":"domingo-29-chuvoso-e-mar-agitado-com-risco-de-ressaca","status":"publish","type":"post","link":"https:\/\/sulsc.com\/index.php\/2025\/06\/29\/domingo-29-chuvoso-e-mar-agitado-com-risco-de-ressaca\/","title":{"rendered":"Domingo (29) chuvoso e mar agitado com risco de ressaca"},"content":{"rendered":"<p>Neste domingo (29), o dia come\u00e7a com tempo inst\u00e1vel, com chuva e temporais isolados em todas as regi\u00f5es, devido a passagem de uma frente fria pelo estado. O risco \u00e9 baixo a moderado para ocorr\u00eancias associadas aos temporais, como danos na rede el\u00e9trica, queda de galhos e \u00e1rvores, destelhamentos, alagamentos e enxurradas. A partir do final da tarde, a chuva se concentra entre o Planalto Norte e o Baixo Vale do Itaja\u00ed, tendendo a cessar nas demais regi\u00f5es.<\/p>\n<p><strong>Temperaturas<\/strong><\/p>\n<p>As temperaturas declinam no decorrer do dia, baixando de 12 a 17\u00b0C no amanhecer para 5 a 12\u00b0C \u00e0 noite. A exce\u00e7\u00e3o s\u00e3o as \u00e1reas litor\u00e2neas, onde as temperaturas se aproximam de 19\u00b0C \u00e0 tarde. No final do dia, a virada do vento para sul, com rajadas de 60 a 80km\/h no Litoral, e a forma\u00e7\u00e3o de um ciclone extratropical no mar, favorecem o aumento da agita\u00e7\u00e3o mar\u00edtima com ondas de sul entre 2,0 e 2,5m e picos de 3,0m, com risco moderado para atividades no mar.<\/p>\n<p><img fetchpriority=\"high\" decoding=\"async\" class=\"aligncenter size-full wp-image-24982\" src=\"http:\/\/sulsc.com\/wp-content\/uploads\/2025\/06\/a11.png\" alt=\"\" width=\"824\" height=\"564\" srcset=\"https:\/\/sulsc.com\/wp-content\/uploads\/2025\/06\/a11.png 824w, https:\/\/sulsc.com\/wp-content\/uploads\/2025\/06\/a11-300x205.png 300w, https:\/\/sulsc.com\/wp-content\/uploads\/2025\/06\/a11-768x526.png 768w\" sizes=\"(max-width: 824px) 100vw, 824px\" \/><\/p>\n<p><img decoding=\"async\" class=\"aligncenter  wp-image-22836\" src=\"http:\/\/sulsc.com\/wp-content\/uploads\/2025\/04\/Tempo-2.png\" alt=\"\" width=\"639\" height=\"118\" srcset=\"https:\/\/sulsc.com\/wp-content\/uploads\/2025\/04\/Tempo-2.png 1024w, https:\/\/sulsc.com\/wp-content\/uploads\/2025\/04\/Tempo-2-300x55.png 300w, https:\/\/sulsc.com\/wp-content\/uploads\/2025\/04\/Tempo-2-768x142.png 768w\" sizes=\"(max-width: 639px) 100vw, 639px\" \/><\/p>\n<p><strong>Vento:<\/strong> noroeste a sul, fraco a moderado e com rajadas, mais intensas (50 a 70km\/h) no Planalto Sul, Litoral Sul e Grande Florian\u00f3polis.<\/p>\n<p><strong>Sistema predominante:<\/strong> frente fria avan\u00e7a em SC, associada a um ciclone extratropical no litoral do RS.<\/p>\n<p style=\"text-align: center;\"><strong>Mar agitado e risco de ressaca entre esse domingo (29) e a segunda-feira (30)<\/strong><\/p>\n<p>O processo de forma\u00e7\u00e3o de um Ciclone Extratropical entre o litoral do RS e SC favorece o aumento dos ventos que inicialmente sopram de norte na madrugada e passam a ser de sul a partir da tarde do domingo (29). Esses ventos persistentes entre 30 e 40 km\/h com rajadas entre 70 e 80 km\/h devem favorecer maior agita\u00e7\u00e3o mar\u00edtima e risco de ressaca na maior parte do litoral catarinense, especialmente o Litoral Sul e Florian\u00f3polis, oferecendo risco moderado a alto para atividades relacionadas \u00e0 atividades de pesca, navega\u00e7\u00e3o e esportes n\u00e1uticos.<\/p>\n<p><img decoding=\"async\" class=\"aligncenter size-full wp-image-24983\" src=\"http:\/\/sulsc.com\/wp-content\/uploads\/2025\/06\/a12-1.jpeg\" alt=\"\" width=\"1536\" height=\"864\" srcset=\"https:\/\/sulsc.com\/wp-content\/uploads\/2025\/06\/a12-1.jpeg 1536w, https:\/\/sulsc.com\/wp-content\/uploads\/2025\/06\/a12-1-300x169.jpeg 300w, https:\/\/sulsc.com\/wp-content\/uploads\/2025\/06\/a12-1-1024x576.jpeg 1024w, https:\/\/sulsc.com\/wp-content\/uploads\/2025\/06\/a12-1-768x432.jpeg 768w\" sizes=\"(max-width: 1536px) 100vw, 1536px\" \/><\/p>\n<p style=\"text-align: center;\"><strong>Divulga\u00e7\u00e3o\/SulSC<\/strong><\/p>\n<p>Entre o Litoral Sul e Florian\u00f3polis, s\u00e3o esperadas ondas de dire\u00e7\u00e3o sul com alturas entre 2,5m e 3,5m e alturas de at\u00e9 4m em alto mar na segunda-feira (30). No Litoral Norte, as ondas devem apresentar alturas entre 2m e 3m.<\/p>\n<p>Fonte\/Epagri\/Ciram\/Defesa Civil SC<\/p>\n<p><strong>Sua empresa aqui<\/strong><\/p>\n<p><img loading=\"lazy\" decoding=\"async\" class=\"aligncenter  wp-image-24984\" src=\"http:\/\/sulsc.com\/wp-content\/uploads\/2025\/06\/Baner-grupo-SulSC-2.jpg\" alt=\"\" width=\"500\" height=\"500\" srcset=\"https:\/\/sulsc.com\/wp-content\/uploads\/2025\/06\/Baner-grupo-SulSC-2.jpg 1080w, https:\/\/sulsc.com\/wp-content\/uploads\/2025\/06\/Baner-grupo-SulSC-2-300x300.jpg 300w, https:\/\/sulsc.com\/wp-content\/uploads\/2025\/06\/Baner-grupo-SulSC-2-1024x1024.jpg 1024w, https:\/\/sulsc.com\/wp-content\/uploads\/2025\/06\/Baner-grupo-SulSC-2-150x150.jpg 150w, https:\/\/sulsc.com\/wp-content\/uploads\/2025\/06\/Baner-grupo-SulSC-2-768x768.jpg 768w\" sizes=\"(max-width: 500px) 100vw, 500px\" \/><\/p>\n","protected":false},"excerpt":{"rendered":"<p>Neste domingo (29), o dia come\u00e7a com tempo inst\u00e1vel, com chuva e temporais isolados em todas as regi\u00f5es, devido a passagem de uma frente fria pelo estado. O risco \u00e9 baixo a moderado para ocorr\u00eancias associadas aos temporais, como danos na rede el\u00e9trica, queda de galhos e \u00e1rvores, destelhamentos, alagamentos e enxurradas. A partir do &hellip;<\/p>\n<p class=\"read-more\"> <a class=\"\" href=\"https:\/\/sulsc.com\/index.php\/2025\/06\/29\/domingo-29-chuvoso-e-mar-agitado-com-risco-de-ressaca\/\"> <span class=\"screen-reader-text\">Domingo (29) chuvoso e mar agitado com risco de ressaca<\/span> Read More &raquo;<\/a><\/p>\n","protected":false},"author":3,"featured_media":24986,"comment_status":"open","ping_status":"open","sticky":false,"template":"","format":"standard","meta":{"site-sidebar-layout":"default","site-content-layout":"","ast-site-content-layout":"default","site-content-style":"default","site-sidebar-style":"default","ast-global-header-display":"","ast-banner-title-visibility":"","ast-main-header-display":"","ast-hfb-above-header-display":"","ast-hfb-below-header-display":"","ast-hfb-mobile-header-display":"","site-post-title":"","ast-breadcrumbs-content":"","ast-featured-img":"","footer-sml-layout":"","theme-transparent-header-meta":"default","adv-header-id-meta":"","stick-header-meta":"","header-above-stick-meta":"","header-main-stick-meta":"","header-below-stick-meta":"","astra-migrate-meta-layouts":"set","footnotes":""},"categories":[38],"tags":[90],"yoast_head":"<!-- This site is optimized with the Yoast SEO plugin v21.4 - https:\/\/yoast.com\/wordpress\/plugins\/seo\/ -->\n<title>Domingo (29) chuvoso e mar agitado com risco de ressaca -<\/title>\n<meta name=\"robots\" content=\"index, follow, max-snippet:-1, max-image-preview:large, max-video-preview:-1\" \/>\n<link rel=\"canonical\" href=\"https:\/\/sulsc.com\/index.php\/2025\/06\/29\/domingo-29-chuvoso-e-mar-agitado-com-risco-de-ressaca\/\" \/>\n<meta property=\"og:locale\" content=\"en_US\" \/>\n<meta property=\"og:type\" content=\"article\" \/>\n<meta property=\"og:title\" content=\"Domingo (29) chuvoso e mar agitado com risco de ressaca -\" \/>\n<meta property=\"og:description\" content=\"Neste domingo (29), o dia come\u00e7a com tempo inst\u00e1vel, com chuva e temporais isolados em todas as regi\u00f5es, devido a passagem de uma frente fria pelo estado. O risco \u00e9 baixo a moderado para ocorr\u00eancias associadas aos temporais, como danos na rede el\u00e9trica, queda de galhos e \u00e1rvores, destelhamentos, alagamentos e enxurradas. A partir do &hellip; Domingo (29) chuvoso e mar agitado com risco de ressaca Read More &raquo;\" \/>\n<meta property=\"og:url\" content=\"https:\/\/sulsc.com\/index.php\/2025\/06\/29\/domingo-29-chuvoso-e-mar-agitado-com-risco-de-ressaca\/\" \/>\n<meta property=\"article:author\" content=\"https:\/\/www.facebook.com\/profile.php?id=61559278119680\" \/>\n<meta property=\"article:published_time\" content=\"2025-06-29T13:02:27+00:00\" \/>\n<meta property=\"og:image\" content=\"http:\/\/sulsc.com\/wp-content\/uploads\/2025\/06\/a13-4.jpg\" \/>\n\t<meta property=\"og:image:width\" content=\"1600\" \/>\n\t<meta property=\"og:image:height\" content=\"1276\" \/>\n\t<meta property=\"og:image:type\" content=\"image\/jpeg\" \/>\n<meta name=\"author\" content=\"Reda\u00e7\u00e3o Sul SC\" \/>\n<meta name=\"twitter:card\" content=\"summary_large_image\" \/>\n<meta name=\"twitter:creator\" content=\"@https:\/\/twitter.com\/PortalSulSC\" \/>\n<meta name=\"twitter:label1\" content=\"Written by\" \/>\n\t<meta name=\"twitter:data1\" content=\"Reda\u00e7\u00e3o Sul SC\" \/>\n\t<meta name=\"twitter:label2\" content=\"Est. reading time\" \/>\n\t<meta name=\"twitter:data2\" content=\"3 minutes\" \/>\n<script type=\"application\/ld+json\" class=\"yoast-schema-graph\">{\"@context\":\"https:\/\/schema.org\",\"@graph\":[{\"@type\":\"WebPage\",\"@id\":\"https:\/\/sulsc.com\/index.php\/2025\/06\/29\/domingo-29-chuvoso-e-mar-agitado-com-risco-de-ressaca\/\",\"url\":\"https:\/\/sulsc.com\/index.php\/2025\/06\/29\/domingo-29-chuvoso-e-mar-agitado-com-risco-de-ressaca\/\",\"name\":\"Domingo (29) chuvoso e mar agitado com risco de ressaca -\",\"isPartOf\":{\"@id\":\"https:\/\/sulsc.com\/#website\"},\"datePublished\":\"2025-06-29T13:02:27+00:00\",\"dateModified\":\"2025-06-29T13:02:27+00:00\",\"author\":{\"@id\":\"https:\/\/sulsc.com\/#\/schema\/person\/84d2fc571684f6248ba83092f07750a3\"},\"breadcrumb\":{\"@id\":\"https:\/\/sulsc.com\/index.php\/2025\/06\/29\/domingo-29-chuvoso-e-mar-agitado-com-risco-de-ressaca\/#breadcrumb\"},\"inLanguage\":\"en-US\",\"potentialAction\":[{\"@type\":\"ReadAction\",\"target\":[\"https:\/\/sulsc.com\/index.php\/2025\/06\/29\/domingo-29-chuvoso-e-mar-agitado-com-risco-de-ressaca\/\"]}]},{\"@type\":\"BreadcrumbList\",\"@id\":\"https:\/\/sulsc.com\/index.php\/2025\/06\/29\/domingo-29-chuvoso-e-mar-agitado-com-risco-de-ressaca\/#breadcrumb\",\"itemListElement\":[{\"@type\":\"ListItem\",\"position\":1,\"name\":\"In\u00edcio\",\"item\":\"https:\/\/sulsc.com\/\"},{\"@type\":\"ListItem\",\"position\":2,\"name\":\"Domingo (29) chuvoso e mar agitado com risco de ressaca\"}]},{\"@type\":\"WebSite\",\"@id\":\"https:\/\/sulsc.com\/#website\",\"url\":\"https:\/\/sulsc.com\/\",\"name\":\"\",\"description\":\"\",\"potentialAction\":[{\"@type\":\"SearchAction\",\"target\":{\"@type\":\"EntryPoint\",\"urlTemplate\":\"https:\/\/sulsc.com\/?s={search_term_string}\"},\"query-input\":\"required name=search_term_string\"}],\"inLanguage\":\"en-US\"},{\"@type\":\"Person\",\"@id\":\"https:\/\/sulsc.com\/#\/schema\/person\/84d2fc571684f6248ba83092f07750a3\",\"name\":\"Reda\u00e7\u00e3o Sul SC\",\"image\":{\"@type\":\"ImageObject\",\"inLanguage\":\"en-US\",\"@id\":\"https:\/\/sulsc.com\/#\/schema\/person\/image\/e08d7fe2cc4ed596372063bbe852b8d0\",\"url\":\"https:\/\/sulsc.com\/wp-content\/uploads\/2023\/09\/redacao.png\",\"contentUrl\":\"https:\/\/sulsc.com\/wp-content\/uploads\/2023\/09\/redacao.png\",\"caption\":\"Reda\u00e7\u00e3o Sul SC\"},\"description\":\"Foco em um jornalismo imparcial, voltado \u00e0 qualidade dos seus conte\u00fados e, assim, levar informa\u00e7\u00e3o de valor que agregue \u00e0 vida dos leitores. Esta \u00e9 grande miss\u00e3o do Portal de Not\u00edcias Sul SC. N\u00e3o \u00e9 quantidade que muda o mundo, sempre foi e seguir\u00e1 sendo qualidade!\",\"sameAs\":[\"https:\/\/sulsc.com\/\",\"https:\/\/www.facebook.com\/profile.php?id=61559278119680\",\"https:\/\/www.instagram.com\/sulscportal\/?hl=pt-br\",\"https:\/\/twitter.com\/https:\/\/twitter.com\/PortalSulSC\",\"https:\/\/www.youtube.com\/channel\/UCv_BE8GeySluDov2n8qhVmw\"],\"url\":\"https:\/\/sulsc.com\/index.php\/author\/redacao\/\"}]}<\/script>\n<!-- \/ Yoast SEO plugin. -->","yoast_head_json":{"title":"Domingo (29) chuvoso e mar agitado com risco de ressaca -","robots":{"index":"index","follow":"follow","max-snippet":"max-snippet:-1","max-image-preview":"max-image-preview:large","max-video-preview":"max-video-preview:-1"},"canonical":"https:\/\/sulsc.com\/index.php\/2025\/06\/29\/domingo-29-chuvoso-e-mar-agitado-com-risco-de-ressaca\/","og_locale":"en_US","og_type":"article","og_title":"Domingo (29) chuvoso e mar agitado com risco de ressaca -","og_description":"Neste domingo (29), o dia come\u00e7a com tempo inst\u00e1vel, com chuva e temporais isolados em todas as regi\u00f5es, devido a passagem de uma frente fria pelo estado. O risco \u00e9 baixo a moderado para ocorr\u00eancias associadas aos temporais, como danos na rede el\u00e9trica, queda de galhos e \u00e1rvores, destelhamentos, alagamentos e enxurradas. A partir do &hellip; Domingo (29) chuvoso e mar agitado com risco de ressaca Read More &raquo;","og_url":"https:\/\/sulsc.com\/index.php\/2025\/06\/29\/domingo-29-chuvoso-e-mar-agitado-com-risco-de-ressaca\/","article_author":"https:\/\/www.facebook.com\/profile.php?id=61559278119680","article_published_time":"2025-06-29T13:02:27+00:00","og_image":[{"width":1600,"height":1276,"url":"http:\/\/sulsc.com\/wp-content\/uploads\/2025\/06\/a13-4.jpg","type":"image\/jpeg"}],"author":"Reda\u00e7\u00e3o Sul SC","twitter_card":"summary_large_image","twitter_creator":"@https:\/\/twitter.com\/PortalSulSC","twitter_misc":{"Written by":"Reda\u00e7\u00e3o Sul SC","Est. reading time":"3 minutes"},"schema":{"@context":"https:\/\/schema.org","@graph":[{"@type":"WebPage","@id":"https:\/\/sulsc.com\/index.php\/2025\/06\/29\/domingo-29-chuvoso-e-mar-agitado-com-risco-de-ressaca\/","url":"https:\/\/sulsc.com\/index.php\/2025\/06\/29\/domingo-29-chuvoso-e-mar-agitado-com-risco-de-ressaca\/","name":"Domingo (29) chuvoso e mar agitado com risco de ressaca -","isPartOf":{"@id":"https:\/\/sulsc.com\/#website"},"datePublished":"2025-06-29T13:02:27+00:00","dateModified":"2025-06-29T13:02:27+00:00","author":{"@id":"https:\/\/sulsc.com\/#\/schema\/person\/84d2fc571684f6248ba83092f07750a3"},"breadcrumb":{"@id":"https:\/\/sulsc.com\/index.php\/2025\/06\/29\/domingo-29-chuvoso-e-mar-agitado-com-risco-de-ressaca\/#breadcrumb"},"inLanguage":"en-US","potentialAction":[{"@type":"ReadAction","target":["https:\/\/sulsc.com\/index.php\/2025\/06\/29\/domingo-29-chuvoso-e-mar-agitado-com-risco-de-ressaca\/"]}]},{"@type":"BreadcrumbList","@id":"https:\/\/sulsc.com\/index.php\/2025\/06\/29\/domingo-29-chuvoso-e-mar-agitado-com-risco-de-ressaca\/#breadcrumb","itemListElement":[{"@type":"ListItem","position":1,"name":"In\u00edcio","item":"https:\/\/sulsc.com\/"},{"@type":"ListItem","position":2,"name":"Domingo (29) chuvoso e mar agitado com risco de ressaca"}]},{"@type":"WebSite","@id":"https:\/\/sulsc.com\/#website","url":"https:\/\/sulsc.com\/","name":"","description":"","potentialAction":[{"@type":"SearchAction","target":{"@type":"EntryPoint","urlTemplate":"https:\/\/sulsc.com\/?s={search_term_string}"},"query-input":"required name=search_term_string"}],"inLanguage":"en-US"},{"@type":"Person","@id":"https:\/\/sulsc.com\/#\/schema\/person\/84d2fc571684f6248ba83092f07750a3","name":"Reda\u00e7\u00e3o Sul SC","image":{"@type":"ImageObject","inLanguage":"en-US","@id":"https:\/\/sulsc.com\/#\/schema\/person\/image\/e08d7fe2cc4ed596372063bbe852b8d0","url":"https:\/\/sulsc.com\/wp-content\/uploads\/2023\/09\/redacao.png","contentUrl":"https:\/\/sulsc.com\/wp-content\/uploads\/2023\/09\/redacao.png","caption":"Reda\u00e7\u00e3o Sul SC"},"description":"Foco em um jornalismo imparcial, voltado \u00e0 qualidade dos seus conte\u00fados e, assim, levar informa\u00e7\u00e3o de valor que agregue \u00e0 vida dos leitores. Esta \u00e9 grande miss\u00e3o do Portal de Not\u00edcias Sul SC. N\u00e3o \u00e9 quantidade que muda o mundo, sempre foi e seguir\u00e1 sendo qualidade!","sameAs":["https:\/\/sulsc.com\/","https:\/\/www.facebook.com\/profile.php?id=61559278119680","https:\/\/www.instagram.com\/sulscportal\/?hl=pt-br","https:\/\/twitter.com\/https:\/\/twitter.com\/PortalSulSC","https:\/\/www.youtube.com\/channel\/UCv_BE8GeySluDov2n8qhVmw"],"url":"https:\/\/sulsc.com\/index.php\/author\/redacao\/"}]}},"authors":[],"_links":{"self":[{"href":"https:\/\/sulsc.com\/index.php\/wp-json\/wp\/v2\/posts\/24980"}],"collection":[{"href":"https:\/\/sulsc.com\/index.php\/wp-json\/wp\/v2\/posts"}],"about":[{"href":"https:\/\/sulsc.com\/index.php\/wp-json\/wp\/v2\/types\/post"}],"author":[{"embeddable":true,"href":"https:\/\/sulsc.com\/index.php\/wp-json\/wp\/v2\/users\/3"}],"replies":[{"embeddable":true,"href":"https:\/\/sulsc.com\/index.php\/wp-json\/wp\/v2\/comments?post=24980"}],"version-history":[{"count":1,"href":"https:\/\/sulsc.com\/index.php\/wp-json\/wp\/v2\/posts\/24980\/revisions"}],"predecessor-version":[{"id":24987,"href":"https:\/\/sulsc.com\/index.php\/wp-json\/wp\/v2\/posts\/24980\/revisions\/24987"}],"wp:featuredmedia":[{"embeddable":true,"href":"https:\/\/sulsc.com\/index.php\/wp-json\/wp\/v2\/media\/24986"}],"wp:attachment":[{"href":"https:\/\/sulsc.com\/index.php\/wp-json\/wp\/v2\/media?parent=24980"}],"wp:term":[{"taxonomy":"category","embeddable":true,"href":"https:\/\/sulsc.com\/index.php\/wp-json\/wp\/v2\/categories?post=24980"},{"taxonomy":"post_tag","embeddable":true,"href":"https:\/\/sulsc.com\/index.php\/wp-json\/wp\/v2\/tags?post=24980"}],"curies":[{"name":"wp","href":"https:\/\/api.w.org\/{rel}","templated":true}]}}