{"id":24990,"date":"2025-06-30T08:16:08","date_gmt":"2025-06-30T11:16:08","guid":{"rendered":"https:\/\/sulsc.com\/?p=24990"},"modified":"2025-06-30T08:16:08","modified_gmt":"2025-06-30T11:16:08","slug":"segunda-feira-30-sera-de-tempo-estavel-e-massa-de-ar-seco-e-frio-com-maximas-nao-passando-do-15oc","status":"publish","type":"post","link":"https:\/\/sulsc.com\/index.php\/2025\/06\/30\/segunda-feira-30-sera-de-tempo-estavel-e-massa-de-ar-seco-e-frio-com-maximas-nao-passando-do-15oc\/","title":{"rendered":"Segunda-feira (30) ser\u00e1 de tempo est\u00e1vel e massa de ar seco e frio com m\u00e1ximas n\u00e3o passando do 15\u00baC"},"content":{"rendered":"<p>O \u00faltimo dia do m\u00eas (30), permanece sob influ\u00eancia da frente fria no norte catarinense, o que mant\u00e9m condi\u00e7\u00f5es para chuva e trovoadas isoladas, principalmente nas \u00e1reas de divisa com o PR, ao mesmo tempo em que uma nova massa de ar seco e frio, de origem polar, estabiliza o tempo e declina as temperaturas nas demais regi\u00f5es do estado.<\/p>\n<p><strong>Temperaturas<\/strong><\/p>\n<p>As temperaturas m\u00ednimas ocorrem \u00e0 noite, ficando abaixo de 0\u00b0C na Serra e variando entre 2 e 5\u00b0C no Grande Oeste. \u00c0 tarde as temperaturas m\u00e1ximas ficam abaixo de 10\u00b0C nas \u00e1reas altas e dos 15\u00b0C nas demais regi\u00f5es. O risco \u00e9 baixo a moderado para ocorr\u00eancias associadas \u00e0s trovoadas e moderado a alto associadas ao frio intenso como desconforto t\u00e9rmico e agravamento de doen\u00e7as cardiorrespirat\u00f3rias.<\/p>\n<p><img fetchpriority=\"high\" decoding=\"async\" class=\"aligncenter size-full wp-image-24992\" src=\"http:\/\/sulsc.com\/wp-content\/uploads\/2025\/06\/a-19.png\" alt=\"\" width=\"1024\" height=\"697\" srcset=\"https:\/\/sulsc.com\/wp-content\/uploads\/2025\/06\/a-19.png 1024w, https:\/\/sulsc.com\/wp-content\/uploads\/2025\/06\/a-19-300x204.png 300w, https:\/\/sulsc.com\/wp-content\/uploads\/2025\/06\/a-19-768x523.png 768w\" sizes=\"(max-width: 1024px) 100vw, 1024px\" \/><\/p>\n<p><img decoding=\"async\" class=\"aligncenter  wp-image-22836\" src=\"http:\/\/sulsc.com\/wp-content\/uploads\/2025\/04\/Tempo-2.png\" alt=\"\" width=\"704\" height=\"130\" srcset=\"https:\/\/sulsc.com\/wp-content\/uploads\/2025\/04\/Tempo-2.png 1024w, https:\/\/sulsc.com\/wp-content\/uploads\/2025\/04\/Tempo-2-300x55.png 300w, https:\/\/sulsc.com\/wp-content\/uploads\/2025\/04\/Tempo-2-768x142.png 768w\" sizes=\"(max-width: 704px) 100vw, 704px\" \/><\/p>\n<p><strong>Vento:<\/strong> Sul com rajadas entre 50 e 70km\/h no Litoral, mantendo o mar agitado com ondas de sul entre 2,0 e 2,5m e picos de 3,0 a 3,5m, com risco moderado a alto para atividades no mar.<\/p>\n<p><strong>Sistema predominante:<\/strong> frente fria no norte de SC e avan\u00e7o de uma intensa massa de ar frio polar pelo Sul do Brasil.<\/p>\n<p><strong>Ter\u00e7a e Quarta-feira (01 e 02\/07):<\/strong><\/p>\n<p><strong>Tempo:<\/strong> com varia\u00e7\u00e3o de nuvens e nevoeiros no per\u00edodo noturno na maioria das regi\u00f5es de SC. Mais nuvens no leste do estado, com chuva de Florian\u00f3polis ao norte e no Vale do Itaja\u00ed devido \u00e0 circula\u00e7\u00e3o mar\u00edtima e \u00e1reas de baixa press\u00e3o.<\/p>\n<p>Fonte\/Epagri\/Ciram\/Defesa civil SC<\/p>\n<p><strong>Sua empresa aqui<\/strong><\/p>\n<p><img decoding=\"async\" class=\"aligncenter  wp-image-24984\" src=\"http:\/\/sulsc.com\/wp-content\/uploads\/2025\/06\/Baner-grupo-SulSC-2.jpg\" alt=\"\" width=\"500\" height=\"500\" srcset=\"https:\/\/sulsc.com\/wp-content\/uploads\/2025\/06\/Baner-grupo-SulSC-2.jpg 1080w, https:\/\/sulsc.com\/wp-content\/uploads\/2025\/06\/Baner-grupo-SulSC-2-300x300.jpg 300w, https:\/\/sulsc.com\/wp-content\/uploads\/2025\/06\/Baner-grupo-SulSC-2-1024x1024.jpg 1024w, https:\/\/sulsc.com\/wp-content\/uploads\/2025\/06\/Baner-grupo-SulSC-2-150x150.jpg 150w, https:\/\/sulsc.com\/wp-content\/uploads\/2025\/06\/Baner-grupo-SulSC-2-768x768.jpg 768w\" sizes=\"(max-width: 500px) 100vw, 500px\" \/><\/p>\n","protected":false},"excerpt":{"rendered":"<p>O \u00faltimo dia do m\u00eas (30), permanece sob influ\u00eancia da frente fria no norte catarinense, o que mant\u00e9m condi\u00e7\u00f5es para chuva e trovoadas isoladas, principalmente nas \u00e1reas de divisa com o PR, ao mesmo tempo em que uma nova massa de ar seco e frio, de origem polar, estabiliza o tempo e declina as temperaturas &hellip;<\/p>\n<p class=\"read-more\"> <a class=\"\" href=\"https:\/\/sulsc.com\/index.php\/2025\/06\/30\/segunda-feira-30-sera-de-tempo-estavel-e-massa-de-ar-seco-e-frio-com-maximas-nao-passando-do-15oc\/\"> <span class=\"screen-reader-text\">Segunda-feira (30) ser\u00e1 de tempo est\u00e1vel e massa de ar seco e frio com m\u00e1ximas n\u00e3o passando do 15\u00baC<\/span> Read More &raquo;<\/a><\/p>\n","protected":false},"author":3,"featured_media":24993,"comment_status":"open","ping_status":"open","sticky":false,"template":"","format":"standard","meta":{"site-sidebar-layout":"default","site-content-layout":"","ast-site-content-layout":"default","site-content-style":"default","site-sidebar-style":"default","ast-global-header-display":"","ast-banner-title-visibility":"","ast-main-header-display":"","ast-hfb-above-header-display":"","ast-hfb-below-header-display":"","ast-hfb-mobile-header-display":"","site-post-title":"","ast-breadcrumbs-content":"","ast-featured-img":"","footer-sml-layout":"","theme-transparent-header-meta":"default","adv-header-id-meta":"","stick-header-meta":"","header-above-stick-meta":"","header-main-stick-meta":"","header-below-stick-meta":"","astra-migrate-meta-layouts":"set","footnotes":""},"categories":[38],"tags":[90],"yoast_head":"<!-- This site is optimized with the Yoast SEO plugin v21.4 - https:\/\/yoast.com\/wordpress\/plugins\/seo\/ -->\n<title>Segunda-feira (30) ser\u00e1 de tempo est\u00e1vel e massa de ar seco e frio com m\u00e1ximas n\u00e3o passando do 15\u00baC -<\/title>\n<meta name=\"description\" content=\"O risco \u00e9 baixo a moderado para ocorr\u00eancias associadas \u00e0s trovoadas e moderado a alto associadas ao frio intenso como desconforto t\u00e9rmico\" \/>\n<meta name=\"robots\" content=\"index, follow, max-snippet:-1, max-image-preview:large, max-video-preview:-1\" \/>\n<link rel=\"canonical\" href=\"https:\/\/sulsc.com\/index.php\/2025\/06\/30\/segunda-feira-30-sera-de-tempo-estavel-e-massa-de-ar-seco-e-frio-com-maximas-nao-passando-do-15oc\/\" \/>\n<meta property=\"og:locale\" content=\"en_US\" \/>\n<meta property=\"og:type\" content=\"article\" \/>\n<meta property=\"og:title\" content=\"Segunda-feira (30) ser\u00e1 de tempo est\u00e1vel e massa de ar seco e frio com m\u00e1ximas n\u00e3o passando do 15\u00baC -\" \/>\n<meta property=\"og:description\" content=\"O risco \u00e9 baixo a moderado para ocorr\u00eancias associadas \u00e0s trovoadas e moderado a alto associadas ao frio intenso como desconforto t\u00e9rmico\" \/>\n<meta property=\"og:url\" content=\"https:\/\/sulsc.com\/index.php\/2025\/06\/30\/segunda-feira-30-sera-de-tempo-estavel-e-massa-de-ar-seco-e-frio-com-maximas-nao-passando-do-15oc\/\" \/>\n<meta property=\"article:author\" content=\"https:\/\/www.facebook.com\/profile.php?id=61559278119680\" \/>\n<meta property=\"article:published_time\" content=\"2025-06-30T11:16:08+00:00\" \/>\n<meta property=\"og:image\" content=\"http:\/\/sulsc.com\/wp-content\/uploads\/2025\/06\/4f7ee7b4-e4a9-460c-a922-17f5751fb6ee-1.jpg\" \/>\n\t<meta property=\"og:image:width\" content=\"1600\" \/>\n\t<meta property=\"og:image:height\" content=\"720\" \/>\n\t<meta property=\"og:image:type\" content=\"image\/jpeg\" \/>\n<meta name=\"author\" content=\"Reda\u00e7\u00e3o Sul SC\" \/>\n<meta name=\"twitter:card\" content=\"summary_large_image\" \/>\n<meta name=\"twitter:creator\" content=\"@https:\/\/twitter.com\/PortalSulSC\" \/>\n<meta name=\"twitter:label1\" content=\"Written by\" \/>\n\t<meta name=\"twitter:data1\" content=\"Reda\u00e7\u00e3o Sul SC\" \/>\n\t<meta name=\"twitter:label2\" content=\"Est. reading time\" \/>\n\t<meta name=\"twitter:data2\" content=\"2 minutes\" \/>\n<script type=\"application\/ld+json\" class=\"yoast-schema-graph\">{\"@context\":\"https:\/\/schema.org\",\"@graph\":[{\"@type\":\"WebPage\",\"@id\":\"https:\/\/sulsc.com\/index.php\/2025\/06\/30\/segunda-feira-30-sera-de-tempo-estavel-e-massa-de-ar-seco-e-frio-com-maximas-nao-passando-do-15oc\/\",\"url\":\"https:\/\/sulsc.com\/index.php\/2025\/06\/30\/segunda-feira-30-sera-de-tempo-estavel-e-massa-de-ar-seco-e-frio-com-maximas-nao-passando-do-15oc\/\",\"name\":\"Segunda-feira (30) ser\u00e1 de tempo est\u00e1vel e massa de ar seco e frio com m\u00e1ximas n\u00e3o passando do 15\u00baC -\",\"isPartOf\":{\"@id\":\"https:\/\/sulsc.com\/#website\"},\"datePublished\":\"2025-06-30T11:16:08+00:00\",\"dateModified\":\"2025-06-30T11:16:08+00:00\",\"author\":{\"@id\":\"https:\/\/sulsc.com\/#\/schema\/person\/84d2fc571684f6248ba83092f07750a3\"},\"description\":\"O risco \u00e9 baixo a moderado para ocorr\u00eancias associadas \u00e0s trovoadas e moderado a alto associadas ao frio intenso como desconforto t\u00e9rmico\",\"breadcrumb\":{\"@id\":\"https:\/\/sulsc.com\/index.php\/2025\/06\/30\/segunda-feira-30-sera-de-tempo-estavel-e-massa-de-ar-seco-e-frio-com-maximas-nao-passando-do-15oc\/#breadcrumb\"},\"inLanguage\":\"en-US\",\"potentialAction\":[{\"@type\":\"ReadAction\",\"target\":[\"https:\/\/sulsc.com\/index.php\/2025\/06\/30\/segunda-feira-30-sera-de-tempo-estavel-e-massa-de-ar-seco-e-frio-com-maximas-nao-passando-do-15oc\/\"]}]},{\"@type\":\"BreadcrumbList\",\"@id\":\"https:\/\/sulsc.com\/index.php\/2025\/06\/30\/segunda-feira-30-sera-de-tempo-estavel-e-massa-de-ar-seco-e-frio-com-maximas-nao-passando-do-15oc\/#breadcrumb\",\"itemListElement\":[{\"@type\":\"ListItem\",\"position\":1,\"name\":\"In\u00edcio\",\"item\":\"https:\/\/sulsc.com\/\"},{\"@type\":\"ListItem\",\"position\":2,\"name\":\"Segunda-feira (30) ser\u00e1 de tempo est\u00e1vel e massa de ar seco e frio com m\u00e1ximas n\u00e3o passando do 15\u00baC\"}]},{\"@type\":\"WebSite\",\"@id\":\"https:\/\/sulsc.com\/#website\",\"url\":\"https:\/\/sulsc.com\/\",\"name\":\"\",\"description\":\"\",\"potentialAction\":[{\"@type\":\"SearchAction\",\"target\":{\"@type\":\"EntryPoint\",\"urlTemplate\":\"https:\/\/sulsc.com\/?s={search_term_string}\"},\"query-input\":\"required name=search_term_string\"}],\"inLanguage\":\"en-US\"},{\"@type\":\"Person\",\"@id\":\"https:\/\/sulsc.com\/#\/schema\/person\/84d2fc571684f6248ba83092f07750a3\",\"name\":\"Reda\u00e7\u00e3o Sul SC\",\"image\":{\"@type\":\"ImageObject\",\"inLanguage\":\"en-US\",\"@id\":\"https:\/\/sulsc.com\/#\/schema\/person\/image\/e08d7fe2cc4ed596372063bbe852b8d0\",\"url\":\"https:\/\/sulsc.com\/wp-content\/uploads\/2023\/09\/redacao.png\",\"contentUrl\":\"https:\/\/sulsc.com\/wp-content\/uploads\/2023\/09\/redacao.png\",\"caption\":\"Reda\u00e7\u00e3o Sul SC\"},\"description\":\"Foco em um jornalismo imparcial, voltado \u00e0 qualidade dos seus conte\u00fados e, assim, levar informa\u00e7\u00e3o de valor que agregue \u00e0 vida dos leitores. Esta \u00e9 grande miss\u00e3o do Portal de Not\u00edcias Sul SC. N\u00e3o \u00e9 quantidade que muda o mundo, sempre foi e seguir\u00e1 sendo qualidade!\",\"sameAs\":[\"https:\/\/sulsc.com\/\",\"https:\/\/www.facebook.com\/profile.php?id=61559278119680\",\"https:\/\/www.instagram.com\/sulscportal\/?hl=pt-br\",\"https:\/\/twitter.com\/https:\/\/twitter.com\/PortalSulSC\",\"https:\/\/www.youtube.com\/channel\/UCv_BE8GeySluDov2n8qhVmw\"],\"url\":\"https:\/\/sulsc.com\/index.php\/author\/redacao\/\"}]}<\/script>\n<!-- \/ Yoast SEO plugin. -->","yoast_head_json":{"title":"Segunda-feira (30) ser\u00e1 de tempo est\u00e1vel e massa de ar seco e frio com m\u00e1ximas n\u00e3o passando do 15\u00baC -","description":"O risco \u00e9 baixo a moderado para ocorr\u00eancias associadas \u00e0s trovoadas e moderado a alto associadas ao frio intenso como desconforto t\u00e9rmico","robots":{"index":"index","follow":"follow","max-snippet":"max-snippet:-1","max-image-preview":"max-image-preview:large","max-video-preview":"max-video-preview:-1"},"canonical":"https:\/\/sulsc.com\/index.php\/2025\/06\/30\/segunda-feira-30-sera-de-tempo-estavel-e-massa-de-ar-seco-e-frio-com-maximas-nao-passando-do-15oc\/","og_locale":"en_US","og_type":"article","og_title":"Segunda-feira (30) ser\u00e1 de tempo est\u00e1vel e massa de ar seco e frio com m\u00e1ximas n\u00e3o passando do 15\u00baC -","og_description":"O risco \u00e9 baixo a moderado para ocorr\u00eancias associadas \u00e0s trovoadas e moderado a alto associadas ao frio intenso como desconforto t\u00e9rmico","og_url":"https:\/\/sulsc.com\/index.php\/2025\/06\/30\/segunda-feira-30-sera-de-tempo-estavel-e-massa-de-ar-seco-e-frio-com-maximas-nao-passando-do-15oc\/","article_author":"https:\/\/www.facebook.com\/profile.php?id=61559278119680","article_published_time":"2025-06-30T11:16:08+00:00","og_image":[{"width":1600,"height":720,"url":"http:\/\/sulsc.com\/wp-content\/uploads\/2025\/06\/4f7ee7b4-e4a9-460c-a922-17f5751fb6ee-1.jpg","type":"image\/jpeg"}],"author":"Reda\u00e7\u00e3o Sul SC","twitter_card":"summary_large_image","twitter_creator":"@https:\/\/twitter.com\/PortalSulSC","twitter_misc":{"Written by":"Reda\u00e7\u00e3o Sul SC","Est. reading time":"2 minutes"},"schema":{"@context":"https:\/\/schema.org","@graph":[{"@type":"WebPage","@id":"https:\/\/sulsc.com\/index.php\/2025\/06\/30\/segunda-feira-30-sera-de-tempo-estavel-e-massa-de-ar-seco-e-frio-com-maximas-nao-passando-do-15oc\/","url":"https:\/\/sulsc.com\/index.php\/2025\/06\/30\/segunda-feira-30-sera-de-tempo-estavel-e-massa-de-ar-seco-e-frio-com-maximas-nao-passando-do-15oc\/","name":"Segunda-feira (30) ser\u00e1 de tempo est\u00e1vel e massa de ar seco e frio com m\u00e1ximas n\u00e3o passando do 15\u00baC -","isPartOf":{"@id":"https:\/\/sulsc.com\/#website"},"datePublished":"2025-06-30T11:16:08+00:00","dateModified":"2025-06-30T11:16:08+00:00","author":{"@id":"https:\/\/sulsc.com\/#\/schema\/person\/84d2fc571684f6248ba83092f07750a3"},"description":"O risco \u00e9 baixo a moderado para ocorr\u00eancias associadas \u00e0s trovoadas e moderado a alto associadas ao frio intenso como desconforto t\u00e9rmico","breadcrumb":{"@id":"https:\/\/sulsc.com\/index.php\/2025\/06\/30\/segunda-feira-30-sera-de-tempo-estavel-e-massa-de-ar-seco-e-frio-com-maximas-nao-passando-do-15oc\/#breadcrumb"},"inLanguage":"en-US","potentialAction":[{"@type":"ReadAction","target":["https:\/\/sulsc.com\/index.php\/2025\/06\/30\/segunda-feira-30-sera-de-tempo-estavel-e-massa-de-ar-seco-e-frio-com-maximas-nao-passando-do-15oc\/"]}]},{"@type":"BreadcrumbList","@id":"https:\/\/sulsc.com\/index.php\/2025\/06\/30\/segunda-feira-30-sera-de-tempo-estavel-e-massa-de-ar-seco-e-frio-com-maximas-nao-passando-do-15oc\/#breadcrumb","itemListElement":[{"@type":"ListItem","position":1,"name":"In\u00edcio","item":"https:\/\/sulsc.com\/"},{"@type":"ListItem","position":2,"name":"Segunda-feira (30) ser\u00e1 de tempo est\u00e1vel e massa de ar seco e frio com m\u00e1ximas n\u00e3o passando do 15\u00baC"}]},{"@type":"WebSite","@id":"https:\/\/sulsc.com\/#website","url":"https:\/\/sulsc.com\/","name":"","description":"","potentialAction":[{"@type":"SearchAction","target":{"@type":"EntryPoint","urlTemplate":"https:\/\/sulsc.com\/?s={search_term_string}"},"query-input":"required name=search_term_string"}],"inLanguage":"en-US"},{"@type":"Person","@id":"https:\/\/sulsc.com\/#\/schema\/person\/84d2fc571684f6248ba83092f07750a3","name":"Reda\u00e7\u00e3o Sul SC","image":{"@type":"ImageObject","inLanguage":"en-US","@id":"https:\/\/sulsc.com\/#\/schema\/person\/image\/e08d7fe2cc4ed596372063bbe852b8d0","url":"https:\/\/sulsc.com\/wp-content\/uploads\/2023\/09\/redacao.png","contentUrl":"https:\/\/sulsc.com\/wp-content\/uploads\/2023\/09\/redacao.png","caption":"Reda\u00e7\u00e3o Sul SC"},"description":"Foco em um jornalismo imparcial, voltado \u00e0 qualidade dos seus conte\u00fados e, assim, levar informa\u00e7\u00e3o de valor que agregue \u00e0 vida dos leitores. Esta \u00e9 grande miss\u00e3o do Portal de Not\u00edcias Sul SC. N\u00e3o \u00e9 quantidade que muda o mundo, sempre foi e seguir\u00e1 sendo qualidade!","sameAs":["https:\/\/sulsc.com\/","https:\/\/www.facebook.com\/profile.php?id=61559278119680","https:\/\/www.instagram.com\/sulscportal\/?hl=pt-br","https:\/\/twitter.com\/https:\/\/twitter.com\/PortalSulSC","https:\/\/www.youtube.com\/channel\/UCv_BE8GeySluDov2n8qhVmw"],"url":"https:\/\/sulsc.com\/index.php\/author\/redacao\/"}]}},"authors":[],"_links":{"self":[{"href":"https:\/\/sulsc.com\/index.php\/wp-json\/wp\/v2\/posts\/24990"}],"collection":[{"href":"https:\/\/sulsc.com\/index.php\/wp-json\/wp\/v2\/posts"}],"about":[{"href":"https:\/\/sulsc.com\/index.php\/wp-json\/wp\/v2\/types\/post"}],"author":[{"embeddable":true,"href":"https:\/\/sulsc.com\/index.php\/wp-json\/wp\/v2\/users\/3"}],"replies":[{"embeddable":true,"href":"https:\/\/sulsc.com\/index.php\/wp-json\/wp\/v2\/comments?post=24990"}],"version-history":[{"count":1,"href":"https:\/\/sulsc.com\/index.php\/wp-json\/wp\/v2\/posts\/24990\/revisions"}],"predecessor-version":[{"id":24994,"href":"https:\/\/sulsc.com\/index.php\/wp-json\/wp\/v2\/posts\/24990\/revisions\/24994"}],"wp:featuredmedia":[{"embeddable":true,"href":"https:\/\/sulsc.com\/index.php\/wp-json\/wp\/v2\/media\/24993"}],"wp:attachment":[{"href":"https:\/\/sulsc.com\/index.php\/wp-json\/wp\/v2\/media?parent=24990"}],"wp:term":[{"taxonomy":"category","embeddable":true,"href":"https:\/\/sulsc.com\/index.php\/wp-json\/wp\/v2\/categories?post=24990"},{"taxonomy":"post_tag","embeddable":true,"href":"https:\/\/sulsc.com\/index.php\/wp-json\/wp\/v2\/tags?post=24990"}],"curies":[{"name":"wp","href":"https:\/\/api.w.org\/{rel}","templated":true}]}}