{"id":25045,"date":"2025-07-01T08:02:31","date_gmt":"2025-07-01T11:02:31","guid":{"rendered":"https:\/\/sulsc.com\/?p=25045"},"modified":"2025-07-01T08:02:31","modified_gmt":"2025-07-01T11:02:31","slug":"terca-feira-01-07-com-predominio-de-sol-mais-gelada-com-maximas-10oc","status":"publish","type":"post","link":"https:\/\/sulsc.com\/index.php\/2025\/07\/01\/terca-feira-01-07-com-predominio-de-sol-mais-gelada-com-maximas-10oc\/","title":{"rendered":"Ter\u00e7a-feira 01\/07 com predom\u00ednio de sol mais gelada com m\u00e1ximas 10\u00baC"},"content":{"rendered":"<p>Mesmo com a presen\u00e7a do sol o dia ser\u00e1 gelado nesta ter\u00e7a-feira 01\/07 . As temperaturas m\u00e1ximas, \u00e0 tarde, n\u00e3o passam de 10\u00b0C. Dos planaltos ao Litoral, muitas nuvens e condi\u00e7\u00f5es para chuva fraca e isolada, devido a perturba\u00e7\u00f5es em m\u00e9dios e altos n\u00edveis da atmosfera.<\/p>\n<p><strong>Temperaturas<\/strong><\/p>\n<p>As temperaturas m\u00e1ximas nessas regi\u00f5es variam entre 9 e 13\u00b0C, ficando ainda mais baixas nos planaltos. O risco \u00e9 baixo para ocorr\u00eancias associadas a chuva e moderado a alto associado ao frio intenso como desconforto t\u00e9rmico, agravamento de doen\u00e7as cardiorrespirat\u00f3rias e congelamento de pistas.<\/p>\n<p><img fetchpriority=\"high\" decoding=\"async\" class=\"aligncenter size-full wp-image-25047\" src=\"http:\/\/sulsc.com\/wp-content\/uploads\/2025\/07\/a.png\" alt=\"\" width=\"1024\" height=\"694\" srcset=\"https:\/\/sulsc.com\/wp-content\/uploads\/2025\/07\/a.png 1024w, https:\/\/sulsc.com\/wp-content\/uploads\/2025\/07\/a-300x203.png 300w, https:\/\/sulsc.com\/wp-content\/uploads\/2025\/07\/a-768x521.png 768w\" sizes=\"(max-width: 1024px) 100vw, 1024px\" \/><\/p>\n<p><img decoding=\"async\" class=\"aligncenter  wp-image-22836\" src=\"http:\/\/sulsc.com\/wp-content\/uploads\/2025\/04\/Tempo-2.png\" alt=\"\" width=\"713\" height=\"132\" srcset=\"https:\/\/sulsc.com\/wp-content\/uploads\/2025\/04\/Tempo-2.png 1024w, https:\/\/sulsc.com\/wp-content\/uploads\/2025\/04\/Tempo-2-300x55.png 300w, https:\/\/sulsc.com\/wp-content\/uploads\/2025\/04\/Tempo-2-768x142.png 768w\" sizes=\"(max-width: 713px) 100vw, 713px\" \/><\/p>\n<p>O vento sul, com rajadas entre 40 e 60km\/h, mant\u00e9m o mar agitado, com ondas de sul entre 2,0 e 2,5m e picos de 3,0 a 3,5m, com risco moderado a alto para atividades no mar.<\/p>\n<p><strong>Vento:<\/strong> sudoeste a sudeste, fraco a moderado.<br \/>\n<strong>Sistema predominante:<\/strong> intensa massa de ar frio Polar em SC.<\/p>\n<p><strong>Sua empresa aqui<\/strong><\/p>\n<p><img decoding=\"async\" class=\"aligncenter  wp-image-24984\" src=\"http:\/\/sulsc.com\/wp-content\/uploads\/2025\/06\/Baner-grupo-SulSC-2.jpg\" alt=\"\" width=\"497\" height=\"497\" srcset=\"https:\/\/sulsc.com\/wp-content\/uploads\/2025\/06\/Baner-grupo-SulSC-2.jpg 1080w, https:\/\/sulsc.com\/wp-content\/uploads\/2025\/06\/Baner-grupo-SulSC-2-300x300.jpg 300w, https:\/\/sulsc.com\/wp-content\/uploads\/2025\/06\/Baner-grupo-SulSC-2-1024x1024.jpg 1024w, https:\/\/sulsc.com\/wp-content\/uploads\/2025\/06\/Baner-grupo-SulSC-2-150x150.jpg 150w, https:\/\/sulsc.com\/wp-content\/uploads\/2025\/06\/Baner-grupo-SulSC-2-768x768.jpg 768w\" sizes=\"(max-width: 497px) 100vw, 497px\" \/><\/p>\n<p>&nbsp;<\/p>\n","protected":false},"excerpt":{"rendered":"<p>Mesmo com a presen\u00e7a do sol o dia ser\u00e1 gelado nesta ter\u00e7a-feira 01\/07 . As temperaturas m\u00e1ximas, \u00e0 tarde, n\u00e3o passam de 10\u00b0C. Dos planaltos ao Litoral, muitas nuvens e condi\u00e7\u00f5es para chuva fraca e isolada, devido a perturba\u00e7\u00f5es em m\u00e9dios e altos n\u00edveis da atmosfera. Temperaturas As temperaturas m\u00e1ximas nessas regi\u00f5es variam entre 9 &hellip;<\/p>\n<p class=\"read-more\"> <a class=\"\" href=\"https:\/\/sulsc.com\/index.php\/2025\/07\/01\/terca-feira-01-07-com-predominio-de-sol-mais-gelada-com-maximas-10oc\/\"> <span class=\"screen-reader-text\">Ter\u00e7a-feira 01\/07 com predom\u00ednio de sol mais gelada com m\u00e1ximas 10\u00baC<\/span> Read More &raquo;<\/a><\/p>\n","protected":false},"author":3,"featured_media":14133,"comment_status":"open","ping_status":"open","sticky":false,"template":"","format":"standard","meta":{"site-sidebar-layout":"default","site-content-layout":"","ast-site-content-layout":"default","site-content-style":"default","site-sidebar-style":"default","ast-global-header-display":"","ast-banner-title-visibility":"","ast-main-header-display":"","ast-hfb-above-header-display":"","ast-hfb-below-header-display":"","ast-hfb-mobile-header-display":"","site-post-title":"","ast-breadcrumbs-content":"","ast-featured-img":"","footer-sml-layout":"","theme-transparent-header-meta":"default","adv-header-id-meta":"","stick-header-meta":"","header-above-stick-meta":"","header-main-stick-meta":"","header-below-stick-meta":"","astra-migrate-meta-layouts":"set","footnotes":""},"categories":[38],"tags":[90],"yoast_head":"<!-- This site is optimized with the Yoast SEO plugin v21.4 - https:\/\/yoast.com\/wordpress\/plugins\/seo\/ -->\n<title>Ter\u00e7a-feira 01\/07 com predom\u00ednio de sol mais gelada com m\u00e1ximas 10\u00baC -<\/title>\n<meta name=\"description\" content=\"O vento sul, com rajadas entre 40 e 60km\/h mant\u00e9m o mar agitado, com ondas de sul entre 2,0 e 2,5m e picos de 3,0 a 3,5m\" \/>\n<meta name=\"robots\" content=\"index, follow, max-snippet:-1, max-image-preview:large, max-video-preview:-1\" \/>\n<link rel=\"canonical\" href=\"https:\/\/sulsc.com\/index.php\/2025\/07\/01\/terca-feira-01-07-com-predominio-de-sol-mais-gelada-com-maximas-10oc\/\" \/>\n<meta property=\"og:locale\" content=\"en_US\" \/>\n<meta property=\"og:type\" content=\"article\" \/>\n<meta property=\"og:title\" content=\"Ter\u00e7a-feira 01\/07 com predom\u00ednio de sol mais gelada com m\u00e1ximas 10\u00baC -\" \/>\n<meta property=\"og:description\" content=\"O vento sul, com rajadas entre 40 e 60km\/h mant\u00e9m o mar agitado, com ondas de sul entre 2,0 e 2,5m e picos de 3,0 a 3,5m\" \/>\n<meta property=\"og:url\" content=\"https:\/\/sulsc.com\/index.php\/2025\/07\/01\/terca-feira-01-07-com-predominio-de-sol-mais-gelada-com-maximas-10oc\/\" \/>\n<meta property=\"article:author\" content=\"https:\/\/www.facebook.com\/profile.php?id=61559278119680\" \/>\n<meta property=\"article:published_time\" content=\"2025-07-01T11:02:31+00:00\" \/>\n<meta property=\"og:image\" content=\"http:\/\/sulsc.com\/wp-content\/uploads\/2024\/07\/temperatura-negativa-na-serra-03.webp\" \/>\n\t<meta property=\"og:image:width\" content=\"768\" \/>\n\t<meta property=\"og:image:height\" content=\"432\" \/>\n\t<meta property=\"og:image:type\" content=\"image\/webp\" \/>\n<meta name=\"author\" content=\"Reda\u00e7\u00e3o Sul SC\" \/>\n<meta name=\"twitter:card\" content=\"summary_large_image\" \/>\n<meta name=\"twitter:creator\" content=\"@https:\/\/twitter.com\/PortalSulSC\" \/>\n<meta name=\"twitter:label1\" content=\"Written by\" \/>\n\t<meta name=\"twitter:data1\" content=\"Reda\u00e7\u00e3o Sul SC\" \/>\n\t<meta name=\"twitter:label2\" content=\"Est. reading time\" \/>\n\t<meta name=\"twitter:data2\" content=\"2 minutes\" \/>\n<script type=\"application\/ld+json\" class=\"yoast-schema-graph\">{\"@context\":\"https:\/\/schema.org\",\"@graph\":[{\"@type\":\"WebPage\",\"@id\":\"https:\/\/sulsc.com\/index.php\/2025\/07\/01\/terca-feira-01-07-com-predominio-de-sol-mais-gelada-com-maximas-10oc\/\",\"url\":\"https:\/\/sulsc.com\/index.php\/2025\/07\/01\/terca-feira-01-07-com-predominio-de-sol-mais-gelada-com-maximas-10oc\/\",\"name\":\"Ter\u00e7a-feira 01\/07 com predom\u00ednio de sol mais gelada com m\u00e1ximas 10\u00baC -\",\"isPartOf\":{\"@id\":\"https:\/\/sulsc.com\/#website\"},\"datePublished\":\"2025-07-01T11:02:31+00:00\",\"dateModified\":\"2025-07-01T11:02:31+00:00\",\"author\":{\"@id\":\"https:\/\/sulsc.com\/#\/schema\/person\/84d2fc571684f6248ba83092f07750a3\"},\"description\":\"O vento sul, com rajadas entre 40 e 60km\/h mant\u00e9m o mar agitado, com ondas de sul entre 2,0 e 2,5m e picos de 3,0 a 3,5m\",\"breadcrumb\":{\"@id\":\"https:\/\/sulsc.com\/index.php\/2025\/07\/01\/terca-feira-01-07-com-predominio-de-sol-mais-gelada-com-maximas-10oc\/#breadcrumb\"},\"inLanguage\":\"en-US\",\"potentialAction\":[{\"@type\":\"ReadAction\",\"target\":[\"https:\/\/sulsc.com\/index.php\/2025\/07\/01\/terca-feira-01-07-com-predominio-de-sol-mais-gelada-com-maximas-10oc\/\"]}]},{\"@type\":\"BreadcrumbList\",\"@id\":\"https:\/\/sulsc.com\/index.php\/2025\/07\/01\/terca-feira-01-07-com-predominio-de-sol-mais-gelada-com-maximas-10oc\/#breadcrumb\",\"itemListElement\":[{\"@type\":\"ListItem\",\"position\":1,\"name\":\"In\u00edcio\",\"item\":\"https:\/\/sulsc.com\/\"},{\"@type\":\"ListItem\",\"position\":2,\"name\":\"Ter\u00e7a-feira 01\/07 com predom\u00ednio de sol mais gelada com m\u00e1ximas 10\u00baC\"}]},{\"@type\":\"WebSite\",\"@id\":\"https:\/\/sulsc.com\/#website\",\"url\":\"https:\/\/sulsc.com\/\",\"name\":\"\",\"description\":\"\",\"potentialAction\":[{\"@type\":\"SearchAction\",\"target\":{\"@type\":\"EntryPoint\",\"urlTemplate\":\"https:\/\/sulsc.com\/?s={search_term_string}\"},\"query-input\":\"required name=search_term_string\"}],\"inLanguage\":\"en-US\"},{\"@type\":\"Person\",\"@id\":\"https:\/\/sulsc.com\/#\/schema\/person\/84d2fc571684f6248ba83092f07750a3\",\"name\":\"Reda\u00e7\u00e3o Sul SC\",\"image\":{\"@type\":\"ImageObject\",\"inLanguage\":\"en-US\",\"@id\":\"https:\/\/sulsc.com\/#\/schema\/person\/image\/e08d7fe2cc4ed596372063bbe852b8d0\",\"url\":\"https:\/\/sulsc.com\/wp-content\/uploads\/2023\/09\/redacao.png\",\"contentUrl\":\"https:\/\/sulsc.com\/wp-content\/uploads\/2023\/09\/redacao.png\",\"caption\":\"Reda\u00e7\u00e3o Sul SC\"},\"description\":\"Foco em um jornalismo imparcial, voltado \u00e0 qualidade dos seus conte\u00fados e, assim, levar informa\u00e7\u00e3o de valor que agregue \u00e0 vida dos leitores. Esta \u00e9 grande miss\u00e3o do Portal de Not\u00edcias Sul SC. N\u00e3o \u00e9 quantidade que muda o mundo, sempre foi e seguir\u00e1 sendo qualidade!\",\"sameAs\":[\"https:\/\/sulsc.com\/\",\"https:\/\/www.facebook.com\/profile.php?id=61559278119680\",\"https:\/\/www.instagram.com\/sulscportal\/?hl=pt-br\",\"https:\/\/twitter.com\/https:\/\/twitter.com\/PortalSulSC\",\"https:\/\/www.youtube.com\/channel\/UCv_BE8GeySluDov2n8qhVmw\"],\"url\":\"https:\/\/sulsc.com\/index.php\/author\/redacao\/\"}]}<\/script>\n<!-- \/ Yoast SEO plugin. -->","yoast_head_json":{"title":"Ter\u00e7a-feira 01\/07 com predom\u00ednio de sol mais gelada com m\u00e1ximas 10\u00baC -","description":"O vento sul, com rajadas entre 40 e 60km\/h mant\u00e9m o mar agitado, com ondas de sul entre 2,0 e 2,5m e picos de 3,0 a 3,5m","robots":{"index":"index","follow":"follow","max-snippet":"max-snippet:-1","max-image-preview":"max-image-preview:large","max-video-preview":"max-video-preview:-1"},"canonical":"https:\/\/sulsc.com\/index.php\/2025\/07\/01\/terca-feira-01-07-com-predominio-de-sol-mais-gelada-com-maximas-10oc\/","og_locale":"en_US","og_type":"article","og_title":"Ter\u00e7a-feira 01\/07 com predom\u00ednio de sol mais gelada com m\u00e1ximas 10\u00baC -","og_description":"O vento sul, com rajadas entre 40 e 60km\/h mant\u00e9m o mar agitado, com ondas de sul entre 2,0 e 2,5m e picos de 3,0 a 3,5m","og_url":"https:\/\/sulsc.com\/index.php\/2025\/07\/01\/terca-feira-01-07-com-predominio-de-sol-mais-gelada-com-maximas-10oc\/","article_author":"https:\/\/www.facebook.com\/profile.php?id=61559278119680","article_published_time":"2025-07-01T11:02:31+00:00","og_image":[{"width":768,"height":432,"url":"http:\/\/sulsc.com\/wp-content\/uploads\/2024\/07\/temperatura-negativa-na-serra-03.webp","type":"image\/webp"}],"author":"Reda\u00e7\u00e3o Sul SC","twitter_card":"summary_large_image","twitter_creator":"@https:\/\/twitter.com\/PortalSulSC","twitter_misc":{"Written by":"Reda\u00e7\u00e3o Sul SC","Est. reading time":"2 minutes"},"schema":{"@context":"https:\/\/schema.org","@graph":[{"@type":"WebPage","@id":"https:\/\/sulsc.com\/index.php\/2025\/07\/01\/terca-feira-01-07-com-predominio-de-sol-mais-gelada-com-maximas-10oc\/","url":"https:\/\/sulsc.com\/index.php\/2025\/07\/01\/terca-feira-01-07-com-predominio-de-sol-mais-gelada-com-maximas-10oc\/","name":"Ter\u00e7a-feira 01\/07 com predom\u00ednio de sol mais gelada com m\u00e1ximas 10\u00baC -","isPartOf":{"@id":"https:\/\/sulsc.com\/#website"},"datePublished":"2025-07-01T11:02:31+00:00","dateModified":"2025-07-01T11:02:31+00:00","author":{"@id":"https:\/\/sulsc.com\/#\/schema\/person\/84d2fc571684f6248ba83092f07750a3"},"description":"O vento sul, com rajadas entre 40 e 60km\/h mant\u00e9m o mar agitado, com ondas de sul entre 2,0 e 2,5m e picos de 3,0 a 3,5m","breadcrumb":{"@id":"https:\/\/sulsc.com\/index.php\/2025\/07\/01\/terca-feira-01-07-com-predominio-de-sol-mais-gelada-com-maximas-10oc\/#breadcrumb"},"inLanguage":"en-US","potentialAction":[{"@type":"ReadAction","target":["https:\/\/sulsc.com\/index.php\/2025\/07\/01\/terca-feira-01-07-com-predominio-de-sol-mais-gelada-com-maximas-10oc\/"]}]},{"@type":"BreadcrumbList","@id":"https:\/\/sulsc.com\/index.php\/2025\/07\/01\/terca-feira-01-07-com-predominio-de-sol-mais-gelada-com-maximas-10oc\/#breadcrumb","itemListElement":[{"@type":"ListItem","position":1,"name":"In\u00edcio","item":"https:\/\/sulsc.com\/"},{"@type":"ListItem","position":2,"name":"Ter\u00e7a-feira 01\/07 com predom\u00ednio de sol mais gelada com m\u00e1ximas 10\u00baC"}]},{"@type":"WebSite","@id":"https:\/\/sulsc.com\/#website","url":"https:\/\/sulsc.com\/","name":"","description":"","potentialAction":[{"@type":"SearchAction","target":{"@type":"EntryPoint","urlTemplate":"https:\/\/sulsc.com\/?s={search_term_string}"},"query-input":"required name=search_term_string"}],"inLanguage":"en-US"},{"@type":"Person","@id":"https:\/\/sulsc.com\/#\/schema\/person\/84d2fc571684f6248ba83092f07750a3","name":"Reda\u00e7\u00e3o Sul SC","image":{"@type":"ImageObject","inLanguage":"en-US","@id":"https:\/\/sulsc.com\/#\/schema\/person\/image\/e08d7fe2cc4ed596372063bbe852b8d0","url":"https:\/\/sulsc.com\/wp-content\/uploads\/2023\/09\/redacao.png","contentUrl":"https:\/\/sulsc.com\/wp-content\/uploads\/2023\/09\/redacao.png","caption":"Reda\u00e7\u00e3o Sul SC"},"description":"Foco em um jornalismo imparcial, voltado \u00e0 qualidade dos seus conte\u00fados e, assim, levar informa\u00e7\u00e3o de valor que agregue \u00e0 vida dos leitores. Esta \u00e9 grande miss\u00e3o do Portal de Not\u00edcias Sul SC. N\u00e3o \u00e9 quantidade que muda o mundo, sempre foi e seguir\u00e1 sendo qualidade!","sameAs":["https:\/\/sulsc.com\/","https:\/\/www.facebook.com\/profile.php?id=61559278119680","https:\/\/www.instagram.com\/sulscportal\/?hl=pt-br","https:\/\/twitter.com\/https:\/\/twitter.com\/PortalSulSC","https:\/\/www.youtube.com\/channel\/UCv_BE8GeySluDov2n8qhVmw"],"url":"https:\/\/sulsc.com\/index.php\/author\/redacao\/"}]}},"authors":[],"_links":{"self":[{"href":"https:\/\/sulsc.com\/index.php\/wp-json\/wp\/v2\/posts\/25045"}],"collection":[{"href":"https:\/\/sulsc.com\/index.php\/wp-json\/wp\/v2\/posts"}],"about":[{"href":"https:\/\/sulsc.com\/index.php\/wp-json\/wp\/v2\/types\/post"}],"author":[{"embeddable":true,"href":"https:\/\/sulsc.com\/index.php\/wp-json\/wp\/v2\/users\/3"}],"replies":[{"embeddable":true,"href":"https:\/\/sulsc.com\/index.php\/wp-json\/wp\/v2\/comments?post=25045"}],"version-history":[{"count":2,"href":"https:\/\/sulsc.com\/index.php\/wp-json\/wp\/v2\/posts\/25045\/revisions"}],"predecessor-version":[{"id":25049,"href":"https:\/\/sulsc.com\/index.php\/wp-json\/wp\/v2\/posts\/25045\/revisions\/25049"}],"wp:featuredmedia":[{"embeddable":true,"href":"https:\/\/sulsc.com\/index.php\/wp-json\/wp\/v2\/media\/14133"}],"wp:attachment":[{"href":"https:\/\/sulsc.com\/index.php\/wp-json\/wp\/v2\/media?parent=25045"}],"wp:term":[{"taxonomy":"category","embeddable":true,"href":"https:\/\/sulsc.com\/index.php\/wp-json\/wp\/v2\/categories?post=25045"},{"taxonomy":"post_tag","embeddable":true,"href":"https:\/\/sulsc.com\/index.php\/wp-json\/wp\/v2\/tags?post=25045"}],"curies":[{"name":"wp","href":"https:\/\/api.w.org\/{rel}","templated":true}]}}