{"id":25073,"date":"2025-07-02T07:41:12","date_gmt":"2025-07-02T10:41:12","guid":{"rendered":"https:\/\/sulsc.com\/?p=25073"},"modified":"2025-07-02T07:41:12","modified_gmt":"2025-07-02T10:41:12","slug":"quarta-feira-02-de-sol-e-tempo-firme-com-temperaturas-baixas","status":"publish","type":"post","link":"https:\/\/sulsc.com\/index.php\/2025\/07\/02\/quarta-feira-02-de-sol-e-tempo-firme-com-temperaturas-baixas\/","title":{"rendered":"Quarta-feira (02) de sol e tempo firme com temperaturas baixas"},"content":{"rendered":"<p>Frio intenso nesta quarta-feira (02) em Santa Catarina. No decorrer do dia, com a massa de ar seco atuando, o tempo firme predomina e o sol aparece na maioria das \u00e1reas. Apenas no norte a nebulosidade varia, podendo ocasionar chuva fraca.<\/p>\n<p><strong>Temperaturas<\/strong><\/p>\n<p>No amanhecer as m\u00ednimas ficam entre 0 e -4\u00b0C no Grande Oeste e Planalto Sul, podendo chegar a valores menores nos pontos mais altos da Serra. Na Grande Florian\u00f3polis Serrana, Litoral Sul, Vale do Itaja\u00ed e Planalto Norte as m\u00ednimas variam de 0 a 5\u00b0C e de 3 a 8\u00b0C entre a Grande Florian\u00f3polis e o Litoral Norte. H\u00e1 condi\u00e7\u00f5es para a forma\u00e7\u00e3o de geada ampla no estado.<\/p>\n<p><img fetchpriority=\"high\" decoding=\"async\" class=\"aligncenter size-full wp-image-25074\" src=\"http:\/\/sulsc.com\/wp-content\/uploads\/2025\/07\/a-1.png\" alt=\"\" width=\"991\" height=\"674\" srcset=\"https:\/\/sulsc.com\/wp-content\/uploads\/2025\/07\/a-1.png 991w, https:\/\/sulsc.com\/wp-content\/uploads\/2025\/07\/a-1-300x204.png 300w, https:\/\/sulsc.com\/wp-content\/uploads\/2025\/07\/a-1-768x522.png 768w\" sizes=\"(max-width: 991px) 100vw, 991px\" \/><\/p>\n<p><img decoding=\"async\" class=\"aligncenter  wp-image-22836\" src=\"http:\/\/sulsc.com\/wp-content\/uploads\/2025\/04\/Tempo-2.png\" alt=\"\" width=\"681\" height=\"126\" srcset=\"https:\/\/sulsc.com\/wp-content\/uploads\/2025\/04\/Tempo-2.png 1024w, https:\/\/sulsc.com\/wp-content\/uploads\/2025\/04\/Tempo-2-300x55.png 300w, https:\/\/sulsc.com\/wp-content\/uploads\/2025\/04\/Tempo-2-768x142.png 768w\" sizes=\"(max-width: 681px) 100vw, 681px\" \/><\/p>\n<p>\u00c0 tarde as m\u00e1ximas sobem pouco e n\u00e3o passam dos 15\u00b0C no estado. O risco \u00e9 moderado a alto para ocorr\u00eancias relacionadas \u00e0s baixas temperaturas. A agita\u00e7\u00e3o mar\u00edtima diminui gradualmente, mas ainda s\u00e3o esperadas ondas entre 2,0 e 2,5m e picos de at\u00e9 3,0m. O risco \u00e9 moderado para atividades no mar.<\/p>\n<p><strong>Vento:<\/strong> sudoeste a sudeste, fraco a moderado.<\/p>\n<p><strong>Sistema predominante:<\/strong> intensa massa de ar frio Polar em SC.<\/p>\n<p><strong>Aten\u00e7\u00e3o: Frio intenso com temperaturas negativas e geada: <a role=\"link\" href=\"https:\/\/ciram.epagri.sc.gov.br\/index.php\/2025\/06\/01\/frio-intenso-com-temperaturas-negativas-e-geada\/\">leia o Aviso<\/a>.<\/strong><\/p>\n<p>Fonte\/Epagri\/Ciram\/Defesa Civil SC<\/p>\n<p><strong>Sua empresa aqui<\/strong><\/p>\n<p><img decoding=\"async\" class=\"aligncenter  wp-image-24984\" src=\"http:\/\/sulsc.com\/wp-content\/uploads\/2025\/06\/Baner-grupo-SulSC-2.jpg\" alt=\"\" width=\"500\" height=\"500\" srcset=\"https:\/\/sulsc.com\/wp-content\/uploads\/2025\/06\/Baner-grupo-SulSC-2.jpg 1080w, https:\/\/sulsc.com\/wp-content\/uploads\/2025\/06\/Baner-grupo-SulSC-2-300x300.jpg 300w, https:\/\/sulsc.com\/wp-content\/uploads\/2025\/06\/Baner-grupo-SulSC-2-1024x1024.jpg 1024w, https:\/\/sulsc.com\/wp-content\/uploads\/2025\/06\/Baner-grupo-SulSC-2-150x150.jpg 150w, https:\/\/sulsc.com\/wp-content\/uploads\/2025\/06\/Baner-grupo-SulSC-2-768x768.jpg 768w\" sizes=\"(max-width: 500px) 100vw, 500px\" \/><\/p>\n","protected":false},"excerpt":{"rendered":"<p>Frio intenso nesta quarta-feira (02) em Santa Catarina. No decorrer do dia, com a massa de ar seco atuando, o tempo firme predomina e o sol aparece na maioria das \u00e1reas. Apenas no norte a nebulosidade varia, podendo ocasionar chuva fraca. Temperaturas No amanhecer as m\u00ednimas ficam entre 0 e -4\u00b0C no Grande Oeste e &hellip;<\/p>\n<p class=\"read-more\"> <a class=\"\" href=\"https:\/\/sulsc.com\/index.php\/2025\/07\/02\/quarta-feira-02-de-sol-e-tempo-firme-com-temperaturas-baixas\/\"> <span class=\"screen-reader-text\">Quarta-feira (02) de sol e tempo firme com temperaturas baixas<\/span> Read More &raquo;<\/a><\/p>\n","protected":false},"author":3,"featured_media":3433,"comment_status":"open","ping_status":"open","sticky":false,"template":"","format":"standard","meta":{"site-sidebar-layout":"default","site-content-layout":"","ast-site-content-layout":"default","site-content-style":"default","site-sidebar-style":"default","ast-global-header-display":"","ast-banner-title-visibility":"","ast-main-header-display":"","ast-hfb-above-header-display":"","ast-hfb-below-header-display":"","ast-hfb-mobile-header-display":"","site-post-title":"","ast-breadcrumbs-content":"","ast-featured-img":"","footer-sml-layout":"","theme-transparent-header-meta":"default","adv-header-id-meta":"","stick-header-meta":"","header-above-stick-meta":"","header-main-stick-meta":"","header-below-stick-meta":"","astra-migrate-meta-layouts":"set","footnotes":""},"categories":[38],"tags":[90],"yoast_head":"<!-- This site is optimized with the Yoast SEO plugin v21.4 - https:\/\/yoast.com\/wordpress\/plugins\/seo\/ -->\n<title>Quarta-feira (02) de sol e tempo firme com temperaturas baixas -<\/title>\n<meta name=\"description\" content=\"A agita\u00e7\u00e3o mar\u00edtima diminui gradualmente mas ainda s\u00e3o esperadas ondas entre 2,0 e 2,5m e picos de at\u00e9 3,0m\" \/>\n<meta name=\"robots\" content=\"index, follow, max-snippet:-1, max-image-preview:large, max-video-preview:-1\" \/>\n<link rel=\"canonical\" href=\"https:\/\/sulsc.com\/index.php\/2025\/07\/02\/quarta-feira-02-de-sol-e-tempo-firme-com-temperaturas-baixas\/\" \/>\n<meta property=\"og:locale\" content=\"en_US\" \/>\n<meta property=\"og:type\" content=\"article\" \/>\n<meta property=\"og:title\" content=\"Quarta-feira (02) de sol e tempo firme com temperaturas baixas -\" \/>\n<meta property=\"og:description\" content=\"A agita\u00e7\u00e3o mar\u00edtima diminui gradualmente mas ainda s\u00e3o esperadas ondas entre 2,0 e 2,5m e picos de at\u00e9 3,0m\" \/>\n<meta property=\"og:url\" content=\"https:\/\/sulsc.com\/index.php\/2025\/07\/02\/quarta-feira-02-de-sol-e-tempo-firme-com-temperaturas-baixas\/\" \/>\n<meta property=\"article:author\" content=\"https:\/\/www.facebook.com\/profile.php?id=61559278119680\" \/>\n<meta property=\"article:published_time\" content=\"2025-07-02T10:41:12+00:00\" \/>\n<meta property=\"og:image\" content=\"http:\/\/sulsc.com\/wp-content\/uploads\/2023\/11\/galhos-cobertos-de-geada-plantas-geladas-no-inicio-da-manha-na-estacao-fria-scaled.jpg\" \/>\n\t<meta property=\"og:image:width\" content=\"2560\" \/>\n\t<meta property=\"og:image:height\" content=\"1707\" \/>\n\t<meta property=\"og:image:type\" content=\"image\/jpeg\" \/>\n<meta name=\"author\" content=\"Reda\u00e7\u00e3o Sul SC\" \/>\n<meta name=\"twitter:card\" content=\"summary_large_image\" \/>\n<meta name=\"twitter:creator\" content=\"@https:\/\/twitter.com\/PortalSulSC\" \/>\n<meta name=\"twitter:label1\" content=\"Written by\" \/>\n\t<meta name=\"twitter:data1\" content=\"Reda\u00e7\u00e3o Sul SC\" \/>\n\t<meta name=\"twitter:label2\" content=\"Est. reading time\" \/>\n\t<meta name=\"twitter:data2\" content=\"2 minutes\" \/>\n<script type=\"application\/ld+json\" class=\"yoast-schema-graph\">{\"@context\":\"https:\/\/schema.org\",\"@graph\":[{\"@type\":\"WebPage\",\"@id\":\"https:\/\/sulsc.com\/index.php\/2025\/07\/02\/quarta-feira-02-de-sol-e-tempo-firme-com-temperaturas-baixas\/\",\"url\":\"https:\/\/sulsc.com\/index.php\/2025\/07\/02\/quarta-feira-02-de-sol-e-tempo-firme-com-temperaturas-baixas\/\",\"name\":\"Quarta-feira (02) de sol e tempo firme com temperaturas baixas -\",\"isPartOf\":{\"@id\":\"https:\/\/sulsc.com\/#website\"},\"datePublished\":\"2025-07-02T10:41:12+00:00\",\"dateModified\":\"2025-07-02T10:41:12+00:00\",\"author\":{\"@id\":\"https:\/\/sulsc.com\/#\/schema\/person\/84d2fc571684f6248ba83092f07750a3\"},\"description\":\"A agita\u00e7\u00e3o mar\u00edtima diminui gradualmente mas ainda s\u00e3o esperadas ondas entre 2,0 e 2,5m e picos de at\u00e9 3,0m\",\"breadcrumb\":{\"@id\":\"https:\/\/sulsc.com\/index.php\/2025\/07\/02\/quarta-feira-02-de-sol-e-tempo-firme-com-temperaturas-baixas\/#breadcrumb\"},\"inLanguage\":\"en-US\",\"potentialAction\":[{\"@type\":\"ReadAction\",\"target\":[\"https:\/\/sulsc.com\/index.php\/2025\/07\/02\/quarta-feira-02-de-sol-e-tempo-firme-com-temperaturas-baixas\/\"]}]},{\"@type\":\"BreadcrumbList\",\"@id\":\"https:\/\/sulsc.com\/index.php\/2025\/07\/02\/quarta-feira-02-de-sol-e-tempo-firme-com-temperaturas-baixas\/#breadcrumb\",\"itemListElement\":[{\"@type\":\"ListItem\",\"position\":1,\"name\":\"In\u00edcio\",\"item\":\"https:\/\/sulsc.com\/\"},{\"@type\":\"ListItem\",\"position\":2,\"name\":\"Quarta-feira (02) de sol e tempo firme com temperaturas baixas\"}]},{\"@type\":\"WebSite\",\"@id\":\"https:\/\/sulsc.com\/#website\",\"url\":\"https:\/\/sulsc.com\/\",\"name\":\"\",\"description\":\"\",\"potentialAction\":[{\"@type\":\"SearchAction\",\"target\":{\"@type\":\"EntryPoint\",\"urlTemplate\":\"https:\/\/sulsc.com\/?s={search_term_string}\"},\"query-input\":\"required name=search_term_string\"}],\"inLanguage\":\"en-US\"},{\"@type\":\"Person\",\"@id\":\"https:\/\/sulsc.com\/#\/schema\/person\/84d2fc571684f6248ba83092f07750a3\",\"name\":\"Reda\u00e7\u00e3o Sul SC\",\"image\":{\"@type\":\"ImageObject\",\"inLanguage\":\"en-US\",\"@id\":\"https:\/\/sulsc.com\/#\/schema\/person\/image\/e08d7fe2cc4ed596372063bbe852b8d0\",\"url\":\"https:\/\/sulsc.com\/wp-content\/uploads\/2023\/09\/redacao.png\",\"contentUrl\":\"https:\/\/sulsc.com\/wp-content\/uploads\/2023\/09\/redacao.png\",\"caption\":\"Reda\u00e7\u00e3o Sul SC\"},\"description\":\"Foco em um jornalismo imparcial, voltado \u00e0 qualidade dos seus conte\u00fados e, assim, levar informa\u00e7\u00e3o de valor que agregue \u00e0 vida dos leitores. Esta \u00e9 grande miss\u00e3o do Portal de Not\u00edcias Sul SC. N\u00e3o \u00e9 quantidade que muda o mundo, sempre foi e seguir\u00e1 sendo qualidade!\",\"sameAs\":[\"https:\/\/sulsc.com\/\",\"https:\/\/www.facebook.com\/profile.php?id=61559278119680\",\"https:\/\/www.instagram.com\/sulscportal\/?hl=pt-br\",\"https:\/\/twitter.com\/https:\/\/twitter.com\/PortalSulSC\",\"https:\/\/www.youtube.com\/channel\/UCv_BE8GeySluDov2n8qhVmw\"],\"url\":\"https:\/\/sulsc.com\/index.php\/author\/redacao\/\"}]}<\/script>\n<!-- \/ Yoast SEO plugin. -->","yoast_head_json":{"title":"Quarta-feira (02) de sol e tempo firme com temperaturas baixas -","description":"A agita\u00e7\u00e3o mar\u00edtima diminui gradualmente mas ainda s\u00e3o esperadas ondas entre 2,0 e 2,5m e picos de at\u00e9 3,0m","robots":{"index":"index","follow":"follow","max-snippet":"max-snippet:-1","max-image-preview":"max-image-preview:large","max-video-preview":"max-video-preview:-1"},"canonical":"https:\/\/sulsc.com\/index.php\/2025\/07\/02\/quarta-feira-02-de-sol-e-tempo-firme-com-temperaturas-baixas\/","og_locale":"en_US","og_type":"article","og_title":"Quarta-feira (02) de sol e tempo firme com temperaturas baixas -","og_description":"A agita\u00e7\u00e3o mar\u00edtima diminui gradualmente mas ainda s\u00e3o esperadas ondas entre 2,0 e 2,5m e picos de at\u00e9 3,0m","og_url":"https:\/\/sulsc.com\/index.php\/2025\/07\/02\/quarta-feira-02-de-sol-e-tempo-firme-com-temperaturas-baixas\/","article_author":"https:\/\/www.facebook.com\/profile.php?id=61559278119680","article_published_time":"2025-07-02T10:41:12+00:00","og_image":[{"width":2560,"height":1707,"url":"http:\/\/sulsc.com\/wp-content\/uploads\/2023\/11\/galhos-cobertos-de-geada-plantas-geladas-no-inicio-da-manha-na-estacao-fria-scaled.jpg","type":"image\/jpeg"}],"author":"Reda\u00e7\u00e3o Sul SC","twitter_card":"summary_large_image","twitter_creator":"@https:\/\/twitter.com\/PortalSulSC","twitter_misc":{"Written by":"Reda\u00e7\u00e3o Sul SC","Est. reading time":"2 minutes"},"schema":{"@context":"https:\/\/schema.org","@graph":[{"@type":"WebPage","@id":"https:\/\/sulsc.com\/index.php\/2025\/07\/02\/quarta-feira-02-de-sol-e-tempo-firme-com-temperaturas-baixas\/","url":"https:\/\/sulsc.com\/index.php\/2025\/07\/02\/quarta-feira-02-de-sol-e-tempo-firme-com-temperaturas-baixas\/","name":"Quarta-feira (02) de sol e tempo firme com temperaturas baixas -","isPartOf":{"@id":"https:\/\/sulsc.com\/#website"},"datePublished":"2025-07-02T10:41:12+00:00","dateModified":"2025-07-02T10:41:12+00:00","author":{"@id":"https:\/\/sulsc.com\/#\/schema\/person\/84d2fc571684f6248ba83092f07750a3"},"description":"A agita\u00e7\u00e3o mar\u00edtima diminui gradualmente mas ainda s\u00e3o esperadas ondas entre 2,0 e 2,5m e picos de at\u00e9 3,0m","breadcrumb":{"@id":"https:\/\/sulsc.com\/index.php\/2025\/07\/02\/quarta-feira-02-de-sol-e-tempo-firme-com-temperaturas-baixas\/#breadcrumb"},"inLanguage":"en-US","potentialAction":[{"@type":"ReadAction","target":["https:\/\/sulsc.com\/index.php\/2025\/07\/02\/quarta-feira-02-de-sol-e-tempo-firme-com-temperaturas-baixas\/"]}]},{"@type":"BreadcrumbList","@id":"https:\/\/sulsc.com\/index.php\/2025\/07\/02\/quarta-feira-02-de-sol-e-tempo-firme-com-temperaturas-baixas\/#breadcrumb","itemListElement":[{"@type":"ListItem","position":1,"name":"In\u00edcio","item":"https:\/\/sulsc.com\/"},{"@type":"ListItem","position":2,"name":"Quarta-feira (02) de sol e tempo firme com temperaturas baixas"}]},{"@type":"WebSite","@id":"https:\/\/sulsc.com\/#website","url":"https:\/\/sulsc.com\/","name":"","description":"","potentialAction":[{"@type":"SearchAction","target":{"@type":"EntryPoint","urlTemplate":"https:\/\/sulsc.com\/?s={search_term_string}"},"query-input":"required name=search_term_string"}],"inLanguage":"en-US"},{"@type":"Person","@id":"https:\/\/sulsc.com\/#\/schema\/person\/84d2fc571684f6248ba83092f07750a3","name":"Reda\u00e7\u00e3o Sul SC","image":{"@type":"ImageObject","inLanguage":"en-US","@id":"https:\/\/sulsc.com\/#\/schema\/person\/image\/e08d7fe2cc4ed596372063bbe852b8d0","url":"https:\/\/sulsc.com\/wp-content\/uploads\/2023\/09\/redacao.png","contentUrl":"https:\/\/sulsc.com\/wp-content\/uploads\/2023\/09\/redacao.png","caption":"Reda\u00e7\u00e3o Sul SC"},"description":"Foco em um jornalismo imparcial, voltado \u00e0 qualidade dos seus conte\u00fados e, assim, levar informa\u00e7\u00e3o de valor que agregue \u00e0 vida dos leitores. Esta \u00e9 grande miss\u00e3o do Portal de Not\u00edcias Sul SC. N\u00e3o \u00e9 quantidade que muda o mundo, sempre foi e seguir\u00e1 sendo qualidade!","sameAs":["https:\/\/sulsc.com\/","https:\/\/www.facebook.com\/profile.php?id=61559278119680","https:\/\/www.instagram.com\/sulscportal\/?hl=pt-br","https:\/\/twitter.com\/https:\/\/twitter.com\/PortalSulSC","https:\/\/www.youtube.com\/channel\/UCv_BE8GeySluDov2n8qhVmw"],"url":"https:\/\/sulsc.com\/index.php\/author\/redacao\/"}]}},"authors":[],"_links":{"self":[{"href":"https:\/\/sulsc.com\/index.php\/wp-json\/wp\/v2\/posts\/25073"}],"collection":[{"href":"https:\/\/sulsc.com\/index.php\/wp-json\/wp\/v2\/posts"}],"about":[{"href":"https:\/\/sulsc.com\/index.php\/wp-json\/wp\/v2\/types\/post"}],"author":[{"embeddable":true,"href":"https:\/\/sulsc.com\/index.php\/wp-json\/wp\/v2\/users\/3"}],"replies":[{"embeddable":true,"href":"https:\/\/sulsc.com\/index.php\/wp-json\/wp\/v2\/comments?post=25073"}],"version-history":[{"count":1,"href":"https:\/\/sulsc.com\/index.php\/wp-json\/wp\/v2\/posts\/25073\/revisions"}],"predecessor-version":[{"id":25075,"href":"https:\/\/sulsc.com\/index.php\/wp-json\/wp\/v2\/posts\/25073\/revisions\/25075"}],"wp:featuredmedia":[{"embeddable":true,"href":"https:\/\/sulsc.com\/index.php\/wp-json\/wp\/v2\/media\/3433"}],"wp:attachment":[{"href":"https:\/\/sulsc.com\/index.php\/wp-json\/wp\/v2\/media?parent=25073"}],"wp:term":[{"taxonomy":"category","embeddable":true,"href":"https:\/\/sulsc.com\/index.php\/wp-json\/wp\/v2\/categories?post=25073"},{"taxonomy":"post_tag","embeddable":true,"href":"https:\/\/sulsc.com\/index.php\/wp-json\/wp\/v2\/tags?post=25073"}],"curies":[{"name":"wp","href":"https:\/\/api.w.org\/{rel}","templated":true}]}}