{"id":25280,"date":"2025-07-10T07:14:14","date_gmt":"2025-07-10T10:14:14","guid":{"rendered":"https:\/\/sulsc.com\/?p=25280"},"modified":"2025-07-10T07:14:14","modified_gmt":"2025-07-10T10:14:14","slug":"quinta-feira-10-comeca-com-nebulosidade-no-litoral-sul-mas-a-presenca-do-sol-predomina-no-decorrer-do-dia","status":"publish","type":"post","link":"https:\/\/sulsc.com\/index.php\/2025\/07\/10\/quinta-feira-10-comeca-com-nebulosidade-no-litoral-sul-mas-a-presenca-do-sol-predomina-no-decorrer-do-dia\/","title":{"rendered":"Quinta-feira (10) come\u00e7a com nebulosidade no litoral sul mas a presen\u00e7a do sol predomina no decorrer do dia"},"content":{"rendered":"<p>O sistema de alta press\u00e3o\/massa de ar seco mant\u00e9m o tempo est\u00e1vel e com presen\u00e7a de sol em todo estado nesta quinta-feira (10). No Litoral e \u00e1reas pr\u00f3ximas o dia come\u00e7a com maior nebulosidade, com presen\u00e7a de nevoeiros e com chance de chuviscos nas primeiras horas da manh\u00e3 no Litoral Norte. N\u00e3o h\u00e1 risco para ocorr\u00eancias meteorol\u00f3gicas.<\/p>\n<p><strong>Temperaturas<\/strong><\/p>\n<p>As temperaturas se elevam \u00e0 tarde e as m\u00e1ximas superam os 20\u00b0C no Litoral e no oeste. Nas demais regi\u00f5es as m\u00e1ximas variam de 15 a 18\u00b0C.<\/p>\n<p><img fetchpriority=\"high\" decoding=\"async\" class=\"aligncenter size-full wp-image-25281\" src=\"http:\/\/sulsc.com\/wp-content\/uploads\/2025\/07\/a-5.png\" alt=\"\" width=\"1024\" height=\"697\" srcset=\"https:\/\/sulsc.com\/wp-content\/uploads\/2025\/07\/a-5.png 1024w, https:\/\/sulsc.com\/wp-content\/uploads\/2025\/07\/a-5-300x204.png 300w, https:\/\/sulsc.com\/wp-content\/uploads\/2025\/07\/a-5-768x523.png 768w\" sizes=\"(max-width: 1024px) 100vw, 1024px\" \/><\/p>\n<p><img decoding=\"async\" class=\"aligncenter  wp-image-22836\" src=\"http:\/\/sulsc.com\/wp-content\/uploads\/2025\/04\/Tempo-2.png\" alt=\"\" width=\"666\" height=\"123\" srcset=\"https:\/\/sulsc.com\/wp-content\/uploads\/2025\/04\/Tempo-2.png 1024w, https:\/\/sulsc.com\/wp-content\/uploads\/2025\/04\/Tempo-2-300x55.png 300w, https:\/\/sulsc.com\/wp-content\/uploads\/2025\/04\/Tempo-2-768x142.png 768w\" sizes=\"(max-width: 666px) 100vw, 666px\" \/><\/p>\n<p><strong>Vento:<\/strong> sudeste a nordeste, fraco a moderado.<br \/>\n<strong>Sistema predominante:<\/strong> alta press\u00e3o (massa de ar seco e frio) no litoral Sul do Brasil.<\/p>\n<p>Fonte: Epagri\/Ciram\/Defesa Civil SC<\/p>\n<p><strong>Sua empresa aqui<\/strong><\/p>\n<p><img decoding=\"async\" class=\"aligncenter  wp-image-25254\" src=\"http:\/\/sulsc.com\/wp-content\/uploads\/2025\/07\/Mar.jpg\" alt=\"\" width=\"500\" height=\"618\" srcset=\"https:\/\/sulsc.com\/wp-content\/uploads\/2025\/07\/Mar.jpg 1077w, https:\/\/sulsc.com\/wp-content\/uploads\/2025\/07\/Mar-243x300.jpg 243w, https:\/\/sulsc.com\/wp-content\/uploads\/2025\/07\/Mar-829x1024.jpg 829w, https:\/\/sulsc.com\/wp-content\/uploads\/2025\/07\/Mar-768x948.jpg 768w\" sizes=\"(max-width: 500px) 100vw, 500px\" \/><\/p>\n","protected":false},"excerpt":{"rendered":"<p>O sistema de alta press\u00e3o\/massa de ar seco mant\u00e9m o tempo est\u00e1vel e com presen\u00e7a de sol em todo estado nesta quinta-feira (10). No Litoral e \u00e1reas pr\u00f3ximas o dia come\u00e7a com maior nebulosidade, com presen\u00e7a de nevoeiros e com chance de chuviscos nas primeiras horas da manh\u00e3 no Litoral Norte. N\u00e3o h\u00e1 risco para &hellip;<\/p>\n<p class=\"read-more\"> <a class=\"\" href=\"https:\/\/sulsc.com\/index.php\/2025\/07\/10\/quinta-feira-10-comeca-com-nebulosidade-no-litoral-sul-mas-a-presenca-do-sol-predomina-no-decorrer-do-dia\/\"> <span class=\"screen-reader-text\">Quinta-feira (10) come\u00e7a com nebulosidade no litoral sul mas a presen\u00e7a do sol predomina no decorrer do dia<\/span> Read More &raquo;<\/a><\/p>\n","protected":false},"author":3,"featured_media":6572,"comment_status":"open","ping_status":"open","sticky":false,"template":"","format":"standard","meta":{"site-sidebar-layout":"default","site-content-layout":"","ast-site-content-layout":"default","site-content-style":"default","site-sidebar-style":"default","ast-global-header-display":"","ast-banner-title-visibility":"","ast-main-header-display":"","ast-hfb-above-header-display":"","ast-hfb-below-header-display":"","ast-hfb-mobile-header-display":"","site-post-title":"","ast-breadcrumbs-content":"","ast-featured-img":"","footer-sml-layout":"","theme-transparent-header-meta":"default","adv-header-id-meta":"","stick-header-meta":"","header-above-stick-meta":"","header-main-stick-meta":"","header-below-stick-meta":"","astra-migrate-meta-layouts":"set","footnotes":""},"categories":[38],"tags":[90],"yoast_head":"<!-- This site is optimized with the Yoast SEO plugin v21.4 - https:\/\/yoast.com\/wordpress\/plugins\/seo\/ -->\n<title>Quinta-feira (10) come\u00e7a com nebulosidade no litoral sul mas a presen\u00e7a do sol predomina no decorrer do dia -<\/title>\n<meta name=\"description\" content=\"No Litoral e \u00e1reas pr\u00f3ximas o dia come\u00e7a com maior nebulosidade com presen\u00e7a de nevoeiros e com chance de chuviscos\" \/>\n<meta name=\"robots\" content=\"index, follow, max-snippet:-1, max-image-preview:large, max-video-preview:-1\" \/>\n<link rel=\"canonical\" href=\"https:\/\/sulsc.com\/index.php\/2025\/07\/10\/quinta-feira-10-comeca-com-nebulosidade-no-litoral-sul-mas-a-presenca-do-sol-predomina-no-decorrer-do-dia\/\" \/>\n<meta property=\"og:locale\" content=\"en_US\" \/>\n<meta property=\"og:type\" content=\"article\" \/>\n<meta property=\"og:title\" content=\"Quinta-feira (10) come\u00e7a com nebulosidade no litoral sul mas a presen\u00e7a do sol predomina no decorrer do dia -\" \/>\n<meta property=\"og:description\" content=\"No Litoral e \u00e1reas pr\u00f3ximas o dia come\u00e7a com maior nebulosidade com presen\u00e7a de nevoeiros e com chance de chuviscos\" \/>\n<meta property=\"og:url\" content=\"https:\/\/sulsc.com\/index.php\/2025\/07\/10\/quinta-feira-10-comeca-com-nebulosidade-no-litoral-sul-mas-a-presenca-do-sol-predomina-no-decorrer-do-dia\/\" \/>\n<meta property=\"article:author\" content=\"https:\/\/www.facebook.com\/profile.php?id=61559278119680\" \/>\n<meta property=\"article:published_time\" content=\"2025-07-10T10:14:14+00:00\" \/>\n<meta property=\"og:image\" content=\"http:\/\/sulsc.com\/wp-content\/uploads\/2024\/01\/tempo-instavel-2-scaled.jpg\" \/>\n\t<meta property=\"og:image:width\" content=\"2560\" \/>\n\t<meta property=\"og:image:height\" content=\"1575\" \/>\n\t<meta property=\"og:image:type\" content=\"image\/jpeg\" \/>\n<meta name=\"author\" content=\"Reda\u00e7\u00e3o Sul SC\" \/>\n<meta name=\"twitter:card\" content=\"summary_large_image\" \/>\n<meta name=\"twitter:creator\" content=\"@https:\/\/twitter.com\/PortalSulSC\" \/>\n<meta name=\"twitter:label1\" content=\"Written by\" \/>\n\t<meta name=\"twitter:data1\" content=\"Reda\u00e7\u00e3o Sul SC\" \/>\n\t<meta name=\"twitter:label2\" content=\"Est. reading time\" \/>\n\t<meta name=\"twitter:data2\" content=\"2 minutes\" \/>\n<script type=\"application\/ld+json\" class=\"yoast-schema-graph\">{\"@context\":\"https:\/\/schema.org\",\"@graph\":[{\"@type\":\"WebPage\",\"@id\":\"https:\/\/sulsc.com\/index.php\/2025\/07\/10\/quinta-feira-10-comeca-com-nebulosidade-no-litoral-sul-mas-a-presenca-do-sol-predomina-no-decorrer-do-dia\/\",\"url\":\"https:\/\/sulsc.com\/index.php\/2025\/07\/10\/quinta-feira-10-comeca-com-nebulosidade-no-litoral-sul-mas-a-presenca-do-sol-predomina-no-decorrer-do-dia\/\",\"name\":\"Quinta-feira (10) come\u00e7a com nebulosidade no litoral sul mas a presen\u00e7a do sol predomina no decorrer do dia -\",\"isPartOf\":{\"@id\":\"https:\/\/sulsc.com\/#website\"},\"datePublished\":\"2025-07-10T10:14:14+00:00\",\"dateModified\":\"2025-07-10T10:14:14+00:00\",\"author\":{\"@id\":\"https:\/\/sulsc.com\/#\/schema\/person\/84d2fc571684f6248ba83092f07750a3\"},\"description\":\"No Litoral e \u00e1reas pr\u00f3ximas o dia come\u00e7a com maior nebulosidade com presen\u00e7a de nevoeiros e com chance de chuviscos\",\"breadcrumb\":{\"@id\":\"https:\/\/sulsc.com\/index.php\/2025\/07\/10\/quinta-feira-10-comeca-com-nebulosidade-no-litoral-sul-mas-a-presenca-do-sol-predomina-no-decorrer-do-dia\/#breadcrumb\"},\"inLanguage\":\"en-US\",\"potentialAction\":[{\"@type\":\"ReadAction\",\"target\":[\"https:\/\/sulsc.com\/index.php\/2025\/07\/10\/quinta-feira-10-comeca-com-nebulosidade-no-litoral-sul-mas-a-presenca-do-sol-predomina-no-decorrer-do-dia\/\"]}]},{\"@type\":\"BreadcrumbList\",\"@id\":\"https:\/\/sulsc.com\/index.php\/2025\/07\/10\/quinta-feira-10-comeca-com-nebulosidade-no-litoral-sul-mas-a-presenca-do-sol-predomina-no-decorrer-do-dia\/#breadcrumb\",\"itemListElement\":[{\"@type\":\"ListItem\",\"position\":1,\"name\":\"In\u00edcio\",\"item\":\"https:\/\/sulsc.com\/\"},{\"@type\":\"ListItem\",\"position\":2,\"name\":\"Quinta-feira (10) come\u00e7a com nebulosidade no litoral sul mas a presen\u00e7a do sol predomina no decorrer do dia\"}]},{\"@type\":\"WebSite\",\"@id\":\"https:\/\/sulsc.com\/#website\",\"url\":\"https:\/\/sulsc.com\/\",\"name\":\"\",\"description\":\"\",\"potentialAction\":[{\"@type\":\"SearchAction\",\"target\":{\"@type\":\"EntryPoint\",\"urlTemplate\":\"https:\/\/sulsc.com\/?s={search_term_string}\"},\"query-input\":\"required name=search_term_string\"}],\"inLanguage\":\"en-US\"},{\"@type\":\"Person\",\"@id\":\"https:\/\/sulsc.com\/#\/schema\/person\/84d2fc571684f6248ba83092f07750a3\",\"name\":\"Reda\u00e7\u00e3o Sul SC\",\"image\":{\"@type\":\"ImageObject\",\"inLanguage\":\"en-US\",\"@id\":\"https:\/\/sulsc.com\/#\/schema\/person\/image\/e08d7fe2cc4ed596372063bbe852b8d0\",\"url\":\"https:\/\/sulsc.com\/wp-content\/uploads\/2023\/09\/redacao.png\",\"contentUrl\":\"https:\/\/sulsc.com\/wp-content\/uploads\/2023\/09\/redacao.png\",\"caption\":\"Reda\u00e7\u00e3o Sul SC\"},\"description\":\"Foco em um jornalismo imparcial, voltado \u00e0 qualidade dos seus conte\u00fados e, assim, levar informa\u00e7\u00e3o de valor que agregue \u00e0 vida dos leitores. Esta \u00e9 grande miss\u00e3o do Portal de Not\u00edcias Sul SC. N\u00e3o \u00e9 quantidade que muda o mundo, sempre foi e seguir\u00e1 sendo qualidade!\",\"sameAs\":[\"https:\/\/sulsc.com\/\",\"https:\/\/www.facebook.com\/profile.php?id=61559278119680\",\"https:\/\/www.instagram.com\/sulscportal\/?hl=pt-br\",\"https:\/\/twitter.com\/https:\/\/twitter.com\/PortalSulSC\",\"https:\/\/www.youtube.com\/channel\/UCv_BE8GeySluDov2n8qhVmw\"],\"url\":\"https:\/\/sulsc.com\/index.php\/author\/redacao\/\"}]}<\/script>\n<!-- \/ Yoast SEO plugin. -->","yoast_head_json":{"title":"Quinta-feira (10) come\u00e7a com nebulosidade no litoral sul mas a presen\u00e7a do sol predomina no decorrer do dia -","description":"No Litoral e \u00e1reas pr\u00f3ximas o dia come\u00e7a com maior nebulosidade com presen\u00e7a de nevoeiros e com chance de chuviscos","robots":{"index":"index","follow":"follow","max-snippet":"max-snippet:-1","max-image-preview":"max-image-preview:large","max-video-preview":"max-video-preview:-1"},"canonical":"https:\/\/sulsc.com\/index.php\/2025\/07\/10\/quinta-feira-10-comeca-com-nebulosidade-no-litoral-sul-mas-a-presenca-do-sol-predomina-no-decorrer-do-dia\/","og_locale":"en_US","og_type":"article","og_title":"Quinta-feira (10) come\u00e7a com nebulosidade no litoral sul mas a presen\u00e7a do sol predomina no decorrer do dia -","og_description":"No Litoral e \u00e1reas pr\u00f3ximas o dia come\u00e7a com maior nebulosidade com presen\u00e7a de nevoeiros e com chance de chuviscos","og_url":"https:\/\/sulsc.com\/index.php\/2025\/07\/10\/quinta-feira-10-comeca-com-nebulosidade-no-litoral-sul-mas-a-presenca-do-sol-predomina-no-decorrer-do-dia\/","article_author":"https:\/\/www.facebook.com\/profile.php?id=61559278119680","article_published_time":"2025-07-10T10:14:14+00:00","og_image":[{"width":2560,"height":1575,"url":"http:\/\/sulsc.com\/wp-content\/uploads\/2024\/01\/tempo-instavel-2-scaled.jpg","type":"image\/jpeg"}],"author":"Reda\u00e7\u00e3o Sul SC","twitter_card":"summary_large_image","twitter_creator":"@https:\/\/twitter.com\/PortalSulSC","twitter_misc":{"Written by":"Reda\u00e7\u00e3o Sul SC","Est. reading time":"2 minutes"},"schema":{"@context":"https:\/\/schema.org","@graph":[{"@type":"WebPage","@id":"https:\/\/sulsc.com\/index.php\/2025\/07\/10\/quinta-feira-10-comeca-com-nebulosidade-no-litoral-sul-mas-a-presenca-do-sol-predomina-no-decorrer-do-dia\/","url":"https:\/\/sulsc.com\/index.php\/2025\/07\/10\/quinta-feira-10-comeca-com-nebulosidade-no-litoral-sul-mas-a-presenca-do-sol-predomina-no-decorrer-do-dia\/","name":"Quinta-feira (10) come\u00e7a com nebulosidade no litoral sul mas a presen\u00e7a do sol predomina no decorrer do dia -","isPartOf":{"@id":"https:\/\/sulsc.com\/#website"},"datePublished":"2025-07-10T10:14:14+00:00","dateModified":"2025-07-10T10:14:14+00:00","author":{"@id":"https:\/\/sulsc.com\/#\/schema\/person\/84d2fc571684f6248ba83092f07750a3"},"description":"No Litoral e \u00e1reas pr\u00f3ximas o dia come\u00e7a com maior nebulosidade com presen\u00e7a de nevoeiros e com chance de chuviscos","breadcrumb":{"@id":"https:\/\/sulsc.com\/index.php\/2025\/07\/10\/quinta-feira-10-comeca-com-nebulosidade-no-litoral-sul-mas-a-presenca-do-sol-predomina-no-decorrer-do-dia\/#breadcrumb"},"inLanguage":"en-US","potentialAction":[{"@type":"ReadAction","target":["https:\/\/sulsc.com\/index.php\/2025\/07\/10\/quinta-feira-10-comeca-com-nebulosidade-no-litoral-sul-mas-a-presenca-do-sol-predomina-no-decorrer-do-dia\/"]}]},{"@type":"BreadcrumbList","@id":"https:\/\/sulsc.com\/index.php\/2025\/07\/10\/quinta-feira-10-comeca-com-nebulosidade-no-litoral-sul-mas-a-presenca-do-sol-predomina-no-decorrer-do-dia\/#breadcrumb","itemListElement":[{"@type":"ListItem","position":1,"name":"In\u00edcio","item":"https:\/\/sulsc.com\/"},{"@type":"ListItem","position":2,"name":"Quinta-feira (10) come\u00e7a com nebulosidade no litoral sul mas a presen\u00e7a do sol predomina no decorrer do dia"}]},{"@type":"WebSite","@id":"https:\/\/sulsc.com\/#website","url":"https:\/\/sulsc.com\/","name":"","description":"","potentialAction":[{"@type":"SearchAction","target":{"@type":"EntryPoint","urlTemplate":"https:\/\/sulsc.com\/?s={search_term_string}"},"query-input":"required name=search_term_string"}],"inLanguage":"en-US"},{"@type":"Person","@id":"https:\/\/sulsc.com\/#\/schema\/person\/84d2fc571684f6248ba83092f07750a3","name":"Reda\u00e7\u00e3o Sul SC","image":{"@type":"ImageObject","inLanguage":"en-US","@id":"https:\/\/sulsc.com\/#\/schema\/person\/image\/e08d7fe2cc4ed596372063bbe852b8d0","url":"https:\/\/sulsc.com\/wp-content\/uploads\/2023\/09\/redacao.png","contentUrl":"https:\/\/sulsc.com\/wp-content\/uploads\/2023\/09\/redacao.png","caption":"Reda\u00e7\u00e3o Sul SC"},"description":"Foco em um jornalismo imparcial, voltado \u00e0 qualidade dos seus conte\u00fados e, assim, levar informa\u00e7\u00e3o de valor que agregue \u00e0 vida dos leitores. Esta \u00e9 grande miss\u00e3o do Portal de Not\u00edcias Sul SC. N\u00e3o \u00e9 quantidade que muda o mundo, sempre foi e seguir\u00e1 sendo qualidade!","sameAs":["https:\/\/sulsc.com\/","https:\/\/www.facebook.com\/profile.php?id=61559278119680","https:\/\/www.instagram.com\/sulscportal\/?hl=pt-br","https:\/\/twitter.com\/https:\/\/twitter.com\/PortalSulSC","https:\/\/www.youtube.com\/channel\/UCv_BE8GeySluDov2n8qhVmw"],"url":"https:\/\/sulsc.com\/index.php\/author\/redacao\/"}]}},"authors":[],"_links":{"self":[{"href":"https:\/\/sulsc.com\/index.php\/wp-json\/wp\/v2\/posts\/25280"}],"collection":[{"href":"https:\/\/sulsc.com\/index.php\/wp-json\/wp\/v2\/posts"}],"about":[{"href":"https:\/\/sulsc.com\/index.php\/wp-json\/wp\/v2\/types\/post"}],"author":[{"embeddable":true,"href":"https:\/\/sulsc.com\/index.php\/wp-json\/wp\/v2\/users\/3"}],"replies":[{"embeddable":true,"href":"https:\/\/sulsc.com\/index.php\/wp-json\/wp\/v2\/comments?post=25280"}],"version-history":[{"count":1,"href":"https:\/\/sulsc.com\/index.php\/wp-json\/wp\/v2\/posts\/25280\/revisions"}],"predecessor-version":[{"id":25282,"href":"https:\/\/sulsc.com\/index.php\/wp-json\/wp\/v2\/posts\/25280\/revisions\/25282"}],"wp:featuredmedia":[{"embeddable":true,"href":"https:\/\/sulsc.com\/index.php\/wp-json\/wp\/v2\/media\/6572"}],"wp:attachment":[{"href":"https:\/\/sulsc.com\/index.php\/wp-json\/wp\/v2\/media?parent=25280"}],"wp:term":[{"taxonomy":"category","embeddable":true,"href":"https:\/\/sulsc.com\/index.php\/wp-json\/wp\/v2\/categories?post=25280"},{"taxonomy":"post_tag","embeddable":true,"href":"https:\/\/sulsc.com\/index.php\/wp-json\/wp\/v2\/tags?post=25280"}],"curies":[{"name":"wp","href":"https:\/\/api.w.org\/{rel}","templated":true}]}}