{"id":25306,"date":"2025-07-11T08:19:58","date_gmt":"2025-07-11T11:19:58","guid":{"rendered":"https:\/\/sulsc.com\/?p=25306"},"modified":"2025-07-11T08:19:58","modified_gmt":"2025-07-11T11:19:58","slug":"sexta-feira-11-com-nuvens-pela-manha-e-predominio-de-sol-durante-o-dia","status":"publish","type":"post","link":"https:\/\/sulsc.com\/index.php\/2025\/07\/11\/sexta-feira-11-com-nuvens-pela-manha-e-predominio-de-sol-durante-o-dia\/","title":{"rendered":"Sexta-feira (11) com nuvens pela manh\u00e3 e predom\u00ednio de sol durante o dia"},"content":{"rendered":"<p>Sexta-feira (11) de tempo firme e com predom\u00ednio de sol em toda SC, por influ\u00eancia de um sistema de alta press\u00e3o. Ainda assim, o dia come\u00e7a com mais nuvens e nevoeiros desde os planaltos at\u00e9 o Litoral e sobre os rios nas demais regi\u00f5es. N\u00e3o h\u00e1 risco para ocorr\u00eancias meteorol\u00f3gicas.<\/p>\n<p><img fetchpriority=\"high\" decoding=\"async\" class=\"aligncenter size-full wp-image-25307\" src=\"http:\/\/sulsc.com\/wp-content\/uploads\/2025\/07\/a6.png\" alt=\"\" width=\"735\" height=\"501\" srcset=\"https:\/\/sulsc.com\/wp-content\/uploads\/2025\/07\/a6.png 735w, https:\/\/sulsc.com\/wp-content\/uploads\/2025\/07\/a6-300x204.png 300w\" sizes=\"(max-width: 735px) 100vw, 735px\" \/><\/p>\n<p><img decoding=\"async\" class=\"aligncenter  wp-image-22836\" src=\"http:\/\/sulsc.com\/wp-content\/uploads\/2025\/04\/Tempo-2.png\" alt=\"\" width=\"681\" height=\"126\" srcset=\"https:\/\/sulsc.com\/wp-content\/uploads\/2025\/04\/Tempo-2.png 1024w, https:\/\/sulsc.com\/wp-content\/uploads\/2025\/04\/Tempo-2-300x55.png 300w, https:\/\/sulsc.com\/wp-content\/uploads\/2025\/04\/Tempo-2-768x142.png 768w\" sizes=\"(max-width: 681px) 100vw, 681px\" \/><\/p>\n<p><strong>Temperaturas<\/strong><\/p>\n<p>As temperaturas se elevam um pouco mais e as m\u00e1ximas superam os 20\u00b0C no Litoral e no Grande Oeste e variam de 16 a 20\u00b0C nas demais regi\u00f5es.<\/p>\n<p><strong>Vento:<\/strong> nordeste, fraco a moderado.<\/p>\n<p><strong>Sistema predominante:<\/strong> alta press\u00e3o (massa de ar seco e frio) no litoral Sul do Brasil.<\/p>\n<p>Dia neste s\u00e1bado(12), ser\u00e1 de tempo est\u00e1vel com presen\u00e7a de sol em SC. Por\u00e9m, o Litoral e \u00e1reas pr\u00f3ximas come\u00e7am e terminam o dia com maior presen\u00e7a de nuvens e nevoeiros e com chance de chuva fraca e isolada. E m\u00e1ximas que oscilam entre de 20\u00b0C a 24\u00b0C .<\/p>\n<p>Fonte: Defesa Civil SC\/Epagri-Ciram<\/p>\n<p><strong>Sua empresa aqui\u00a0<\/strong><\/p>\n<p><img decoding=\"async\" class=\"aligncenter  wp-image-25254\" src=\"http:\/\/sulsc.com\/wp-content\/uploads\/2025\/07\/Mar.jpg\" alt=\"\" width=\"500\" height=\"617\" srcset=\"https:\/\/sulsc.com\/wp-content\/uploads\/2025\/07\/Mar.jpg 1077w, https:\/\/sulsc.com\/wp-content\/uploads\/2025\/07\/Mar-243x300.jpg 243w, https:\/\/sulsc.com\/wp-content\/uploads\/2025\/07\/Mar-829x1024.jpg 829w, https:\/\/sulsc.com\/wp-content\/uploads\/2025\/07\/Mar-768x948.jpg 768w\" sizes=\"(max-width: 500px) 100vw, 500px\" \/><\/p>\n","protected":false},"excerpt":{"rendered":"<p>Sexta-feira (11) de tempo firme e com predom\u00ednio de sol em toda SC, por influ\u00eancia de um sistema de alta press\u00e3o. Ainda assim, o dia come\u00e7a com mais nuvens e nevoeiros desde os planaltos at\u00e9 o Litoral e sobre os rios nas demais regi\u00f5es. N\u00e3o h\u00e1 risco para ocorr\u00eancias meteorol\u00f3gicas. Temperaturas As temperaturas se elevam &hellip;<\/p>\n<p class=\"read-more\"> <a class=\"\" href=\"https:\/\/sulsc.com\/index.php\/2025\/07\/11\/sexta-feira-11-com-nuvens-pela-manha-e-predominio-de-sol-durante-o-dia\/\"> <span class=\"screen-reader-text\">Sexta-feira (11) com nuvens pela manh\u00e3 e predom\u00ednio de sol durante o dia<\/span> Read More &raquo;<\/a><\/p>\n","protected":false},"author":3,"featured_media":16995,"comment_status":"open","ping_status":"open","sticky":false,"template":"","format":"standard","meta":{"site-sidebar-layout":"default","site-content-layout":"","ast-site-content-layout":"default","site-content-style":"default","site-sidebar-style":"default","ast-global-header-display":"","ast-banner-title-visibility":"","ast-main-header-display":"","ast-hfb-above-header-display":"","ast-hfb-below-header-display":"","ast-hfb-mobile-header-display":"","site-post-title":"","ast-breadcrumbs-content":"","ast-featured-img":"","footer-sml-layout":"","theme-transparent-header-meta":"default","adv-header-id-meta":"","stick-header-meta":"","header-above-stick-meta":"","header-main-stick-meta":"","header-below-stick-meta":"","astra-migrate-meta-layouts":"set","footnotes":""},"categories":[38],"tags":[90],"yoast_head":"<!-- This site is optimized with the Yoast SEO plugin v21.4 - https:\/\/yoast.com\/wordpress\/plugins\/seo\/ -->\n<title>Sexta-feira (11) com nuvens pela manh\u00e3 e predom\u00ednio de sol durante o dia -<\/title>\n<meta name=\"description\" content=\"O dia come\u00e7a com mais nuvens e nevoeiros desde os planaltos at\u00e9 o Litoral e sobre os rios nas demais regi\u00f5es\" \/>\n<meta name=\"robots\" content=\"index, follow, max-snippet:-1, max-image-preview:large, max-video-preview:-1\" \/>\n<link rel=\"canonical\" href=\"https:\/\/sulsc.com\/index.php\/2025\/07\/11\/sexta-feira-11-com-nuvens-pela-manha-e-predominio-de-sol-durante-o-dia\/\" \/>\n<meta property=\"og:locale\" content=\"en_US\" \/>\n<meta property=\"og:type\" content=\"article\" \/>\n<meta property=\"og:title\" content=\"Sexta-feira (11) com nuvens pela manh\u00e3 e predom\u00ednio de sol durante o dia -\" \/>\n<meta property=\"og:description\" content=\"O dia come\u00e7a com mais nuvens e nevoeiros desde os planaltos at\u00e9 o Litoral e sobre os rios nas demais regi\u00f5es\" \/>\n<meta property=\"og:url\" content=\"https:\/\/sulsc.com\/index.php\/2025\/07\/11\/sexta-feira-11-com-nuvens-pela-manha-e-predominio-de-sol-durante-o-dia\/\" \/>\n<meta property=\"article:author\" content=\"https:\/\/www.facebook.com\/profile.php?id=61559278119680\" \/>\n<meta property=\"article:published_time\" content=\"2025-07-11T11:19:58+00:00\" \/>\n<meta property=\"og:image\" content=\"http:\/\/sulsc.com\/wp-content\/uploads\/2024\/11\/Tempo-1.jpg\" \/>\n\t<meta property=\"og:image:width\" content=\"900\" \/>\n\t<meta property=\"og:image:height\" content=\"1600\" \/>\n\t<meta property=\"og:image:type\" content=\"image\/jpeg\" \/>\n<meta name=\"author\" content=\"Reda\u00e7\u00e3o Sul SC\" \/>\n<meta name=\"twitter:card\" content=\"summary_large_image\" \/>\n<meta name=\"twitter:creator\" content=\"@https:\/\/twitter.com\/PortalSulSC\" \/>\n<meta name=\"twitter:label1\" content=\"Written by\" \/>\n\t<meta name=\"twitter:data1\" content=\"Reda\u00e7\u00e3o Sul SC\" \/>\n\t<meta name=\"twitter:label2\" content=\"Est. reading time\" \/>\n\t<meta name=\"twitter:data2\" content=\"2 minutes\" \/>\n<script type=\"application\/ld+json\" class=\"yoast-schema-graph\">{\"@context\":\"https:\/\/schema.org\",\"@graph\":[{\"@type\":\"WebPage\",\"@id\":\"https:\/\/sulsc.com\/index.php\/2025\/07\/11\/sexta-feira-11-com-nuvens-pela-manha-e-predominio-de-sol-durante-o-dia\/\",\"url\":\"https:\/\/sulsc.com\/index.php\/2025\/07\/11\/sexta-feira-11-com-nuvens-pela-manha-e-predominio-de-sol-durante-o-dia\/\",\"name\":\"Sexta-feira (11) com nuvens pela manh\u00e3 e predom\u00ednio de sol durante o dia -\",\"isPartOf\":{\"@id\":\"https:\/\/sulsc.com\/#website\"},\"datePublished\":\"2025-07-11T11:19:58+00:00\",\"dateModified\":\"2025-07-11T11:19:58+00:00\",\"author\":{\"@id\":\"https:\/\/sulsc.com\/#\/schema\/person\/84d2fc571684f6248ba83092f07750a3\"},\"description\":\"O dia come\u00e7a com mais nuvens e nevoeiros desde os planaltos at\u00e9 o Litoral e sobre os rios nas demais regi\u00f5es\",\"breadcrumb\":{\"@id\":\"https:\/\/sulsc.com\/index.php\/2025\/07\/11\/sexta-feira-11-com-nuvens-pela-manha-e-predominio-de-sol-durante-o-dia\/#breadcrumb\"},\"inLanguage\":\"en-US\",\"potentialAction\":[{\"@type\":\"ReadAction\",\"target\":[\"https:\/\/sulsc.com\/index.php\/2025\/07\/11\/sexta-feira-11-com-nuvens-pela-manha-e-predominio-de-sol-durante-o-dia\/\"]}]},{\"@type\":\"BreadcrumbList\",\"@id\":\"https:\/\/sulsc.com\/index.php\/2025\/07\/11\/sexta-feira-11-com-nuvens-pela-manha-e-predominio-de-sol-durante-o-dia\/#breadcrumb\",\"itemListElement\":[{\"@type\":\"ListItem\",\"position\":1,\"name\":\"In\u00edcio\",\"item\":\"https:\/\/sulsc.com\/\"},{\"@type\":\"ListItem\",\"position\":2,\"name\":\"Sexta-feira (11) com nuvens pela manh\u00e3 e predom\u00ednio de sol durante o dia\"}]},{\"@type\":\"WebSite\",\"@id\":\"https:\/\/sulsc.com\/#website\",\"url\":\"https:\/\/sulsc.com\/\",\"name\":\"\",\"description\":\"\",\"potentialAction\":[{\"@type\":\"SearchAction\",\"target\":{\"@type\":\"EntryPoint\",\"urlTemplate\":\"https:\/\/sulsc.com\/?s={search_term_string}\"},\"query-input\":\"required name=search_term_string\"}],\"inLanguage\":\"en-US\"},{\"@type\":\"Person\",\"@id\":\"https:\/\/sulsc.com\/#\/schema\/person\/84d2fc571684f6248ba83092f07750a3\",\"name\":\"Reda\u00e7\u00e3o Sul SC\",\"image\":{\"@type\":\"ImageObject\",\"inLanguage\":\"en-US\",\"@id\":\"https:\/\/sulsc.com\/#\/schema\/person\/image\/e08d7fe2cc4ed596372063bbe852b8d0\",\"url\":\"https:\/\/sulsc.com\/wp-content\/uploads\/2023\/09\/redacao.png\",\"contentUrl\":\"https:\/\/sulsc.com\/wp-content\/uploads\/2023\/09\/redacao.png\",\"caption\":\"Reda\u00e7\u00e3o Sul SC\"},\"description\":\"Foco em um jornalismo imparcial, voltado \u00e0 qualidade dos seus conte\u00fados e, assim, levar informa\u00e7\u00e3o de valor que agregue \u00e0 vida dos leitores. Esta \u00e9 grande miss\u00e3o do Portal de Not\u00edcias Sul SC. N\u00e3o \u00e9 quantidade que muda o mundo, sempre foi e seguir\u00e1 sendo qualidade!\",\"sameAs\":[\"https:\/\/sulsc.com\/\",\"https:\/\/www.facebook.com\/profile.php?id=61559278119680\",\"https:\/\/www.instagram.com\/sulscportal\/?hl=pt-br\",\"https:\/\/twitter.com\/https:\/\/twitter.com\/PortalSulSC\",\"https:\/\/www.youtube.com\/channel\/UCv_BE8GeySluDov2n8qhVmw\"],\"url\":\"https:\/\/sulsc.com\/index.php\/author\/redacao\/\"}]}<\/script>\n<!-- \/ Yoast SEO plugin. -->","yoast_head_json":{"title":"Sexta-feira (11) com nuvens pela manh\u00e3 e predom\u00ednio de sol durante o dia -","description":"O dia come\u00e7a com mais nuvens e nevoeiros desde os planaltos at\u00e9 o Litoral e sobre os rios nas demais regi\u00f5es","robots":{"index":"index","follow":"follow","max-snippet":"max-snippet:-1","max-image-preview":"max-image-preview:large","max-video-preview":"max-video-preview:-1"},"canonical":"https:\/\/sulsc.com\/index.php\/2025\/07\/11\/sexta-feira-11-com-nuvens-pela-manha-e-predominio-de-sol-durante-o-dia\/","og_locale":"en_US","og_type":"article","og_title":"Sexta-feira (11) com nuvens pela manh\u00e3 e predom\u00ednio de sol durante o dia -","og_description":"O dia come\u00e7a com mais nuvens e nevoeiros desde os planaltos at\u00e9 o Litoral e sobre os rios nas demais regi\u00f5es","og_url":"https:\/\/sulsc.com\/index.php\/2025\/07\/11\/sexta-feira-11-com-nuvens-pela-manha-e-predominio-de-sol-durante-o-dia\/","article_author":"https:\/\/www.facebook.com\/profile.php?id=61559278119680","article_published_time":"2025-07-11T11:19:58+00:00","og_image":[{"width":900,"height":1600,"url":"http:\/\/sulsc.com\/wp-content\/uploads\/2024\/11\/Tempo-1.jpg","type":"image\/jpeg"}],"author":"Reda\u00e7\u00e3o Sul SC","twitter_card":"summary_large_image","twitter_creator":"@https:\/\/twitter.com\/PortalSulSC","twitter_misc":{"Written by":"Reda\u00e7\u00e3o Sul SC","Est. reading time":"2 minutes"},"schema":{"@context":"https:\/\/schema.org","@graph":[{"@type":"WebPage","@id":"https:\/\/sulsc.com\/index.php\/2025\/07\/11\/sexta-feira-11-com-nuvens-pela-manha-e-predominio-de-sol-durante-o-dia\/","url":"https:\/\/sulsc.com\/index.php\/2025\/07\/11\/sexta-feira-11-com-nuvens-pela-manha-e-predominio-de-sol-durante-o-dia\/","name":"Sexta-feira (11) com nuvens pela manh\u00e3 e predom\u00ednio de sol durante o dia -","isPartOf":{"@id":"https:\/\/sulsc.com\/#website"},"datePublished":"2025-07-11T11:19:58+00:00","dateModified":"2025-07-11T11:19:58+00:00","author":{"@id":"https:\/\/sulsc.com\/#\/schema\/person\/84d2fc571684f6248ba83092f07750a3"},"description":"O dia come\u00e7a com mais nuvens e nevoeiros desde os planaltos at\u00e9 o Litoral e sobre os rios nas demais regi\u00f5es","breadcrumb":{"@id":"https:\/\/sulsc.com\/index.php\/2025\/07\/11\/sexta-feira-11-com-nuvens-pela-manha-e-predominio-de-sol-durante-o-dia\/#breadcrumb"},"inLanguage":"en-US","potentialAction":[{"@type":"ReadAction","target":["https:\/\/sulsc.com\/index.php\/2025\/07\/11\/sexta-feira-11-com-nuvens-pela-manha-e-predominio-de-sol-durante-o-dia\/"]}]},{"@type":"BreadcrumbList","@id":"https:\/\/sulsc.com\/index.php\/2025\/07\/11\/sexta-feira-11-com-nuvens-pela-manha-e-predominio-de-sol-durante-o-dia\/#breadcrumb","itemListElement":[{"@type":"ListItem","position":1,"name":"In\u00edcio","item":"https:\/\/sulsc.com\/"},{"@type":"ListItem","position":2,"name":"Sexta-feira (11) com nuvens pela manh\u00e3 e predom\u00ednio de sol durante o dia"}]},{"@type":"WebSite","@id":"https:\/\/sulsc.com\/#website","url":"https:\/\/sulsc.com\/","name":"","description":"","potentialAction":[{"@type":"SearchAction","target":{"@type":"EntryPoint","urlTemplate":"https:\/\/sulsc.com\/?s={search_term_string}"},"query-input":"required name=search_term_string"}],"inLanguage":"en-US"},{"@type":"Person","@id":"https:\/\/sulsc.com\/#\/schema\/person\/84d2fc571684f6248ba83092f07750a3","name":"Reda\u00e7\u00e3o Sul SC","image":{"@type":"ImageObject","inLanguage":"en-US","@id":"https:\/\/sulsc.com\/#\/schema\/person\/image\/e08d7fe2cc4ed596372063bbe852b8d0","url":"https:\/\/sulsc.com\/wp-content\/uploads\/2023\/09\/redacao.png","contentUrl":"https:\/\/sulsc.com\/wp-content\/uploads\/2023\/09\/redacao.png","caption":"Reda\u00e7\u00e3o Sul SC"},"description":"Foco em um jornalismo imparcial, voltado \u00e0 qualidade dos seus conte\u00fados e, assim, levar informa\u00e7\u00e3o de valor que agregue \u00e0 vida dos leitores. Esta \u00e9 grande miss\u00e3o do Portal de Not\u00edcias Sul SC. N\u00e3o \u00e9 quantidade que muda o mundo, sempre foi e seguir\u00e1 sendo qualidade!","sameAs":["https:\/\/sulsc.com\/","https:\/\/www.facebook.com\/profile.php?id=61559278119680","https:\/\/www.instagram.com\/sulscportal\/?hl=pt-br","https:\/\/twitter.com\/https:\/\/twitter.com\/PortalSulSC","https:\/\/www.youtube.com\/channel\/UCv_BE8GeySluDov2n8qhVmw"],"url":"https:\/\/sulsc.com\/index.php\/author\/redacao\/"}]}},"authors":[],"_links":{"self":[{"href":"https:\/\/sulsc.com\/index.php\/wp-json\/wp\/v2\/posts\/25306"}],"collection":[{"href":"https:\/\/sulsc.com\/index.php\/wp-json\/wp\/v2\/posts"}],"about":[{"href":"https:\/\/sulsc.com\/index.php\/wp-json\/wp\/v2\/types\/post"}],"author":[{"embeddable":true,"href":"https:\/\/sulsc.com\/index.php\/wp-json\/wp\/v2\/users\/3"}],"replies":[{"embeddable":true,"href":"https:\/\/sulsc.com\/index.php\/wp-json\/wp\/v2\/comments?post=25306"}],"version-history":[{"count":1,"href":"https:\/\/sulsc.com\/index.php\/wp-json\/wp\/v2\/posts\/25306\/revisions"}],"predecessor-version":[{"id":25308,"href":"https:\/\/sulsc.com\/index.php\/wp-json\/wp\/v2\/posts\/25306\/revisions\/25308"}],"wp:featuredmedia":[{"embeddable":true,"href":"https:\/\/sulsc.com\/index.php\/wp-json\/wp\/v2\/media\/16995"}],"wp:attachment":[{"href":"https:\/\/sulsc.com\/index.php\/wp-json\/wp\/v2\/media?parent=25306"}],"wp:term":[{"taxonomy":"category","embeddable":true,"href":"https:\/\/sulsc.com\/index.php\/wp-json\/wp\/v2\/categories?post=25306"},{"taxonomy":"post_tag","embeddable":true,"href":"https:\/\/sulsc.com\/index.php\/wp-json\/wp\/v2\/tags?post=25306"}],"curies":[{"name":"wp","href":"https:\/\/api.w.org\/{rel}","templated":true}]}}