{"id":25337,"date":"2025-07-14T06:46:43","date_gmt":"2025-07-14T09:46:43","guid":{"rendered":"https:\/\/sulsc.com\/?p=25337"},"modified":"2025-07-14T06:46:43","modified_gmt":"2025-07-14T09:46:43","slug":"segunda-feira-14-dia-de-sol-com-maximas-de-23oc-e-baixa-condicao-de-chuva","status":"publish","type":"post","link":"https:\/\/sulsc.com\/index.php\/2025\/07\/14\/segunda-feira-14-dia-de-sol-com-maximas-de-23oc-e-baixa-condicao-de-chuva\/","title":{"rendered":"Segunda-feira (14) dia de sol com m\u00e1ximas de 23\u00baC e baixa condi\u00e7\u00e3o de chuva"},"content":{"rendered":"<p>A a segunda-feira (14) ter\u00e1 o dia exatamente como os dia anteriores, o tempo fica firme e com sol na maior parte do dia em grande parte de Santa Catarina. No decorrer do dia, entre o Litoral Sul, Grande Florian\u00f3polis e Planalto Sul, h\u00e1 condi\u00e7\u00f5es para pancadas de chuva bastante isoladas, afetando poucos munic\u00edpios.<\/p>\n<p><img fetchpriority=\"high\" decoding=\"async\" class=\"aligncenter size-full wp-image-25340\" src=\"http:\/\/sulsc.com\/wp-content\/uploads\/2025\/07\/a-7.png\" alt=\"\" width=\"1636\" height=\"1120\" srcset=\"https:\/\/sulsc.com\/wp-content\/uploads\/2025\/07\/a-7.png 1636w, https:\/\/sulsc.com\/wp-content\/uploads\/2025\/07\/a-7-300x205.png 300w, https:\/\/sulsc.com\/wp-content\/uploads\/2025\/07\/a-7-1024x701.png 1024w, https:\/\/sulsc.com\/wp-content\/uploads\/2025\/07\/a-7-768x526.png 768w, https:\/\/sulsc.com\/wp-content\/uploads\/2025\/07\/a-7-1536x1052.png 1536w\" sizes=\"(max-width: 1636px) 100vw, 1636px\" \/><\/p>\n<p><img decoding=\"async\" class=\"aligncenter  wp-image-22836\" src=\"http:\/\/sulsc.com\/wp-content\/uploads\/2025\/04\/Tempo-2.png\" alt=\"\" width=\"710\" height=\"131\" srcset=\"https:\/\/sulsc.com\/wp-content\/uploads\/2025\/04\/Tempo-2.png 1024w, https:\/\/sulsc.com\/wp-content\/uploads\/2025\/04\/Tempo-2-300x55.png 300w, https:\/\/sulsc.com\/wp-content\/uploads\/2025\/04\/Tempo-2-768x142.png 768w\" sizes=\"(max-width: 710px) 100vw, 710px\" \/><\/p>\n<p>O risco \u00e9 baixo para alagamentos pontuais nas \u00e1reas a sul do estado.<\/p>\n<p><strong>Temperaturas<\/strong><\/p>\n<p>As m\u00e1ximas superam a casa dos 23\u00b0C em quase todo o estado catarinense no per\u00edodo da tarde, com exce\u00e7\u00e3o das \u00e1reas mais altas da serra.<\/p>\n<p><strong>Vento:<\/strong> nordeste a noroeste, fraco a moderado.<\/p>\n<p><strong>Sistema predominante:<\/strong> alta press\u00e3o no litoral Sul do Brasil.<\/p>\n<p>Fonte: Defesa Civil SC\/Epagri-Ciram<\/p>\n<p><img decoding=\"async\" class=\"aligncenter  wp-image-25254\" src=\"http:\/\/sulsc.com\/wp-content\/uploads\/2025\/07\/Mar.jpg\" alt=\"\" width=\"600\" height=\"741\" srcset=\"https:\/\/sulsc.com\/wp-content\/uploads\/2025\/07\/Mar.jpg 1077w, https:\/\/sulsc.com\/wp-content\/uploads\/2025\/07\/Mar-243x300.jpg 243w, https:\/\/sulsc.com\/wp-content\/uploads\/2025\/07\/Mar-829x1024.jpg 829w, https:\/\/sulsc.com\/wp-content\/uploads\/2025\/07\/Mar-768x948.jpg 768w\" sizes=\"(max-width: 600px) 100vw, 600px\" \/><\/p>\n","protected":false},"excerpt":{"rendered":"<p>A a segunda-feira (14) ter\u00e1 o dia exatamente como os dia anteriores, o tempo fica firme e com sol na maior parte do dia em grande parte de Santa Catarina. No decorrer do dia, entre o Litoral Sul, Grande Florian\u00f3polis e Planalto Sul, h\u00e1 condi\u00e7\u00f5es para pancadas de chuva bastante isoladas, afetando poucos munic\u00edpios. O &hellip;<\/p>\n<p class=\"read-more\"> <a class=\"\" href=\"https:\/\/sulsc.com\/index.php\/2025\/07\/14\/segunda-feira-14-dia-de-sol-com-maximas-de-23oc-e-baixa-condicao-de-chuva\/\"> <span class=\"screen-reader-text\">Segunda-feira (14) dia de sol com m\u00e1ximas de 23\u00baC e baixa condi\u00e7\u00e3o de chuva<\/span> Read More &raquo;<\/a><\/p>\n","protected":false},"author":3,"featured_media":18877,"comment_status":"open","ping_status":"open","sticky":false,"template":"","format":"standard","meta":{"site-sidebar-layout":"default","site-content-layout":"","ast-site-content-layout":"default","site-content-style":"default","site-sidebar-style":"default","ast-global-header-display":"","ast-banner-title-visibility":"","ast-main-header-display":"","ast-hfb-above-header-display":"","ast-hfb-below-header-display":"","ast-hfb-mobile-header-display":"","site-post-title":"","ast-breadcrumbs-content":"","ast-featured-img":"","footer-sml-layout":"","theme-transparent-header-meta":"default","adv-header-id-meta":"","stick-header-meta":"","header-above-stick-meta":"","header-main-stick-meta":"","header-below-stick-meta":"","astra-migrate-meta-layouts":"set","footnotes":""},"categories":[38],"tags":[90],"yoast_head":"<!-- This site is optimized with the Yoast SEO plugin v21.4 - https:\/\/yoast.com\/wordpress\/plugins\/seo\/ -->\n<title>Segunda-feira (14) dia de sol com m\u00e1ximas de 23\u00baC e baixa condi\u00e7\u00e3o de chuva -<\/title>\n<meta name=\"description\" content=\"O risco \u00e9 baixo para alagamentos pontuais nas \u00e1reas a sul do estado com vento de nordeste a noroeste fraco a moderado\" \/>\n<meta name=\"robots\" content=\"index, follow, max-snippet:-1, max-image-preview:large, max-video-preview:-1\" \/>\n<link rel=\"canonical\" href=\"https:\/\/sulsc.com\/index.php\/2025\/07\/14\/segunda-feira-14-dia-de-sol-com-maximas-de-23oc-e-baixa-condicao-de-chuva\/\" \/>\n<meta property=\"og:locale\" content=\"en_US\" \/>\n<meta property=\"og:type\" content=\"article\" \/>\n<meta property=\"og:title\" content=\"Segunda-feira (14) dia de sol com m\u00e1ximas de 23\u00baC e baixa condi\u00e7\u00e3o de chuva -\" \/>\n<meta property=\"og:description\" content=\"O risco \u00e9 baixo para alagamentos pontuais nas \u00e1reas a sul do estado com vento de nordeste a noroeste fraco a moderado\" \/>\n<meta property=\"og:url\" content=\"https:\/\/sulsc.com\/index.php\/2025\/07\/14\/segunda-feira-14-dia-de-sol-com-maximas-de-23oc-e-baixa-condicao-de-chuva\/\" \/>\n<meta property=\"article:author\" content=\"https:\/\/www.facebook.com\/profile.php?id=61559278119680\" \/>\n<meta property=\"article:published_time\" content=\"2025-07-14T09:46:43+00:00\" \/>\n<meta property=\"og:image\" content=\"http:\/\/sulsc.com\/wp-content\/uploads\/2025\/01\/tempo.jpg\" \/>\n\t<meta property=\"og:image:width\" content=\"1600\" \/>\n\t<meta property=\"og:image:height\" content=\"720\" \/>\n\t<meta property=\"og:image:type\" content=\"image\/jpeg\" \/>\n<meta name=\"author\" content=\"Reda\u00e7\u00e3o Sul SC\" \/>\n<meta name=\"twitter:card\" content=\"summary_large_image\" \/>\n<meta name=\"twitter:creator\" content=\"@https:\/\/twitter.com\/PortalSulSC\" \/>\n<meta name=\"twitter:label1\" content=\"Written by\" \/>\n\t<meta name=\"twitter:data1\" content=\"Reda\u00e7\u00e3o Sul SC\" \/>\n\t<meta name=\"twitter:label2\" content=\"Est. reading time\" \/>\n\t<meta name=\"twitter:data2\" content=\"2 minutes\" \/>\n<script type=\"application\/ld+json\" class=\"yoast-schema-graph\">{\"@context\":\"https:\/\/schema.org\",\"@graph\":[{\"@type\":\"WebPage\",\"@id\":\"https:\/\/sulsc.com\/index.php\/2025\/07\/14\/segunda-feira-14-dia-de-sol-com-maximas-de-23oc-e-baixa-condicao-de-chuva\/\",\"url\":\"https:\/\/sulsc.com\/index.php\/2025\/07\/14\/segunda-feira-14-dia-de-sol-com-maximas-de-23oc-e-baixa-condicao-de-chuva\/\",\"name\":\"Segunda-feira (14) dia de sol com m\u00e1ximas de 23\u00baC e baixa condi\u00e7\u00e3o de chuva -\",\"isPartOf\":{\"@id\":\"https:\/\/sulsc.com\/#website\"},\"datePublished\":\"2025-07-14T09:46:43+00:00\",\"dateModified\":\"2025-07-14T09:46:43+00:00\",\"author\":{\"@id\":\"https:\/\/sulsc.com\/#\/schema\/person\/84d2fc571684f6248ba83092f07750a3\"},\"description\":\"O risco \u00e9 baixo para alagamentos pontuais nas \u00e1reas a sul do estado com vento de nordeste a noroeste fraco a moderado\",\"breadcrumb\":{\"@id\":\"https:\/\/sulsc.com\/index.php\/2025\/07\/14\/segunda-feira-14-dia-de-sol-com-maximas-de-23oc-e-baixa-condicao-de-chuva\/#breadcrumb\"},\"inLanguage\":\"en-US\",\"potentialAction\":[{\"@type\":\"ReadAction\",\"target\":[\"https:\/\/sulsc.com\/index.php\/2025\/07\/14\/segunda-feira-14-dia-de-sol-com-maximas-de-23oc-e-baixa-condicao-de-chuva\/\"]}]},{\"@type\":\"BreadcrumbList\",\"@id\":\"https:\/\/sulsc.com\/index.php\/2025\/07\/14\/segunda-feira-14-dia-de-sol-com-maximas-de-23oc-e-baixa-condicao-de-chuva\/#breadcrumb\",\"itemListElement\":[{\"@type\":\"ListItem\",\"position\":1,\"name\":\"In\u00edcio\",\"item\":\"https:\/\/sulsc.com\/\"},{\"@type\":\"ListItem\",\"position\":2,\"name\":\"Segunda-feira (14) dia de sol com m\u00e1ximas de 23\u00baC e baixa condi\u00e7\u00e3o de chuva\"}]},{\"@type\":\"WebSite\",\"@id\":\"https:\/\/sulsc.com\/#website\",\"url\":\"https:\/\/sulsc.com\/\",\"name\":\"\",\"description\":\"\",\"potentialAction\":[{\"@type\":\"SearchAction\",\"target\":{\"@type\":\"EntryPoint\",\"urlTemplate\":\"https:\/\/sulsc.com\/?s={search_term_string}\"},\"query-input\":\"required name=search_term_string\"}],\"inLanguage\":\"en-US\"},{\"@type\":\"Person\",\"@id\":\"https:\/\/sulsc.com\/#\/schema\/person\/84d2fc571684f6248ba83092f07750a3\",\"name\":\"Reda\u00e7\u00e3o Sul SC\",\"image\":{\"@type\":\"ImageObject\",\"inLanguage\":\"en-US\",\"@id\":\"https:\/\/sulsc.com\/#\/schema\/person\/image\/e08d7fe2cc4ed596372063bbe852b8d0\",\"url\":\"https:\/\/sulsc.com\/wp-content\/uploads\/2023\/09\/redacao.png\",\"contentUrl\":\"https:\/\/sulsc.com\/wp-content\/uploads\/2023\/09\/redacao.png\",\"caption\":\"Reda\u00e7\u00e3o Sul SC\"},\"description\":\"Foco em um jornalismo imparcial, voltado \u00e0 qualidade dos seus conte\u00fados e, assim, levar informa\u00e7\u00e3o de valor que agregue \u00e0 vida dos leitores. Esta \u00e9 grande miss\u00e3o do Portal de Not\u00edcias Sul SC. N\u00e3o \u00e9 quantidade que muda o mundo, sempre foi e seguir\u00e1 sendo qualidade!\",\"sameAs\":[\"https:\/\/sulsc.com\/\",\"https:\/\/www.facebook.com\/profile.php?id=61559278119680\",\"https:\/\/www.instagram.com\/sulscportal\/?hl=pt-br\",\"https:\/\/twitter.com\/https:\/\/twitter.com\/PortalSulSC\",\"https:\/\/www.youtube.com\/channel\/UCv_BE8GeySluDov2n8qhVmw\"],\"url\":\"https:\/\/sulsc.com\/index.php\/author\/redacao\/\"}]}<\/script>\n<!-- \/ Yoast SEO plugin. -->","yoast_head_json":{"title":"Segunda-feira (14) dia de sol com m\u00e1ximas de 23\u00baC e baixa condi\u00e7\u00e3o de chuva -","description":"O risco \u00e9 baixo para alagamentos pontuais nas \u00e1reas a sul do estado com vento de nordeste a noroeste fraco a moderado","robots":{"index":"index","follow":"follow","max-snippet":"max-snippet:-1","max-image-preview":"max-image-preview:large","max-video-preview":"max-video-preview:-1"},"canonical":"https:\/\/sulsc.com\/index.php\/2025\/07\/14\/segunda-feira-14-dia-de-sol-com-maximas-de-23oc-e-baixa-condicao-de-chuva\/","og_locale":"en_US","og_type":"article","og_title":"Segunda-feira (14) dia de sol com m\u00e1ximas de 23\u00baC e baixa condi\u00e7\u00e3o de chuva -","og_description":"O risco \u00e9 baixo para alagamentos pontuais nas \u00e1reas a sul do estado com vento de nordeste a noroeste fraco a moderado","og_url":"https:\/\/sulsc.com\/index.php\/2025\/07\/14\/segunda-feira-14-dia-de-sol-com-maximas-de-23oc-e-baixa-condicao-de-chuva\/","article_author":"https:\/\/www.facebook.com\/profile.php?id=61559278119680","article_published_time":"2025-07-14T09:46:43+00:00","og_image":[{"width":1600,"height":720,"url":"http:\/\/sulsc.com\/wp-content\/uploads\/2025\/01\/tempo.jpg","type":"image\/jpeg"}],"author":"Reda\u00e7\u00e3o Sul SC","twitter_card":"summary_large_image","twitter_creator":"@https:\/\/twitter.com\/PortalSulSC","twitter_misc":{"Written by":"Reda\u00e7\u00e3o Sul SC","Est. reading time":"2 minutes"},"schema":{"@context":"https:\/\/schema.org","@graph":[{"@type":"WebPage","@id":"https:\/\/sulsc.com\/index.php\/2025\/07\/14\/segunda-feira-14-dia-de-sol-com-maximas-de-23oc-e-baixa-condicao-de-chuva\/","url":"https:\/\/sulsc.com\/index.php\/2025\/07\/14\/segunda-feira-14-dia-de-sol-com-maximas-de-23oc-e-baixa-condicao-de-chuva\/","name":"Segunda-feira (14) dia de sol com m\u00e1ximas de 23\u00baC e baixa condi\u00e7\u00e3o de chuva -","isPartOf":{"@id":"https:\/\/sulsc.com\/#website"},"datePublished":"2025-07-14T09:46:43+00:00","dateModified":"2025-07-14T09:46:43+00:00","author":{"@id":"https:\/\/sulsc.com\/#\/schema\/person\/84d2fc571684f6248ba83092f07750a3"},"description":"O risco \u00e9 baixo para alagamentos pontuais nas \u00e1reas a sul do estado com vento de nordeste a noroeste fraco a moderado","breadcrumb":{"@id":"https:\/\/sulsc.com\/index.php\/2025\/07\/14\/segunda-feira-14-dia-de-sol-com-maximas-de-23oc-e-baixa-condicao-de-chuva\/#breadcrumb"},"inLanguage":"en-US","potentialAction":[{"@type":"ReadAction","target":["https:\/\/sulsc.com\/index.php\/2025\/07\/14\/segunda-feira-14-dia-de-sol-com-maximas-de-23oc-e-baixa-condicao-de-chuva\/"]}]},{"@type":"BreadcrumbList","@id":"https:\/\/sulsc.com\/index.php\/2025\/07\/14\/segunda-feira-14-dia-de-sol-com-maximas-de-23oc-e-baixa-condicao-de-chuva\/#breadcrumb","itemListElement":[{"@type":"ListItem","position":1,"name":"In\u00edcio","item":"https:\/\/sulsc.com\/"},{"@type":"ListItem","position":2,"name":"Segunda-feira (14) dia de sol com m\u00e1ximas de 23\u00baC e baixa condi\u00e7\u00e3o de chuva"}]},{"@type":"WebSite","@id":"https:\/\/sulsc.com\/#website","url":"https:\/\/sulsc.com\/","name":"","description":"","potentialAction":[{"@type":"SearchAction","target":{"@type":"EntryPoint","urlTemplate":"https:\/\/sulsc.com\/?s={search_term_string}"},"query-input":"required name=search_term_string"}],"inLanguage":"en-US"},{"@type":"Person","@id":"https:\/\/sulsc.com\/#\/schema\/person\/84d2fc571684f6248ba83092f07750a3","name":"Reda\u00e7\u00e3o Sul SC","image":{"@type":"ImageObject","inLanguage":"en-US","@id":"https:\/\/sulsc.com\/#\/schema\/person\/image\/e08d7fe2cc4ed596372063bbe852b8d0","url":"https:\/\/sulsc.com\/wp-content\/uploads\/2023\/09\/redacao.png","contentUrl":"https:\/\/sulsc.com\/wp-content\/uploads\/2023\/09\/redacao.png","caption":"Reda\u00e7\u00e3o Sul SC"},"description":"Foco em um jornalismo imparcial, voltado \u00e0 qualidade dos seus conte\u00fados e, assim, levar informa\u00e7\u00e3o de valor que agregue \u00e0 vida dos leitores. Esta \u00e9 grande miss\u00e3o do Portal de Not\u00edcias Sul SC. N\u00e3o \u00e9 quantidade que muda o mundo, sempre foi e seguir\u00e1 sendo qualidade!","sameAs":["https:\/\/sulsc.com\/","https:\/\/www.facebook.com\/profile.php?id=61559278119680","https:\/\/www.instagram.com\/sulscportal\/?hl=pt-br","https:\/\/twitter.com\/https:\/\/twitter.com\/PortalSulSC","https:\/\/www.youtube.com\/channel\/UCv_BE8GeySluDov2n8qhVmw"],"url":"https:\/\/sulsc.com\/index.php\/author\/redacao\/"}]}},"authors":[],"_links":{"self":[{"href":"https:\/\/sulsc.com\/index.php\/wp-json\/wp\/v2\/posts\/25337"}],"collection":[{"href":"https:\/\/sulsc.com\/index.php\/wp-json\/wp\/v2\/posts"}],"about":[{"href":"https:\/\/sulsc.com\/index.php\/wp-json\/wp\/v2\/types\/post"}],"author":[{"embeddable":true,"href":"https:\/\/sulsc.com\/index.php\/wp-json\/wp\/v2\/users\/3"}],"replies":[{"embeddable":true,"href":"https:\/\/sulsc.com\/index.php\/wp-json\/wp\/v2\/comments?post=25337"}],"version-history":[{"count":1,"href":"https:\/\/sulsc.com\/index.php\/wp-json\/wp\/v2\/posts\/25337\/revisions"}],"predecessor-version":[{"id":25341,"href":"https:\/\/sulsc.com\/index.php\/wp-json\/wp\/v2\/posts\/25337\/revisions\/25341"}],"wp:featuredmedia":[{"embeddable":true,"href":"https:\/\/sulsc.com\/index.php\/wp-json\/wp\/v2\/media\/18877"}],"wp:attachment":[{"href":"https:\/\/sulsc.com\/index.php\/wp-json\/wp\/v2\/media?parent=25337"}],"wp:term":[{"taxonomy":"category","embeddable":true,"href":"https:\/\/sulsc.com\/index.php\/wp-json\/wp\/v2\/categories?post=25337"},{"taxonomy":"post_tag","embeddable":true,"href":"https:\/\/sulsc.com\/index.php\/wp-json\/wp\/v2\/tags?post=25337"}],"curies":[{"name":"wp","href":"https:\/\/api.w.org\/{rel}","templated":true}]}}