{"id":25379,"date":"2025-07-15T06:33:27","date_gmt":"2025-07-15T09:33:27","guid":{"rendered":"https:\/\/sulsc.com\/?p=25379"},"modified":"2025-07-15T06:33:27","modified_gmt":"2025-07-15T09:33:27","slug":"tempo-firme-e-maximas-acima-dos-23oc-predominam-nesta-terca-feira-15","status":"publish","type":"post","link":"https:\/\/sulsc.com\/index.php\/2025\/07\/15\/tempo-firme-e-maximas-acima-dos-23oc-predominam-nesta-terca-feira-15\/","title":{"rendered":"Tempo firme e m\u00e1ximas acima dos 23\u00baC predominam nesta ter\u00e7a-feira (15)"},"content":{"rendered":"<p>O dia segue como nos dias anteriores, de tempo segue atuando em Santa Catarina nesta ter\u00e7a-feira (15). Durante a manh\u00e3, pode ocorrer a forma\u00e7\u00e3o de nevoeiros entre os planaltos, Vale do Itaja\u00ed e regi\u00f5es litor\u00e2neas, mas devem se dissipar nas primeiras horas da manh\u00e3.<\/p>\n<p><strong>Temperaturas<\/strong><\/p>\n<p>As temperaturas ficam ainda mais elevadas em compara\u00e7\u00e3o aos dias anteriores, com m\u00e1ximas marcando valores entre 22 e 26\u00b0C em grande parte das regi\u00f5es. \u00a0No decorrer da tarde o sol predomina, intercalando com curtos per\u00edodos de nebulosidade. N\u00e3o h\u00e1 risco para ocorr\u00eancias meteorol\u00f3gicas.<\/p>\n<p><img fetchpriority=\"high\" decoding=\"async\" class=\"aligncenter size-full wp-image-25381\" src=\"http:\/\/sulsc.com\/wp-content\/uploads\/2025\/07\/a-8.png\" alt=\"\" width=\"1632\" height=\"1120\" srcset=\"https:\/\/sulsc.com\/wp-content\/uploads\/2025\/07\/a-8.png 1632w, https:\/\/sulsc.com\/wp-content\/uploads\/2025\/07\/a-8-300x206.png 300w, https:\/\/sulsc.com\/wp-content\/uploads\/2025\/07\/a-8-1024x703.png 1024w, https:\/\/sulsc.com\/wp-content\/uploads\/2025\/07\/a-8-768x527.png 768w, https:\/\/sulsc.com\/wp-content\/uploads\/2025\/07\/a-8-1536x1054.png 1536w\" sizes=\"(max-width: 1632px) 100vw, 1632px\" \/><\/p>\n<p><img decoding=\"async\" class=\"aligncenter wp-image-22836\" src=\"http:\/\/sulsc.com\/wp-content\/uploads\/2025\/04\/Tempo-2.png\" alt=\"\" width=\"682\" height=\"126\" srcset=\"https:\/\/sulsc.com\/wp-content\/uploads\/2025\/04\/Tempo-2.png 1024w, https:\/\/sulsc.com\/wp-content\/uploads\/2025\/04\/Tempo-2-300x55.png 300w, https:\/\/sulsc.com\/wp-content\/uploads\/2025\/04\/Tempo-2-768x142.png 768w\" sizes=\"(max-width: 682px) 100vw, 682px\" \/><\/p>\n<p><strong>Vento:<\/strong> nordeste a noroeste, fraco a moderado.<\/p>\n<p><strong>Sistema predominante:<\/strong> alta press\u00e3o no litoral Sul do Brasil.<\/p>\n<p>Fonte: Defesa Civil SC\/Epagri-Ciram<\/p>\n<p><img decoding=\"async\" class=\"aligncenter wp-image-24984\" src=\"http:\/\/sulsc.com\/wp-content\/uploads\/2025\/06\/Baner-grupo-SulSC-2.jpg\" alt=\"\" width=\"500\" height=\"500\" srcset=\"https:\/\/sulsc.com\/wp-content\/uploads\/2025\/06\/Baner-grupo-SulSC-2.jpg 1080w, https:\/\/sulsc.com\/wp-content\/uploads\/2025\/06\/Baner-grupo-SulSC-2-300x300.jpg 300w, https:\/\/sulsc.com\/wp-content\/uploads\/2025\/06\/Baner-grupo-SulSC-2-1024x1024.jpg 1024w, https:\/\/sulsc.com\/wp-content\/uploads\/2025\/06\/Baner-grupo-SulSC-2-150x150.jpg 150w, https:\/\/sulsc.com\/wp-content\/uploads\/2025\/06\/Baner-grupo-SulSC-2-768x768.jpg 768w\" sizes=\"(max-width: 500px) 100vw, 500px\" \/><\/p>\n","protected":false},"excerpt":{"rendered":"<p>O dia segue como nos dias anteriores, de tempo segue atuando em Santa Catarina nesta ter\u00e7a-feira (15). Durante a manh\u00e3, pode ocorrer a forma\u00e7\u00e3o de nevoeiros entre os planaltos, Vale do Itaja\u00ed e regi\u00f5es litor\u00e2neas, mas devem se dissipar nas primeiras horas da manh\u00e3. Temperaturas As temperaturas ficam ainda mais elevadas em compara\u00e7\u00e3o aos dias &hellip;<\/p>\n<p class=\"read-more\"> <a class=\"\" href=\"https:\/\/sulsc.com\/index.php\/2025\/07\/15\/tempo-firme-e-maximas-acima-dos-23oc-predominam-nesta-terca-feira-15\/\"> <span class=\"screen-reader-text\">Tempo firme e m\u00e1ximas acima dos 23\u00baC predominam nesta ter\u00e7a-feira (15)<\/span> Read More &raquo;<\/a><\/p>\n","protected":false},"author":3,"featured_media":16524,"comment_status":"open","ping_status":"open","sticky":false,"template":"","format":"standard","meta":{"site-sidebar-layout":"default","site-content-layout":"","ast-site-content-layout":"default","site-content-style":"default","site-sidebar-style":"default","ast-global-header-display":"","ast-banner-title-visibility":"","ast-main-header-display":"","ast-hfb-above-header-display":"","ast-hfb-below-header-display":"","ast-hfb-mobile-header-display":"","site-post-title":"","ast-breadcrumbs-content":"","ast-featured-img":"","footer-sml-layout":"","theme-transparent-header-meta":"default","adv-header-id-meta":"","stick-header-meta":"","header-above-stick-meta":"","header-main-stick-meta":"","header-below-stick-meta":"","astra-migrate-meta-layouts":"set","footnotes":""},"categories":[38],"tags":[90],"yoast_head":"<!-- This site is optimized with the Yoast SEO plugin v21.4 - https:\/\/yoast.com\/wordpress\/plugins\/seo\/ -->\n<title>Tempo firme e m\u00e1ximas acima dos 23\u00baC predominam nesta ter\u00e7a-feira (15) -<\/title>\n<meta name=\"description\" content=\"No decorrer da tarde o sol predomina, intercalando com curtos per\u00edodos de nebulosidade n\u00e3o h\u00e1 risco para ocorr\u00eancias meteorol\u00f3gicas\" \/>\n<meta name=\"robots\" content=\"index, follow, max-snippet:-1, max-image-preview:large, max-video-preview:-1\" \/>\n<link rel=\"canonical\" href=\"https:\/\/sulsc.com\/index.php\/2025\/07\/15\/tempo-firme-e-maximas-acima-dos-23oc-predominam-nesta-terca-feira-15\/\" \/>\n<meta property=\"og:locale\" content=\"en_US\" \/>\n<meta property=\"og:type\" content=\"article\" \/>\n<meta property=\"og:title\" content=\"Tempo firme e m\u00e1ximas acima dos 23\u00baC predominam nesta ter\u00e7a-feira (15) -\" \/>\n<meta property=\"og:description\" content=\"No decorrer da tarde o sol predomina, intercalando com curtos per\u00edodos de nebulosidade n\u00e3o h\u00e1 risco para ocorr\u00eancias meteorol\u00f3gicas\" \/>\n<meta property=\"og:url\" content=\"https:\/\/sulsc.com\/index.php\/2025\/07\/15\/tempo-firme-e-maximas-acima-dos-23oc-predominam-nesta-terca-feira-15\/\" \/>\n<meta property=\"article:author\" content=\"https:\/\/www.facebook.com\/profile.php?id=61559278119680\" \/>\n<meta property=\"article:published_time\" content=\"2025-07-15T09:33:27+00:00\" \/>\n<meta property=\"og:image\" content=\"http:\/\/sulsc.com\/wp-content\/uploads\/2024\/10\/Tempo-scaled.jpg\" \/>\n\t<meta property=\"og:image:width\" content=\"2560\" \/>\n\t<meta property=\"og:image:height\" content=\"1151\" \/>\n\t<meta property=\"og:image:type\" content=\"image\/jpeg\" \/>\n<meta name=\"author\" content=\"Reda\u00e7\u00e3o Sul SC\" \/>\n<meta name=\"twitter:card\" content=\"summary_large_image\" \/>\n<meta name=\"twitter:creator\" content=\"@https:\/\/twitter.com\/PortalSulSC\" \/>\n<meta name=\"twitter:label1\" content=\"Written by\" \/>\n\t<meta name=\"twitter:data1\" content=\"Reda\u00e7\u00e3o Sul SC\" \/>\n\t<meta name=\"twitter:label2\" content=\"Est. reading time\" \/>\n\t<meta name=\"twitter:data2\" content=\"2 minutes\" \/>\n<script type=\"application\/ld+json\" class=\"yoast-schema-graph\">{\"@context\":\"https:\/\/schema.org\",\"@graph\":[{\"@type\":\"WebPage\",\"@id\":\"https:\/\/sulsc.com\/index.php\/2025\/07\/15\/tempo-firme-e-maximas-acima-dos-23oc-predominam-nesta-terca-feira-15\/\",\"url\":\"https:\/\/sulsc.com\/index.php\/2025\/07\/15\/tempo-firme-e-maximas-acima-dos-23oc-predominam-nesta-terca-feira-15\/\",\"name\":\"Tempo firme e m\u00e1ximas acima dos 23\u00baC predominam nesta ter\u00e7a-feira (15) -\",\"isPartOf\":{\"@id\":\"https:\/\/sulsc.com\/#website\"},\"datePublished\":\"2025-07-15T09:33:27+00:00\",\"dateModified\":\"2025-07-15T09:33:27+00:00\",\"author\":{\"@id\":\"https:\/\/sulsc.com\/#\/schema\/person\/84d2fc571684f6248ba83092f07750a3\"},\"description\":\"No decorrer da tarde o sol predomina, intercalando com curtos per\u00edodos de nebulosidade n\u00e3o h\u00e1 risco para ocorr\u00eancias meteorol\u00f3gicas\",\"breadcrumb\":{\"@id\":\"https:\/\/sulsc.com\/index.php\/2025\/07\/15\/tempo-firme-e-maximas-acima-dos-23oc-predominam-nesta-terca-feira-15\/#breadcrumb\"},\"inLanguage\":\"en-US\",\"potentialAction\":[{\"@type\":\"ReadAction\",\"target\":[\"https:\/\/sulsc.com\/index.php\/2025\/07\/15\/tempo-firme-e-maximas-acima-dos-23oc-predominam-nesta-terca-feira-15\/\"]}]},{\"@type\":\"BreadcrumbList\",\"@id\":\"https:\/\/sulsc.com\/index.php\/2025\/07\/15\/tempo-firme-e-maximas-acima-dos-23oc-predominam-nesta-terca-feira-15\/#breadcrumb\",\"itemListElement\":[{\"@type\":\"ListItem\",\"position\":1,\"name\":\"In\u00edcio\",\"item\":\"https:\/\/sulsc.com\/\"},{\"@type\":\"ListItem\",\"position\":2,\"name\":\"Tempo firme e m\u00e1ximas acima dos 23\u00baC predominam nesta ter\u00e7a-feira (15)\"}]},{\"@type\":\"WebSite\",\"@id\":\"https:\/\/sulsc.com\/#website\",\"url\":\"https:\/\/sulsc.com\/\",\"name\":\"\",\"description\":\"\",\"potentialAction\":[{\"@type\":\"SearchAction\",\"target\":{\"@type\":\"EntryPoint\",\"urlTemplate\":\"https:\/\/sulsc.com\/?s={search_term_string}\"},\"query-input\":\"required name=search_term_string\"}],\"inLanguage\":\"en-US\"},{\"@type\":\"Person\",\"@id\":\"https:\/\/sulsc.com\/#\/schema\/person\/84d2fc571684f6248ba83092f07750a3\",\"name\":\"Reda\u00e7\u00e3o Sul SC\",\"image\":{\"@type\":\"ImageObject\",\"inLanguage\":\"en-US\",\"@id\":\"https:\/\/sulsc.com\/#\/schema\/person\/image\/e08d7fe2cc4ed596372063bbe852b8d0\",\"url\":\"https:\/\/sulsc.com\/wp-content\/uploads\/2023\/09\/redacao.png\",\"contentUrl\":\"https:\/\/sulsc.com\/wp-content\/uploads\/2023\/09\/redacao.png\",\"caption\":\"Reda\u00e7\u00e3o Sul SC\"},\"description\":\"Foco em um jornalismo imparcial, voltado \u00e0 qualidade dos seus conte\u00fados e, assim, levar informa\u00e7\u00e3o de valor que agregue \u00e0 vida dos leitores. Esta \u00e9 grande miss\u00e3o do Portal de Not\u00edcias Sul SC. N\u00e3o \u00e9 quantidade que muda o mundo, sempre foi e seguir\u00e1 sendo qualidade!\",\"sameAs\":[\"https:\/\/sulsc.com\/\",\"https:\/\/www.facebook.com\/profile.php?id=61559278119680\",\"https:\/\/www.instagram.com\/sulscportal\/?hl=pt-br\",\"https:\/\/twitter.com\/https:\/\/twitter.com\/PortalSulSC\",\"https:\/\/www.youtube.com\/channel\/UCv_BE8GeySluDov2n8qhVmw\"],\"url\":\"https:\/\/sulsc.com\/index.php\/author\/redacao\/\"}]}<\/script>\n<!-- \/ Yoast SEO plugin. -->","yoast_head_json":{"title":"Tempo firme e m\u00e1ximas acima dos 23\u00baC predominam nesta ter\u00e7a-feira (15) -","description":"No decorrer da tarde o sol predomina, intercalando com curtos per\u00edodos de nebulosidade n\u00e3o h\u00e1 risco para ocorr\u00eancias meteorol\u00f3gicas","robots":{"index":"index","follow":"follow","max-snippet":"max-snippet:-1","max-image-preview":"max-image-preview:large","max-video-preview":"max-video-preview:-1"},"canonical":"https:\/\/sulsc.com\/index.php\/2025\/07\/15\/tempo-firme-e-maximas-acima-dos-23oc-predominam-nesta-terca-feira-15\/","og_locale":"en_US","og_type":"article","og_title":"Tempo firme e m\u00e1ximas acima dos 23\u00baC predominam nesta ter\u00e7a-feira (15) -","og_description":"No decorrer da tarde o sol predomina, intercalando com curtos per\u00edodos de nebulosidade n\u00e3o h\u00e1 risco para ocorr\u00eancias meteorol\u00f3gicas","og_url":"https:\/\/sulsc.com\/index.php\/2025\/07\/15\/tempo-firme-e-maximas-acima-dos-23oc-predominam-nesta-terca-feira-15\/","article_author":"https:\/\/www.facebook.com\/profile.php?id=61559278119680","article_published_time":"2025-07-15T09:33:27+00:00","og_image":[{"width":2560,"height":1151,"url":"http:\/\/sulsc.com\/wp-content\/uploads\/2024\/10\/Tempo-scaled.jpg","type":"image\/jpeg"}],"author":"Reda\u00e7\u00e3o Sul SC","twitter_card":"summary_large_image","twitter_creator":"@https:\/\/twitter.com\/PortalSulSC","twitter_misc":{"Written by":"Reda\u00e7\u00e3o Sul SC","Est. reading time":"2 minutes"},"schema":{"@context":"https:\/\/schema.org","@graph":[{"@type":"WebPage","@id":"https:\/\/sulsc.com\/index.php\/2025\/07\/15\/tempo-firme-e-maximas-acima-dos-23oc-predominam-nesta-terca-feira-15\/","url":"https:\/\/sulsc.com\/index.php\/2025\/07\/15\/tempo-firme-e-maximas-acima-dos-23oc-predominam-nesta-terca-feira-15\/","name":"Tempo firme e m\u00e1ximas acima dos 23\u00baC predominam nesta ter\u00e7a-feira (15) -","isPartOf":{"@id":"https:\/\/sulsc.com\/#website"},"datePublished":"2025-07-15T09:33:27+00:00","dateModified":"2025-07-15T09:33:27+00:00","author":{"@id":"https:\/\/sulsc.com\/#\/schema\/person\/84d2fc571684f6248ba83092f07750a3"},"description":"No decorrer da tarde o sol predomina, intercalando com curtos per\u00edodos de nebulosidade n\u00e3o h\u00e1 risco para ocorr\u00eancias meteorol\u00f3gicas","breadcrumb":{"@id":"https:\/\/sulsc.com\/index.php\/2025\/07\/15\/tempo-firme-e-maximas-acima-dos-23oc-predominam-nesta-terca-feira-15\/#breadcrumb"},"inLanguage":"en-US","potentialAction":[{"@type":"ReadAction","target":["https:\/\/sulsc.com\/index.php\/2025\/07\/15\/tempo-firme-e-maximas-acima-dos-23oc-predominam-nesta-terca-feira-15\/"]}]},{"@type":"BreadcrumbList","@id":"https:\/\/sulsc.com\/index.php\/2025\/07\/15\/tempo-firme-e-maximas-acima-dos-23oc-predominam-nesta-terca-feira-15\/#breadcrumb","itemListElement":[{"@type":"ListItem","position":1,"name":"In\u00edcio","item":"https:\/\/sulsc.com\/"},{"@type":"ListItem","position":2,"name":"Tempo firme e m\u00e1ximas acima dos 23\u00baC predominam nesta ter\u00e7a-feira (15)"}]},{"@type":"WebSite","@id":"https:\/\/sulsc.com\/#website","url":"https:\/\/sulsc.com\/","name":"","description":"","potentialAction":[{"@type":"SearchAction","target":{"@type":"EntryPoint","urlTemplate":"https:\/\/sulsc.com\/?s={search_term_string}"},"query-input":"required name=search_term_string"}],"inLanguage":"en-US"},{"@type":"Person","@id":"https:\/\/sulsc.com\/#\/schema\/person\/84d2fc571684f6248ba83092f07750a3","name":"Reda\u00e7\u00e3o Sul SC","image":{"@type":"ImageObject","inLanguage":"en-US","@id":"https:\/\/sulsc.com\/#\/schema\/person\/image\/e08d7fe2cc4ed596372063bbe852b8d0","url":"https:\/\/sulsc.com\/wp-content\/uploads\/2023\/09\/redacao.png","contentUrl":"https:\/\/sulsc.com\/wp-content\/uploads\/2023\/09\/redacao.png","caption":"Reda\u00e7\u00e3o Sul SC"},"description":"Foco em um jornalismo imparcial, voltado \u00e0 qualidade dos seus conte\u00fados e, assim, levar informa\u00e7\u00e3o de valor que agregue \u00e0 vida dos leitores. Esta \u00e9 grande miss\u00e3o do Portal de Not\u00edcias Sul SC. N\u00e3o \u00e9 quantidade que muda o mundo, sempre foi e seguir\u00e1 sendo qualidade!","sameAs":["https:\/\/sulsc.com\/","https:\/\/www.facebook.com\/profile.php?id=61559278119680","https:\/\/www.instagram.com\/sulscportal\/?hl=pt-br","https:\/\/twitter.com\/https:\/\/twitter.com\/PortalSulSC","https:\/\/www.youtube.com\/channel\/UCv_BE8GeySluDov2n8qhVmw"],"url":"https:\/\/sulsc.com\/index.php\/author\/redacao\/"}]}},"authors":[],"_links":{"self":[{"href":"https:\/\/sulsc.com\/index.php\/wp-json\/wp\/v2\/posts\/25379"}],"collection":[{"href":"https:\/\/sulsc.com\/index.php\/wp-json\/wp\/v2\/posts"}],"about":[{"href":"https:\/\/sulsc.com\/index.php\/wp-json\/wp\/v2\/types\/post"}],"author":[{"embeddable":true,"href":"https:\/\/sulsc.com\/index.php\/wp-json\/wp\/v2\/users\/3"}],"replies":[{"embeddable":true,"href":"https:\/\/sulsc.com\/index.php\/wp-json\/wp\/v2\/comments?post=25379"}],"version-history":[{"count":2,"href":"https:\/\/sulsc.com\/index.php\/wp-json\/wp\/v2\/posts\/25379\/revisions"}],"predecessor-version":[{"id":25383,"href":"https:\/\/sulsc.com\/index.php\/wp-json\/wp\/v2\/posts\/25379\/revisions\/25383"}],"wp:featuredmedia":[{"embeddable":true,"href":"https:\/\/sulsc.com\/index.php\/wp-json\/wp\/v2\/media\/16524"}],"wp:attachment":[{"href":"https:\/\/sulsc.com\/index.php\/wp-json\/wp\/v2\/media?parent=25379"}],"wp:term":[{"taxonomy":"category","embeddable":true,"href":"https:\/\/sulsc.com\/index.php\/wp-json\/wp\/v2\/categories?post=25379"},{"taxonomy":"post_tag","embeddable":true,"href":"https:\/\/sulsc.com\/index.php\/wp-json\/wp\/v2\/tags?post=25379"}],"curies":[{"name":"wp","href":"https:\/\/api.w.org\/{rel}","templated":true}]}}