{"id":25531,"date":"2025-07-19T09:06:23","date_gmt":"2025-07-19T12:06:23","guid":{"rendered":"https:\/\/sulsc.com\/?p=25531"},"modified":"2025-07-19T09:06:23","modified_gmt":"2025-07-19T12:06:23","slug":"sabado-19-de-tempo-fechado-nas-primeiras-horas-da-manha-e-abertura-de-sol-no-periodo-da-tarde","status":"publish","type":"post","link":"https:\/\/sulsc.com\/index.php\/2025\/07\/19\/sabado-19-de-tempo-fechado-nas-primeiras-horas-da-manha-e-abertura-de-sol-no-periodo-da-tarde\/","title":{"rendered":"S\u00e1bado (19) de tempo fechado nas primeiras horas da manh\u00e3 e abertura de sol no per\u00edodo da tarde"},"content":{"rendered":"<p>Tempo est\u00e1vel e ensolarado em SC neste s\u00e1bado (19), com sistema de alta press\u00e3o se estabelece entre o RS e SC. Com condi\u00e7\u00f5es de geada entre os Planaltos e o Grande Oeste no amanhecer.<\/p>\n<p><strong>Temperaturas<\/strong><\/p>\n<p>As temperaturas oscilam entre 0\u00b0C e 7\u00b0C na maior parte do estado, com exce\u00e7\u00e3o das \u00e1reas litor\u00e2neas e do M\u00e9dio Vale do Itaja\u00ed, onde elas variam entre 7\u00b0C e 12\u00b0C. O risco \u00e9 baixo para ocorr\u00eancias relacionadas \u00e0s baixas temperaturas. Durante a tarde, as temperaturas ficam mais amenas, variando entre 17\u00b0C e 22\u00b0C em praticamente todo o estado, com valores menores nas \u00e1reas de serra.<\/p>\n<p><img fetchpriority=\"high\" decoding=\"async\" class=\"aligncenter size-full wp-image-25533\" src=\"http:\/\/sulsc.com\/wp-content\/uploads\/2025\/07\/a1.png\" alt=\"\" width=\"1645\" height=\"1117\" srcset=\"https:\/\/sulsc.com\/wp-content\/uploads\/2025\/07\/a1.png 1645w, https:\/\/sulsc.com\/wp-content\/uploads\/2025\/07\/a1-300x204.png 300w, https:\/\/sulsc.com\/wp-content\/uploads\/2025\/07\/a1-1024x695.png 1024w, https:\/\/sulsc.com\/wp-content\/uploads\/2025\/07\/a1-768x521.png 768w, https:\/\/sulsc.com\/wp-content\/uploads\/2025\/07\/a1-1536x1043.png 1536w\" sizes=\"(max-width: 1645px) 100vw, 1645px\" \/><\/p>\n<p><img decoding=\"async\" class=\"aligncenter  wp-image-22836\" src=\"http:\/\/sulsc.com\/wp-content\/uploads\/2025\/04\/Tempo-2.png\" alt=\"\" width=\"639\" height=\"118\" srcset=\"https:\/\/sulsc.com\/wp-content\/uploads\/2025\/04\/Tempo-2.png 1024w, https:\/\/sulsc.com\/wp-content\/uploads\/2025\/04\/Tempo-2-300x55.png 300w, https:\/\/sulsc.com\/wp-content\/uploads\/2025\/04\/Tempo-2-768x142.png 768w\" sizes=\"(max-width: 639px) 100vw, 639px\" \/><\/p>\n<p><strong>Vento:<\/strong> sudoeste a sul, fraco a moderado.<\/p>\n<p><strong>Sistema predominante:<\/strong> alta press\u00e3o (massa de ar frio e seco) no Sul do Brasil.<\/p>\n<p>Amanh\u00e3 domingo (20), ser\u00e1 est\u00e1vel com predom\u00ednio de sol e nevoeiros ao amanhecer, devido a massa de ar frio e seco, em deslocamento para o oceano. As temperaturas ficam entre 16\u00b0C a 21\u00b0C no litoral.<\/p>\n<p><strong>Publicidade<\/strong><\/p>\n<p><img decoding=\"async\" class=\"aligncenter  wp-image-25532\" src=\"http:\/\/sulsc.com\/wp-content\/uploads\/2025\/07\/a-21.jpg\" alt=\"\" width=\"500\" height=\"812\" srcset=\"https:\/\/sulsc.com\/wp-content\/uploads\/2025\/07\/a-21.jpg 985w, https:\/\/sulsc.com\/wp-content\/uploads\/2025\/07\/a-21-185x300.jpg 185w, https:\/\/sulsc.com\/wp-content\/uploads\/2025\/07\/a-21-631x1024.jpg 631w, https:\/\/sulsc.com\/wp-content\/uploads\/2025\/07\/a-21-768x1247.jpg 768w, https:\/\/sulsc.com\/wp-content\/uploads\/2025\/07\/a-21-946x1536.jpg 946w\" sizes=\"(max-width: 500px) 100vw, 500px\" \/><\/p>\n","protected":false},"excerpt":{"rendered":"<p>Tempo est\u00e1vel e ensolarado em SC neste s\u00e1bado (19), com sistema de alta press\u00e3o se estabelece entre o RS e SC. Com condi\u00e7\u00f5es de geada entre os Planaltos e o Grande Oeste no amanhecer. Temperaturas As temperaturas oscilam entre 0\u00b0C e 7\u00b0C na maior parte do estado, com exce\u00e7\u00e3o das \u00e1reas litor\u00e2neas e do M\u00e9dio &hellip;<\/p>\n<p class=\"read-more\"> <a class=\"\" href=\"https:\/\/sulsc.com\/index.php\/2025\/07\/19\/sabado-19-de-tempo-fechado-nas-primeiras-horas-da-manha-e-abertura-de-sol-no-periodo-da-tarde\/\"> <span class=\"screen-reader-text\">S\u00e1bado (19) de tempo fechado nas primeiras horas da manh\u00e3 e abertura de sol no per\u00edodo da tarde<\/span> Read More &raquo;<\/a><\/p>\n","protected":false},"author":3,"featured_media":14284,"comment_status":"open","ping_status":"open","sticky":false,"template":"","format":"standard","meta":{"site-sidebar-layout":"default","site-content-layout":"","ast-site-content-layout":"default","site-content-style":"default","site-sidebar-style":"default","ast-global-header-display":"","ast-banner-title-visibility":"","ast-main-header-display":"","ast-hfb-above-header-display":"","ast-hfb-below-header-display":"","ast-hfb-mobile-header-display":"","site-post-title":"","ast-breadcrumbs-content":"","ast-featured-img":"","footer-sml-layout":"","theme-transparent-header-meta":"default","adv-header-id-meta":"","stick-header-meta":"","header-above-stick-meta":"","header-main-stick-meta":"","header-below-stick-meta":"","astra-migrate-meta-layouts":"set","footnotes":""},"categories":[38],"tags":[1013],"yoast_head":"<!-- This site is optimized with the Yoast SEO plugin v21.4 - https:\/\/yoast.com\/wordpress\/plugins\/seo\/ -->\n<title>S\u00e1bado (19) de tempo fechado nas primeiras horas da manh\u00e3 e abertura de sol no per\u00edodo da tarde -<\/title>\n<meta name=\"robots\" content=\"index, follow, max-snippet:-1, max-image-preview:large, max-video-preview:-1\" \/>\n<link rel=\"canonical\" href=\"https:\/\/sulsc.com\/index.php\/2025\/07\/19\/sabado-19-de-tempo-fechado-nas-primeiras-horas-da-manha-e-abertura-de-sol-no-periodo-da-tarde\/\" \/>\n<meta property=\"og:locale\" content=\"en_US\" \/>\n<meta property=\"og:type\" content=\"article\" \/>\n<meta property=\"og:title\" content=\"S\u00e1bado (19) de tempo fechado nas primeiras horas da manh\u00e3 e abertura de sol no per\u00edodo da tarde -\" \/>\n<meta property=\"og:description\" content=\"Tempo est\u00e1vel e ensolarado em SC neste s\u00e1bado (19), com sistema de alta press\u00e3o se estabelece entre o RS e SC. Com condi\u00e7\u00f5es de geada entre os Planaltos e o Grande Oeste no amanhecer. Temperaturas As temperaturas oscilam entre 0\u00b0C e 7\u00b0C na maior parte do estado, com exce\u00e7\u00e3o das \u00e1reas litor\u00e2neas e do M\u00e9dio &hellip; S\u00e1bado (19) de tempo fechado nas primeiras horas da manh\u00e3 e abertura de sol no per\u00edodo da tarde Read More &raquo;\" \/>\n<meta property=\"og:url\" content=\"https:\/\/sulsc.com\/index.php\/2025\/07\/19\/sabado-19-de-tempo-fechado-nas-primeiras-horas-da-manha-e-abertura-de-sol-no-periodo-da-tarde\/\" \/>\n<meta property=\"article:author\" content=\"https:\/\/www.facebook.com\/profile.php?id=61559278119680\" \/>\n<meta property=\"article:published_time\" content=\"2025-07-19T12:06:23+00:00\" \/>\n<meta property=\"og:image\" content=\"http:\/\/sulsc.com\/wp-content\/uploads\/2024\/07\/tempo-nublado-4.jpeg\" \/>\n\t<meta property=\"og:image:width\" content=\"1600\" \/>\n\t<meta property=\"og:image:height\" content=\"900\" \/>\n\t<meta property=\"og:image:type\" content=\"image\/jpeg\" \/>\n<meta name=\"author\" content=\"Reda\u00e7\u00e3o Sul SC\" \/>\n<meta name=\"twitter:card\" content=\"summary_large_image\" \/>\n<meta name=\"twitter:creator\" content=\"@https:\/\/twitter.com\/PortalSulSC\" \/>\n<meta name=\"twitter:label1\" content=\"Written by\" \/>\n\t<meta name=\"twitter:data1\" content=\"Reda\u00e7\u00e3o Sul SC\" \/>\n\t<meta name=\"twitter:label2\" content=\"Est. reading time\" \/>\n\t<meta name=\"twitter:data2\" content=\"2 minutes\" \/>\n<script type=\"application\/ld+json\" class=\"yoast-schema-graph\">{\"@context\":\"https:\/\/schema.org\",\"@graph\":[{\"@type\":\"WebPage\",\"@id\":\"https:\/\/sulsc.com\/index.php\/2025\/07\/19\/sabado-19-de-tempo-fechado-nas-primeiras-horas-da-manha-e-abertura-de-sol-no-periodo-da-tarde\/\",\"url\":\"https:\/\/sulsc.com\/index.php\/2025\/07\/19\/sabado-19-de-tempo-fechado-nas-primeiras-horas-da-manha-e-abertura-de-sol-no-periodo-da-tarde\/\",\"name\":\"S\u00e1bado (19) de tempo fechado nas primeiras horas da manh\u00e3 e abertura de sol no per\u00edodo da tarde -\",\"isPartOf\":{\"@id\":\"https:\/\/sulsc.com\/#website\"},\"datePublished\":\"2025-07-19T12:06:23+00:00\",\"dateModified\":\"2025-07-19T12:06:23+00:00\",\"author\":{\"@id\":\"https:\/\/sulsc.com\/#\/schema\/person\/84d2fc571684f6248ba83092f07750a3\"},\"breadcrumb\":{\"@id\":\"https:\/\/sulsc.com\/index.php\/2025\/07\/19\/sabado-19-de-tempo-fechado-nas-primeiras-horas-da-manha-e-abertura-de-sol-no-periodo-da-tarde\/#breadcrumb\"},\"inLanguage\":\"en-US\",\"potentialAction\":[{\"@type\":\"ReadAction\",\"target\":[\"https:\/\/sulsc.com\/index.php\/2025\/07\/19\/sabado-19-de-tempo-fechado-nas-primeiras-horas-da-manha-e-abertura-de-sol-no-periodo-da-tarde\/\"]}]},{\"@type\":\"BreadcrumbList\",\"@id\":\"https:\/\/sulsc.com\/index.php\/2025\/07\/19\/sabado-19-de-tempo-fechado-nas-primeiras-horas-da-manha-e-abertura-de-sol-no-periodo-da-tarde\/#breadcrumb\",\"itemListElement\":[{\"@type\":\"ListItem\",\"position\":1,\"name\":\"In\u00edcio\",\"item\":\"https:\/\/sulsc.com\/\"},{\"@type\":\"ListItem\",\"position\":2,\"name\":\"S\u00e1bado (19) de tempo fechado nas primeiras horas da manh\u00e3 e abertura de sol no per\u00edodo da tarde\"}]},{\"@type\":\"WebSite\",\"@id\":\"https:\/\/sulsc.com\/#website\",\"url\":\"https:\/\/sulsc.com\/\",\"name\":\"\",\"description\":\"\",\"potentialAction\":[{\"@type\":\"SearchAction\",\"target\":{\"@type\":\"EntryPoint\",\"urlTemplate\":\"https:\/\/sulsc.com\/?s={search_term_string}\"},\"query-input\":\"required name=search_term_string\"}],\"inLanguage\":\"en-US\"},{\"@type\":\"Person\",\"@id\":\"https:\/\/sulsc.com\/#\/schema\/person\/84d2fc571684f6248ba83092f07750a3\",\"name\":\"Reda\u00e7\u00e3o Sul SC\",\"image\":{\"@type\":\"ImageObject\",\"inLanguage\":\"en-US\",\"@id\":\"https:\/\/sulsc.com\/#\/schema\/person\/image\/e08d7fe2cc4ed596372063bbe852b8d0\",\"url\":\"https:\/\/sulsc.com\/wp-content\/uploads\/2023\/09\/redacao.png\",\"contentUrl\":\"https:\/\/sulsc.com\/wp-content\/uploads\/2023\/09\/redacao.png\",\"caption\":\"Reda\u00e7\u00e3o Sul SC\"},\"description\":\"Foco em um jornalismo imparcial, voltado \u00e0 qualidade dos seus conte\u00fados e, assim, levar informa\u00e7\u00e3o de valor que agregue \u00e0 vida dos leitores. Esta \u00e9 grande miss\u00e3o do Portal de Not\u00edcias Sul SC. N\u00e3o \u00e9 quantidade que muda o mundo, sempre foi e seguir\u00e1 sendo qualidade!\",\"sameAs\":[\"https:\/\/sulsc.com\/\",\"https:\/\/www.facebook.com\/profile.php?id=61559278119680\",\"https:\/\/www.instagram.com\/sulscportal\/?hl=pt-br\",\"https:\/\/twitter.com\/https:\/\/twitter.com\/PortalSulSC\",\"https:\/\/www.youtube.com\/channel\/UCv_BE8GeySluDov2n8qhVmw\"],\"url\":\"https:\/\/sulsc.com\/index.php\/author\/redacao\/\"}]}<\/script>\n<!-- \/ Yoast SEO plugin. -->","yoast_head_json":{"title":"S\u00e1bado (19) de tempo fechado nas primeiras horas da manh\u00e3 e abertura de sol no per\u00edodo da tarde -","robots":{"index":"index","follow":"follow","max-snippet":"max-snippet:-1","max-image-preview":"max-image-preview:large","max-video-preview":"max-video-preview:-1"},"canonical":"https:\/\/sulsc.com\/index.php\/2025\/07\/19\/sabado-19-de-tempo-fechado-nas-primeiras-horas-da-manha-e-abertura-de-sol-no-periodo-da-tarde\/","og_locale":"en_US","og_type":"article","og_title":"S\u00e1bado (19) de tempo fechado nas primeiras horas da manh\u00e3 e abertura de sol no per\u00edodo da tarde -","og_description":"Tempo est\u00e1vel e ensolarado em SC neste s\u00e1bado (19), com sistema de alta press\u00e3o se estabelece entre o RS e SC. Com condi\u00e7\u00f5es de geada entre os Planaltos e o Grande Oeste no amanhecer. Temperaturas As temperaturas oscilam entre 0\u00b0C e 7\u00b0C na maior parte do estado, com exce\u00e7\u00e3o das \u00e1reas litor\u00e2neas e do M\u00e9dio &hellip; S\u00e1bado (19) de tempo fechado nas primeiras horas da manh\u00e3 e abertura de sol no per\u00edodo da tarde Read More &raquo;","og_url":"https:\/\/sulsc.com\/index.php\/2025\/07\/19\/sabado-19-de-tempo-fechado-nas-primeiras-horas-da-manha-e-abertura-de-sol-no-periodo-da-tarde\/","article_author":"https:\/\/www.facebook.com\/profile.php?id=61559278119680","article_published_time":"2025-07-19T12:06:23+00:00","og_image":[{"width":1600,"height":900,"url":"http:\/\/sulsc.com\/wp-content\/uploads\/2024\/07\/tempo-nublado-4.jpeg","type":"image\/jpeg"}],"author":"Reda\u00e7\u00e3o Sul SC","twitter_card":"summary_large_image","twitter_creator":"@https:\/\/twitter.com\/PortalSulSC","twitter_misc":{"Written by":"Reda\u00e7\u00e3o Sul SC","Est. reading time":"2 minutes"},"schema":{"@context":"https:\/\/schema.org","@graph":[{"@type":"WebPage","@id":"https:\/\/sulsc.com\/index.php\/2025\/07\/19\/sabado-19-de-tempo-fechado-nas-primeiras-horas-da-manha-e-abertura-de-sol-no-periodo-da-tarde\/","url":"https:\/\/sulsc.com\/index.php\/2025\/07\/19\/sabado-19-de-tempo-fechado-nas-primeiras-horas-da-manha-e-abertura-de-sol-no-periodo-da-tarde\/","name":"S\u00e1bado (19) de tempo fechado nas primeiras horas da manh\u00e3 e abertura de sol no per\u00edodo da tarde -","isPartOf":{"@id":"https:\/\/sulsc.com\/#website"},"datePublished":"2025-07-19T12:06:23+00:00","dateModified":"2025-07-19T12:06:23+00:00","author":{"@id":"https:\/\/sulsc.com\/#\/schema\/person\/84d2fc571684f6248ba83092f07750a3"},"breadcrumb":{"@id":"https:\/\/sulsc.com\/index.php\/2025\/07\/19\/sabado-19-de-tempo-fechado-nas-primeiras-horas-da-manha-e-abertura-de-sol-no-periodo-da-tarde\/#breadcrumb"},"inLanguage":"en-US","potentialAction":[{"@type":"ReadAction","target":["https:\/\/sulsc.com\/index.php\/2025\/07\/19\/sabado-19-de-tempo-fechado-nas-primeiras-horas-da-manha-e-abertura-de-sol-no-periodo-da-tarde\/"]}]},{"@type":"BreadcrumbList","@id":"https:\/\/sulsc.com\/index.php\/2025\/07\/19\/sabado-19-de-tempo-fechado-nas-primeiras-horas-da-manha-e-abertura-de-sol-no-periodo-da-tarde\/#breadcrumb","itemListElement":[{"@type":"ListItem","position":1,"name":"In\u00edcio","item":"https:\/\/sulsc.com\/"},{"@type":"ListItem","position":2,"name":"S\u00e1bado (19) de tempo fechado nas primeiras horas da manh\u00e3 e abertura de sol no per\u00edodo da tarde"}]},{"@type":"WebSite","@id":"https:\/\/sulsc.com\/#website","url":"https:\/\/sulsc.com\/","name":"","description":"","potentialAction":[{"@type":"SearchAction","target":{"@type":"EntryPoint","urlTemplate":"https:\/\/sulsc.com\/?s={search_term_string}"},"query-input":"required name=search_term_string"}],"inLanguage":"en-US"},{"@type":"Person","@id":"https:\/\/sulsc.com\/#\/schema\/person\/84d2fc571684f6248ba83092f07750a3","name":"Reda\u00e7\u00e3o Sul SC","image":{"@type":"ImageObject","inLanguage":"en-US","@id":"https:\/\/sulsc.com\/#\/schema\/person\/image\/e08d7fe2cc4ed596372063bbe852b8d0","url":"https:\/\/sulsc.com\/wp-content\/uploads\/2023\/09\/redacao.png","contentUrl":"https:\/\/sulsc.com\/wp-content\/uploads\/2023\/09\/redacao.png","caption":"Reda\u00e7\u00e3o Sul SC"},"description":"Foco em um jornalismo imparcial, voltado \u00e0 qualidade dos seus conte\u00fados e, assim, levar informa\u00e7\u00e3o de valor que agregue \u00e0 vida dos leitores. Esta \u00e9 grande miss\u00e3o do Portal de Not\u00edcias Sul SC. N\u00e3o \u00e9 quantidade que muda o mundo, sempre foi e seguir\u00e1 sendo qualidade!","sameAs":["https:\/\/sulsc.com\/","https:\/\/www.facebook.com\/profile.php?id=61559278119680","https:\/\/www.instagram.com\/sulscportal\/?hl=pt-br","https:\/\/twitter.com\/https:\/\/twitter.com\/PortalSulSC","https:\/\/www.youtube.com\/channel\/UCv_BE8GeySluDov2n8qhVmw"],"url":"https:\/\/sulsc.com\/index.php\/author\/redacao\/"}]}},"authors":[],"_links":{"self":[{"href":"https:\/\/sulsc.com\/index.php\/wp-json\/wp\/v2\/posts\/25531"}],"collection":[{"href":"https:\/\/sulsc.com\/index.php\/wp-json\/wp\/v2\/posts"}],"about":[{"href":"https:\/\/sulsc.com\/index.php\/wp-json\/wp\/v2\/types\/post"}],"author":[{"embeddable":true,"href":"https:\/\/sulsc.com\/index.php\/wp-json\/wp\/v2\/users\/3"}],"replies":[{"embeddable":true,"href":"https:\/\/sulsc.com\/index.php\/wp-json\/wp\/v2\/comments?post=25531"}],"version-history":[{"count":1,"href":"https:\/\/sulsc.com\/index.php\/wp-json\/wp\/v2\/posts\/25531\/revisions"}],"predecessor-version":[{"id":25534,"href":"https:\/\/sulsc.com\/index.php\/wp-json\/wp\/v2\/posts\/25531\/revisions\/25534"}],"wp:featuredmedia":[{"embeddable":true,"href":"https:\/\/sulsc.com\/index.php\/wp-json\/wp\/v2\/media\/14284"}],"wp:attachment":[{"href":"https:\/\/sulsc.com\/index.php\/wp-json\/wp\/v2\/media?parent=25531"}],"wp:term":[{"taxonomy":"category","embeddable":true,"href":"https:\/\/sulsc.com\/index.php\/wp-json\/wp\/v2\/categories?post=25531"},{"taxonomy":"post_tag","embeddable":true,"href":"https:\/\/sulsc.com\/index.php\/wp-json\/wp\/v2\/tags?post=25531"}],"curies":[{"name":"wp","href":"https:\/\/api.w.org\/{rel}","templated":true}]}}