{"id":25535,"date":"2025-07-19T09:27:13","date_gmt":"2025-07-19T12:27:13","guid":{"rendered":"https:\/\/sulsc.com\/?p=25535"},"modified":"2025-07-19T09:27:13","modified_gmt":"2025-07-19T12:27:13","slug":"homem-que-estuprava-sobrinha-de-11anos-e-condenado-a-28-anos-prisao-em-garopaba","status":"publish","type":"post","link":"https:\/\/sulsc.com\/index.php\/2025\/07\/19\/homem-que-estuprava-sobrinha-de-11anos-e-condenado-a-28-anos-prisao-em-garopaba\/","title":{"rendered":"Homem que estuprava sobrinha de 11anos \u00e9 condenado a 28 anos pris\u00e3o em Garopaba"},"content":{"rendered":"<p>Um homem foi condenado a pena de 28 anos de reclus\u00e3o pela pr\u00e1tica do crime de estupro de vulner\u00e1vel ap\u00f3s den\u00fancia do Minist\u00e9rio P\u00fablico de Santa Catarina (MPSC). O crime foi cometido ao menos cinco vezes contra a sobrinha do r\u00e9u, de apenas 11 anos, na Comarca de Garopaba.<\/p>\n<p>Os fatos ocorreram em 2019 quando a menina morava na mesma resid\u00eancia que o tio. O r\u00e9u se aproveitava de momentos em que o pai da v\u00edtima n\u00e3o estava em casa ou quando a bab\u00e1 estava em outros c\u00f4modos para praticar as pr\u00e1ticas libidinosas.<\/p>\n<p><img fetchpriority=\"high\" decoding=\"async\" class=\"aligncenter  wp-image-25335\" src=\"http:\/\/sulsc.com\/wp-content\/uploads\/2025\/07\/a-7.jpg\" alt=\"\" width=\"792\" height=\"776\" srcset=\"https:\/\/sulsc.com\/wp-content\/uploads\/2025\/07\/a-7.jpg 1080w, https:\/\/sulsc.com\/wp-content\/uploads\/2025\/07\/a-7-300x294.jpg 300w, https:\/\/sulsc.com\/wp-content\/uploads\/2025\/07\/a-7-1024x1004.jpg 1024w, https:\/\/sulsc.com\/wp-content\/uploads\/2025\/07\/a-7-768x753.jpg 768w\" sizes=\"(max-width: 792px) 100vw, 792px\" \/><\/p>\n<p style=\"text-align: center;\"><strong>Divulga\u00e7\u00e3o\/SulSC<\/strong><\/p>\n<p>Conforme sustentado na den\u00fancia da 2\u00aa Promotoria de Justi\u00e7a de Garopaba, a autoria e a exist\u00eancia dos fatos ficaram comprovadas por meio de depoimento especial da v\u00edtima e de familiares, al\u00e9m de boletim de ocorr\u00eancia e inqu\u00e9rito policial.<\/p>\n<p>Para que a menina n\u00e3o contasse sobre os estupros, o r\u00e9u afirmava que se ela relatasse, o pai teria nojo dela e a deixaria em um orfanato ou convento, assim como afirmava que mataria ele. Os fatos s\u00f3 chegaram a conhecimento das autoridades depois que uma amiga da v\u00edtima contou para a diretora da escola onde elas estudavam sobre os abusos que a menina havia lhe confessado ter sofrido.<\/p>\n<p>Conforme a decis\u00e3o da Justi\u00e7a, o r\u00e9u dever\u00e1 ainda pagar \u00e0 v\u00edtima, a t\u00edtulo de danos morais, o valor de R$ 50 mil.<\/p>\n<p>Fonte: MPSC<\/p>\n<p><strong>Publicidade<\/strong><\/p>\n<p><img decoding=\"async\" class=\"aligncenter  wp-image-24964\" src=\"http:\/\/sulsc.com\/wp-content\/uploads\/2025\/06\/Boulevard-FM-7.jpeg\" alt=\"\" width=\"699\" height=\"465\" srcset=\"https:\/\/sulsc.com\/wp-content\/uploads\/2025\/06\/Boulevard-FM-7.jpeg 1080w, https:\/\/sulsc.com\/wp-content\/uploads\/2025\/06\/Boulevard-FM-7-300x199.jpeg 300w, https:\/\/sulsc.com\/wp-content\/uploads\/2025\/06\/Boulevard-FM-7-1024x681.jpeg 1024w, https:\/\/sulsc.com\/wp-content\/uploads\/2025\/06\/Boulevard-FM-7-768x511.jpeg 768w\" sizes=\"(max-width: 699px) 100vw, 699px\" \/><\/p>\n","protected":false},"excerpt":{"rendered":"<p>Um homem foi condenado a pena de 28 anos de reclus\u00e3o pela pr\u00e1tica do crime de estupro de vulner\u00e1vel ap\u00f3s den\u00fancia do Minist\u00e9rio P\u00fablico de Santa Catarina (MPSC). O crime foi cometido ao menos cinco vezes contra a sobrinha do r\u00e9u, de apenas 11 anos, na Comarca de Garopaba. Os fatos ocorreram em 2019 quando &hellip;<\/p>\n<p class=\"read-more\"> <a class=\"\" href=\"https:\/\/sulsc.com\/index.php\/2025\/07\/19\/homem-que-estuprava-sobrinha-de-11anos-e-condenado-a-28-anos-prisao-em-garopaba\/\"> <span class=\"screen-reader-text\">Homem que estuprava sobrinha de 11anos \u00e9 condenado a 28 anos pris\u00e3o em Garopaba<\/span> Read More &raquo;<\/a><\/p>\n","protected":false},"author":3,"featured_media":3067,"comment_status":"open","ping_status":"open","sticky":false,"template":"","format":"standard","meta":{"site-sidebar-layout":"default","site-content-layout":"","ast-site-content-layout":"default","site-content-style":"default","site-sidebar-style":"default","ast-global-header-display":"","ast-banner-title-visibility":"","ast-main-header-display":"","ast-hfb-above-header-display":"","ast-hfb-below-header-display":"","ast-hfb-mobile-header-display":"","site-post-title":"","ast-breadcrumbs-content":"","ast-featured-img":"","footer-sml-layout":"","theme-transparent-header-meta":"default","adv-header-id-meta":"","stick-header-meta":"","header-above-stick-meta":"","header-main-stick-meta":"","header-below-stick-meta":"","astra-migrate-meta-layouts":"set","footnotes":""},"categories":[1982],"tags":[1621],"yoast_head":"<!-- This site is optimized with the Yoast SEO plugin v21.4 - https:\/\/yoast.com\/wordpress\/plugins\/seo\/ -->\n<title>Homem que estuprava sobrinha de 11anos \u00e9 condenado a 28 anos pris\u00e3o em Garopaba -<\/title>\n<meta name=\"description\" content=\"Para que a menina n\u00e3o contasse o r\u00e9u afirmava que se ela relatasse, o pai teria nojo dela e a deixaria em um orfanato ou convento\" \/>\n<meta name=\"robots\" content=\"index, follow, max-snippet:-1, max-image-preview:large, max-video-preview:-1\" \/>\n<link rel=\"canonical\" href=\"https:\/\/sulsc.com\/index.php\/2025\/07\/19\/homem-que-estuprava-sobrinha-de-11anos-e-condenado-a-28-anos-prisao-em-garopaba\/\" \/>\n<meta property=\"og:locale\" content=\"en_US\" \/>\n<meta property=\"og:type\" content=\"article\" \/>\n<meta property=\"og:title\" content=\"Homem que estuprava sobrinha de 11anos \u00e9 condenado a 28 anos pris\u00e3o em Garopaba -\" \/>\n<meta property=\"og:description\" content=\"Para que a menina n\u00e3o contasse o r\u00e9u afirmava que se ela relatasse, o pai teria nojo dela e a deixaria em um orfanato ou convento\" \/>\n<meta property=\"og:url\" content=\"https:\/\/sulsc.com\/index.php\/2025\/07\/19\/homem-que-estuprava-sobrinha-de-11anos-e-condenado-a-28-anos-prisao-em-garopaba\/\" \/>\n<meta property=\"article:author\" content=\"https:\/\/www.facebook.com\/profile.php?id=61559278119680\" \/>\n<meta property=\"article:published_time\" content=\"2025-07-19T12:27:13+00:00\" \/>\n<meta property=\"og:image\" content=\"http:\/\/sulsc.com\/wp-content\/uploads\/2023\/10\/Abuso-sexual-adolescente.jpg\" \/>\n\t<meta property=\"og:image:width\" content=\"626\" \/>\n\t<meta property=\"og:image:height\" content=\"417\" \/>\n\t<meta property=\"og:image:type\" content=\"image\/jpeg\" \/>\n<meta name=\"author\" content=\"Reda\u00e7\u00e3o Sul SC\" \/>\n<meta name=\"twitter:card\" content=\"summary_large_image\" \/>\n<meta name=\"twitter:creator\" content=\"@https:\/\/twitter.com\/PortalSulSC\" \/>\n<meta name=\"twitter:label1\" content=\"Written by\" \/>\n\t<meta name=\"twitter:data1\" content=\"Reda\u00e7\u00e3o Sul SC\" \/>\n\t<meta name=\"twitter:label2\" content=\"Est. reading time\" \/>\n\t<meta name=\"twitter:data2\" content=\"2 minutes\" \/>\n<script type=\"application\/ld+json\" class=\"yoast-schema-graph\">{\"@context\":\"https:\/\/schema.org\",\"@graph\":[{\"@type\":\"WebPage\",\"@id\":\"https:\/\/sulsc.com\/index.php\/2025\/07\/19\/homem-que-estuprava-sobrinha-de-11anos-e-condenado-a-28-anos-prisao-em-garopaba\/\",\"url\":\"https:\/\/sulsc.com\/index.php\/2025\/07\/19\/homem-que-estuprava-sobrinha-de-11anos-e-condenado-a-28-anos-prisao-em-garopaba\/\",\"name\":\"Homem que estuprava sobrinha de 11anos \u00e9 condenado a 28 anos pris\u00e3o em Garopaba -\",\"isPartOf\":{\"@id\":\"https:\/\/sulsc.com\/#website\"},\"datePublished\":\"2025-07-19T12:27:13+00:00\",\"dateModified\":\"2025-07-19T12:27:13+00:00\",\"author\":{\"@id\":\"https:\/\/sulsc.com\/#\/schema\/person\/84d2fc571684f6248ba83092f07750a3\"},\"description\":\"Para que a menina n\u00e3o contasse o r\u00e9u afirmava que se ela relatasse, o pai teria nojo dela e a deixaria em um orfanato ou convento\",\"breadcrumb\":{\"@id\":\"https:\/\/sulsc.com\/index.php\/2025\/07\/19\/homem-que-estuprava-sobrinha-de-11anos-e-condenado-a-28-anos-prisao-em-garopaba\/#breadcrumb\"},\"inLanguage\":\"en-US\",\"potentialAction\":[{\"@type\":\"ReadAction\",\"target\":[\"https:\/\/sulsc.com\/index.php\/2025\/07\/19\/homem-que-estuprava-sobrinha-de-11anos-e-condenado-a-28-anos-prisao-em-garopaba\/\"]}]},{\"@type\":\"BreadcrumbList\",\"@id\":\"https:\/\/sulsc.com\/index.php\/2025\/07\/19\/homem-que-estuprava-sobrinha-de-11anos-e-condenado-a-28-anos-prisao-em-garopaba\/#breadcrumb\",\"itemListElement\":[{\"@type\":\"ListItem\",\"position\":1,\"name\":\"In\u00edcio\",\"item\":\"https:\/\/sulsc.com\/\"},{\"@type\":\"ListItem\",\"position\":2,\"name\":\"Homem que estuprava sobrinha de 11anos \u00e9 condenado a 28 anos pris\u00e3o em Garopaba\"}]},{\"@type\":\"WebSite\",\"@id\":\"https:\/\/sulsc.com\/#website\",\"url\":\"https:\/\/sulsc.com\/\",\"name\":\"\",\"description\":\"\",\"potentialAction\":[{\"@type\":\"SearchAction\",\"target\":{\"@type\":\"EntryPoint\",\"urlTemplate\":\"https:\/\/sulsc.com\/?s={search_term_string}\"},\"query-input\":\"required name=search_term_string\"}],\"inLanguage\":\"en-US\"},{\"@type\":\"Person\",\"@id\":\"https:\/\/sulsc.com\/#\/schema\/person\/84d2fc571684f6248ba83092f07750a3\",\"name\":\"Reda\u00e7\u00e3o Sul SC\",\"image\":{\"@type\":\"ImageObject\",\"inLanguage\":\"en-US\",\"@id\":\"https:\/\/sulsc.com\/#\/schema\/person\/image\/e08d7fe2cc4ed596372063bbe852b8d0\",\"url\":\"https:\/\/sulsc.com\/wp-content\/uploads\/2023\/09\/redacao.png\",\"contentUrl\":\"https:\/\/sulsc.com\/wp-content\/uploads\/2023\/09\/redacao.png\",\"caption\":\"Reda\u00e7\u00e3o Sul SC\"},\"description\":\"Foco em um jornalismo imparcial, voltado \u00e0 qualidade dos seus conte\u00fados e, assim, levar informa\u00e7\u00e3o de valor que agregue \u00e0 vida dos leitores. Esta \u00e9 grande miss\u00e3o do Portal de Not\u00edcias Sul SC. N\u00e3o \u00e9 quantidade que muda o mundo, sempre foi e seguir\u00e1 sendo qualidade!\",\"sameAs\":[\"https:\/\/sulsc.com\/\",\"https:\/\/www.facebook.com\/profile.php?id=61559278119680\",\"https:\/\/www.instagram.com\/sulscportal\/?hl=pt-br\",\"https:\/\/twitter.com\/https:\/\/twitter.com\/PortalSulSC\",\"https:\/\/www.youtube.com\/channel\/UCv_BE8GeySluDov2n8qhVmw\"],\"url\":\"https:\/\/sulsc.com\/index.php\/author\/redacao\/\"}]}<\/script>\n<!-- \/ Yoast SEO plugin. -->","yoast_head_json":{"title":"Homem que estuprava sobrinha de 11anos \u00e9 condenado a 28 anos pris\u00e3o em Garopaba -","description":"Para que a menina n\u00e3o contasse o r\u00e9u afirmava que se ela relatasse, o pai teria nojo dela e a deixaria em um orfanato ou convento","robots":{"index":"index","follow":"follow","max-snippet":"max-snippet:-1","max-image-preview":"max-image-preview:large","max-video-preview":"max-video-preview:-1"},"canonical":"https:\/\/sulsc.com\/index.php\/2025\/07\/19\/homem-que-estuprava-sobrinha-de-11anos-e-condenado-a-28-anos-prisao-em-garopaba\/","og_locale":"en_US","og_type":"article","og_title":"Homem que estuprava sobrinha de 11anos \u00e9 condenado a 28 anos pris\u00e3o em Garopaba -","og_description":"Para que a menina n\u00e3o contasse o r\u00e9u afirmava que se ela relatasse, o pai teria nojo dela e a deixaria em um orfanato ou convento","og_url":"https:\/\/sulsc.com\/index.php\/2025\/07\/19\/homem-que-estuprava-sobrinha-de-11anos-e-condenado-a-28-anos-prisao-em-garopaba\/","article_author":"https:\/\/www.facebook.com\/profile.php?id=61559278119680","article_published_time":"2025-07-19T12:27:13+00:00","og_image":[{"width":626,"height":417,"url":"http:\/\/sulsc.com\/wp-content\/uploads\/2023\/10\/Abuso-sexual-adolescente.jpg","type":"image\/jpeg"}],"author":"Reda\u00e7\u00e3o Sul SC","twitter_card":"summary_large_image","twitter_creator":"@https:\/\/twitter.com\/PortalSulSC","twitter_misc":{"Written by":"Reda\u00e7\u00e3o Sul SC","Est. reading time":"2 minutes"},"schema":{"@context":"https:\/\/schema.org","@graph":[{"@type":"WebPage","@id":"https:\/\/sulsc.com\/index.php\/2025\/07\/19\/homem-que-estuprava-sobrinha-de-11anos-e-condenado-a-28-anos-prisao-em-garopaba\/","url":"https:\/\/sulsc.com\/index.php\/2025\/07\/19\/homem-que-estuprava-sobrinha-de-11anos-e-condenado-a-28-anos-prisao-em-garopaba\/","name":"Homem que estuprava sobrinha de 11anos \u00e9 condenado a 28 anos pris\u00e3o em Garopaba -","isPartOf":{"@id":"https:\/\/sulsc.com\/#website"},"datePublished":"2025-07-19T12:27:13+00:00","dateModified":"2025-07-19T12:27:13+00:00","author":{"@id":"https:\/\/sulsc.com\/#\/schema\/person\/84d2fc571684f6248ba83092f07750a3"},"description":"Para que a menina n\u00e3o contasse o r\u00e9u afirmava que se ela relatasse, o pai teria nojo dela e a deixaria em um orfanato ou convento","breadcrumb":{"@id":"https:\/\/sulsc.com\/index.php\/2025\/07\/19\/homem-que-estuprava-sobrinha-de-11anos-e-condenado-a-28-anos-prisao-em-garopaba\/#breadcrumb"},"inLanguage":"en-US","potentialAction":[{"@type":"ReadAction","target":["https:\/\/sulsc.com\/index.php\/2025\/07\/19\/homem-que-estuprava-sobrinha-de-11anos-e-condenado-a-28-anos-prisao-em-garopaba\/"]}]},{"@type":"BreadcrumbList","@id":"https:\/\/sulsc.com\/index.php\/2025\/07\/19\/homem-que-estuprava-sobrinha-de-11anos-e-condenado-a-28-anos-prisao-em-garopaba\/#breadcrumb","itemListElement":[{"@type":"ListItem","position":1,"name":"In\u00edcio","item":"https:\/\/sulsc.com\/"},{"@type":"ListItem","position":2,"name":"Homem que estuprava sobrinha de 11anos \u00e9 condenado a 28 anos pris\u00e3o em Garopaba"}]},{"@type":"WebSite","@id":"https:\/\/sulsc.com\/#website","url":"https:\/\/sulsc.com\/","name":"","description":"","potentialAction":[{"@type":"SearchAction","target":{"@type":"EntryPoint","urlTemplate":"https:\/\/sulsc.com\/?s={search_term_string}"},"query-input":"required name=search_term_string"}],"inLanguage":"en-US"},{"@type":"Person","@id":"https:\/\/sulsc.com\/#\/schema\/person\/84d2fc571684f6248ba83092f07750a3","name":"Reda\u00e7\u00e3o Sul SC","image":{"@type":"ImageObject","inLanguage":"en-US","@id":"https:\/\/sulsc.com\/#\/schema\/person\/image\/e08d7fe2cc4ed596372063bbe852b8d0","url":"https:\/\/sulsc.com\/wp-content\/uploads\/2023\/09\/redacao.png","contentUrl":"https:\/\/sulsc.com\/wp-content\/uploads\/2023\/09\/redacao.png","caption":"Reda\u00e7\u00e3o Sul SC"},"description":"Foco em um jornalismo imparcial, voltado \u00e0 qualidade dos seus conte\u00fados e, assim, levar informa\u00e7\u00e3o de valor que agregue \u00e0 vida dos leitores. Esta \u00e9 grande miss\u00e3o do Portal de Not\u00edcias Sul SC. N\u00e3o \u00e9 quantidade que muda o mundo, sempre foi e seguir\u00e1 sendo qualidade!","sameAs":["https:\/\/sulsc.com\/","https:\/\/www.facebook.com\/profile.php?id=61559278119680","https:\/\/www.instagram.com\/sulscportal\/?hl=pt-br","https:\/\/twitter.com\/https:\/\/twitter.com\/PortalSulSC","https:\/\/www.youtube.com\/channel\/UCv_BE8GeySluDov2n8qhVmw"],"url":"https:\/\/sulsc.com\/index.php\/author\/redacao\/"}]}},"authors":[],"_links":{"self":[{"href":"https:\/\/sulsc.com\/index.php\/wp-json\/wp\/v2\/posts\/25535"}],"collection":[{"href":"https:\/\/sulsc.com\/index.php\/wp-json\/wp\/v2\/posts"}],"about":[{"href":"https:\/\/sulsc.com\/index.php\/wp-json\/wp\/v2\/types\/post"}],"author":[{"embeddable":true,"href":"https:\/\/sulsc.com\/index.php\/wp-json\/wp\/v2\/users\/3"}],"replies":[{"embeddable":true,"href":"https:\/\/sulsc.com\/index.php\/wp-json\/wp\/v2\/comments?post=25535"}],"version-history":[{"count":1,"href":"https:\/\/sulsc.com\/index.php\/wp-json\/wp\/v2\/posts\/25535\/revisions"}],"predecessor-version":[{"id":25536,"href":"https:\/\/sulsc.com\/index.php\/wp-json\/wp\/v2\/posts\/25535\/revisions\/25536"}],"wp:featuredmedia":[{"embeddable":true,"href":"https:\/\/sulsc.com\/index.php\/wp-json\/wp\/v2\/media\/3067"}],"wp:attachment":[{"href":"https:\/\/sulsc.com\/index.php\/wp-json\/wp\/v2\/media?parent=25535"}],"wp:term":[{"taxonomy":"category","embeddable":true,"href":"https:\/\/sulsc.com\/index.php\/wp-json\/wp\/v2\/categories?post=25535"},{"taxonomy":"post_tag","embeddable":true,"href":"https:\/\/sulsc.com\/index.php\/wp-json\/wp\/v2\/tags?post=25535"}],"curies":[{"name":"wp","href":"https:\/\/api.w.org\/{rel}","templated":true}]}}