{"id":25672,"date":"2025-07-24T07:28:05","date_gmt":"2025-07-24T10:28:05","guid":{"rendered":"https:\/\/sulsc.com\/?p=25672"},"modified":"2025-07-24T07:28:05","modified_gmt":"2025-07-24T10:28:05","slug":"quinta-feira-24-de-tempo-fechado-e-chuva-isolada-com-maximas-de-20oc","status":"publish","type":"post","link":"https:\/\/sulsc.com\/index.php\/2025\/07\/24\/quinta-feira-24-de-tempo-fechado-e-chuva-isolada-com-maximas-de-20oc\/","title":{"rendered":"Quinta-feira (24) de tempo fechado e chuva isolada com m\u00e1ximas de 20\u00baC"},"content":{"rendered":"<p>Nesta quinta-feira (24) ser\u00e1 com aumento de nuvens com condi\u00e7\u00f5es de pancadas chuva isolada e trovoadas em SC, devido a um cavado (\u00e1rea de baixa press\u00e3o), primeiramente na divisa com o RS, onde fica mais nublado no decorrer do dia especialmente a partir da tarde.<\/p>\n<p>Vale destacar a condi\u00e7\u00e3o para temporais isolados no Grande Oeste catarinense, enquanto nas \u00e1reas litor\u00e2neas a chuva pode ocorrer de forma persistente. H\u00e1 risco baixo a moderado para alagamentos, destelhamentos e queda de galhos e \u00e1rvores, sobretudo no Oeste do estado.<\/p>\n<p><strong>Temperaturas<\/strong><\/p>\n<p>A nebulosidade impede uma eleva\u00e7\u00e3o significativa das temperaturas, marcando entre 11\u00b0C e 15\u00b0C dos planaltos ao litoral, enquanto no Oeste, com maiores aberturas de sol, podem alcan\u00e7ar at\u00e9 os 20\u00b0C.<\/p>\n<div id=\"metaslider-id-25573\" style=\"width: 100%;\" class=\"ml-slider-3-99-0 metaslider metaslider-flex metaslider-25573 ml-slider has-onhover-arrows ms-theme-default-base has-dots-nav\" role=\"region\" aria-label=\"Meio\" data-width=\"1200\">\n    <div id=\"metaslider_container_25573\">\n        <div id=\"metaslider_25573\">\n            <ul class='slides'>\n                <li style=\"display: block; width: 100%;\" class=\"slide-25684 ms-image \" aria-roledescription=\"slide\" data-date=\"2025-07-24 07:55:40\"><img src=\"https:\/\/sulsc.com\/wp-content\/uploads\/2025\/07\/Marr-2-1000x166.jpg\" height=\"200\" width=\"1200\" alt=\"\" class=\"slider-25573 slide-25684 msDefaultImage\" title=\"Marr 2\" \/><\/li>\n                <li style=\"display: none; width: 100%;\" class=\"slide-32412 ms-image \" aria-roledescription=\"slide\" data-date=\"2026-02-18 13:59:46\"><img src=\"https:\/\/sulsc.com\/wp-content\/uploads\/2026\/02\/40dc1580-cad5-4867-bc58-c4243821ad38-1000x166.jpeg\" height=\"200\" width=\"1200\" alt=\"\" class=\"slider-25573 slide-32412 msDefaultImage\" title=\"40dc1580-cad5-4867-bc58-c4243821ad38\" \/><\/li>\n                <li style=\"display: none; width: 100%;\" class=\"slide-32766 ms-image \" aria-roledescription=\"slide\" data-date=\"2026-03-03 17:22:59\"><img src=\"https:\/\/sulsc.com\/wp-content\/uploads\/2026\/03\/271ce739-f268-41c5-8051-3de1a1750359-1000x166.jpeg\" height=\"200\" width=\"1200\" alt=\"\" class=\"slider-25573 slide-32766 msDefaultImage\" title=\"271ce739-f268-41c5-8051-3de1a1750359\" \/><\/li>\n            <\/ul>\n        <\/div>\n        \n    <\/div>\n<\/div>\n<p><strong>Vento:<\/strong> sudeste a nordeste, fraco a moderado, com rajadas.<\/p>\n<p><strong>Sistema predominante:<\/strong> proximidade de um sistema de alta press\u00e3o (massa de ar frio e seco) e presen\u00e7a de um cavado.<\/p>\n<p><img fetchpriority=\"high\" decoding=\"async\" class=\"aligncenter size-full wp-image-25673\" src=\"http:\/\/sulsc.com\/wp-content\/uploads\/2025\/07\/a-12.png\" alt=\"\" width=\"1651\" height=\"1126\" srcset=\"https:\/\/sulsc.com\/wp-content\/uploads\/2025\/07\/a-12.png 1651w, https:\/\/sulsc.com\/wp-content\/uploads\/2025\/07\/a-12-300x205.png 300w, https:\/\/sulsc.com\/wp-content\/uploads\/2025\/07\/a-12-1024x698.png 1024w, https:\/\/sulsc.com\/wp-content\/uploads\/2025\/07\/a-12-768x524.png 768w, https:\/\/sulsc.com\/wp-content\/uploads\/2025\/07\/a-12-1536x1048.png 1536w\" sizes=\"(max-width: 1651px) 100vw, 1651px\" \/><\/p>\n<p><img decoding=\"async\" class=\"aligncenter size-full wp-image-22836\" src=\"http:\/\/sulsc.com\/wp-content\/uploads\/2025\/04\/Tempo-2.png\" alt=\"\" width=\"1024\" height=\"189\" srcset=\"https:\/\/sulsc.com\/wp-content\/uploads\/2025\/04\/Tempo-2.png 1024w, https:\/\/sulsc.com\/wp-content\/uploads\/2025\/04\/Tempo-2-300x55.png 300w, https:\/\/sulsc.com\/wp-content\/uploads\/2025\/04\/Tempo-2-768x142.png 768w\" sizes=\"(max-width: 1024px) 100vw, 1024px\" \/><\/p>\n<p>Fonte: Defesa Civil SC\/Epagri-Ciram<\/p>\n","protected":false},"excerpt":{"rendered":"<p>Nesta quinta-feira (24) ser\u00e1 com aumento de nuvens com condi\u00e7\u00f5es de pancadas chuva isolada e trovoadas em SC, devido a um cavado (\u00e1rea de baixa press\u00e3o), primeiramente na divisa com o RS, onde fica mais nublado no decorrer do dia especialmente a partir da tarde. Vale destacar a condi\u00e7\u00e3o para temporais isolados no Grande Oeste &hellip;<\/p>\n<p class=\"read-more\"> <a class=\"\" href=\"https:\/\/sulsc.com\/index.php\/2025\/07\/24\/quinta-feira-24-de-tempo-fechado-e-chuva-isolada-com-maximas-de-20oc\/\"> <span class=\"screen-reader-text\">Quinta-feira (24) de tempo fechado e chuva isolada com m\u00e1ximas de 20\u00baC<\/span> Read More &raquo;<\/a><\/p>\n","protected":false},"author":3,"featured_media":14276,"comment_status":"open","ping_status":"open","sticky":false,"template":"","format":"standard","meta":{"site-sidebar-layout":"default","site-content-layout":"","ast-site-content-layout":"default","site-content-style":"default","site-sidebar-style":"default","ast-global-header-display":"","ast-banner-title-visibility":"","ast-main-header-display":"","ast-hfb-above-header-display":"","ast-hfb-below-header-display":"","ast-hfb-mobile-header-display":"","site-post-title":"","ast-breadcrumbs-content":"","ast-featured-img":"","footer-sml-layout":"","theme-transparent-header-meta":"default","adv-header-id-meta":"","stick-header-meta":"","header-above-stick-meta":"","header-main-stick-meta":"","header-below-stick-meta":"","astra-migrate-meta-layouts":"set","footnotes":""},"categories":[38],"tags":[90],"yoast_head":"<!-- This site is optimized with the Yoast SEO plugin v21.4 - https:\/\/yoast.com\/wordpress\/plugins\/seo\/ -->\n<title>Quinta-feira (24) de tempo fechado e chuva isolada com m\u00e1ximas de 20\u00baC -<\/title>\n<meta name=\"description\" content=\"H\u00e1 risco baixo a moderado para alagamentos destelhamentos e queda de galhos e \u00e1rvores, sobretudo no Oeste do estado\" \/>\n<meta name=\"robots\" content=\"index, follow, max-snippet:-1, max-image-preview:large, max-video-preview:-1\" \/>\n<link rel=\"canonical\" href=\"https:\/\/sulsc.com\/index.php\/2025\/07\/24\/quinta-feira-24-de-tempo-fechado-e-chuva-isolada-com-maximas-de-20oc\/\" \/>\n<meta property=\"og:locale\" content=\"en_US\" \/>\n<meta property=\"og:type\" content=\"article\" \/>\n<meta property=\"og:title\" content=\"Quinta-feira (24) de tempo fechado e chuva isolada com m\u00e1ximas de 20\u00baC -\" \/>\n<meta property=\"og:description\" content=\"H\u00e1 risco baixo a moderado para alagamentos destelhamentos e queda de galhos e \u00e1rvores, sobretudo no Oeste do estado\" \/>\n<meta property=\"og:url\" content=\"https:\/\/sulsc.com\/index.php\/2025\/07\/24\/quinta-feira-24-de-tempo-fechado-e-chuva-isolada-com-maximas-de-20oc\/\" \/>\n<meta property=\"article:author\" content=\"https:\/\/www.facebook.com\/profile.php?id=61559278119680\" \/>\n<meta property=\"article:published_time\" content=\"2025-07-24T10:28:05+00:00\" \/>\n<meta property=\"og:image\" content=\"http:\/\/sulsc.com\/wp-content\/uploads\/2024\/07\/tempo-nublado-2.jpeg\" \/>\n\t<meta property=\"og:image:width\" content=\"1600\" \/>\n\t<meta property=\"og:image:height\" content=\"900\" \/>\n\t<meta property=\"og:image:type\" content=\"image\/jpeg\" \/>\n<meta name=\"author\" content=\"Reda\u00e7\u00e3o Sul SC\" \/>\n<meta name=\"twitter:card\" content=\"summary_large_image\" \/>\n<meta name=\"twitter:creator\" content=\"@https:\/\/twitter.com\/PortalSulSC\" \/>\n<meta name=\"twitter:label1\" content=\"Written by\" \/>\n\t<meta name=\"twitter:data1\" content=\"Reda\u00e7\u00e3o Sul SC\" \/>\n\t<meta name=\"twitter:label2\" content=\"Est. reading time\" \/>\n\t<meta name=\"twitter:data2\" content=\"2 minutes\" \/>\n<script type=\"application\/ld+json\" class=\"yoast-schema-graph\">{\"@context\":\"https:\/\/schema.org\",\"@graph\":[{\"@type\":\"WebPage\",\"@id\":\"https:\/\/sulsc.com\/index.php\/2025\/07\/24\/quinta-feira-24-de-tempo-fechado-e-chuva-isolada-com-maximas-de-20oc\/\",\"url\":\"https:\/\/sulsc.com\/index.php\/2025\/07\/24\/quinta-feira-24-de-tempo-fechado-e-chuva-isolada-com-maximas-de-20oc\/\",\"name\":\"Quinta-feira (24) de tempo fechado e chuva isolada com m\u00e1ximas de 20\u00baC -\",\"isPartOf\":{\"@id\":\"https:\/\/sulsc.com\/#website\"},\"datePublished\":\"2025-07-24T10:28:05+00:00\",\"dateModified\":\"2025-07-24T10:28:05+00:00\",\"author\":{\"@id\":\"https:\/\/sulsc.com\/#\/schema\/person\/84d2fc571684f6248ba83092f07750a3\"},\"description\":\"H\u00e1 risco baixo a moderado para alagamentos destelhamentos e queda de galhos e \u00e1rvores, sobretudo no Oeste do estado\",\"breadcrumb\":{\"@id\":\"https:\/\/sulsc.com\/index.php\/2025\/07\/24\/quinta-feira-24-de-tempo-fechado-e-chuva-isolada-com-maximas-de-20oc\/#breadcrumb\"},\"inLanguage\":\"en-US\",\"potentialAction\":[{\"@type\":\"ReadAction\",\"target\":[\"https:\/\/sulsc.com\/index.php\/2025\/07\/24\/quinta-feira-24-de-tempo-fechado-e-chuva-isolada-com-maximas-de-20oc\/\"]}]},{\"@type\":\"BreadcrumbList\",\"@id\":\"https:\/\/sulsc.com\/index.php\/2025\/07\/24\/quinta-feira-24-de-tempo-fechado-e-chuva-isolada-com-maximas-de-20oc\/#breadcrumb\",\"itemListElement\":[{\"@type\":\"ListItem\",\"position\":1,\"name\":\"In\u00edcio\",\"item\":\"https:\/\/sulsc.com\/\"},{\"@type\":\"ListItem\",\"position\":2,\"name\":\"Quinta-feira (24) de tempo fechado e chuva isolada com m\u00e1ximas de 20\u00baC\"}]},{\"@type\":\"WebSite\",\"@id\":\"https:\/\/sulsc.com\/#website\",\"url\":\"https:\/\/sulsc.com\/\",\"name\":\"\",\"description\":\"\",\"potentialAction\":[{\"@type\":\"SearchAction\",\"target\":{\"@type\":\"EntryPoint\",\"urlTemplate\":\"https:\/\/sulsc.com\/?s={search_term_string}\"},\"query-input\":\"required name=search_term_string\"}],\"inLanguage\":\"en-US\"},{\"@type\":\"Person\",\"@id\":\"https:\/\/sulsc.com\/#\/schema\/person\/84d2fc571684f6248ba83092f07750a3\",\"name\":\"Reda\u00e7\u00e3o Sul SC\",\"image\":{\"@type\":\"ImageObject\",\"inLanguage\":\"en-US\",\"@id\":\"https:\/\/sulsc.com\/#\/schema\/person\/image\/e08d7fe2cc4ed596372063bbe852b8d0\",\"url\":\"https:\/\/sulsc.com\/wp-content\/uploads\/2023\/09\/redacao.png\",\"contentUrl\":\"https:\/\/sulsc.com\/wp-content\/uploads\/2023\/09\/redacao.png\",\"caption\":\"Reda\u00e7\u00e3o Sul SC\"},\"description\":\"Foco em um jornalismo imparcial, voltado \u00e0 qualidade dos seus conte\u00fados e, assim, levar informa\u00e7\u00e3o de valor que agregue \u00e0 vida dos leitores. Esta \u00e9 grande miss\u00e3o do Portal de Not\u00edcias Sul SC. N\u00e3o \u00e9 quantidade que muda o mundo, sempre foi e seguir\u00e1 sendo qualidade!\",\"sameAs\":[\"https:\/\/sulsc.com\/\",\"https:\/\/www.facebook.com\/profile.php?id=61559278119680\",\"https:\/\/www.instagram.com\/sulscportal\/?hl=pt-br\",\"https:\/\/twitter.com\/https:\/\/twitter.com\/PortalSulSC\",\"https:\/\/www.youtube.com\/channel\/UCv_BE8GeySluDov2n8qhVmw\"],\"url\":\"https:\/\/sulsc.com\/index.php\/author\/redacao\/\"}]}<\/script>\n<!-- \/ Yoast SEO plugin. -->","yoast_head_json":{"title":"Quinta-feira (24) de tempo fechado e chuva isolada com m\u00e1ximas de 20\u00baC -","description":"H\u00e1 risco baixo a moderado para alagamentos destelhamentos e queda de galhos e \u00e1rvores, sobretudo no Oeste do estado","robots":{"index":"index","follow":"follow","max-snippet":"max-snippet:-1","max-image-preview":"max-image-preview:large","max-video-preview":"max-video-preview:-1"},"canonical":"https:\/\/sulsc.com\/index.php\/2025\/07\/24\/quinta-feira-24-de-tempo-fechado-e-chuva-isolada-com-maximas-de-20oc\/","og_locale":"en_US","og_type":"article","og_title":"Quinta-feira (24) de tempo fechado e chuva isolada com m\u00e1ximas de 20\u00baC -","og_description":"H\u00e1 risco baixo a moderado para alagamentos destelhamentos e queda de galhos e \u00e1rvores, sobretudo no Oeste do estado","og_url":"https:\/\/sulsc.com\/index.php\/2025\/07\/24\/quinta-feira-24-de-tempo-fechado-e-chuva-isolada-com-maximas-de-20oc\/","article_author":"https:\/\/www.facebook.com\/profile.php?id=61559278119680","article_published_time":"2025-07-24T10:28:05+00:00","og_image":[{"width":1600,"height":900,"url":"http:\/\/sulsc.com\/wp-content\/uploads\/2024\/07\/tempo-nublado-2.jpeg","type":"image\/jpeg"}],"author":"Reda\u00e7\u00e3o Sul SC","twitter_card":"summary_large_image","twitter_creator":"@https:\/\/twitter.com\/PortalSulSC","twitter_misc":{"Written by":"Reda\u00e7\u00e3o Sul SC","Est. reading time":"2 minutes"},"schema":{"@context":"https:\/\/schema.org","@graph":[{"@type":"WebPage","@id":"https:\/\/sulsc.com\/index.php\/2025\/07\/24\/quinta-feira-24-de-tempo-fechado-e-chuva-isolada-com-maximas-de-20oc\/","url":"https:\/\/sulsc.com\/index.php\/2025\/07\/24\/quinta-feira-24-de-tempo-fechado-e-chuva-isolada-com-maximas-de-20oc\/","name":"Quinta-feira (24) de tempo fechado e chuva isolada com m\u00e1ximas de 20\u00baC -","isPartOf":{"@id":"https:\/\/sulsc.com\/#website"},"datePublished":"2025-07-24T10:28:05+00:00","dateModified":"2025-07-24T10:28:05+00:00","author":{"@id":"https:\/\/sulsc.com\/#\/schema\/person\/84d2fc571684f6248ba83092f07750a3"},"description":"H\u00e1 risco baixo a moderado para alagamentos destelhamentos e queda de galhos e \u00e1rvores, sobretudo no Oeste do estado","breadcrumb":{"@id":"https:\/\/sulsc.com\/index.php\/2025\/07\/24\/quinta-feira-24-de-tempo-fechado-e-chuva-isolada-com-maximas-de-20oc\/#breadcrumb"},"inLanguage":"en-US","potentialAction":[{"@type":"ReadAction","target":["https:\/\/sulsc.com\/index.php\/2025\/07\/24\/quinta-feira-24-de-tempo-fechado-e-chuva-isolada-com-maximas-de-20oc\/"]}]},{"@type":"BreadcrumbList","@id":"https:\/\/sulsc.com\/index.php\/2025\/07\/24\/quinta-feira-24-de-tempo-fechado-e-chuva-isolada-com-maximas-de-20oc\/#breadcrumb","itemListElement":[{"@type":"ListItem","position":1,"name":"In\u00edcio","item":"https:\/\/sulsc.com\/"},{"@type":"ListItem","position":2,"name":"Quinta-feira (24) de tempo fechado e chuva isolada com m\u00e1ximas de 20\u00baC"}]},{"@type":"WebSite","@id":"https:\/\/sulsc.com\/#website","url":"https:\/\/sulsc.com\/","name":"","description":"","potentialAction":[{"@type":"SearchAction","target":{"@type":"EntryPoint","urlTemplate":"https:\/\/sulsc.com\/?s={search_term_string}"},"query-input":"required name=search_term_string"}],"inLanguage":"en-US"},{"@type":"Person","@id":"https:\/\/sulsc.com\/#\/schema\/person\/84d2fc571684f6248ba83092f07750a3","name":"Reda\u00e7\u00e3o Sul SC","image":{"@type":"ImageObject","inLanguage":"en-US","@id":"https:\/\/sulsc.com\/#\/schema\/person\/image\/e08d7fe2cc4ed596372063bbe852b8d0","url":"https:\/\/sulsc.com\/wp-content\/uploads\/2023\/09\/redacao.png","contentUrl":"https:\/\/sulsc.com\/wp-content\/uploads\/2023\/09\/redacao.png","caption":"Reda\u00e7\u00e3o Sul SC"},"description":"Foco em um jornalismo imparcial, voltado \u00e0 qualidade dos seus conte\u00fados e, assim, levar informa\u00e7\u00e3o de valor que agregue \u00e0 vida dos leitores. Esta \u00e9 grande miss\u00e3o do Portal de Not\u00edcias Sul SC. N\u00e3o \u00e9 quantidade que muda o mundo, sempre foi e seguir\u00e1 sendo qualidade!","sameAs":["https:\/\/sulsc.com\/","https:\/\/www.facebook.com\/profile.php?id=61559278119680","https:\/\/www.instagram.com\/sulscportal\/?hl=pt-br","https:\/\/twitter.com\/https:\/\/twitter.com\/PortalSulSC","https:\/\/www.youtube.com\/channel\/UCv_BE8GeySluDov2n8qhVmw"],"url":"https:\/\/sulsc.com\/index.php\/author\/redacao\/"}]}},"authors":[],"_links":{"self":[{"href":"https:\/\/sulsc.com\/index.php\/wp-json\/wp\/v2\/posts\/25672"}],"collection":[{"href":"https:\/\/sulsc.com\/index.php\/wp-json\/wp\/v2\/posts"}],"about":[{"href":"https:\/\/sulsc.com\/index.php\/wp-json\/wp\/v2\/types\/post"}],"author":[{"embeddable":true,"href":"https:\/\/sulsc.com\/index.php\/wp-json\/wp\/v2\/users\/3"}],"replies":[{"embeddable":true,"href":"https:\/\/sulsc.com\/index.php\/wp-json\/wp\/v2\/comments?post=25672"}],"version-history":[{"count":1,"href":"https:\/\/sulsc.com\/index.php\/wp-json\/wp\/v2\/posts\/25672\/revisions"}],"predecessor-version":[{"id":25674,"href":"https:\/\/sulsc.com\/index.php\/wp-json\/wp\/v2\/posts\/25672\/revisions\/25674"}],"wp:featuredmedia":[{"embeddable":true,"href":"https:\/\/sulsc.com\/index.php\/wp-json\/wp\/v2\/media\/14276"}],"wp:attachment":[{"href":"https:\/\/sulsc.com\/index.php\/wp-json\/wp\/v2\/media?parent=25672"}],"wp:term":[{"taxonomy":"category","embeddable":true,"href":"https:\/\/sulsc.com\/index.php\/wp-json\/wp\/v2\/categories?post=25672"},{"taxonomy":"post_tag","embeddable":true,"href":"https:\/\/sulsc.com\/index.php\/wp-json\/wp\/v2\/tags?post=25672"}],"curies":[{"name":"wp","href":"https:\/\/api.w.org\/{rel}","templated":true}]}}