{"id":25724,"date":"2025-07-25T08:06:59","date_gmt":"2025-07-25T11:06:59","guid":{"rendered":"https:\/\/sulsc.com\/?p=25724"},"modified":"2025-07-25T08:06:59","modified_gmt":"2025-07-25T11:06:59","slug":"sexta-feira-25-com-tempo-fechado-e-de-temperaturas-amenas","status":"publish","type":"post","link":"https:\/\/sulsc.com\/index.php\/2025\/07\/25\/sexta-feira-25-com-tempo-fechado-e-de-temperaturas-amenas\/","title":{"rendered":"Sexta-feira (25) com tempo fechado e de temperaturas amenas"},"content":{"rendered":"<p>Nesta sexta-feira (25), o tempo segue com bastante nebulosidade, mantendo as condi\u00e7\u00f5es para chuvas principalmente nas \u00e1reas litor\u00e2neas, principalmente nas primeiras horas do dia. Por outro lado, nas \u00e1reas do Grande Oeste aos planaltos as chuvas ocorrem de forma mais breve e isolada, podendo aparecer com intensidade fraca ou na forma de pancadas. A tend\u00eancia \u00e9 de melhora das condi\u00e7\u00f5es de tempo at\u00e9 a noite.<\/p>\n<p><strong>Temperaturas<\/strong><\/p>\n<p>As temperaturas seguem amenas e n\u00e3o conseguem subir tanto ao longo do dia, marcando valores acima de 20\u00b0C apenas no Grande Oeste. O risco permanece baixo a moderado para ocorr\u00eancias meteorol\u00f3gicas.<\/p>\n<div id=\"metaslider-id-25573\" style=\"width: 100%;\" class=\"ml-slider-3-99-0 metaslider metaslider-flex metaslider-25573 ml-slider has-onhover-arrows ms-theme-default-base has-dots-nav\" role=\"region\" aria-label=\"Meio\" data-width=\"1200\">\n    <div id=\"metaslider_container_25573\">\n        <div id=\"metaslider_25573\">\n            <ul class='slides'>\n                <li style=\"display: block; width: 100%;\" class=\"slide-25684 ms-image \" aria-roledescription=\"slide\" data-date=\"2025-07-24 07:55:40\"><img src=\"https:\/\/sulsc.com\/wp-content\/uploads\/2025\/07\/Marr-2-1000x166.jpg\" height=\"200\" width=\"1200\" alt=\"\" class=\"slider-25573 slide-25684 msDefaultImage\" title=\"Marr 2\" \/><\/li>\n                <li style=\"display: none; width: 100%;\" class=\"slide-32412 ms-image \" aria-roledescription=\"slide\" data-date=\"2026-02-18 13:59:46\"><img src=\"https:\/\/sulsc.com\/wp-content\/uploads\/2026\/02\/40dc1580-cad5-4867-bc58-c4243821ad38-1000x166.jpeg\" height=\"200\" width=\"1200\" alt=\"\" class=\"slider-25573 slide-32412 msDefaultImage\" title=\"40dc1580-cad5-4867-bc58-c4243821ad38\" \/><\/li>\n                <li style=\"display: none; width: 100%;\" class=\"slide-32766 ms-image \" aria-roledescription=\"slide\" data-date=\"2026-03-03 17:22:59\"><img src=\"https:\/\/sulsc.com\/wp-content\/uploads\/2026\/03\/271ce739-f268-41c5-8051-3de1a1750359-1000x166.jpeg\" height=\"200\" width=\"1200\" alt=\"\" class=\"slider-25573 slide-32766 msDefaultImage\" title=\"271ce739-f268-41c5-8051-3de1a1750359\" \/><\/li>\n            <\/ul>\n        <\/div>\n        \n    <\/div>\n<\/div>\n<p><strong>Vento:<\/strong> sudeste a nordeste, fraco a moderado, com rajadas.<\/p>\n<p><strong>Sistema predominante:<\/strong> proximidade de um sistema de alta press\u00e3o (massa de ar frio e seco) e presen\u00e7a de um cavado.<\/p>\n<p>Amanh\u00e3 s\u00e1bado (26), o dia come\u00e7a com sinais de melhora nas condi\u00e7\u00f5es de tempo, o sol aparece entre poucas nuvens e as temperaturas conseguem subir em rela\u00e7\u00e3o aos dias anteriores. Mas com a voltas de temporais isolados no final do dia. As m\u00e1ximas superam a casa dos 20\u00b0C em todo o estado.<\/p>\n<p><img fetchpriority=\"high\" decoding=\"async\" class=\"aligncenter size-full wp-image-25726\" src=\"http:\/\/sulsc.com\/wp-content\/uploads\/2025\/07\/a-13.png\" alt=\"\" width=\"1096\" height=\"745\" srcset=\"https:\/\/sulsc.com\/wp-content\/uploads\/2025\/07\/a-13.png 1096w, https:\/\/sulsc.com\/wp-content\/uploads\/2025\/07\/a-13-300x204.png 300w, https:\/\/sulsc.com\/wp-content\/uploads\/2025\/07\/a-13-1024x696.png 1024w, https:\/\/sulsc.com\/wp-content\/uploads\/2025\/07\/a-13-768x522.png 768w\" sizes=\"(max-width: 1096px) 100vw, 1096px\" \/><\/p>\n<p>&nbsp;<\/p>\n<p><img decoding=\"async\" class=\"aligncenter size-full wp-image-22836\" src=\"http:\/\/sulsc.com\/wp-content\/uploads\/2025\/04\/Tempo-2.png\" alt=\"\" width=\"1024\" height=\"189\" srcset=\"https:\/\/sulsc.com\/wp-content\/uploads\/2025\/04\/Tempo-2.png 1024w, https:\/\/sulsc.com\/wp-content\/uploads\/2025\/04\/Tempo-2-300x55.png 300w, https:\/\/sulsc.com\/wp-content\/uploads\/2025\/04\/Tempo-2-768x142.png 768w\" sizes=\"(max-width: 1024px) 100vw, 1024px\" \/><\/p>\n<p>Fonte: Defesa Civil SC\/Epagri-Ciram<\/p>\n","protected":false},"excerpt":{"rendered":"<p>Nesta sexta-feira (25), o tempo segue com bastante nebulosidade, mantendo as condi\u00e7\u00f5es para chuvas principalmente nas \u00e1reas litor\u00e2neas, principalmente nas primeiras horas do dia. Por outro lado, nas \u00e1reas do Grande Oeste aos planaltos as chuvas ocorrem de forma mais breve e isolada, podendo aparecer com intensidade fraca ou na forma de pancadas. A tend\u00eancia &hellip;<\/p>\n<p class=\"read-more\"> <a class=\"\" href=\"https:\/\/sulsc.com\/index.php\/2025\/07\/25\/sexta-feira-25-com-tempo-fechado-e-de-temperaturas-amenas\/\"> <span class=\"screen-reader-text\">Sexta-feira (25) com tempo fechado e de temperaturas amenas<\/span> Read More &raquo;<\/a><\/p>\n","protected":false},"author":3,"featured_media":14284,"comment_status":"open","ping_status":"open","sticky":false,"template":"","format":"standard","meta":{"site-sidebar-layout":"default","site-content-layout":"","ast-site-content-layout":"default","site-content-style":"default","site-sidebar-style":"default","ast-global-header-display":"","ast-banner-title-visibility":"","ast-main-header-display":"","ast-hfb-above-header-display":"","ast-hfb-below-header-display":"","ast-hfb-mobile-header-display":"","site-post-title":"","ast-breadcrumbs-content":"","ast-featured-img":"","footer-sml-layout":"","theme-transparent-header-meta":"default","adv-header-id-meta":"","stick-header-meta":"","header-above-stick-meta":"","header-main-stick-meta":"","header-below-stick-meta":"","astra-migrate-meta-layouts":"set","footnotes":""},"categories":[38],"tags":[1013],"yoast_head":"<!-- This site is optimized with the Yoast SEO plugin v21.4 - https:\/\/yoast.com\/wordpress\/plugins\/seo\/ -->\n<title>Sexta-feira (25) com tempo fechado e de temperaturas amenas -<\/title>\n<meta name=\"description\" content=\"As temperaturas nesta sexta-feira seguem amenas e n\u00e3o conseguem subir tanto ao longo do dia principalmente no litoral sul\" \/>\n<meta name=\"robots\" content=\"index, follow, max-snippet:-1, max-image-preview:large, max-video-preview:-1\" \/>\n<link rel=\"canonical\" href=\"https:\/\/sulsc.com\/index.php\/2025\/07\/25\/sexta-feira-25-com-tempo-fechado-e-de-temperaturas-amenas\/\" \/>\n<meta property=\"og:locale\" content=\"en_US\" \/>\n<meta property=\"og:type\" content=\"article\" \/>\n<meta property=\"og:title\" content=\"Sexta-feira (25) com tempo fechado e de temperaturas amenas -\" \/>\n<meta property=\"og:description\" content=\"As temperaturas nesta sexta-feira seguem amenas e n\u00e3o conseguem subir tanto ao longo do dia principalmente no litoral sul\" \/>\n<meta property=\"og:url\" content=\"https:\/\/sulsc.com\/index.php\/2025\/07\/25\/sexta-feira-25-com-tempo-fechado-e-de-temperaturas-amenas\/\" \/>\n<meta property=\"article:author\" content=\"https:\/\/www.facebook.com\/profile.php?id=61559278119680\" \/>\n<meta property=\"article:published_time\" content=\"2025-07-25T11:06:59+00:00\" \/>\n<meta property=\"og:image\" content=\"http:\/\/sulsc.com\/wp-content\/uploads\/2024\/07\/tempo-nublado-4.jpeg\" \/>\n\t<meta property=\"og:image:width\" content=\"1600\" \/>\n\t<meta property=\"og:image:height\" content=\"900\" \/>\n\t<meta property=\"og:image:type\" content=\"image\/jpeg\" \/>\n<meta name=\"author\" content=\"Reda\u00e7\u00e3o Sul SC\" \/>\n<meta name=\"twitter:card\" content=\"summary_large_image\" \/>\n<meta name=\"twitter:creator\" content=\"@https:\/\/twitter.com\/PortalSulSC\" \/>\n<meta name=\"twitter:label1\" content=\"Written by\" \/>\n\t<meta name=\"twitter:data1\" content=\"Reda\u00e7\u00e3o Sul SC\" \/>\n\t<meta name=\"twitter:label2\" content=\"Est. reading time\" \/>\n\t<meta name=\"twitter:data2\" content=\"2 minutes\" \/>\n<script type=\"application\/ld+json\" class=\"yoast-schema-graph\">{\"@context\":\"https:\/\/schema.org\",\"@graph\":[{\"@type\":\"WebPage\",\"@id\":\"https:\/\/sulsc.com\/index.php\/2025\/07\/25\/sexta-feira-25-com-tempo-fechado-e-de-temperaturas-amenas\/\",\"url\":\"https:\/\/sulsc.com\/index.php\/2025\/07\/25\/sexta-feira-25-com-tempo-fechado-e-de-temperaturas-amenas\/\",\"name\":\"Sexta-feira (25) com tempo fechado e de temperaturas amenas -\",\"isPartOf\":{\"@id\":\"https:\/\/sulsc.com\/#website\"},\"datePublished\":\"2025-07-25T11:06:59+00:00\",\"dateModified\":\"2025-07-25T11:06:59+00:00\",\"author\":{\"@id\":\"https:\/\/sulsc.com\/#\/schema\/person\/84d2fc571684f6248ba83092f07750a3\"},\"description\":\"As temperaturas nesta sexta-feira seguem amenas e n\u00e3o conseguem subir tanto ao longo do dia principalmente no litoral sul\",\"breadcrumb\":{\"@id\":\"https:\/\/sulsc.com\/index.php\/2025\/07\/25\/sexta-feira-25-com-tempo-fechado-e-de-temperaturas-amenas\/#breadcrumb\"},\"inLanguage\":\"en-US\",\"potentialAction\":[{\"@type\":\"ReadAction\",\"target\":[\"https:\/\/sulsc.com\/index.php\/2025\/07\/25\/sexta-feira-25-com-tempo-fechado-e-de-temperaturas-amenas\/\"]}]},{\"@type\":\"BreadcrumbList\",\"@id\":\"https:\/\/sulsc.com\/index.php\/2025\/07\/25\/sexta-feira-25-com-tempo-fechado-e-de-temperaturas-amenas\/#breadcrumb\",\"itemListElement\":[{\"@type\":\"ListItem\",\"position\":1,\"name\":\"In\u00edcio\",\"item\":\"https:\/\/sulsc.com\/\"},{\"@type\":\"ListItem\",\"position\":2,\"name\":\"Sexta-feira (25) com tempo fechado e de temperaturas amenas\"}]},{\"@type\":\"WebSite\",\"@id\":\"https:\/\/sulsc.com\/#website\",\"url\":\"https:\/\/sulsc.com\/\",\"name\":\"\",\"description\":\"\",\"potentialAction\":[{\"@type\":\"SearchAction\",\"target\":{\"@type\":\"EntryPoint\",\"urlTemplate\":\"https:\/\/sulsc.com\/?s={search_term_string}\"},\"query-input\":\"required name=search_term_string\"}],\"inLanguage\":\"en-US\"},{\"@type\":\"Person\",\"@id\":\"https:\/\/sulsc.com\/#\/schema\/person\/84d2fc571684f6248ba83092f07750a3\",\"name\":\"Reda\u00e7\u00e3o Sul SC\",\"image\":{\"@type\":\"ImageObject\",\"inLanguage\":\"en-US\",\"@id\":\"https:\/\/sulsc.com\/#\/schema\/person\/image\/e08d7fe2cc4ed596372063bbe852b8d0\",\"url\":\"https:\/\/sulsc.com\/wp-content\/uploads\/2023\/09\/redacao.png\",\"contentUrl\":\"https:\/\/sulsc.com\/wp-content\/uploads\/2023\/09\/redacao.png\",\"caption\":\"Reda\u00e7\u00e3o Sul SC\"},\"description\":\"Foco em um jornalismo imparcial, voltado \u00e0 qualidade dos seus conte\u00fados e, assim, levar informa\u00e7\u00e3o de valor que agregue \u00e0 vida dos leitores. Esta \u00e9 grande miss\u00e3o do Portal de Not\u00edcias Sul SC. N\u00e3o \u00e9 quantidade que muda o mundo, sempre foi e seguir\u00e1 sendo qualidade!\",\"sameAs\":[\"https:\/\/sulsc.com\/\",\"https:\/\/www.facebook.com\/profile.php?id=61559278119680\",\"https:\/\/www.instagram.com\/sulscportal\/?hl=pt-br\",\"https:\/\/twitter.com\/https:\/\/twitter.com\/PortalSulSC\",\"https:\/\/www.youtube.com\/channel\/UCv_BE8GeySluDov2n8qhVmw\"],\"url\":\"https:\/\/sulsc.com\/index.php\/author\/redacao\/\"}]}<\/script>\n<!-- \/ Yoast SEO plugin. -->","yoast_head_json":{"title":"Sexta-feira (25) com tempo fechado e de temperaturas amenas -","description":"As temperaturas nesta sexta-feira seguem amenas e n\u00e3o conseguem subir tanto ao longo do dia principalmente no litoral sul","robots":{"index":"index","follow":"follow","max-snippet":"max-snippet:-1","max-image-preview":"max-image-preview:large","max-video-preview":"max-video-preview:-1"},"canonical":"https:\/\/sulsc.com\/index.php\/2025\/07\/25\/sexta-feira-25-com-tempo-fechado-e-de-temperaturas-amenas\/","og_locale":"en_US","og_type":"article","og_title":"Sexta-feira (25) com tempo fechado e de temperaturas amenas -","og_description":"As temperaturas nesta sexta-feira seguem amenas e n\u00e3o conseguem subir tanto ao longo do dia principalmente no litoral sul","og_url":"https:\/\/sulsc.com\/index.php\/2025\/07\/25\/sexta-feira-25-com-tempo-fechado-e-de-temperaturas-amenas\/","article_author":"https:\/\/www.facebook.com\/profile.php?id=61559278119680","article_published_time":"2025-07-25T11:06:59+00:00","og_image":[{"width":1600,"height":900,"url":"http:\/\/sulsc.com\/wp-content\/uploads\/2024\/07\/tempo-nublado-4.jpeg","type":"image\/jpeg"}],"author":"Reda\u00e7\u00e3o Sul SC","twitter_card":"summary_large_image","twitter_creator":"@https:\/\/twitter.com\/PortalSulSC","twitter_misc":{"Written by":"Reda\u00e7\u00e3o Sul SC","Est. reading time":"2 minutes"},"schema":{"@context":"https:\/\/schema.org","@graph":[{"@type":"WebPage","@id":"https:\/\/sulsc.com\/index.php\/2025\/07\/25\/sexta-feira-25-com-tempo-fechado-e-de-temperaturas-amenas\/","url":"https:\/\/sulsc.com\/index.php\/2025\/07\/25\/sexta-feira-25-com-tempo-fechado-e-de-temperaturas-amenas\/","name":"Sexta-feira (25) com tempo fechado e de temperaturas amenas -","isPartOf":{"@id":"https:\/\/sulsc.com\/#website"},"datePublished":"2025-07-25T11:06:59+00:00","dateModified":"2025-07-25T11:06:59+00:00","author":{"@id":"https:\/\/sulsc.com\/#\/schema\/person\/84d2fc571684f6248ba83092f07750a3"},"description":"As temperaturas nesta sexta-feira seguem amenas e n\u00e3o conseguem subir tanto ao longo do dia principalmente no litoral sul","breadcrumb":{"@id":"https:\/\/sulsc.com\/index.php\/2025\/07\/25\/sexta-feira-25-com-tempo-fechado-e-de-temperaturas-amenas\/#breadcrumb"},"inLanguage":"en-US","potentialAction":[{"@type":"ReadAction","target":["https:\/\/sulsc.com\/index.php\/2025\/07\/25\/sexta-feira-25-com-tempo-fechado-e-de-temperaturas-amenas\/"]}]},{"@type":"BreadcrumbList","@id":"https:\/\/sulsc.com\/index.php\/2025\/07\/25\/sexta-feira-25-com-tempo-fechado-e-de-temperaturas-amenas\/#breadcrumb","itemListElement":[{"@type":"ListItem","position":1,"name":"In\u00edcio","item":"https:\/\/sulsc.com\/"},{"@type":"ListItem","position":2,"name":"Sexta-feira (25) com tempo fechado e de temperaturas amenas"}]},{"@type":"WebSite","@id":"https:\/\/sulsc.com\/#website","url":"https:\/\/sulsc.com\/","name":"","description":"","potentialAction":[{"@type":"SearchAction","target":{"@type":"EntryPoint","urlTemplate":"https:\/\/sulsc.com\/?s={search_term_string}"},"query-input":"required name=search_term_string"}],"inLanguage":"en-US"},{"@type":"Person","@id":"https:\/\/sulsc.com\/#\/schema\/person\/84d2fc571684f6248ba83092f07750a3","name":"Reda\u00e7\u00e3o Sul SC","image":{"@type":"ImageObject","inLanguage":"en-US","@id":"https:\/\/sulsc.com\/#\/schema\/person\/image\/e08d7fe2cc4ed596372063bbe852b8d0","url":"https:\/\/sulsc.com\/wp-content\/uploads\/2023\/09\/redacao.png","contentUrl":"https:\/\/sulsc.com\/wp-content\/uploads\/2023\/09\/redacao.png","caption":"Reda\u00e7\u00e3o Sul SC"},"description":"Foco em um jornalismo imparcial, voltado \u00e0 qualidade dos seus conte\u00fados e, assim, levar informa\u00e7\u00e3o de valor que agregue \u00e0 vida dos leitores. Esta \u00e9 grande miss\u00e3o do Portal de Not\u00edcias Sul SC. N\u00e3o \u00e9 quantidade que muda o mundo, sempre foi e seguir\u00e1 sendo qualidade!","sameAs":["https:\/\/sulsc.com\/","https:\/\/www.facebook.com\/profile.php?id=61559278119680","https:\/\/www.instagram.com\/sulscportal\/?hl=pt-br","https:\/\/twitter.com\/https:\/\/twitter.com\/PortalSulSC","https:\/\/www.youtube.com\/channel\/UCv_BE8GeySluDov2n8qhVmw"],"url":"https:\/\/sulsc.com\/index.php\/author\/redacao\/"}]}},"authors":[],"_links":{"self":[{"href":"https:\/\/sulsc.com\/index.php\/wp-json\/wp\/v2\/posts\/25724"}],"collection":[{"href":"https:\/\/sulsc.com\/index.php\/wp-json\/wp\/v2\/posts"}],"about":[{"href":"https:\/\/sulsc.com\/index.php\/wp-json\/wp\/v2\/types\/post"}],"author":[{"embeddable":true,"href":"https:\/\/sulsc.com\/index.php\/wp-json\/wp\/v2\/users\/3"}],"replies":[{"embeddable":true,"href":"https:\/\/sulsc.com\/index.php\/wp-json\/wp\/v2\/comments?post=25724"}],"version-history":[{"count":1,"href":"https:\/\/sulsc.com\/index.php\/wp-json\/wp\/v2\/posts\/25724\/revisions"}],"predecessor-version":[{"id":25727,"href":"https:\/\/sulsc.com\/index.php\/wp-json\/wp\/v2\/posts\/25724\/revisions\/25727"}],"wp:featuredmedia":[{"embeddable":true,"href":"https:\/\/sulsc.com\/index.php\/wp-json\/wp\/v2\/media\/14284"}],"wp:attachment":[{"href":"https:\/\/sulsc.com\/index.php\/wp-json\/wp\/v2\/media?parent=25724"}],"wp:term":[{"taxonomy":"category","embeddable":true,"href":"https:\/\/sulsc.com\/index.php\/wp-json\/wp\/v2\/categories?post=25724"},{"taxonomy":"post_tag","embeddable":true,"href":"https:\/\/sulsc.com\/index.php\/wp-json\/wp\/v2\/tags?post=25724"}],"curies":[{"name":"wp","href":"https:\/\/api.w.org\/{rel}","templated":true}]}}