{"id":25759,"date":"2025-07-25T14:43:51","date_gmt":"2025-07-25T17:43:51","guid":{"rendered":"https:\/\/sulsc.com\/?p=25759"},"modified":"2025-07-25T14:45:07","modified_gmt":"2025-07-25T17:45:07","slug":"surfland-brasil-garopaba-e-alvo-de-acao-civil-publica-por-irregularidades-em-licencas-e-omissao-de-fiscalizacao","status":"publish","type":"post","link":"https:\/\/sulsc.com\/index.php\/2025\/07\/25\/surfland-brasil-garopaba-e-alvo-de-acao-civil-publica-por-irregularidades-em-licencas-e-omissao-de-fiscalizacao\/","title":{"rendered":"Surfland Brasil Garopaba \u00e9 alvo de a\u00e7\u00e3o civil p\u00fablica por irregularidades em licen\u00e7as e omiss\u00e3o de fiscaliza\u00e7\u00e3o"},"content":{"rendered":"<p><span style=\"vertical-align: inherit;\"><span style=\"vertical-align: inherit;\"><span style=\"vertical-align: inherit;\"><span style=\"vertical-align: inherit;\">O complexo tur\u00edstico Surfland Brasil Garopaba, localizado em Garopaba, est\u00e1 no centro de uma A\u00e7\u00e3o Civil P\u00fablica movida pelo Minist\u00e9rio P\u00fablico Federal (MPF) desde agosto de 2023. O processo, que tramita na Justi\u00e7a Federal, aponta uma s\u00e9rie de irregularidades na concess\u00e3o de licen\u00e7as, a aus\u00eancia de estudos de impacto ambiental e social, e a omiss\u00e3o de diversos \u00f3rg\u00e3os p\u00fablicos na fiscaliza\u00e7\u00e3o da obra.<\/span><\/span><\/span><\/span><\/p>\n<p><span style=\"vertical-align: inherit;\"><span style=\"vertical-align: inherit;\"><span style=\"vertical-align: inherit;\"><span style=\"vertical-align: inherit;\">Na a\u00e7\u00e3o, al\u00e9m da empresa Surfland, figuram como r\u00e9s a Uni\u00e3o, o Instituto Brasileiro do Meio Ambiente (Ibama), o Instituto Chico Mendes de Conserva\u00e7\u00e3o da Biodiversidade (ICMBio), o Instituto do Meio Ambiente de Santa Catarina (IMA), o Instituto do Patrim\u00f4nio Hist\u00f3rico e Art\u00edstico Nacional (Iphan) e a Prefeitura de Garopaba.<\/span><\/span><\/span><\/span><\/p>\n<p><span style=\"vertical-align: inherit;\"><span style=\"vertical-align: inherit;\"><span style=\"vertical-align: inherit;\"><span style=\"vertical-align: inherit;\">De acordo com os documentos que instruem o processo, o empreendimento inclui um hotel com unidades habitacionais, vagas de estacionamento, parque aqu\u00e1tico, academia, restaurante, \u00e1reas de lazer e outras estruturas. O MPF alega que o projeto ocupa uma \u00e1rea no entorno e dentro dos limites da \u00c1rea de Prote\u00e7\u00e3o Ambiental (APA) da Baleia Franca, uma unidade de conserva\u00e7\u00e3o federal, al\u00e9m de terrenos pertencentes \u00e0 Uni\u00e3o.<\/span><\/span><\/span><\/span><\/p>\n<div id=\"metaslider-id-25573\" style=\"width: 100%;\" class=\"ml-slider-3-99-0 metaslider metaslider-flex metaslider-25573 ml-slider has-onhover-arrows ms-theme-default-base has-dots-nav\" role=\"region\" aria-label=\"Meio\" data-width=\"1200\">\n    <div id=\"metaslider_container_25573\">\n        <div id=\"metaslider_25573\">\n            <ul class='slides'>\n                <li style=\"display: block; width: 100%;\" class=\"slide-25684 ms-image \" aria-roledescription=\"slide\" data-date=\"2025-07-24 07:55:40\"><img src=\"https:\/\/sulsc.com\/wp-content\/uploads\/2025\/07\/Marr-2-1000x166.jpg\" height=\"200\" width=\"1200\" alt=\"\" class=\"slider-25573 slide-25684 msDefaultImage\" title=\"Marr 2\" \/><\/li>\n                <li style=\"display: none; width: 100%;\" class=\"slide-32412 ms-image \" aria-roledescription=\"slide\" data-date=\"2026-02-18 13:59:46\"><img src=\"https:\/\/sulsc.com\/wp-content\/uploads\/2026\/02\/40dc1580-cad5-4867-bc58-c4243821ad38-1000x166.jpeg\" height=\"200\" width=\"1200\" alt=\"\" class=\"slider-25573 slide-32412 msDefaultImage\" title=\"40dc1580-cad5-4867-bc58-c4243821ad38\" \/><\/li>\n                <li style=\"display: none; width: 100%;\" class=\"slide-32766 ms-image \" aria-roledescription=\"slide\" data-date=\"2026-03-03 17:22:59\"><img src=\"https:\/\/sulsc.com\/wp-content\/uploads\/2026\/03\/271ce739-f268-41c5-8051-3de1a1750359-1000x166.jpeg\" height=\"200\" width=\"1200\" alt=\"\" class=\"slider-25573 slide-32766 msDefaultImage\" title=\"271ce739-f268-41c5-8051-3de1a1750359\" \/><\/li>\n            <\/ul>\n        <\/div>\n        \n    <\/div>\n<\/div>\n<p><span style=\"vertical-align: inherit;\"><span style=\"vertical-align: inherit;\"><span style=\"vertical-align: inherit;\"><span style=\"vertical-align: inherit;\">O Minist\u00e9rio P\u00fablico Federal sustenta que a constru\u00e7\u00e3o desrespeita normas ambientais federais, estaduais e municipais, tendo sido realizada sem a devida an\u00e1lise pr\u00e9via de impactos ambientais e sociais. O aponta que, entre 2019 e 2023, diversas obras foram realizadas com licen\u00e7as consideradas &#8220;prec\u00e1rias&#8221; ou insuficientes para a magnitude e o tipo de impacto gerado pelo empreendimento.<\/span><\/span><\/span><\/span><\/p>\n<p><img fetchpriority=\"high\" decoding=\"async\" class=\"aligncenter size-full wp-image-25760\" src=\"http:\/\/sulsc.com\/wp-content\/uploads\/2025\/07\/a4-9.jpg\" alt=\"\" width=\"749\" height=\"734\" srcset=\"https:\/\/sulsc.com\/wp-content\/uploads\/2025\/07\/a4-9.jpg 749w, https:\/\/sulsc.com\/wp-content\/uploads\/2025\/07\/a4-9-300x294.jpg 300w\" sizes=\"(max-width: 749px) 100vw, 749px\" \/><\/p>\n<p style=\"text-align: center;\"><strong><span style=\"vertical-align: inherit;\"><span style=\"vertical-align: inherit;\"><span style=\"vertical-align: inherit;\"><span style=\"vertical-align: inherit;\">Foto: Sunset im\u00f3veis\/Divulga\u00e7\u00e3o\/SulSC<\/span><\/span><\/span><\/span><\/strong><\/p>\n<p><span style=\"vertical-align: inherit;\"><span style=\"vertical-align: inherit;\"><span style=\"vertical-align: inherit;\"><span style=\"vertical-align: inherit;\">At\u00e9 o momento, a Justi\u00e7a Federal ainda n\u00e3o proferiu nenhuma decis\u00e3o sobre os pedidos formulados na a\u00e7\u00e3o, que aguardam an\u00e1lise, assim como uma proposta de acordo apresentada pela empresa Surfland.<\/span><\/span><\/span><\/span><\/p>\n<p><span style=\"vertical-align: inherit;\"><span style=\"vertical-align: inherit;\"><span style=\"vertical-align: inherit;\"><span style=\"vertical-align: inherit;\">A condu\u00e7\u00e3o do processo foi a carga da ju\u00edza federal Ana Lidia Silva Mello. Com o afastamento da magistrada, os autos foram repassados provisoriamente ao juiz Germano Alberton J\u00fanior. Contudo, o andamento do processo foi interrompido em maio de 2025, quando o juiz federal Germano declarou suas suspeitas, alegando ter uma rela\u00e7\u00e3o de amizade com o propriet\u00e1rio da empresa r\u00e9, Andr\u00e9 Luis Giesta da Silva, e com sua esposa, Sandra Goulart da Silva, que \u00e9 promotora de Justi\u00e7a da Comarca de Imbituba.<\/span><\/span><\/span><\/span><\/p>\n","protected":false},"excerpt":{"rendered":"<p>O complexo tur\u00edstico Surfland Brasil Garopaba, localizado em Garopaba, est\u00e1 no centro de uma A\u00e7\u00e3o Civil P\u00fablica movida pelo Minist\u00e9rio P\u00fablico Federal (MPF) desde agosto de 2023. O processo, que tramita na Justi\u00e7a Federal, aponta uma s\u00e9rie de irregularidades na concess\u00e3o de licen\u00e7as, a aus\u00eancia de estudos de impacto ambiental e social, e a omiss\u00e3o &hellip;<\/p>\n<p class=\"read-more\"> <a class=\"\" href=\"https:\/\/sulsc.com\/index.php\/2025\/07\/25\/surfland-brasil-garopaba-e-alvo-de-acao-civil-publica-por-irregularidades-em-licencas-e-omissao-de-fiscalizacao\/\"> <span class=\"screen-reader-text\">Surfland Brasil Garopaba \u00e9 alvo de a\u00e7\u00e3o civil p\u00fablica por irregularidades em licen\u00e7as e omiss\u00e3o de fiscaliza\u00e7\u00e3o<\/span> Read More &raquo;<\/a><\/p>\n","protected":false},"author":3,"featured_media":25760,"comment_status":"open","ping_status":"open","sticky":false,"template":"","format":"standard","meta":{"site-sidebar-layout":"default","site-content-layout":"","ast-site-content-layout":"default","site-content-style":"default","site-sidebar-style":"default","ast-global-header-display":"","ast-banner-title-visibility":"","ast-main-header-display":"","ast-hfb-above-header-display":"","ast-hfb-below-header-display":"","ast-hfb-mobile-header-display":"","site-post-title":"","ast-breadcrumbs-content":"","ast-featured-img":"","footer-sml-layout":"","theme-transparent-header-meta":"default","adv-header-id-meta":"","stick-header-meta":"","header-above-stick-meta":"","header-main-stick-meta":"","header-below-stick-meta":"","astra-migrate-meta-layouts":"set","footnotes":""},"categories":[1982],"tags":[2302],"yoast_head":"<!-- This site is optimized with the Yoast SEO plugin v21.4 - https:\/\/yoast.com\/wordpress\/plugins\/seo\/ -->\n<title>Surfland Brasil Garopaba \u00e9 alvo de a\u00e7\u00e3o civil p\u00fablica por irregularidades em licen\u00e7as e omiss\u00e3o de fiscaliza\u00e7\u00e3o -<\/title>\n<meta name=\"description\" content=\"O \u00f3rg\u00e3o aponta que, entre 2019 e 2023, diversas obras foram executadas com licen\u00e7as consideradas &quot;prec\u00e1rias&quot;\" \/>\n<meta name=\"robots\" content=\"index, follow, max-snippet:-1, max-image-preview:large, max-video-preview:-1\" \/>\n<link rel=\"canonical\" href=\"https:\/\/sulsc.com\/index.php\/2025\/07\/25\/surfland-brasil-garopaba-e-alvo-de-acao-civil-publica-por-irregularidades-em-licencas-e-omissao-de-fiscalizacao\/\" \/>\n<meta property=\"og:locale\" content=\"en_US\" \/>\n<meta property=\"og:type\" content=\"article\" \/>\n<meta property=\"og:title\" content=\"Surfland Brasil Garopaba \u00e9 alvo de a\u00e7\u00e3o civil p\u00fablica por irregularidades em licen\u00e7as e omiss\u00e3o de fiscaliza\u00e7\u00e3o -\" \/>\n<meta property=\"og:description\" content=\"O \u00f3rg\u00e3o aponta que, entre 2019 e 2023, diversas obras foram executadas com licen\u00e7as consideradas &quot;prec\u00e1rias&quot;\" \/>\n<meta property=\"og:url\" content=\"https:\/\/sulsc.com\/index.php\/2025\/07\/25\/surfland-brasil-garopaba-e-alvo-de-acao-civil-publica-por-irregularidades-em-licencas-e-omissao-de-fiscalizacao\/\" \/>\n<meta property=\"article:author\" content=\"https:\/\/www.facebook.com\/profile.php?id=61559278119680\" \/>\n<meta property=\"article:published_time\" content=\"2025-07-25T17:43:51+00:00\" \/>\n<meta property=\"article:modified_time\" content=\"2025-07-25T17:45:07+00:00\" \/>\n<meta property=\"og:image\" content=\"http:\/\/sulsc.com\/wp-content\/uploads\/2025\/07\/a4-9.jpg\" \/>\n\t<meta property=\"og:image:width\" content=\"749\" \/>\n\t<meta property=\"og:image:height\" content=\"734\" \/>\n\t<meta property=\"og:image:type\" content=\"image\/jpeg\" \/>\n<meta name=\"author\" content=\"Reda\u00e7\u00e3o Sul SC\" \/>\n<meta name=\"twitter:card\" content=\"summary_large_image\" \/>\n<meta name=\"twitter:creator\" content=\"@https:\/\/twitter.com\/PortalSulSC\" \/>\n<meta name=\"twitter:label1\" content=\"Written by\" \/>\n\t<meta name=\"twitter:data1\" content=\"Reda\u00e7\u00e3o Sul SC\" \/>\n\t<meta name=\"twitter:label2\" content=\"Est. reading time\" \/>\n\t<meta name=\"twitter:data2\" content=\"2 minutes\" \/>\n<script type=\"application\/ld+json\" class=\"yoast-schema-graph\">{\"@context\":\"https:\/\/schema.org\",\"@graph\":[{\"@type\":\"WebPage\",\"@id\":\"https:\/\/sulsc.com\/index.php\/2025\/07\/25\/surfland-brasil-garopaba-e-alvo-de-acao-civil-publica-por-irregularidades-em-licencas-e-omissao-de-fiscalizacao\/\",\"url\":\"https:\/\/sulsc.com\/index.php\/2025\/07\/25\/surfland-brasil-garopaba-e-alvo-de-acao-civil-publica-por-irregularidades-em-licencas-e-omissao-de-fiscalizacao\/\",\"name\":\"Surfland Brasil Garopaba \u00e9 alvo de a\u00e7\u00e3o civil p\u00fablica por irregularidades em licen\u00e7as e omiss\u00e3o de fiscaliza\u00e7\u00e3o -\",\"isPartOf\":{\"@id\":\"https:\/\/sulsc.com\/#website\"},\"datePublished\":\"2025-07-25T17:43:51+00:00\",\"dateModified\":\"2025-07-25T17:45:07+00:00\",\"author\":{\"@id\":\"https:\/\/sulsc.com\/#\/schema\/person\/84d2fc571684f6248ba83092f07750a3\"},\"description\":\"O \u00f3rg\u00e3o aponta que, entre 2019 e 2023, diversas obras foram executadas com licen\u00e7as consideradas \\\"prec\u00e1rias\\\"\",\"breadcrumb\":{\"@id\":\"https:\/\/sulsc.com\/index.php\/2025\/07\/25\/surfland-brasil-garopaba-e-alvo-de-acao-civil-publica-por-irregularidades-em-licencas-e-omissao-de-fiscalizacao\/#breadcrumb\"},\"inLanguage\":\"en-US\",\"potentialAction\":[{\"@type\":\"ReadAction\",\"target\":[\"https:\/\/sulsc.com\/index.php\/2025\/07\/25\/surfland-brasil-garopaba-e-alvo-de-acao-civil-publica-por-irregularidades-em-licencas-e-omissao-de-fiscalizacao\/\"]}]},{\"@type\":\"BreadcrumbList\",\"@id\":\"https:\/\/sulsc.com\/index.php\/2025\/07\/25\/surfland-brasil-garopaba-e-alvo-de-acao-civil-publica-por-irregularidades-em-licencas-e-omissao-de-fiscalizacao\/#breadcrumb\",\"itemListElement\":[{\"@type\":\"ListItem\",\"position\":1,\"name\":\"In\u00edcio\",\"item\":\"https:\/\/sulsc.com\/\"},{\"@type\":\"ListItem\",\"position\":2,\"name\":\"Surfland Brasil Garopaba \u00e9 alvo de a\u00e7\u00e3o civil p\u00fablica por irregularidades em licen\u00e7as e omiss\u00e3o de fiscaliza\u00e7\u00e3o\"}]},{\"@type\":\"WebSite\",\"@id\":\"https:\/\/sulsc.com\/#website\",\"url\":\"https:\/\/sulsc.com\/\",\"name\":\"\",\"description\":\"\",\"potentialAction\":[{\"@type\":\"SearchAction\",\"target\":{\"@type\":\"EntryPoint\",\"urlTemplate\":\"https:\/\/sulsc.com\/?s={search_term_string}\"},\"query-input\":\"required name=search_term_string\"}],\"inLanguage\":\"en-US\"},{\"@type\":\"Person\",\"@id\":\"https:\/\/sulsc.com\/#\/schema\/person\/84d2fc571684f6248ba83092f07750a3\",\"name\":\"Reda\u00e7\u00e3o Sul SC\",\"image\":{\"@type\":\"ImageObject\",\"inLanguage\":\"en-US\",\"@id\":\"https:\/\/sulsc.com\/#\/schema\/person\/image\/e08d7fe2cc4ed596372063bbe852b8d0\",\"url\":\"https:\/\/sulsc.com\/wp-content\/uploads\/2023\/09\/redacao.png\",\"contentUrl\":\"https:\/\/sulsc.com\/wp-content\/uploads\/2023\/09\/redacao.png\",\"caption\":\"Reda\u00e7\u00e3o Sul SC\"},\"description\":\"Foco em um jornalismo imparcial, voltado \u00e0 qualidade dos seus conte\u00fados e, assim, levar informa\u00e7\u00e3o de valor que agregue \u00e0 vida dos leitores. Esta \u00e9 grande miss\u00e3o do Portal de Not\u00edcias Sul SC. N\u00e3o \u00e9 quantidade que muda o mundo, sempre foi e seguir\u00e1 sendo qualidade!\",\"sameAs\":[\"https:\/\/sulsc.com\/\",\"https:\/\/www.facebook.com\/profile.php?id=61559278119680\",\"https:\/\/www.instagram.com\/sulscportal\/?hl=pt-br\",\"https:\/\/twitter.com\/https:\/\/twitter.com\/PortalSulSC\",\"https:\/\/www.youtube.com\/channel\/UCv_BE8GeySluDov2n8qhVmw\"],\"url\":\"https:\/\/sulsc.com\/index.php\/author\/redacao\/\"}]}<\/script>\n<!-- \/ Yoast SEO plugin. -->","yoast_head_json":{"title":"Surfland Brasil Garopaba \u00e9 alvo de a\u00e7\u00e3o civil p\u00fablica por irregularidades em licen\u00e7as e omiss\u00e3o de fiscaliza\u00e7\u00e3o -","description":"O \u00f3rg\u00e3o aponta que, entre 2019 e 2023, diversas obras foram executadas com licen\u00e7as consideradas \"prec\u00e1rias\"","robots":{"index":"index","follow":"follow","max-snippet":"max-snippet:-1","max-image-preview":"max-image-preview:large","max-video-preview":"max-video-preview:-1"},"canonical":"https:\/\/sulsc.com\/index.php\/2025\/07\/25\/surfland-brasil-garopaba-e-alvo-de-acao-civil-publica-por-irregularidades-em-licencas-e-omissao-de-fiscalizacao\/","og_locale":"en_US","og_type":"article","og_title":"Surfland Brasil Garopaba \u00e9 alvo de a\u00e7\u00e3o civil p\u00fablica por irregularidades em licen\u00e7as e omiss\u00e3o de fiscaliza\u00e7\u00e3o -","og_description":"O \u00f3rg\u00e3o aponta que, entre 2019 e 2023, diversas obras foram executadas com licen\u00e7as consideradas \"prec\u00e1rias\"","og_url":"https:\/\/sulsc.com\/index.php\/2025\/07\/25\/surfland-brasil-garopaba-e-alvo-de-acao-civil-publica-por-irregularidades-em-licencas-e-omissao-de-fiscalizacao\/","article_author":"https:\/\/www.facebook.com\/profile.php?id=61559278119680","article_published_time":"2025-07-25T17:43:51+00:00","article_modified_time":"2025-07-25T17:45:07+00:00","og_image":[{"width":749,"height":734,"url":"http:\/\/sulsc.com\/wp-content\/uploads\/2025\/07\/a4-9.jpg","type":"image\/jpeg"}],"author":"Reda\u00e7\u00e3o Sul SC","twitter_card":"summary_large_image","twitter_creator":"@https:\/\/twitter.com\/PortalSulSC","twitter_misc":{"Written by":"Reda\u00e7\u00e3o Sul SC","Est. reading time":"2 minutes"},"schema":{"@context":"https:\/\/schema.org","@graph":[{"@type":"WebPage","@id":"https:\/\/sulsc.com\/index.php\/2025\/07\/25\/surfland-brasil-garopaba-e-alvo-de-acao-civil-publica-por-irregularidades-em-licencas-e-omissao-de-fiscalizacao\/","url":"https:\/\/sulsc.com\/index.php\/2025\/07\/25\/surfland-brasil-garopaba-e-alvo-de-acao-civil-publica-por-irregularidades-em-licencas-e-omissao-de-fiscalizacao\/","name":"Surfland Brasil Garopaba \u00e9 alvo de a\u00e7\u00e3o civil p\u00fablica por irregularidades em licen\u00e7as e omiss\u00e3o de fiscaliza\u00e7\u00e3o -","isPartOf":{"@id":"https:\/\/sulsc.com\/#website"},"datePublished":"2025-07-25T17:43:51+00:00","dateModified":"2025-07-25T17:45:07+00:00","author":{"@id":"https:\/\/sulsc.com\/#\/schema\/person\/84d2fc571684f6248ba83092f07750a3"},"description":"O \u00f3rg\u00e3o aponta que, entre 2019 e 2023, diversas obras foram executadas com licen\u00e7as consideradas \"prec\u00e1rias\"","breadcrumb":{"@id":"https:\/\/sulsc.com\/index.php\/2025\/07\/25\/surfland-brasil-garopaba-e-alvo-de-acao-civil-publica-por-irregularidades-em-licencas-e-omissao-de-fiscalizacao\/#breadcrumb"},"inLanguage":"en-US","potentialAction":[{"@type":"ReadAction","target":["https:\/\/sulsc.com\/index.php\/2025\/07\/25\/surfland-brasil-garopaba-e-alvo-de-acao-civil-publica-por-irregularidades-em-licencas-e-omissao-de-fiscalizacao\/"]}]},{"@type":"BreadcrumbList","@id":"https:\/\/sulsc.com\/index.php\/2025\/07\/25\/surfland-brasil-garopaba-e-alvo-de-acao-civil-publica-por-irregularidades-em-licencas-e-omissao-de-fiscalizacao\/#breadcrumb","itemListElement":[{"@type":"ListItem","position":1,"name":"In\u00edcio","item":"https:\/\/sulsc.com\/"},{"@type":"ListItem","position":2,"name":"Surfland Brasil Garopaba \u00e9 alvo de a\u00e7\u00e3o civil p\u00fablica por irregularidades em licen\u00e7as e omiss\u00e3o de fiscaliza\u00e7\u00e3o"}]},{"@type":"WebSite","@id":"https:\/\/sulsc.com\/#website","url":"https:\/\/sulsc.com\/","name":"","description":"","potentialAction":[{"@type":"SearchAction","target":{"@type":"EntryPoint","urlTemplate":"https:\/\/sulsc.com\/?s={search_term_string}"},"query-input":"required name=search_term_string"}],"inLanguage":"en-US"},{"@type":"Person","@id":"https:\/\/sulsc.com\/#\/schema\/person\/84d2fc571684f6248ba83092f07750a3","name":"Reda\u00e7\u00e3o Sul SC","image":{"@type":"ImageObject","inLanguage":"en-US","@id":"https:\/\/sulsc.com\/#\/schema\/person\/image\/e08d7fe2cc4ed596372063bbe852b8d0","url":"https:\/\/sulsc.com\/wp-content\/uploads\/2023\/09\/redacao.png","contentUrl":"https:\/\/sulsc.com\/wp-content\/uploads\/2023\/09\/redacao.png","caption":"Reda\u00e7\u00e3o Sul SC"},"description":"Foco em um jornalismo imparcial, voltado \u00e0 qualidade dos seus conte\u00fados e, assim, levar informa\u00e7\u00e3o de valor que agregue \u00e0 vida dos leitores. Esta \u00e9 grande miss\u00e3o do Portal de Not\u00edcias Sul SC. N\u00e3o \u00e9 quantidade que muda o mundo, sempre foi e seguir\u00e1 sendo qualidade!","sameAs":["https:\/\/sulsc.com\/","https:\/\/www.facebook.com\/profile.php?id=61559278119680","https:\/\/www.instagram.com\/sulscportal\/?hl=pt-br","https:\/\/twitter.com\/https:\/\/twitter.com\/PortalSulSC","https:\/\/www.youtube.com\/channel\/UCv_BE8GeySluDov2n8qhVmw"],"url":"https:\/\/sulsc.com\/index.php\/author\/redacao\/"}]}},"authors":[],"_links":{"self":[{"href":"https:\/\/sulsc.com\/index.php\/wp-json\/wp\/v2\/posts\/25759"}],"collection":[{"href":"https:\/\/sulsc.com\/index.php\/wp-json\/wp\/v2\/posts"}],"about":[{"href":"https:\/\/sulsc.com\/index.php\/wp-json\/wp\/v2\/types\/post"}],"author":[{"embeddable":true,"href":"https:\/\/sulsc.com\/index.php\/wp-json\/wp\/v2\/users\/3"}],"replies":[{"embeddable":true,"href":"https:\/\/sulsc.com\/index.php\/wp-json\/wp\/v2\/comments?post=25759"}],"version-history":[{"count":3,"href":"https:\/\/sulsc.com\/index.php\/wp-json\/wp\/v2\/posts\/25759\/revisions"}],"predecessor-version":[{"id":25763,"href":"https:\/\/sulsc.com\/index.php\/wp-json\/wp\/v2\/posts\/25759\/revisions\/25763"}],"wp:featuredmedia":[{"embeddable":true,"href":"https:\/\/sulsc.com\/index.php\/wp-json\/wp\/v2\/media\/25760"}],"wp:attachment":[{"href":"https:\/\/sulsc.com\/index.php\/wp-json\/wp\/v2\/media?parent=25759"}],"wp:term":[{"taxonomy":"category","embeddable":true,"href":"https:\/\/sulsc.com\/index.php\/wp-json\/wp\/v2\/categories?post=25759"},{"taxonomy":"post_tag","embeddable":true,"href":"https:\/\/sulsc.com\/index.php\/wp-json\/wp\/v2\/tags?post=25759"}],"curies":[{"name":"wp","href":"https:\/\/api.w.org\/{rel}","templated":true}]}}