{"id":25777,"date":"2025-07-28T07:06:46","date_gmt":"2025-07-28T10:06:46","guid":{"rendered":"https:\/\/sulsc.com\/?p=25777"},"modified":"2025-07-28T07:09:22","modified_gmt":"2025-07-28T10:09:22","slug":"segunda-feira-28-de-tempo-instavel-e-massa-de-ar-frio-se-intensificando-ao-longo-do-dia","status":"publish","type":"post","link":"https:\/\/sulsc.com\/index.php\/2025\/07\/28\/segunda-feira-28-de-tempo-instavel-e-massa-de-ar-frio-se-intensificando-ao-longo-do-dia\/","title":{"rendered":"Segunda-feira (28) de tempo inst\u00e1vel e massa de ar frio se intensificando ao longo do dia"},"content":{"rendered":"<p><span dir=\"auto\" style=\"vertical-align: inherit;\"><span dir=\"auto\" style=\"vertical-align: inherit;\"><span dir=\"auto\" style=\"vertical-align: inherit;\"><span dir=\"auto\" style=\"vertical-align: inherit;\">Na segunda(28), o tempo segue assustador, com nuvens e chuva fraca e isolada, especialmente do Grande Oeste aos Planaltos. O ciclone extratropical que se formou durante a madrugada se reduziu para alto mar ao longo das horas, intensificando os ventos do sul\/sudoeste, com rajadas de at\u00e9 70 km\/h na metade leste de SC, podendo superar os 80 km\/h no Litoral Sul e na Grande Florian\u00f3polis.<\/span><\/span><\/span><\/span><\/p>\n<p><span dir=\"auto\" style=\"vertical-align: inherit;\"><span dir=\"auto\" style=\"vertical-align: inherit;\"><span dir=\"auto\" style=\"vertical-align: inherit;\"><span dir=\"auto\" style=\"vertical-align: inherit;\">O risco \u00e9 moderado a alto para destelhamentos, danos na rede el\u00e9trica e queda de galhos e \u00e1rvores. O mar fica muito agitado, com risco de ressaca. As ondas variam entre 3,5m e 4,0m no Litoral, podendo alcan\u00e7ar at\u00e9 5,0m no Litoral Sul e na Grande Florian\u00f3polis, e at\u00e9 6,0m no alto mar.<\/span><\/span><\/span><\/span><\/p>\n<div id=\"metaslider-id-25573\" style=\"width: 100%;\" class=\"ml-slider-3-99-0 metaslider metaslider-flex metaslider-25573 ml-slider has-onhover-arrows ms-theme-default-base has-dots-nav\" role=\"region\" aria-label=\"Meio\" data-width=\"1200\">\n    <div id=\"metaslider_container_25573\">\n        <div id=\"metaslider_25573\">\n            <ul class='slides'>\n                <li style=\"display: block; width: 100%;\" class=\"slide-25684 ms-image \" aria-roledescription=\"slide\" data-date=\"2025-07-24 07:55:40\"><img src=\"https:\/\/sulsc.com\/wp-content\/uploads\/2025\/07\/Marr-2-1000x166.jpg\" height=\"200\" width=\"1200\" alt=\"\" class=\"slider-25573 slide-25684 msDefaultImage\" title=\"Marr 2\" \/><\/li>\n                <li style=\"display: none; width: 100%;\" class=\"slide-32412 ms-image \" aria-roledescription=\"slide\" data-date=\"2026-02-18 13:59:46\"><img src=\"https:\/\/sulsc.com\/wp-content\/uploads\/2026\/02\/40dc1580-cad5-4867-bc58-c4243821ad38-1000x166.jpeg\" height=\"200\" width=\"1200\" alt=\"\" class=\"slider-25573 slide-32412 msDefaultImage\" title=\"40dc1580-cad5-4867-bc58-c4243821ad38\" \/><\/li>\n                <li style=\"display: none; width: 100%;\" class=\"slide-32766 ms-image \" aria-roledescription=\"slide\" data-date=\"2026-03-03 17:22:59\"><img src=\"https:\/\/sulsc.com\/wp-content\/uploads\/2026\/03\/271ce739-f268-41c5-8051-3de1a1750359-1000x166.jpeg\" height=\"200\" width=\"1200\" alt=\"\" class=\"slider-25573 slide-32766 msDefaultImage\" title=\"271ce739-f268-41c5-8051-3de1a1750359\" \/><\/li>\n            <\/ul>\n        <\/div>\n        \n    <\/div>\n<\/div>\n<p><strong><span dir=\"auto\" style=\"vertical-align: inherit;\"><span dir=\"auto\" style=\"vertical-align: inherit;\"><span dir=\"auto\" style=\"vertical-align: inherit;\"><span dir=\"auto\" style=\"vertical-align: inherit;\">Temperaturas<\/span><\/span><\/span><\/span><\/strong><\/p>\n<p><span dir=\"auto\" style=\"vertical-align: inherit;\"><span dir=\"auto\" style=\"vertical-align: inherit;\"><span dir=\"auto\" style=\"vertical-align: inherit;\"><span dir=\"auto\" style=\"vertical-align: inherit;\">O risco \u00e9 ALTO a MUITO ALTO de ocorr\u00eancias associadas a incidentes mar\u00edtimos. Ao longo do dia, uma massa de ar frio e seco provoca queda brusca nas temperaturas, com m\u00ednimas sendo registradas \u00e0 noite. O risco \u00e9 moderado para desconforto t\u00e9rmico, agravamento de doen\u00e7as cardiorrespirat\u00f3rias e hipotermia.<\/span><\/span><\/span><\/span><\/p>\n<p><strong><span dir=\"auto\" style=\"vertical-align: inherit;\"><span dir=\"auto\" style=\"vertical-align: inherit;\"><span dir=\"auto\" style=\"vertical-align: inherit;\"><span dir=\"auto\" style=\"vertical-align: inherit;\">Vento:<\/span><\/span><\/span><\/span><\/strong><span dir=\"auto\" style=\"vertical-align: inherit;\"><span dir=\"auto\" style=\"vertical-align: inherit;\"><span dir=\"auto\" style=\"vertical-align: inherit;\"><span dir=\"auto\" style=\"vertical-align: inherit;\"> noroeste a sudoeste, fraco a moderado, com fortes rajadas no litoral e sul de SC (mais de 60km\/h), devido a um intenso ciclone extratropical intensificando-se na costa entre o RS e SC.<\/span><\/span><\/span><\/span><\/p>\n<p><strong><span dir=\"auto\" style=\"vertical-align: inherit;\"><span dir=\"auto\" style=\"vertical-align: inherit;\"><span dir=\"auto\" style=\"vertical-align: inherit;\"><span dir=\"auto\" style=\"vertical-align: inherit;\">Sistema predominantemente:<\/span><\/span><\/span><\/span><\/strong><span dir=\"auto\" style=\"vertical-align: inherit;\"><span dir=\"auto\" style=\"vertical-align: inherit;\"><span dir=\"auto\" style=\"vertical-align: inherit;\"><span dir=\"auto\" style=\"vertical-align: inherit;\"> frente fria associado ao ciclone extratropical em implanta\u00e7\u00e3o na costa sul do Brasil.<\/span><\/span><\/span><\/span><\/p>\n<p><img fetchpriority=\"high\" decoding=\"async\" class=\"aligncenter size-full wp-image-25778\" src=\"http:\/\/sulsc.com\/wp-content\/uploads\/2025\/07\/a-15.png\" alt=\"\" width=\"1642\" height=\"1114\" srcset=\"https:\/\/sulsc.com\/wp-content\/uploads\/2025\/07\/a-15.png 1642w, https:\/\/sulsc.com\/wp-content\/uploads\/2025\/07\/a-15-300x204.png 300w, https:\/\/sulsc.com\/wp-content\/uploads\/2025\/07\/a-15-1024x695.png 1024w, https:\/\/sulsc.com\/wp-content\/uploads\/2025\/07\/a-15-768x521.png 768w, https:\/\/sulsc.com\/wp-content\/uploads\/2025\/07\/a-15-1536x1042.png 1536w\" sizes=\"(max-width: 1642px) 100vw, 1642px\" \/><\/p>\n<p><img decoding=\"async\" class=\"aligncenter size-full wp-image-22836\" src=\"http:\/\/sulsc.com\/wp-content\/uploads\/2025\/04\/Tempo-2.png\" alt=\"\" width=\"1024\" height=\"189\" srcset=\"https:\/\/sulsc.com\/wp-content\/uploads\/2025\/04\/Tempo-2.png 1024w, https:\/\/sulsc.com\/wp-content\/uploads\/2025\/04\/Tempo-2-300x55.png 300w, https:\/\/sulsc.com\/wp-content\/uploads\/2025\/04\/Tempo-2-768x142.png 768w\" sizes=\"(max-width: 1024px) 100vw, 1024px\" \/><\/p>\n<p><span dir=\"auto\" style=\"vertical-align: inherit;\"><span dir=\"auto\" style=\"vertical-align: inherit;\"><span dir=\"auto\" style=\"vertical-align: inherit;\"><span dir=\"auto\" style=\"vertical-align: inherit;\">Fonte: Defesa Civil SC &#8211; Epagri-Ciram<\/span><\/span><\/span><\/span><\/p>\n","protected":false},"excerpt":{"rendered":"<p>Na segunda(28), o tempo segue assustador, com nuvens e chuva fraca e isolada, especialmente do Grande Oeste aos Planaltos. O ciclone extratropical que se formou durante a madrugada se reduziu para alto mar ao longo das horas, intensificando os ventos do sul\/sudoeste, com rajadas de at\u00e9 70 km\/h na metade leste de SC, podendo superar &hellip;<\/p>\n<p class=\"read-more\"> <a class=\"\" href=\"https:\/\/sulsc.com\/index.php\/2025\/07\/28\/segunda-feira-28-de-tempo-instavel-e-massa-de-ar-frio-se-intensificando-ao-longo-do-dia\/\"> <span class=\"screen-reader-text\">Segunda-feira (28) de tempo inst\u00e1vel e massa de ar frio se intensificando ao longo do dia<\/span> Read More &raquo;<\/a><\/p>\n","protected":false},"author":3,"featured_media":25779,"comment_status":"open","ping_status":"open","sticky":false,"template":"","format":"standard","meta":{"site-sidebar-layout":"default","site-content-layout":"","ast-site-content-layout":"default","site-content-style":"default","site-sidebar-style":"default","ast-global-header-display":"","ast-banner-title-visibility":"","ast-main-header-display":"","ast-hfb-above-header-display":"","ast-hfb-below-header-display":"","ast-hfb-mobile-header-display":"","site-post-title":"","ast-breadcrumbs-content":"","ast-featured-img":"","footer-sml-layout":"","theme-transparent-header-meta":"default","adv-header-id-meta":"","stick-header-meta":"","header-above-stick-meta":"","header-main-stick-meta":"","header-below-stick-meta":"","astra-migrate-meta-layouts":"set","footnotes":""},"categories":[38],"tags":[1013],"yoast_head":"<!-- This site is optimized with the Yoast SEO plugin v21.4 - https:\/\/yoast.com\/wordpress\/plugins\/seo\/ -->\n<title>Segunda-feira (28) de tempo inst\u00e1vel e massa de ar frio se intensificando ao longo do dia -<\/title>\n<meta name=\"robots\" content=\"index, follow, max-snippet:-1, max-image-preview:large, max-video-preview:-1\" \/>\n<link rel=\"canonical\" href=\"https:\/\/sulsc.com\/index.php\/2025\/07\/28\/segunda-feira-28-de-tempo-instavel-e-massa-de-ar-frio-se-intensificando-ao-longo-do-dia\/\" \/>\n<meta property=\"og:locale\" content=\"en_US\" \/>\n<meta property=\"og:type\" content=\"article\" \/>\n<meta property=\"og:title\" content=\"Segunda-feira (28) de tempo inst\u00e1vel e massa de ar frio se intensificando ao longo do dia -\" \/>\n<meta property=\"og:description\" content=\"Na segunda(28), o tempo segue assustador, com nuvens e chuva fraca e isolada, especialmente do Grande Oeste aos Planaltos. O ciclone extratropical que se formou durante a madrugada se reduziu para alto mar ao longo das horas, intensificando os ventos do sul\/sudoeste, com rajadas de at\u00e9 70 km\/h na metade leste de SC, podendo superar &hellip; Segunda-feira (28) de tempo inst\u00e1vel e massa de ar frio se intensificando ao longo do dia Read More &raquo;\" \/>\n<meta property=\"og:url\" content=\"https:\/\/sulsc.com\/index.php\/2025\/07\/28\/segunda-feira-28-de-tempo-instavel-e-massa-de-ar-frio-se-intensificando-ao-longo-do-dia\/\" \/>\n<meta property=\"article:author\" content=\"https:\/\/www.facebook.com\/profile.php?id=61559278119680\" \/>\n<meta property=\"article:published_time\" content=\"2025-07-28T10:06:46+00:00\" \/>\n<meta property=\"article:modified_time\" content=\"2025-07-28T10:09:22+00:00\" \/>\n<meta property=\"og:image\" content=\"http:\/\/sulsc.com\/wp-content\/uploads\/2025\/07\/a1-25.jpg\" \/>\n\t<meta property=\"og:image:width\" content=\"1600\" \/>\n\t<meta property=\"og:image:height\" content=\"720\" \/>\n\t<meta property=\"og:image:type\" content=\"image\/jpeg\" \/>\n<meta name=\"author\" content=\"Reda\u00e7\u00e3o Sul SC\" \/>\n<meta name=\"twitter:card\" content=\"summary_large_image\" \/>\n<meta name=\"twitter:creator\" content=\"@https:\/\/twitter.com\/PortalSulSC\" \/>\n<meta name=\"twitter:label1\" content=\"Written by\" \/>\n\t<meta name=\"twitter:data1\" content=\"Reda\u00e7\u00e3o Sul SC\" \/>\n\t<meta name=\"twitter:label2\" content=\"Est. reading time\" \/>\n\t<meta name=\"twitter:data2\" content=\"2 minutes\" \/>\n<script type=\"application\/ld+json\" class=\"yoast-schema-graph\">{\"@context\":\"https:\/\/schema.org\",\"@graph\":[{\"@type\":\"WebPage\",\"@id\":\"https:\/\/sulsc.com\/index.php\/2025\/07\/28\/segunda-feira-28-de-tempo-instavel-e-massa-de-ar-frio-se-intensificando-ao-longo-do-dia\/\",\"url\":\"https:\/\/sulsc.com\/index.php\/2025\/07\/28\/segunda-feira-28-de-tempo-instavel-e-massa-de-ar-frio-se-intensificando-ao-longo-do-dia\/\",\"name\":\"Segunda-feira (28) de tempo inst\u00e1vel e massa de ar frio se intensificando ao longo do dia -\",\"isPartOf\":{\"@id\":\"https:\/\/sulsc.com\/#website\"},\"datePublished\":\"2025-07-28T10:06:46+00:00\",\"dateModified\":\"2025-07-28T10:09:22+00:00\",\"author\":{\"@id\":\"https:\/\/sulsc.com\/#\/schema\/person\/84d2fc571684f6248ba83092f07750a3\"},\"breadcrumb\":{\"@id\":\"https:\/\/sulsc.com\/index.php\/2025\/07\/28\/segunda-feira-28-de-tempo-instavel-e-massa-de-ar-frio-se-intensificando-ao-longo-do-dia\/#breadcrumb\"},\"inLanguage\":\"en-US\",\"potentialAction\":[{\"@type\":\"ReadAction\",\"target\":[\"https:\/\/sulsc.com\/index.php\/2025\/07\/28\/segunda-feira-28-de-tempo-instavel-e-massa-de-ar-frio-se-intensificando-ao-longo-do-dia\/\"]}]},{\"@type\":\"BreadcrumbList\",\"@id\":\"https:\/\/sulsc.com\/index.php\/2025\/07\/28\/segunda-feira-28-de-tempo-instavel-e-massa-de-ar-frio-se-intensificando-ao-longo-do-dia\/#breadcrumb\",\"itemListElement\":[{\"@type\":\"ListItem\",\"position\":1,\"name\":\"In\u00edcio\",\"item\":\"https:\/\/sulsc.com\/\"},{\"@type\":\"ListItem\",\"position\":2,\"name\":\"Segunda-feira (28) de tempo inst\u00e1vel e massa de ar frio se intensificando ao longo do dia\"}]},{\"@type\":\"WebSite\",\"@id\":\"https:\/\/sulsc.com\/#website\",\"url\":\"https:\/\/sulsc.com\/\",\"name\":\"\",\"description\":\"\",\"potentialAction\":[{\"@type\":\"SearchAction\",\"target\":{\"@type\":\"EntryPoint\",\"urlTemplate\":\"https:\/\/sulsc.com\/?s={search_term_string}\"},\"query-input\":\"required name=search_term_string\"}],\"inLanguage\":\"en-US\"},{\"@type\":\"Person\",\"@id\":\"https:\/\/sulsc.com\/#\/schema\/person\/84d2fc571684f6248ba83092f07750a3\",\"name\":\"Reda\u00e7\u00e3o Sul SC\",\"image\":{\"@type\":\"ImageObject\",\"inLanguage\":\"en-US\",\"@id\":\"https:\/\/sulsc.com\/#\/schema\/person\/image\/e08d7fe2cc4ed596372063bbe852b8d0\",\"url\":\"https:\/\/sulsc.com\/wp-content\/uploads\/2023\/09\/redacao.png\",\"contentUrl\":\"https:\/\/sulsc.com\/wp-content\/uploads\/2023\/09\/redacao.png\",\"caption\":\"Reda\u00e7\u00e3o Sul SC\"},\"description\":\"Foco em um jornalismo imparcial, voltado \u00e0 qualidade dos seus conte\u00fados e, assim, levar informa\u00e7\u00e3o de valor que agregue \u00e0 vida dos leitores. Esta \u00e9 grande miss\u00e3o do Portal de Not\u00edcias Sul SC. N\u00e3o \u00e9 quantidade que muda o mundo, sempre foi e seguir\u00e1 sendo qualidade!\",\"sameAs\":[\"https:\/\/sulsc.com\/\",\"https:\/\/www.facebook.com\/profile.php?id=61559278119680\",\"https:\/\/www.instagram.com\/sulscportal\/?hl=pt-br\",\"https:\/\/twitter.com\/https:\/\/twitter.com\/PortalSulSC\",\"https:\/\/www.youtube.com\/channel\/UCv_BE8GeySluDov2n8qhVmw\"],\"url\":\"https:\/\/sulsc.com\/index.php\/author\/redacao\/\"}]}<\/script>\n<!-- \/ Yoast SEO plugin. -->","yoast_head_json":{"title":"Segunda-feira (28) de tempo inst\u00e1vel e massa de ar frio se intensificando ao longo do dia -","robots":{"index":"index","follow":"follow","max-snippet":"max-snippet:-1","max-image-preview":"max-image-preview:large","max-video-preview":"max-video-preview:-1"},"canonical":"https:\/\/sulsc.com\/index.php\/2025\/07\/28\/segunda-feira-28-de-tempo-instavel-e-massa-de-ar-frio-se-intensificando-ao-longo-do-dia\/","og_locale":"en_US","og_type":"article","og_title":"Segunda-feira (28) de tempo inst\u00e1vel e massa de ar frio se intensificando ao longo do dia -","og_description":"Na segunda(28), o tempo segue assustador, com nuvens e chuva fraca e isolada, especialmente do Grande Oeste aos Planaltos. O ciclone extratropical que se formou durante a madrugada se reduziu para alto mar ao longo das horas, intensificando os ventos do sul\/sudoeste, com rajadas de at\u00e9 70 km\/h na metade leste de SC, podendo superar &hellip; Segunda-feira (28) de tempo inst\u00e1vel e massa de ar frio se intensificando ao longo do dia Read More &raquo;","og_url":"https:\/\/sulsc.com\/index.php\/2025\/07\/28\/segunda-feira-28-de-tempo-instavel-e-massa-de-ar-frio-se-intensificando-ao-longo-do-dia\/","article_author":"https:\/\/www.facebook.com\/profile.php?id=61559278119680","article_published_time":"2025-07-28T10:06:46+00:00","article_modified_time":"2025-07-28T10:09:22+00:00","og_image":[{"width":1600,"height":720,"url":"http:\/\/sulsc.com\/wp-content\/uploads\/2025\/07\/a1-25.jpg","type":"image\/jpeg"}],"author":"Reda\u00e7\u00e3o Sul SC","twitter_card":"summary_large_image","twitter_creator":"@https:\/\/twitter.com\/PortalSulSC","twitter_misc":{"Written by":"Reda\u00e7\u00e3o Sul SC","Est. reading time":"2 minutes"},"schema":{"@context":"https:\/\/schema.org","@graph":[{"@type":"WebPage","@id":"https:\/\/sulsc.com\/index.php\/2025\/07\/28\/segunda-feira-28-de-tempo-instavel-e-massa-de-ar-frio-se-intensificando-ao-longo-do-dia\/","url":"https:\/\/sulsc.com\/index.php\/2025\/07\/28\/segunda-feira-28-de-tempo-instavel-e-massa-de-ar-frio-se-intensificando-ao-longo-do-dia\/","name":"Segunda-feira (28) de tempo inst\u00e1vel e massa de ar frio se intensificando ao longo do dia -","isPartOf":{"@id":"https:\/\/sulsc.com\/#website"},"datePublished":"2025-07-28T10:06:46+00:00","dateModified":"2025-07-28T10:09:22+00:00","author":{"@id":"https:\/\/sulsc.com\/#\/schema\/person\/84d2fc571684f6248ba83092f07750a3"},"breadcrumb":{"@id":"https:\/\/sulsc.com\/index.php\/2025\/07\/28\/segunda-feira-28-de-tempo-instavel-e-massa-de-ar-frio-se-intensificando-ao-longo-do-dia\/#breadcrumb"},"inLanguage":"en-US","potentialAction":[{"@type":"ReadAction","target":["https:\/\/sulsc.com\/index.php\/2025\/07\/28\/segunda-feira-28-de-tempo-instavel-e-massa-de-ar-frio-se-intensificando-ao-longo-do-dia\/"]}]},{"@type":"BreadcrumbList","@id":"https:\/\/sulsc.com\/index.php\/2025\/07\/28\/segunda-feira-28-de-tempo-instavel-e-massa-de-ar-frio-se-intensificando-ao-longo-do-dia\/#breadcrumb","itemListElement":[{"@type":"ListItem","position":1,"name":"In\u00edcio","item":"https:\/\/sulsc.com\/"},{"@type":"ListItem","position":2,"name":"Segunda-feira (28) de tempo inst\u00e1vel e massa de ar frio se intensificando ao longo do dia"}]},{"@type":"WebSite","@id":"https:\/\/sulsc.com\/#website","url":"https:\/\/sulsc.com\/","name":"","description":"","potentialAction":[{"@type":"SearchAction","target":{"@type":"EntryPoint","urlTemplate":"https:\/\/sulsc.com\/?s={search_term_string}"},"query-input":"required name=search_term_string"}],"inLanguage":"en-US"},{"@type":"Person","@id":"https:\/\/sulsc.com\/#\/schema\/person\/84d2fc571684f6248ba83092f07750a3","name":"Reda\u00e7\u00e3o Sul SC","image":{"@type":"ImageObject","inLanguage":"en-US","@id":"https:\/\/sulsc.com\/#\/schema\/person\/image\/e08d7fe2cc4ed596372063bbe852b8d0","url":"https:\/\/sulsc.com\/wp-content\/uploads\/2023\/09\/redacao.png","contentUrl":"https:\/\/sulsc.com\/wp-content\/uploads\/2023\/09\/redacao.png","caption":"Reda\u00e7\u00e3o Sul SC"},"description":"Foco em um jornalismo imparcial, voltado \u00e0 qualidade dos seus conte\u00fados e, assim, levar informa\u00e7\u00e3o de valor que agregue \u00e0 vida dos leitores. Esta \u00e9 grande miss\u00e3o do Portal de Not\u00edcias Sul SC. N\u00e3o \u00e9 quantidade que muda o mundo, sempre foi e seguir\u00e1 sendo qualidade!","sameAs":["https:\/\/sulsc.com\/","https:\/\/www.facebook.com\/profile.php?id=61559278119680","https:\/\/www.instagram.com\/sulscportal\/?hl=pt-br","https:\/\/twitter.com\/https:\/\/twitter.com\/PortalSulSC","https:\/\/www.youtube.com\/channel\/UCv_BE8GeySluDov2n8qhVmw"],"url":"https:\/\/sulsc.com\/index.php\/author\/redacao\/"}]}},"authors":[],"_links":{"self":[{"href":"https:\/\/sulsc.com\/index.php\/wp-json\/wp\/v2\/posts\/25777"}],"collection":[{"href":"https:\/\/sulsc.com\/index.php\/wp-json\/wp\/v2\/posts"}],"about":[{"href":"https:\/\/sulsc.com\/index.php\/wp-json\/wp\/v2\/types\/post"}],"author":[{"embeddable":true,"href":"https:\/\/sulsc.com\/index.php\/wp-json\/wp\/v2\/users\/3"}],"replies":[{"embeddable":true,"href":"https:\/\/sulsc.com\/index.php\/wp-json\/wp\/v2\/comments?post=25777"}],"version-history":[{"count":3,"href":"https:\/\/sulsc.com\/index.php\/wp-json\/wp\/v2\/posts\/25777\/revisions"}],"predecessor-version":[{"id":25782,"href":"https:\/\/sulsc.com\/index.php\/wp-json\/wp\/v2\/posts\/25777\/revisions\/25782"}],"wp:featuredmedia":[{"embeddable":true,"href":"https:\/\/sulsc.com\/index.php\/wp-json\/wp\/v2\/media\/25779"}],"wp:attachment":[{"href":"https:\/\/sulsc.com\/index.php\/wp-json\/wp\/v2\/media?parent=25777"}],"wp:term":[{"taxonomy":"category","embeddable":true,"href":"https:\/\/sulsc.com\/index.php\/wp-json\/wp\/v2\/categories?post=25777"},{"taxonomy":"post_tag","embeddable":true,"href":"https:\/\/sulsc.com\/index.php\/wp-json\/wp\/v2\/tags?post=25777"}],"curies":[{"name":"wp","href":"https:\/\/api.w.org\/{rel}","templated":true}]}}