{"id":25844,"date":"2025-07-30T08:18:53","date_gmt":"2025-07-30T11:18:53","guid":{"rendered":"https:\/\/sulsc.com\/?p=25844"},"modified":"2025-07-30T08:18:53","modified_gmt":"2025-07-30T11:18:53","slug":"tempo-firme-nesta-quarta-feira-30-mas-como-condicao-de-ressaca-no-litoral-sul","status":"publish","type":"post","link":"https:\/\/sulsc.com\/index.php\/2025\/07\/30\/tempo-firme-nesta-quarta-feira-30-mas-como-condicao-de-ressaca-no-litoral-sul\/","title":{"rendered":"Tempo firme nesta quarta-feira (30) mas como condi\u00e7\u00e3o de ressaca no litoral sul"},"content":{"rendered":"<p>Quarta-feira (30), O tempo fica firme, com predom\u00ednio de sol em todas as regi\u00f5es de Santa Catarina. o mar permanece agitado, com risco de ressaca. As ondas variam entre 3,5m e 4,0m no Litoral, podendo alcan\u00e7ar at\u00e9 6,0m em alto mar. O risco \u00e9 alto para ocorr\u00eancias associadas \u00e0 agita\u00e7\u00e3o mar\u00edtima.<\/p>\n<p>Temperaturas<\/p>\n<p>Pela manh\u00e3, as temperaturas seguem baixas, variando entre -2\u00b0C e 4\u00b0C, no Grande Oeste, Planaltos e \u00e1reas de serra. No Litoral e no Vale do Itaja\u00ed, as m\u00ednimas oscilam entre 4\u00b0C e 10\u00b0C. Com o predom\u00ednio de sol, as temperaturas voltam a subir gradativamente \u00e0 tarde, em compara\u00e7\u00e3o aos dias anteriores, variando entre 17\u00b0C e 21\u00b0C no Oeste e no Litoral.<\/p>\n<div id=\"metaslider-id-25573\" style=\"width: 100%;\" class=\"ml-slider-3-99-0 metaslider metaslider-flex metaslider-25573 ml-slider has-onhover-arrows ms-theme-default-base has-dots-nav\" role=\"region\" aria-label=\"Meio\" data-width=\"1200\">\n    <div id=\"metaslider_container_25573\">\n        <div id=\"metaslider_25573\">\n            <ul class='slides'>\n                <li style=\"display: block; width: 100%;\" class=\"slide-25684 ms-image \" aria-roledescription=\"slide\" data-date=\"2025-07-24 07:55:40\"><img src=\"https:\/\/sulsc.com\/wp-content\/uploads\/2025\/07\/Marr-2-1000x166.jpg\" height=\"200\" width=\"1200\" alt=\"\" class=\"slider-25573 slide-25684 msDefaultImage\" title=\"Marr 2\" \/><\/li>\n                <li style=\"display: none; width: 100%;\" class=\"slide-32412 ms-image \" aria-roledescription=\"slide\" data-date=\"2026-02-18 13:59:46\"><img src=\"https:\/\/sulsc.com\/wp-content\/uploads\/2026\/02\/40dc1580-cad5-4867-bc58-c4243821ad38-1000x166.jpeg\" height=\"200\" width=\"1200\" alt=\"\" class=\"slider-25573 slide-32412 msDefaultImage\" title=\"40dc1580-cad5-4867-bc58-c4243821ad38\" \/><\/li>\n                <li style=\"display: none; width: 100%;\" class=\"slide-32766 ms-image \" aria-roledescription=\"slide\" data-date=\"2026-03-03 17:22:59\"><img src=\"https:\/\/sulsc.com\/wp-content\/uploads\/2026\/03\/271ce739-f268-41c5-8051-3de1a1750359-1000x166.jpeg\" height=\"200\" width=\"1200\" alt=\"\" class=\"slider-25573 slide-32766 msDefaultImage\" title=\"271ce739-f268-41c5-8051-3de1a1750359\" \/><\/li>\n            <\/ul>\n        <\/div>\n        \n    <\/div>\n<\/div>\n<p><strong>Vento:<\/strong> sul com varia\u00e7\u00e3o para nordeste, com intensidade fraca.<br \/>\n<strong>Sistema predominante:<\/strong> massa de ar frio no Sul do Brasil.<\/p>\n<p><strong>Quinta-feira\u00a0 (31)<\/strong><\/p>\n<p>O tempo segue est\u00e1vel com predom\u00ednio de sol e poucas nuvens no estado, as temperatura ser\u00e3o baixa ao amanhecer, com m\u00ednimas de -2 a 4\u00b0C e condi\u00e7\u00f5es de geada nas \u00e1reas altas do Meio-Oeste e Planaltos.<\/p>\n<p><strong>Sexta-feira (01\/08)<\/strong><\/p>\n<p>As condi\u00e7\u00f5es do tempo \u00e9 a mesma do dia anterior, dando destaque as temperaturas m\u00e1ximas que ficam entre 18 a 25\u00b0C, tronando a sexta mais quente.<\/p>\n<p><img fetchpriority=\"high\" decoding=\"async\" class=\"aligncenter size-full wp-image-25845\" src=\"http:\/\/sulsc.com\/wp-content\/uploads\/2025\/07\/a-17.png\" alt=\"\" width=\"2048\" height=\"1401\" srcset=\"https:\/\/sulsc.com\/wp-content\/uploads\/2025\/07\/a-17.png 2048w, https:\/\/sulsc.com\/wp-content\/uploads\/2025\/07\/a-17-300x205.png 300w, https:\/\/sulsc.com\/wp-content\/uploads\/2025\/07\/a-17-1024x701.png 1024w, https:\/\/sulsc.com\/wp-content\/uploads\/2025\/07\/a-17-768x525.png 768w, https:\/\/sulsc.com\/wp-content\/uploads\/2025\/07\/a-17-1536x1051.png 1536w\" sizes=\"(max-width: 2048px) 100vw, 2048px\" \/><\/p>\n<p><img decoding=\"async\" class=\"aligncenter size-full wp-image-22836\" src=\"http:\/\/sulsc.com\/wp-content\/uploads\/2025\/04\/Tempo-2.png\" alt=\"\" width=\"1024\" height=\"189\" srcset=\"https:\/\/sulsc.com\/wp-content\/uploads\/2025\/04\/Tempo-2.png 1024w, https:\/\/sulsc.com\/wp-content\/uploads\/2025\/04\/Tempo-2-300x55.png 300w, https:\/\/sulsc.com\/wp-content\/uploads\/2025\/04\/Tempo-2-768x142.png 768w\" sizes=\"(max-width: 1024px) 100vw, 1024px\" \/><\/p>\n<p>Fontes: Defesa Civil SC\/ Epagri-Ciram<\/p>\n","protected":false},"excerpt":{"rendered":"<p>Quarta-feira (30), O tempo fica firme, com predom\u00ednio de sol em todas as regi\u00f5es de Santa Catarina. o mar permanece agitado, com risco de ressaca. As ondas variam entre 3,5m e 4,0m no Litoral, podendo alcan\u00e7ar at\u00e9 6,0m em alto mar. O risco \u00e9 alto para ocorr\u00eancias associadas \u00e0 agita\u00e7\u00e3o mar\u00edtima. Temperaturas Pela manh\u00e3, as &hellip;<\/p>\n<p class=\"read-more\"> <a class=\"\" href=\"https:\/\/sulsc.com\/index.php\/2025\/07\/30\/tempo-firme-nesta-quarta-feira-30-mas-como-condicao-de-ressaca-no-litoral-sul\/\"> <span class=\"screen-reader-text\">Tempo firme nesta quarta-feira (30) mas como condi\u00e7\u00e3o de ressaca no litoral sul<\/span> Read More &raquo;<\/a><\/p>\n","protected":false},"author":3,"featured_media":16524,"comment_status":"open","ping_status":"open","sticky":false,"template":"","format":"standard","meta":{"site-sidebar-layout":"default","site-content-layout":"","ast-site-content-layout":"default","site-content-style":"default","site-sidebar-style":"default","ast-global-header-display":"","ast-banner-title-visibility":"","ast-main-header-display":"","ast-hfb-above-header-display":"","ast-hfb-below-header-display":"","ast-hfb-mobile-header-display":"","site-post-title":"","ast-breadcrumbs-content":"","ast-featured-img":"","footer-sml-layout":"","theme-transparent-header-meta":"default","adv-header-id-meta":"","stick-header-meta":"","header-above-stick-meta":"","header-main-stick-meta":"","header-below-stick-meta":"","astra-migrate-meta-layouts":"set","footnotes":""},"categories":[38],"tags":[90],"yoast_head":"<!-- This site is optimized with the Yoast SEO plugin v21.4 - https:\/\/yoast.com\/wordpress\/plugins\/seo\/ -->\n<title>Tempo firme nesta quarta-feira (30) mas como condi\u00e7\u00e3o de ressaca no litoral sul -<\/title>\n<meta name=\"description\" content=\"As ondas variam entre 3,5m e 4,0m no Litoral, podendo alcan\u00e7ar at\u00e9 6,0m em alto mar o risco \u00e9 alto para agita\u00e7\u00e3o mar\u00edtima\" \/>\n<meta name=\"robots\" content=\"index, follow, max-snippet:-1, max-image-preview:large, max-video-preview:-1\" \/>\n<link rel=\"canonical\" href=\"https:\/\/sulsc.com\/index.php\/2025\/07\/30\/tempo-firme-nesta-quarta-feira-30-mas-como-condicao-de-ressaca-no-litoral-sul\/\" \/>\n<meta property=\"og:locale\" content=\"en_US\" \/>\n<meta property=\"og:type\" content=\"article\" \/>\n<meta property=\"og:title\" content=\"Tempo firme nesta quarta-feira (30) mas como condi\u00e7\u00e3o de ressaca no litoral sul -\" \/>\n<meta property=\"og:description\" content=\"As ondas variam entre 3,5m e 4,0m no Litoral, podendo alcan\u00e7ar at\u00e9 6,0m em alto mar o risco \u00e9 alto para agita\u00e7\u00e3o mar\u00edtima\" \/>\n<meta property=\"og:url\" content=\"https:\/\/sulsc.com\/index.php\/2025\/07\/30\/tempo-firme-nesta-quarta-feira-30-mas-como-condicao-de-ressaca-no-litoral-sul\/\" \/>\n<meta property=\"article:author\" content=\"https:\/\/www.facebook.com\/profile.php?id=61559278119680\" \/>\n<meta property=\"article:published_time\" content=\"2025-07-30T11:18:53+00:00\" \/>\n<meta property=\"og:image\" content=\"http:\/\/sulsc.com\/wp-content\/uploads\/2024\/10\/Tempo-scaled.jpg\" \/>\n\t<meta property=\"og:image:width\" content=\"2560\" \/>\n\t<meta property=\"og:image:height\" content=\"1151\" \/>\n\t<meta property=\"og:image:type\" content=\"image\/jpeg\" \/>\n<meta name=\"author\" content=\"Reda\u00e7\u00e3o Sul SC\" \/>\n<meta name=\"twitter:card\" content=\"summary_large_image\" \/>\n<meta name=\"twitter:creator\" content=\"@https:\/\/twitter.com\/PortalSulSC\" \/>\n<meta name=\"twitter:label1\" content=\"Written by\" \/>\n\t<meta name=\"twitter:data1\" content=\"Reda\u00e7\u00e3o Sul SC\" \/>\n\t<meta name=\"twitter:label2\" content=\"Est. reading time\" \/>\n\t<meta name=\"twitter:data2\" content=\"2 minutes\" \/>\n<script type=\"application\/ld+json\" class=\"yoast-schema-graph\">{\"@context\":\"https:\/\/schema.org\",\"@graph\":[{\"@type\":\"WebPage\",\"@id\":\"https:\/\/sulsc.com\/index.php\/2025\/07\/30\/tempo-firme-nesta-quarta-feira-30-mas-como-condicao-de-ressaca-no-litoral-sul\/\",\"url\":\"https:\/\/sulsc.com\/index.php\/2025\/07\/30\/tempo-firme-nesta-quarta-feira-30-mas-como-condicao-de-ressaca-no-litoral-sul\/\",\"name\":\"Tempo firme nesta quarta-feira (30) mas como condi\u00e7\u00e3o de ressaca no litoral sul -\",\"isPartOf\":{\"@id\":\"https:\/\/sulsc.com\/#website\"},\"datePublished\":\"2025-07-30T11:18:53+00:00\",\"dateModified\":\"2025-07-30T11:18:53+00:00\",\"author\":{\"@id\":\"https:\/\/sulsc.com\/#\/schema\/person\/84d2fc571684f6248ba83092f07750a3\"},\"description\":\"As ondas variam entre 3,5m e 4,0m no Litoral, podendo alcan\u00e7ar at\u00e9 6,0m em alto mar o risco \u00e9 alto para agita\u00e7\u00e3o mar\u00edtima\",\"breadcrumb\":{\"@id\":\"https:\/\/sulsc.com\/index.php\/2025\/07\/30\/tempo-firme-nesta-quarta-feira-30-mas-como-condicao-de-ressaca-no-litoral-sul\/#breadcrumb\"},\"inLanguage\":\"en-US\",\"potentialAction\":[{\"@type\":\"ReadAction\",\"target\":[\"https:\/\/sulsc.com\/index.php\/2025\/07\/30\/tempo-firme-nesta-quarta-feira-30-mas-como-condicao-de-ressaca-no-litoral-sul\/\"]}]},{\"@type\":\"BreadcrumbList\",\"@id\":\"https:\/\/sulsc.com\/index.php\/2025\/07\/30\/tempo-firme-nesta-quarta-feira-30-mas-como-condicao-de-ressaca-no-litoral-sul\/#breadcrumb\",\"itemListElement\":[{\"@type\":\"ListItem\",\"position\":1,\"name\":\"In\u00edcio\",\"item\":\"https:\/\/sulsc.com\/\"},{\"@type\":\"ListItem\",\"position\":2,\"name\":\"Tempo firme nesta quarta-feira (30) mas como condi\u00e7\u00e3o de ressaca no litoral sul\"}]},{\"@type\":\"WebSite\",\"@id\":\"https:\/\/sulsc.com\/#website\",\"url\":\"https:\/\/sulsc.com\/\",\"name\":\"\",\"description\":\"\",\"potentialAction\":[{\"@type\":\"SearchAction\",\"target\":{\"@type\":\"EntryPoint\",\"urlTemplate\":\"https:\/\/sulsc.com\/?s={search_term_string}\"},\"query-input\":\"required name=search_term_string\"}],\"inLanguage\":\"en-US\"},{\"@type\":\"Person\",\"@id\":\"https:\/\/sulsc.com\/#\/schema\/person\/84d2fc571684f6248ba83092f07750a3\",\"name\":\"Reda\u00e7\u00e3o Sul SC\",\"image\":{\"@type\":\"ImageObject\",\"inLanguage\":\"en-US\",\"@id\":\"https:\/\/sulsc.com\/#\/schema\/person\/image\/e08d7fe2cc4ed596372063bbe852b8d0\",\"url\":\"https:\/\/sulsc.com\/wp-content\/uploads\/2023\/09\/redacao.png\",\"contentUrl\":\"https:\/\/sulsc.com\/wp-content\/uploads\/2023\/09\/redacao.png\",\"caption\":\"Reda\u00e7\u00e3o Sul SC\"},\"description\":\"Foco em um jornalismo imparcial, voltado \u00e0 qualidade dos seus conte\u00fados e, assim, levar informa\u00e7\u00e3o de valor que agregue \u00e0 vida dos leitores. Esta \u00e9 grande miss\u00e3o do Portal de Not\u00edcias Sul SC. N\u00e3o \u00e9 quantidade que muda o mundo, sempre foi e seguir\u00e1 sendo qualidade!\",\"sameAs\":[\"https:\/\/sulsc.com\/\",\"https:\/\/www.facebook.com\/profile.php?id=61559278119680\",\"https:\/\/www.instagram.com\/sulscportal\/?hl=pt-br\",\"https:\/\/twitter.com\/https:\/\/twitter.com\/PortalSulSC\",\"https:\/\/www.youtube.com\/channel\/UCv_BE8GeySluDov2n8qhVmw\"],\"url\":\"https:\/\/sulsc.com\/index.php\/author\/redacao\/\"}]}<\/script>\n<!-- \/ Yoast SEO plugin. -->","yoast_head_json":{"title":"Tempo firme nesta quarta-feira (30) mas como condi\u00e7\u00e3o de ressaca no litoral sul -","description":"As ondas variam entre 3,5m e 4,0m no Litoral, podendo alcan\u00e7ar at\u00e9 6,0m em alto mar o risco \u00e9 alto para agita\u00e7\u00e3o mar\u00edtima","robots":{"index":"index","follow":"follow","max-snippet":"max-snippet:-1","max-image-preview":"max-image-preview:large","max-video-preview":"max-video-preview:-1"},"canonical":"https:\/\/sulsc.com\/index.php\/2025\/07\/30\/tempo-firme-nesta-quarta-feira-30-mas-como-condicao-de-ressaca-no-litoral-sul\/","og_locale":"en_US","og_type":"article","og_title":"Tempo firme nesta quarta-feira (30) mas como condi\u00e7\u00e3o de ressaca no litoral sul -","og_description":"As ondas variam entre 3,5m e 4,0m no Litoral, podendo alcan\u00e7ar at\u00e9 6,0m em alto mar o risco \u00e9 alto para agita\u00e7\u00e3o mar\u00edtima","og_url":"https:\/\/sulsc.com\/index.php\/2025\/07\/30\/tempo-firme-nesta-quarta-feira-30-mas-como-condicao-de-ressaca-no-litoral-sul\/","article_author":"https:\/\/www.facebook.com\/profile.php?id=61559278119680","article_published_time":"2025-07-30T11:18:53+00:00","og_image":[{"width":2560,"height":1151,"url":"http:\/\/sulsc.com\/wp-content\/uploads\/2024\/10\/Tempo-scaled.jpg","type":"image\/jpeg"}],"author":"Reda\u00e7\u00e3o Sul SC","twitter_card":"summary_large_image","twitter_creator":"@https:\/\/twitter.com\/PortalSulSC","twitter_misc":{"Written by":"Reda\u00e7\u00e3o Sul SC","Est. reading time":"2 minutes"},"schema":{"@context":"https:\/\/schema.org","@graph":[{"@type":"WebPage","@id":"https:\/\/sulsc.com\/index.php\/2025\/07\/30\/tempo-firme-nesta-quarta-feira-30-mas-como-condicao-de-ressaca-no-litoral-sul\/","url":"https:\/\/sulsc.com\/index.php\/2025\/07\/30\/tempo-firme-nesta-quarta-feira-30-mas-como-condicao-de-ressaca-no-litoral-sul\/","name":"Tempo firme nesta quarta-feira (30) mas como condi\u00e7\u00e3o de ressaca no litoral sul -","isPartOf":{"@id":"https:\/\/sulsc.com\/#website"},"datePublished":"2025-07-30T11:18:53+00:00","dateModified":"2025-07-30T11:18:53+00:00","author":{"@id":"https:\/\/sulsc.com\/#\/schema\/person\/84d2fc571684f6248ba83092f07750a3"},"description":"As ondas variam entre 3,5m e 4,0m no Litoral, podendo alcan\u00e7ar at\u00e9 6,0m em alto mar o risco \u00e9 alto para agita\u00e7\u00e3o mar\u00edtima","breadcrumb":{"@id":"https:\/\/sulsc.com\/index.php\/2025\/07\/30\/tempo-firme-nesta-quarta-feira-30-mas-como-condicao-de-ressaca-no-litoral-sul\/#breadcrumb"},"inLanguage":"en-US","potentialAction":[{"@type":"ReadAction","target":["https:\/\/sulsc.com\/index.php\/2025\/07\/30\/tempo-firme-nesta-quarta-feira-30-mas-como-condicao-de-ressaca-no-litoral-sul\/"]}]},{"@type":"BreadcrumbList","@id":"https:\/\/sulsc.com\/index.php\/2025\/07\/30\/tempo-firme-nesta-quarta-feira-30-mas-como-condicao-de-ressaca-no-litoral-sul\/#breadcrumb","itemListElement":[{"@type":"ListItem","position":1,"name":"In\u00edcio","item":"https:\/\/sulsc.com\/"},{"@type":"ListItem","position":2,"name":"Tempo firme nesta quarta-feira (30) mas como condi\u00e7\u00e3o de ressaca no litoral sul"}]},{"@type":"WebSite","@id":"https:\/\/sulsc.com\/#website","url":"https:\/\/sulsc.com\/","name":"","description":"","potentialAction":[{"@type":"SearchAction","target":{"@type":"EntryPoint","urlTemplate":"https:\/\/sulsc.com\/?s={search_term_string}"},"query-input":"required name=search_term_string"}],"inLanguage":"en-US"},{"@type":"Person","@id":"https:\/\/sulsc.com\/#\/schema\/person\/84d2fc571684f6248ba83092f07750a3","name":"Reda\u00e7\u00e3o Sul SC","image":{"@type":"ImageObject","inLanguage":"en-US","@id":"https:\/\/sulsc.com\/#\/schema\/person\/image\/e08d7fe2cc4ed596372063bbe852b8d0","url":"https:\/\/sulsc.com\/wp-content\/uploads\/2023\/09\/redacao.png","contentUrl":"https:\/\/sulsc.com\/wp-content\/uploads\/2023\/09\/redacao.png","caption":"Reda\u00e7\u00e3o Sul SC"},"description":"Foco em um jornalismo imparcial, voltado \u00e0 qualidade dos seus conte\u00fados e, assim, levar informa\u00e7\u00e3o de valor que agregue \u00e0 vida dos leitores. Esta \u00e9 grande miss\u00e3o do Portal de Not\u00edcias Sul SC. N\u00e3o \u00e9 quantidade que muda o mundo, sempre foi e seguir\u00e1 sendo qualidade!","sameAs":["https:\/\/sulsc.com\/","https:\/\/www.facebook.com\/profile.php?id=61559278119680","https:\/\/www.instagram.com\/sulscportal\/?hl=pt-br","https:\/\/twitter.com\/https:\/\/twitter.com\/PortalSulSC","https:\/\/www.youtube.com\/channel\/UCv_BE8GeySluDov2n8qhVmw"],"url":"https:\/\/sulsc.com\/index.php\/author\/redacao\/"}]}},"authors":[],"_links":{"self":[{"href":"https:\/\/sulsc.com\/index.php\/wp-json\/wp\/v2\/posts\/25844"}],"collection":[{"href":"https:\/\/sulsc.com\/index.php\/wp-json\/wp\/v2\/posts"}],"about":[{"href":"https:\/\/sulsc.com\/index.php\/wp-json\/wp\/v2\/types\/post"}],"author":[{"embeddable":true,"href":"https:\/\/sulsc.com\/index.php\/wp-json\/wp\/v2\/users\/3"}],"replies":[{"embeddable":true,"href":"https:\/\/sulsc.com\/index.php\/wp-json\/wp\/v2\/comments?post=25844"}],"version-history":[{"count":1,"href":"https:\/\/sulsc.com\/index.php\/wp-json\/wp\/v2\/posts\/25844\/revisions"}],"predecessor-version":[{"id":25846,"href":"https:\/\/sulsc.com\/index.php\/wp-json\/wp\/v2\/posts\/25844\/revisions\/25846"}],"wp:featuredmedia":[{"embeddable":true,"href":"https:\/\/sulsc.com\/index.php\/wp-json\/wp\/v2\/media\/16524"}],"wp:attachment":[{"href":"https:\/\/sulsc.com\/index.php\/wp-json\/wp\/v2\/media?parent=25844"}],"wp:term":[{"taxonomy":"category","embeddable":true,"href":"https:\/\/sulsc.com\/index.php\/wp-json\/wp\/v2\/categories?post=25844"},{"taxonomy":"post_tag","embeddable":true,"href":"https:\/\/sulsc.com\/index.php\/wp-json\/wp\/v2\/tags?post=25844"}],"curies":[{"name":"wp","href":"https:\/\/api.w.org\/{rel}","templated":true}]}}