{"id":25853,"date":"2025-07-31T08:27:26","date_gmt":"2025-07-31T11:27:26","guid":{"rendered":"https:\/\/sulsc.com\/?p=25853"},"modified":"2025-07-31T08:27:26","modified_gmt":"2025-07-31T11:27:26","slug":"ultimo-dia-do-mes-de-tempo-firme-e-temperaturas-acima-dos-dos-20oc","status":"publish","type":"post","link":"https:\/\/sulsc.com\/index.php\/2025\/07\/31\/ultimo-dia-do-mes-de-tempo-firme-e-temperaturas-acima-dos-dos-20oc\/","title":{"rendered":"\u00daltimo dia do m\u00eas de tempo firme e temperaturas acima dos dos 20\u00baC"},"content":{"rendered":"<p>O dia ser\u00e1 de firme e ensolarado permanece em todas as regi\u00f5es de Santa Catarina nesta quinta-feira (31). a agita\u00e7\u00e3o mar\u00edtima diminui no decorrer do dia, com ondas entre 3,0m e 3,5m, no in\u00edcio do dia, e em torno de 2,0m \u00e0 noite, mantendo um risco moderado para ocorr\u00eancias associadas \u00e0 agita\u00e7\u00e3o mar\u00edtima.<\/p>\n<p><strong>Temperaturas<\/strong><\/p>\n<p>Referente as temperaturas, o\u00a0dia come\u00e7a com temperaturas mais baixas, oscilando entre 2\u00b0C e 7\u00b0C no Meio-Oeste, Planaltos e \u00e1reas serranas e entre 7\u00b0C e 12\u00b0C, nas demais regi\u00f5es. Ao longo das horas, com a presen\u00e7a do sol, as temperaturas sobem gradativamente deixando uma sensa\u00e7\u00e3o t\u00e9rmica mais agrad\u00e1vel em grande parte do estado. No Oeste faz calor, com m\u00e1ximas que podem chegar aos 27\u00b0C. N\u00e3o h\u00e1 risco para ocorr\u00eancias meteorol\u00f3gicas.<\/p>\n<div id=\"metaslider-id-25573\" style=\"width: 100%;\" class=\"ml-slider-3-99-0 metaslider metaslider-flex metaslider-25573 ml-slider has-onhover-arrows ms-theme-default-base has-dots-nav\" role=\"region\" aria-label=\"Meio\" data-width=\"1200\">\n    <div id=\"metaslider_container_25573\">\n        <div id=\"metaslider_25573\">\n            <ul class='slides'>\n                <li style=\"display: block; width: 100%;\" class=\"slide-25684 ms-image \" aria-roledescription=\"slide\" data-date=\"2025-07-24 07:55:40\"><img src=\"https:\/\/sulsc.com\/wp-content\/uploads\/2025\/07\/Marr-2-1000x166.jpg\" height=\"200\" width=\"1200\" alt=\"\" class=\"slider-25573 slide-25684 msDefaultImage\" title=\"Marr 2\" \/><\/li>\n                <li style=\"display: none; width: 100%;\" class=\"slide-32412 ms-image \" aria-roledescription=\"slide\" data-date=\"2026-02-18 13:59:46\"><img src=\"https:\/\/sulsc.com\/wp-content\/uploads\/2026\/02\/40dc1580-cad5-4867-bc58-c4243821ad38-1000x166.jpeg\" height=\"200\" width=\"1200\" alt=\"\" class=\"slider-25573 slide-32412 msDefaultImage\" title=\"40dc1580-cad5-4867-bc58-c4243821ad38\" \/><\/li>\n                <li style=\"display: none; width: 100%;\" class=\"slide-32766 ms-image \" aria-roledescription=\"slide\" data-date=\"2026-03-03 17:22:59\"><img src=\"https:\/\/sulsc.com\/wp-content\/uploads\/2026\/03\/271ce739-f268-41c5-8051-3de1a1750359-1000x166.jpeg\" height=\"200\" width=\"1200\" alt=\"\" class=\"slider-25573 slide-32766 msDefaultImage\" title=\"271ce739-f268-41c5-8051-3de1a1750359\" \/><\/li>\n            <\/ul>\n        <\/div>\n        \n    <\/div>\n<\/div>\n<p><strong>Vento:<\/strong> nordeste, fraco a moderado, com rajadas do oeste ao sul de SC.<br \/>\n<strong>Sistema predominante:<\/strong> massa de ar frio no litoral Sul do Brasil, afastando-se da costa.<\/p>\n<p><strong>Sexta-feira (01\/08)<\/strong><\/p>\n<p>O dia ser\u00e1 de tempo est\u00e1vel com predom\u00ednio de sol e poucas nuvens no estado.<br \/>\nTemperatura ficam baixa ao amanhecer e no per\u00edodo da tarde as m\u00e1ximas chegam 18 a 25\u00b0C.<\/p>\n<p><strong>S\u00e1bado (02\/08)<\/strong><\/p>\n<p>O dia ser\u00e1 de sol e algumas nuvens em SC,\u00a0 sul do estado condi\u00e7\u00f5es de chuva bem isolada a partir da tarde devido a \u00e1reas de baixa press\u00e3o. J\u00e1 as temperaturas sobem em todo o estado deixando o dia mais quente que os anteriores.<\/p>\n<p><img fetchpriority=\"high\" decoding=\"async\" class=\"aligncenter size-full wp-image-25855\" src=\"http:\/\/sulsc.com\/wp-content\/uploads\/2025\/07\/a-18.png\" alt=\"\" width=\"1639\" height=\"1129\" srcset=\"https:\/\/sulsc.com\/wp-content\/uploads\/2025\/07\/a-18.png 1639w, https:\/\/sulsc.com\/wp-content\/uploads\/2025\/07\/a-18-300x207.png 300w, https:\/\/sulsc.com\/wp-content\/uploads\/2025\/07\/a-18-1024x705.png 1024w, https:\/\/sulsc.com\/wp-content\/uploads\/2025\/07\/a-18-768x529.png 768w, https:\/\/sulsc.com\/wp-content\/uploads\/2025\/07\/a-18-1536x1058.png 1536w\" sizes=\"(max-width: 1639px) 100vw, 1639px\" \/><\/p>\n<p><img decoding=\"async\" class=\"aligncenter size-full wp-image-22836\" src=\"http:\/\/sulsc.com\/wp-content\/uploads\/2025\/04\/Tempo-2.png\" alt=\"\" width=\"1024\" height=\"189\" srcset=\"https:\/\/sulsc.com\/wp-content\/uploads\/2025\/04\/Tempo-2.png 1024w, https:\/\/sulsc.com\/wp-content\/uploads\/2025\/04\/Tempo-2-300x55.png 300w, https:\/\/sulsc.com\/wp-content\/uploads\/2025\/04\/Tempo-2-768x142.png 768w\" sizes=\"(max-width: 1024px) 100vw, 1024px\" \/><\/p>\n<p>Fonte: Defesa Civil SC\/ Epagri-Ciram<\/p>\n","protected":false},"excerpt":{"rendered":"<p>O dia ser\u00e1 de firme e ensolarado permanece em todas as regi\u00f5es de Santa Catarina nesta quinta-feira (31). a agita\u00e7\u00e3o mar\u00edtima diminui no decorrer do dia, com ondas entre 3,0m e 3,5m, no in\u00edcio do dia, e em torno de 2,0m \u00e0 noite, mantendo um risco moderado para ocorr\u00eancias associadas \u00e0 agita\u00e7\u00e3o mar\u00edtima. Temperaturas Referente &hellip;<\/p>\n<p class=\"read-more\"> <a class=\"\" href=\"https:\/\/sulsc.com\/index.php\/2025\/07\/31\/ultimo-dia-do-mes-de-tempo-firme-e-temperaturas-acima-dos-dos-20oc\/\"> <span class=\"screen-reader-text\">\u00daltimo dia do m\u00eas de tempo firme e temperaturas acima dos dos 20\u00baC<\/span> Read More &raquo;<\/a><\/p>\n","protected":false},"author":3,"featured_media":25856,"comment_status":"open","ping_status":"open","sticky":false,"template":"","format":"standard","meta":{"site-sidebar-layout":"default","site-content-layout":"","ast-site-content-layout":"default","site-content-style":"default","site-sidebar-style":"default","ast-global-header-display":"","ast-banner-title-visibility":"","ast-main-header-display":"","ast-hfb-above-header-display":"","ast-hfb-below-header-display":"","ast-hfb-mobile-header-display":"","site-post-title":"","ast-breadcrumbs-content":"","ast-featured-img":"","footer-sml-layout":"","theme-transparent-header-meta":"default","adv-header-id-meta":"","stick-header-meta":"","header-above-stick-meta":"","header-main-stick-meta":"","header-below-stick-meta":"","astra-migrate-meta-layouts":"set","footnotes":""},"categories":[38],"tags":[89],"yoast_head":"<!-- This site is optimized with the Yoast SEO plugin v21.4 - https:\/\/yoast.com\/wordpress\/plugins\/seo\/ -->\n<title>\u00daltimo dia do m\u00eas de tempo firme e temperaturas acima dos dos 20\u00baC -<\/title>\n<meta name=\"description\" content=\"Ao longo das horas com a presen\u00e7a do sol as temperaturas sobem gradativamente deixando uma sensa\u00e7\u00e3o t\u00e9rmica mais agrad\u00e1vel\" \/>\n<meta name=\"robots\" content=\"index, follow, max-snippet:-1, max-image-preview:large, max-video-preview:-1\" \/>\n<link rel=\"canonical\" href=\"https:\/\/sulsc.com\/index.php\/2025\/07\/31\/ultimo-dia-do-mes-de-tempo-firme-e-temperaturas-acima-dos-dos-20oc\/\" \/>\n<meta property=\"og:locale\" content=\"en_US\" \/>\n<meta property=\"og:type\" content=\"article\" \/>\n<meta property=\"og:title\" content=\"\u00daltimo dia do m\u00eas de tempo firme e temperaturas acima dos dos 20\u00baC -\" \/>\n<meta property=\"og:description\" content=\"Ao longo das horas com a presen\u00e7a do sol as temperaturas sobem gradativamente deixando uma sensa\u00e7\u00e3o t\u00e9rmica mais agrad\u00e1vel\" \/>\n<meta property=\"og:url\" content=\"https:\/\/sulsc.com\/index.php\/2025\/07\/31\/ultimo-dia-do-mes-de-tempo-firme-e-temperaturas-acima-dos-dos-20oc\/\" \/>\n<meta property=\"article:author\" content=\"https:\/\/www.facebook.com\/profile.php?id=61559278119680\" \/>\n<meta property=\"article:published_time\" content=\"2025-07-31T11:27:26+00:00\" \/>\n<meta property=\"og:image\" content=\"http:\/\/sulsc.com\/wp-content\/uploads\/2025\/07\/a-57-e1753961232286.jpg\" \/>\n\t<meta property=\"og:image:width\" content=\"701\" \/>\n\t<meta property=\"og:image:height\" content=\"957\" \/>\n\t<meta property=\"og:image:type\" content=\"image\/jpeg\" \/>\n<meta name=\"author\" content=\"Reda\u00e7\u00e3o Sul SC\" \/>\n<meta name=\"twitter:card\" content=\"summary_large_image\" \/>\n<meta name=\"twitter:creator\" content=\"@https:\/\/twitter.com\/PortalSulSC\" \/>\n<meta name=\"twitter:label1\" content=\"Written by\" \/>\n\t<meta name=\"twitter:data1\" content=\"Reda\u00e7\u00e3o Sul SC\" \/>\n\t<meta name=\"twitter:label2\" content=\"Est. reading time\" \/>\n\t<meta name=\"twitter:data2\" content=\"2 minutes\" \/>\n<script type=\"application\/ld+json\" class=\"yoast-schema-graph\">{\"@context\":\"https:\/\/schema.org\",\"@graph\":[{\"@type\":\"WebPage\",\"@id\":\"https:\/\/sulsc.com\/index.php\/2025\/07\/31\/ultimo-dia-do-mes-de-tempo-firme-e-temperaturas-acima-dos-dos-20oc\/\",\"url\":\"https:\/\/sulsc.com\/index.php\/2025\/07\/31\/ultimo-dia-do-mes-de-tempo-firme-e-temperaturas-acima-dos-dos-20oc\/\",\"name\":\"\u00daltimo dia do m\u00eas de tempo firme e temperaturas acima dos dos 20\u00baC -\",\"isPartOf\":{\"@id\":\"https:\/\/sulsc.com\/#website\"},\"datePublished\":\"2025-07-31T11:27:26+00:00\",\"dateModified\":\"2025-07-31T11:27:26+00:00\",\"author\":{\"@id\":\"https:\/\/sulsc.com\/#\/schema\/person\/84d2fc571684f6248ba83092f07750a3\"},\"description\":\"Ao longo das horas com a presen\u00e7a do sol as temperaturas sobem gradativamente deixando uma sensa\u00e7\u00e3o t\u00e9rmica mais agrad\u00e1vel\",\"breadcrumb\":{\"@id\":\"https:\/\/sulsc.com\/index.php\/2025\/07\/31\/ultimo-dia-do-mes-de-tempo-firme-e-temperaturas-acima-dos-dos-20oc\/#breadcrumb\"},\"inLanguage\":\"en-US\",\"potentialAction\":[{\"@type\":\"ReadAction\",\"target\":[\"https:\/\/sulsc.com\/index.php\/2025\/07\/31\/ultimo-dia-do-mes-de-tempo-firme-e-temperaturas-acima-dos-dos-20oc\/\"]}]},{\"@type\":\"BreadcrumbList\",\"@id\":\"https:\/\/sulsc.com\/index.php\/2025\/07\/31\/ultimo-dia-do-mes-de-tempo-firme-e-temperaturas-acima-dos-dos-20oc\/#breadcrumb\",\"itemListElement\":[{\"@type\":\"ListItem\",\"position\":1,\"name\":\"In\u00edcio\",\"item\":\"https:\/\/sulsc.com\/\"},{\"@type\":\"ListItem\",\"position\":2,\"name\":\"\u00daltimo dia do m\u00eas de tempo firme e temperaturas acima dos dos 20\u00baC\"}]},{\"@type\":\"WebSite\",\"@id\":\"https:\/\/sulsc.com\/#website\",\"url\":\"https:\/\/sulsc.com\/\",\"name\":\"\",\"description\":\"\",\"potentialAction\":[{\"@type\":\"SearchAction\",\"target\":{\"@type\":\"EntryPoint\",\"urlTemplate\":\"https:\/\/sulsc.com\/?s={search_term_string}\"},\"query-input\":\"required name=search_term_string\"}],\"inLanguage\":\"en-US\"},{\"@type\":\"Person\",\"@id\":\"https:\/\/sulsc.com\/#\/schema\/person\/84d2fc571684f6248ba83092f07750a3\",\"name\":\"Reda\u00e7\u00e3o Sul SC\",\"image\":{\"@type\":\"ImageObject\",\"inLanguage\":\"en-US\",\"@id\":\"https:\/\/sulsc.com\/#\/schema\/person\/image\/e08d7fe2cc4ed596372063bbe852b8d0\",\"url\":\"https:\/\/sulsc.com\/wp-content\/uploads\/2023\/09\/redacao.png\",\"contentUrl\":\"https:\/\/sulsc.com\/wp-content\/uploads\/2023\/09\/redacao.png\",\"caption\":\"Reda\u00e7\u00e3o Sul SC\"},\"description\":\"Foco em um jornalismo imparcial, voltado \u00e0 qualidade dos seus conte\u00fados e, assim, levar informa\u00e7\u00e3o de valor que agregue \u00e0 vida dos leitores. Esta \u00e9 grande miss\u00e3o do Portal de Not\u00edcias Sul SC. N\u00e3o \u00e9 quantidade que muda o mundo, sempre foi e seguir\u00e1 sendo qualidade!\",\"sameAs\":[\"https:\/\/sulsc.com\/\",\"https:\/\/www.facebook.com\/profile.php?id=61559278119680\",\"https:\/\/www.instagram.com\/sulscportal\/?hl=pt-br\",\"https:\/\/twitter.com\/https:\/\/twitter.com\/PortalSulSC\",\"https:\/\/www.youtube.com\/channel\/UCv_BE8GeySluDov2n8qhVmw\"],\"url\":\"https:\/\/sulsc.com\/index.php\/author\/redacao\/\"}]}<\/script>\n<!-- \/ Yoast SEO plugin. -->","yoast_head_json":{"title":"\u00daltimo dia do m\u00eas de tempo firme e temperaturas acima dos dos 20\u00baC -","description":"Ao longo das horas com a presen\u00e7a do sol as temperaturas sobem gradativamente deixando uma sensa\u00e7\u00e3o t\u00e9rmica mais agrad\u00e1vel","robots":{"index":"index","follow":"follow","max-snippet":"max-snippet:-1","max-image-preview":"max-image-preview:large","max-video-preview":"max-video-preview:-1"},"canonical":"https:\/\/sulsc.com\/index.php\/2025\/07\/31\/ultimo-dia-do-mes-de-tempo-firme-e-temperaturas-acima-dos-dos-20oc\/","og_locale":"en_US","og_type":"article","og_title":"\u00daltimo dia do m\u00eas de tempo firme e temperaturas acima dos dos 20\u00baC -","og_description":"Ao longo das horas com a presen\u00e7a do sol as temperaturas sobem gradativamente deixando uma sensa\u00e7\u00e3o t\u00e9rmica mais agrad\u00e1vel","og_url":"https:\/\/sulsc.com\/index.php\/2025\/07\/31\/ultimo-dia-do-mes-de-tempo-firme-e-temperaturas-acima-dos-dos-20oc\/","article_author":"https:\/\/www.facebook.com\/profile.php?id=61559278119680","article_published_time":"2025-07-31T11:27:26+00:00","og_image":[{"width":701,"height":957,"url":"http:\/\/sulsc.com\/wp-content\/uploads\/2025\/07\/a-57-e1753961232286.jpg","type":"image\/jpeg"}],"author":"Reda\u00e7\u00e3o Sul SC","twitter_card":"summary_large_image","twitter_creator":"@https:\/\/twitter.com\/PortalSulSC","twitter_misc":{"Written by":"Reda\u00e7\u00e3o Sul SC","Est. reading time":"2 minutes"},"schema":{"@context":"https:\/\/schema.org","@graph":[{"@type":"WebPage","@id":"https:\/\/sulsc.com\/index.php\/2025\/07\/31\/ultimo-dia-do-mes-de-tempo-firme-e-temperaturas-acima-dos-dos-20oc\/","url":"https:\/\/sulsc.com\/index.php\/2025\/07\/31\/ultimo-dia-do-mes-de-tempo-firme-e-temperaturas-acima-dos-dos-20oc\/","name":"\u00daltimo dia do m\u00eas de tempo firme e temperaturas acima dos dos 20\u00baC -","isPartOf":{"@id":"https:\/\/sulsc.com\/#website"},"datePublished":"2025-07-31T11:27:26+00:00","dateModified":"2025-07-31T11:27:26+00:00","author":{"@id":"https:\/\/sulsc.com\/#\/schema\/person\/84d2fc571684f6248ba83092f07750a3"},"description":"Ao longo das horas com a presen\u00e7a do sol as temperaturas sobem gradativamente deixando uma sensa\u00e7\u00e3o t\u00e9rmica mais agrad\u00e1vel","breadcrumb":{"@id":"https:\/\/sulsc.com\/index.php\/2025\/07\/31\/ultimo-dia-do-mes-de-tempo-firme-e-temperaturas-acima-dos-dos-20oc\/#breadcrumb"},"inLanguage":"en-US","potentialAction":[{"@type":"ReadAction","target":["https:\/\/sulsc.com\/index.php\/2025\/07\/31\/ultimo-dia-do-mes-de-tempo-firme-e-temperaturas-acima-dos-dos-20oc\/"]}]},{"@type":"BreadcrumbList","@id":"https:\/\/sulsc.com\/index.php\/2025\/07\/31\/ultimo-dia-do-mes-de-tempo-firme-e-temperaturas-acima-dos-dos-20oc\/#breadcrumb","itemListElement":[{"@type":"ListItem","position":1,"name":"In\u00edcio","item":"https:\/\/sulsc.com\/"},{"@type":"ListItem","position":2,"name":"\u00daltimo dia do m\u00eas de tempo firme e temperaturas acima dos dos 20\u00baC"}]},{"@type":"WebSite","@id":"https:\/\/sulsc.com\/#website","url":"https:\/\/sulsc.com\/","name":"","description":"","potentialAction":[{"@type":"SearchAction","target":{"@type":"EntryPoint","urlTemplate":"https:\/\/sulsc.com\/?s={search_term_string}"},"query-input":"required name=search_term_string"}],"inLanguage":"en-US"},{"@type":"Person","@id":"https:\/\/sulsc.com\/#\/schema\/person\/84d2fc571684f6248ba83092f07750a3","name":"Reda\u00e7\u00e3o Sul SC","image":{"@type":"ImageObject","inLanguage":"en-US","@id":"https:\/\/sulsc.com\/#\/schema\/person\/image\/e08d7fe2cc4ed596372063bbe852b8d0","url":"https:\/\/sulsc.com\/wp-content\/uploads\/2023\/09\/redacao.png","contentUrl":"https:\/\/sulsc.com\/wp-content\/uploads\/2023\/09\/redacao.png","caption":"Reda\u00e7\u00e3o Sul SC"},"description":"Foco em um jornalismo imparcial, voltado \u00e0 qualidade dos seus conte\u00fados e, assim, levar informa\u00e7\u00e3o de valor que agregue \u00e0 vida dos leitores. Esta \u00e9 grande miss\u00e3o do Portal de Not\u00edcias Sul SC. N\u00e3o \u00e9 quantidade que muda o mundo, sempre foi e seguir\u00e1 sendo qualidade!","sameAs":["https:\/\/sulsc.com\/","https:\/\/www.facebook.com\/profile.php?id=61559278119680","https:\/\/www.instagram.com\/sulscportal\/?hl=pt-br","https:\/\/twitter.com\/https:\/\/twitter.com\/PortalSulSC","https:\/\/www.youtube.com\/channel\/UCv_BE8GeySluDov2n8qhVmw"],"url":"https:\/\/sulsc.com\/index.php\/author\/redacao\/"}]}},"authors":[],"_links":{"self":[{"href":"https:\/\/sulsc.com\/index.php\/wp-json\/wp\/v2\/posts\/25853"}],"collection":[{"href":"https:\/\/sulsc.com\/index.php\/wp-json\/wp\/v2\/posts"}],"about":[{"href":"https:\/\/sulsc.com\/index.php\/wp-json\/wp\/v2\/types\/post"}],"author":[{"embeddable":true,"href":"https:\/\/sulsc.com\/index.php\/wp-json\/wp\/v2\/users\/3"}],"replies":[{"embeddable":true,"href":"https:\/\/sulsc.com\/index.php\/wp-json\/wp\/v2\/comments?post=25853"}],"version-history":[{"count":1,"href":"https:\/\/sulsc.com\/index.php\/wp-json\/wp\/v2\/posts\/25853\/revisions"}],"predecessor-version":[{"id":25857,"href":"https:\/\/sulsc.com\/index.php\/wp-json\/wp\/v2\/posts\/25853\/revisions\/25857"}],"wp:featuredmedia":[{"embeddable":true,"href":"https:\/\/sulsc.com\/index.php\/wp-json\/wp\/v2\/media\/25856"}],"wp:attachment":[{"href":"https:\/\/sulsc.com\/index.php\/wp-json\/wp\/v2\/media?parent=25853"}],"wp:term":[{"taxonomy":"category","embeddable":true,"href":"https:\/\/sulsc.com\/index.php\/wp-json\/wp\/v2\/categories?post=25853"},{"taxonomy":"post_tag","embeddable":true,"href":"https:\/\/sulsc.com\/index.php\/wp-json\/wp\/v2\/tags?post=25853"}],"curies":[{"name":"wp","href":"https:\/\/api.w.org\/{rel}","templated":true}]}}