{"id":25861,"date":"2025-07-31T09:07:52","date_gmt":"2025-07-31T12:07:52","guid":{"rendered":"https:\/\/sulsc.com\/?p=25861"},"modified":"2025-07-31T09:07:52","modified_gmt":"2025-07-31T12:07:52","slug":"rio-tubarao-melhoramento-fluvial-avanca-com-novos-estudos-para-atualizacao-do-projeto","status":"publish","type":"post","link":"https:\/\/sulsc.com\/index.php\/2025\/07\/31\/rio-tubarao-melhoramento-fluvial-avanca-com-novos-estudos-para-atualizacao-do-projeto\/","title":{"rendered":"Rio Tubar\u00e3o: Melhoramento fluvial avan\u00e7a com novos estudos para atualiza\u00e7\u00e3o do projeto"},"content":{"rendered":"<p>Etapas preparat\u00f3rias para o melhoramento fluvial do Rio Tubar\u00e3o vem avan\u00e7ando atrav\u00e9s Secretaria de Estado da Prote\u00e7\u00e3o e Defesa Civil de Santa Catarina . Recentemente, foram finalizados os Termos de Refer\u00eancia para a contrata\u00e7\u00e3o de empresas especializadas em dois estudos fundamentais, como a modelagem hidrol\u00f3gica e hidrodin\u00e2mica, que incluir\u00e1 levantamentos de campo para an\u00e1lise de suscetibilidade e exposi\u00e7\u00e3o a inunda\u00e7\u00f5es, e o estudo geot\u00e9cnico, que avaliar\u00e1 a estabilidade das margens e os processos de eros\u00e3o fluvial.<\/p>\n<p>Al\u00e9m dessas a\u00e7\u00f5es, a Secretaria tamb\u00e9m solicitou a inclus\u00e3o do estudo da Bacia do Rio Tubar\u00e3o no programa JICA, parceria com a Ag\u00eancia de Coopera\u00e7\u00e3o Internacional do Jap\u00e3o, com o objetivo de avaliar novas alternativas de mitiga\u00e7\u00e3o de riscos e solu\u00e7\u00f5es mais eficazes para as cheias que afetam a regi\u00e3o.<\/p>\n<div id=\"metaslider-id-25573\" style=\"width: 100%;\" class=\"ml-slider-3-99-0 metaslider metaslider-flex metaslider-25573 ml-slider has-onhover-arrows ms-theme-default-base has-dots-nav\" role=\"region\" aria-label=\"Meio\" data-width=\"1200\">\n    <div id=\"metaslider_container_25573\">\n        <div id=\"metaslider_25573\">\n            <ul class='slides'>\n                <li style=\"display: block; width: 100%;\" class=\"slide-25684 ms-image \" aria-roledescription=\"slide\" data-date=\"2025-07-24 07:55:40\"><img src=\"https:\/\/sulsc.com\/wp-content\/uploads\/2025\/07\/Marr-2-1000x166.jpg\" height=\"200\" width=\"1200\" alt=\"\" class=\"slider-25573 slide-25684 msDefaultImage\" title=\"Marr 2\" \/><\/li>\n                <li style=\"display: none; width: 100%;\" class=\"slide-32412 ms-image \" aria-roledescription=\"slide\" data-date=\"2026-02-18 13:59:46\"><img src=\"https:\/\/sulsc.com\/wp-content\/uploads\/2026\/02\/40dc1580-cad5-4867-bc58-c4243821ad38-1000x166.jpeg\" height=\"200\" width=\"1200\" alt=\"\" class=\"slider-25573 slide-32412 msDefaultImage\" title=\"40dc1580-cad5-4867-bc58-c4243821ad38\" \/><\/li>\n                <li style=\"display: none; width: 100%;\" class=\"slide-32766 ms-image \" aria-roledescription=\"slide\" data-date=\"2026-03-03 17:22:59\"><img src=\"https:\/\/sulsc.com\/wp-content\/uploads\/2026\/03\/271ce739-f268-41c5-8051-3de1a1750359-1000x166.jpeg\" height=\"200\" width=\"1200\" alt=\"\" class=\"slider-25573 slide-32766 msDefaultImage\" title=\"271ce739-f268-41c5-8051-3de1a1750359\" \/><\/li>\n            <\/ul>\n        <\/div>\n        \n    <\/div>\n<\/div>\n<p><strong>\u201c<\/strong>Reconhecemos o empenho do Governo Jorginho Mello em atender uma demanda t\u00e3o importante e hist\u00f3rica para a nossa cidade. Essa obra \u00e9 fundamental para garantir mais seguran\u00e7a e qualidade de vida para a nossa popula\u00e7\u00e3o, e agradecemos todo o esfor\u00e7o da Prote\u00e7\u00e3o e Defesa Civil Estadual para que ela se torne realidade<strong>\u201d, ressaltou o Prefeito de Tubar\u00e3o, Estener Soratto.<\/strong><\/p>\n<p><img fetchpriority=\"high\" decoding=\"async\" class=\"aligncenter size-full wp-image-25862\" src=\"http:\/\/sulsc.com\/wp-content\/uploads\/2025\/07\/a-58.jpg\" alt=\"\" width=\"1024\" height=\"768\" srcset=\"https:\/\/sulsc.com\/wp-content\/uploads\/2025\/07\/a-58.jpg 1024w, https:\/\/sulsc.com\/wp-content\/uploads\/2025\/07\/a-58-300x225.jpg 300w, https:\/\/sulsc.com\/wp-content\/uploads\/2025\/07\/a-58-768x576.jpg 768w\" sizes=\"(max-width: 1024px) 100vw, 1024px\" \/><\/p>\n<p style=\"text-align: center;\"><strong>Divulga\u00e7\u00e3o\/SulSC<\/strong><\/p>\n<p>O material necess\u00e1rio para o processo licitat\u00f3rio referente \u00e0 modelagem hidrol\u00f3gica j\u00e1 foi finalizado e est\u00e1 em andamento junto \u00e0 Ger\u00eancia de Projetos. No caso do estudo geot\u00e9cnico, o Termo de Refer\u00eancia tamb\u00e9m foi conclu\u00eddo e est\u00e1 em fase de cota\u00e7\u00e3o para defini\u00e7\u00e3o do or\u00e7amento referencial que viabilizar\u00e1 a contrata\u00e7\u00e3o.<\/p>\n<p>Para o secret\u00e1rio de Estado da Prote\u00e7\u00e3o e Defesa Civil, M\u00e1rio Hildebrandt, a atualiza\u00e7\u00e3o t\u00e9cnica do projeto \u00e9 um passo essencial para garantir a efetividade das futuras interven\u00e7\u00f5es. <strong>\u201c<\/strong>Estamos lidando com um projeto iniciado h\u00e1 mais de uma d\u00e9cada e que passou por diversas mudan\u00e7as. Precisamos assegurar que todas as etapas estejam atualizadas, com base em dados reais e atuais, para que as obras tragam resultados concretos na mitiga\u00e7\u00e3o dos impactos de cheias e eros\u00f5es ao longo do Rio Tubar\u00e3o<strong>\u201d, pontua.<\/strong><\/p>\n<p>Fonte\/Defesa Civil SC<\/p>\n","protected":false},"excerpt":{"rendered":"<p>Etapas preparat\u00f3rias para o melhoramento fluvial do Rio Tubar\u00e3o vem avan\u00e7ando atrav\u00e9s Secretaria de Estado da Prote\u00e7\u00e3o e Defesa Civil de Santa Catarina . Recentemente, foram finalizados os Termos de Refer\u00eancia para a contrata\u00e7\u00e3o de empresas especializadas em dois estudos fundamentais, como a modelagem hidrol\u00f3gica e hidrodin\u00e2mica, que incluir\u00e1 levantamentos de campo para an\u00e1lise de &hellip;<\/p>\n<p class=\"read-more\"> <a class=\"\" href=\"https:\/\/sulsc.com\/index.php\/2025\/07\/31\/rio-tubarao-melhoramento-fluvial-avanca-com-novos-estudos-para-atualizacao-do-projeto\/\"> <span class=\"screen-reader-text\">Rio Tubar\u00e3o: Melhoramento fluvial avan\u00e7a com novos estudos para atualiza\u00e7\u00e3o do projeto<\/span> Read More &raquo;<\/a><\/p>\n","protected":false},"author":3,"featured_media":25863,"comment_status":"open","ping_status":"open","sticky":false,"template":"","format":"standard","meta":{"site-sidebar-layout":"default","site-content-layout":"","ast-site-content-layout":"default","site-content-style":"default","site-sidebar-style":"default","ast-global-header-display":"","ast-banner-title-visibility":"","ast-main-header-display":"","ast-hfb-above-header-display":"","ast-hfb-below-header-display":"","ast-hfb-mobile-header-display":"","site-post-title":"","ast-breadcrumbs-content":"","ast-featured-img":"","footer-sml-layout":"","theme-transparent-header-meta":"default","adv-header-id-meta":"","stick-header-meta":"","header-above-stick-meta":"","header-main-stick-meta":"","header-below-stick-meta":"","astra-migrate-meta-layouts":"set","footnotes":""},"categories":[17],"tags":[2171],"yoast_head":"<!-- This site is optimized with the Yoast SEO plugin v21.4 - https:\/\/yoast.com\/wordpress\/plugins\/seo\/ -->\n<title>Rio Tubar\u00e3o: Melhoramento fluvial avan\u00e7a com novos estudos para atualiza\u00e7\u00e3o do projeto -<\/title>\n<meta name=\"description\" content=\"A Secretaria tamb\u00e9m solicitou a inclus\u00e3o do estudo da Bacia do Rio Tubar\u00e3o no programa JICA da Ag\u00eancia de Coopera\u00e7\u00e3o Internacional do Jap\u00e3o\" \/>\n<meta name=\"robots\" content=\"index, follow, max-snippet:-1, max-image-preview:large, max-video-preview:-1\" \/>\n<link rel=\"canonical\" href=\"https:\/\/sulsc.com\/index.php\/2025\/07\/31\/rio-tubarao-melhoramento-fluvial-avanca-com-novos-estudos-para-atualizacao-do-projeto\/\" \/>\n<meta property=\"og:locale\" content=\"en_US\" \/>\n<meta property=\"og:type\" content=\"article\" \/>\n<meta property=\"og:title\" content=\"Rio Tubar\u00e3o: Melhoramento fluvial avan\u00e7a com novos estudos para atualiza\u00e7\u00e3o do projeto -\" \/>\n<meta property=\"og:description\" content=\"A Secretaria tamb\u00e9m solicitou a inclus\u00e3o do estudo da Bacia do Rio Tubar\u00e3o no programa JICA da Ag\u00eancia de Coopera\u00e7\u00e3o Internacional do Jap\u00e3o\" \/>\n<meta property=\"og:url\" content=\"https:\/\/sulsc.com\/index.php\/2025\/07\/31\/rio-tubarao-melhoramento-fluvial-avanca-com-novos-estudos-para-atualizacao-do-projeto\/\" \/>\n<meta property=\"article:author\" content=\"https:\/\/www.facebook.com\/profile.php?id=61559278119680\" \/>\n<meta property=\"article:published_time\" content=\"2025-07-31T12:07:52+00:00\" \/>\n<meta property=\"og:image\" content=\"http:\/\/sulsc.com\/wp-content\/uploads\/2025\/07\/a1-36.jpg\" \/>\n\t<meta property=\"og:image:width\" content=\"739\" \/>\n\t<meta property=\"og:image:height\" content=\"415\" \/>\n\t<meta property=\"og:image:type\" content=\"image\/jpeg\" \/>\n<meta name=\"author\" content=\"Reda\u00e7\u00e3o Sul SC\" \/>\n<meta name=\"twitter:card\" content=\"summary_large_image\" \/>\n<meta name=\"twitter:creator\" content=\"@https:\/\/twitter.com\/PortalSulSC\" \/>\n<meta name=\"twitter:label1\" content=\"Written by\" \/>\n\t<meta name=\"twitter:data1\" content=\"Reda\u00e7\u00e3o Sul SC\" \/>\n\t<meta name=\"twitter:label2\" content=\"Est. reading time\" \/>\n\t<meta name=\"twitter:data2\" content=\"2 minutes\" \/>\n<script type=\"application\/ld+json\" class=\"yoast-schema-graph\">{\"@context\":\"https:\/\/schema.org\",\"@graph\":[{\"@type\":\"WebPage\",\"@id\":\"https:\/\/sulsc.com\/index.php\/2025\/07\/31\/rio-tubarao-melhoramento-fluvial-avanca-com-novos-estudos-para-atualizacao-do-projeto\/\",\"url\":\"https:\/\/sulsc.com\/index.php\/2025\/07\/31\/rio-tubarao-melhoramento-fluvial-avanca-com-novos-estudos-para-atualizacao-do-projeto\/\",\"name\":\"Rio Tubar\u00e3o: Melhoramento fluvial avan\u00e7a com novos estudos para atualiza\u00e7\u00e3o do projeto -\",\"isPartOf\":{\"@id\":\"https:\/\/sulsc.com\/#website\"},\"datePublished\":\"2025-07-31T12:07:52+00:00\",\"dateModified\":\"2025-07-31T12:07:52+00:00\",\"author\":{\"@id\":\"https:\/\/sulsc.com\/#\/schema\/person\/84d2fc571684f6248ba83092f07750a3\"},\"description\":\"A Secretaria tamb\u00e9m solicitou a inclus\u00e3o do estudo da Bacia do Rio Tubar\u00e3o no programa JICA da Ag\u00eancia de Coopera\u00e7\u00e3o Internacional do Jap\u00e3o\",\"breadcrumb\":{\"@id\":\"https:\/\/sulsc.com\/index.php\/2025\/07\/31\/rio-tubarao-melhoramento-fluvial-avanca-com-novos-estudos-para-atualizacao-do-projeto\/#breadcrumb\"},\"inLanguage\":\"en-US\",\"potentialAction\":[{\"@type\":\"ReadAction\",\"target\":[\"https:\/\/sulsc.com\/index.php\/2025\/07\/31\/rio-tubarao-melhoramento-fluvial-avanca-com-novos-estudos-para-atualizacao-do-projeto\/\"]}]},{\"@type\":\"BreadcrumbList\",\"@id\":\"https:\/\/sulsc.com\/index.php\/2025\/07\/31\/rio-tubarao-melhoramento-fluvial-avanca-com-novos-estudos-para-atualizacao-do-projeto\/#breadcrumb\",\"itemListElement\":[{\"@type\":\"ListItem\",\"position\":1,\"name\":\"In\u00edcio\",\"item\":\"https:\/\/sulsc.com\/\"},{\"@type\":\"ListItem\",\"position\":2,\"name\":\"Rio Tubar\u00e3o: Melhoramento fluvial avan\u00e7a com novos estudos para atualiza\u00e7\u00e3o do projeto\"}]},{\"@type\":\"WebSite\",\"@id\":\"https:\/\/sulsc.com\/#website\",\"url\":\"https:\/\/sulsc.com\/\",\"name\":\"\",\"description\":\"\",\"potentialAction\":[{\"@type\":\"SearchAction\",\"target\":{\"@type\":\"EntryPoint\",\"urlTemplate\":\"https:\/\/sulsc.com\/?s={search_term_string}\"},\"query-input\":\"required name=search_term_string\"}],\"inLanguage\":\"en-US\"},{\"@type\":\"Person\",\"@id\":\"https:\/\/sulsc.com\/#\/schema\/person\/84d2fc571684f6248ba83092f07750a3\",\"name\":\"Reda\u00e7\u00e3o Sul SC\",\"image\":{\"@type\":\"ImageObject\",\"inLanguage\":\"en-US\",\"@id\":\"https:\/\/sulsc.com\/#\/schema\/person\/image\/e08d7fe2cc4ed596372063bbe852b8d0\",\"url\":\"https:\/\/sulsc.com\/wp-content\/uploads\/2023\/09\/redacao.png\",\"contentUrl\":\"https:\/\/sulsc.com\/wp-content\/uploads\/2023\/09\/redacao.png\",\"caption\":\"Reda\u00e7\u00e3o Sul SC\"},\"description\":\"Foco em um jornalismo imparcial, voltado \u00e0 qualidade dos seus conte\u00fados e, assim, levar informa\u00e7\u00e3o de valor que agregue \u00e0 vida dos leitores. Esta \u00e9 grande miss\u00e3o do Portal de Not\u00edcias Sul SC. N\u00e3o \u00e9 quantidade que muda o mundo, sempre foi e seguir\u00e1 sendo qualidade!\",\"sameAs\":[\"https:\/\/sulsc.com\/\",\"https:\/\/www.facebook.com\/profile.php?id=61559278119680\",\"https:\/\/www.instagram.com\/sulscportal\/?hl=pt-br\",\"https:\/\/twitter.com\/https:\/\/twitter.com\/PortalSulSC\",\"https:\/\/www.youtube.com\/channel\/UCv_BE8GeySluDov2n8qhVmw\"],\"url\":\"https:\/\/sulsc.com\/index.php\/author\/redacao\/\"}]}<\/script>\n<!-- \/ Yoast SEO plugin. -->","yoast_head_json":{"title":"Rio Tubar\u00e3o: Melhoramento fluvial avan\u00e7a com novos estudos para atualiza\u00e7\u00e3o do projeto -","description":"A Secretaria tamb\u00e9m solicitou a inclus\u00e3o do estudo da Bacia do Rio Tubar\u00e3o no programa JICA da Ag\u00eancia de Coopera\u00e7\u00e3o Internacional do Jap\u00e3o","robots":{"index":"index","follow":"follow","max-snippet":"max-snippet:-1","max-image-preview":"max-image-preview:large","max-video-preview":"max-video-preview:-1"},"canonical":"https:\/\/sulsc.com\/index.php\/2025\/07\/31\/rio-tubarao-melhoramento-fluvial-avanca-com-novos-estudos-para-atualizacao-do-projeto\/","og_locale":"en_US","og_type":"article","og_title":"Rio Tubar\u00e3o: Melhoramento fluvial avan\u00e7a com novos estudos para atualiza\u00e7\u00e3o do projeto -","og_description":"A Secretaria tamb\u00e9m solicitou a inclus\u00e3o do estudo da Bacia do Rio Tubar\u00e3o no programa JICA da Ag\u00eancia de Coopera\u00e7\u00e3o Internacional do Jap\u00e3o","og_url":"https:\/\/sulsc.com\/index.php\/2025\/07\/31\/rio-tubarao-melhoramento-fluvial-avanca-com-novos-estudos-para-atualizacao-do-projeto\/","article_author":"https:\/\/www.facebook.com\/profile.php?id=61559278119680","article_published_time":"2025-07-31T12:07:52+00:00","og_image":[{"width":739,"height":415,"url":"http:\/\/sulsc.com\/wp-content\/uploads\/2025\/07\/a1-36.jpg","type":"image\/jpeg"}],"author":"Reda\u00e7\u00e3o Sul SC","twitter_card":"summary_large_image","twitter_creator":"@https:\/\/twitter.com\/PortalSulSC","twitter_misc":{"Written by":"Reda\u00e7\u00e3o Sul SC","Est. reading time":"2 minutes"},"schema":{"@context":"https:\/\/schema.org","@graph":[{"@type":"WebPage","@id":"https:\/\/sulsc.com\/index.php\/2025\/07\/31\/rio-tubarao-melhoramento-fluvial-avanca-com-novos-estudos-para-atualizacao-do-projeto\/","url":"https:\/\/sulsc.com\/index.php\/2025\/07\/31\/rio-tubarao-melhoramento-fluvial-avanca-com-novos-estudos-para-atualizacao-do-projeto\/","name":"Rio Tubar\u00e3o: Melhoramento fluvial avan\u00e7a com novos estudos para atualiza\u00e7\u00e3o do projeto -","isPartOf":{"@id":"https:\/\/sulsc.com\/#website"},"datePublished":"2025-07-31T12:07:52+00:00","dateModified":"2025-07-31T12:07:52+00:00","author":{"@id":"https:\/\/sulsc.com\/#\/schema\/person\/84d2fc571684f6248ba83092f07750a3"},"description":"A Secretaria tamb\u00e9m solicitou a inclus\u00e3o do estudo da Bacia do Rio Tubar\u00e3o no programa JICA da Ag\u00eancia de Coopera\u00e7\u00e3o Internacional do Jap\u00e3o","breadcrumb":{"@id":"https:\/\/sulsc.com\/index.php\/2025\/07\/31\/rio-tubarao-melhoramento-fluvial-avanca-com-novos-estudos-para-atualizacao-do-projeto\/#breadcrumb"},"inLanguage":"en-US","potentialAction":[{"@type":"ReadAction","target":["https:\/\/sulsc.com\/index.php\/2025\/07\/31\/rio-tubarao-melhoramento-fluvial-avanca-com-novos-estudos-para-atualizacao-do-projeto\/"]}]},{"@type":"BreadcrumbList","@id":"https:\/\/sulsc.com\/index.php\/2025\/07\/31\/rio-tubarao-melhoramento-fluvial-avanca-com-novos-estudos-para-atualizacao-do-projeto\/#breadcrumb","itemListElement":[{"@type":"ListItem","position":1,"name":"In\u00edcio","item":"https:\/\/sulsc.com\/"},{"@type":"ListItem","position":2,"name":"Rio Tubar\u00e3o: Melhoramento fluvial avan\u00e7a com novos estudos para atualiza\u00e7\u00e3o do projeto"}]},{"@type":"WebSite","@id":"https:\/\/sulsc.com\/#website","url":"https:\/\/sulsc.com\/","name":"","description":"","potentialAction":[{"@type":"SearchAction","target":{"@type":"EntryPoint","urlTemplate":"https:\/\/sulsc.com\/?s={search_term_string}"},"query-input":"required name=search_term_string"}],"inLanguage":"en-US"},{"@type":"Person","@id":"https:\/\/sulsc.com\/#\/schema\/person\/84d2fc571684f6248ba83092f07750a3","name":"Reda\u00e7\u00e3o Sul SC","image":{"@type":"ImageObject","inLanguage":"en-US","@id":"https:\/\/sulsc.com\/#\/schema\/person\/image\/e08d7fe2cc4ed596372063bbe852b8d0","url":"https:\/\/sulsc.com\/wp-content\/uploads\/2023\/09\/redacao.png","contentUrl":"https:\/\/sulsc.com\/wp-content\/uploads\/2023\/09\/redacao.png","caption":"Reda\u00e7\u00e3o Sul SC"},"description":"Foco em um jornalismo imparcial, voltado \u00e0 qualidade dos seus conte\u00fados e, assim, levar informa\u00e7\u00e3o de valor que agregue \u00e0 vida dos leitores. Esta \u00e9 grande miss\u00e3o do Portal de Not\u00edcias Sul SC. N\u00e3o \u00e9 quantidade que muda o mundo, sempre foi e seguir\u00e1 sendo qualidade!","sameAs":["https:\/\/sulsc.com\/","https:\/\/www.facebook.com\/profile.php?id=61559278119680","https:\/\/www.instagram.com\/sulscportal\/?hl=pt-br","https:\/\/twitter.com\/https:\/\/twitter.com\/PortalSulSC","https:\/\/www.youtube.com\/channel\/UCv_BE8GeySluDov2n8qhVmw"],"url":"https:\/\/sulsc.com\/index.php\/author\/redacao\/"}]}},"authors":[],"_links":{"self":[{"href":"https:\/\/sulsc.com\/index.php\/wp-json\/wp\/v2\/posts\/25861"}],"collection":[{"href":"https:\/\/sulsc.com\/index.php\/wp-json\/wp\/v2\/posts"}],"about":[{"href":"https:\/\/sulsc.com\/index.php\/wp-json\/wp\/v2\/types\/post"}],"author":[{"embeddable":true,"href":"https:\/\/sulsc.com\/index.php\/wp-json\/wp\/v2\/users\/3"}],"replies":[{"embeddable":true,"href":"https:\/\/sulsc.com\/index.php\/wp-json\/wp\/v2\/comments?post=25861"}],"version-history":[{"count":1,"href":"https:\/\/sulsc.com\/index.php\/wp-json\/wp\/v2\/posts\/25861\/revisions"}],"predecessor-version":[{"id":25864,"href":"https:\/\/sulsc.com\/index.php\/wp-json\/wp\/v2\/posts\/25861\/revisions\/25864"}],"wp:featuredmedia":[{"embeddable":true,"href":"https:\/\/sulsc.com\/index.php\/wp-json\/wp\/v2\/media\/25863"}],"wp:attachment":[{"href":"https:\/\/sulsc.com\/index.php\/wp-json\/wp\/v2\/media?parent=25861"}],"wp:term":[{"taxonomy":"category","embeddable":true,"href":"https:\/\/sulsc.com\/index.php\/wp-json\/wp\/v2\/categories?post=25861"},{"taxonomy":"post_tag","embeddable":true,"href":"https:\/\/sulsc.com\/index.php\/wp-json\/wp\/v2\/tags?post=25861"}],"curies":[{"name":"wp","href":"https:\/\/api.w.org\/{rel}","templated":true}]}}