{"id":25893,"date":"2025-08-01T07:36:14","date_gmt":"2025-08-01T10:36:14","guid":{"rendered":"https:\/\/sulsc.com\/?p=25893"},"modified":"2025-08-01T07:38:48","modified_gmt":"2025-08-01T10:38:48","slug":"primeira-sexta-feira-do-mes-de-agosto-de-sol-e-maximas-acima-dos-25oc","status":"publish","type":"post","link":"https:\/\/sulsc.com\/index.php\/2025\/08\/01\/primeira-sexta-feira-do-mes-de-agosto-de-sol-e-maximas-acima-dos-25oc\/","title":{"rendered":"Primeira sexta-feira do m\u00eas de agosto de sol e m\u00e1ximas acima dos 25\u00baC"},"content":{"rendered":"<p><span style=\"vertical-align: inherit;\"><span style=\"vertical-align: inherit;\"><span style=\"vertical-align: inherit;\"><span style=\"vertical-align: inherit;\">Sol e tempo firme em todas as regi\u00f5es de Santa Catarina nesta sexta-feira (01\/08). No leste catarinense, o dia at\u00e9 come\u00e7a com maior presen\u00e7a de nuvens e condi\u00e7\u00f5es para a forma\u00e7\u00e3o de nuvens nas primeiras horas da manh\u00e3, mas que logo se dissipa e o sol passa a predominar. No Grande Oeste, o dia ser\u00e1 \u00famido.<\/span><\/span><\/span><\/span><\/p>\n<p><strong><span style=\"vertical-align: inherit;\"><span style=\"vertical-align: inherit;\"><span style=\"vertical-align: inherit;\"><span style=\"vertical-align: inherit;\">Temperaturas<\/span><\/span><\/span><\/span><\/strong><\/p>\n<p><span style=\"vertical-align: inherit;\"><span style=\"vertical-align: inherit;\"><span style=\"vertical-align: inherit;\"><span style=\"vertical-align: inherit;\">As temperaturas ficam mais amenas pela manh\u00e3, especialmente no Oeste e no Litoral, com m\u00ednimas entre 8\u00b0C e 16\u00b0C. Entre o Meio-Oeste e os Planaltos, as m\u00ednimas oscilam entre 2\u00b0C e 8\u00b0C. \u00c0 tarde, com a presen\u00e7a do sol, as temperaturas sobem gradativamente deixando uma sensa\u00e7\u00e3o t\u00e9rmica mais agrad\u00e1vel. No Litoral Sul, as m\u00e1ximas variam entre 23\u00b0C e 29\u00b0C. N\u00e3o h\u00e1 risco de ocorr\u00eancia de consequ\u00eancias adversas.<\/span><\/span><\/span><\/span><\/p>\n<div id=\"metaslider-id-25573\" style=\"width: 100%;\" class=\"ml-slider-3-99-0 metaslider metaslider-flex metaslider-25573 ml-slider has-onhover-arrows ms-theme-default-base has-dots-nav\" role=\"region\" aria-label=\"Meio\" data-width=\"1200\">\n    <div id=\"metaslider_container_25573\">\n        <div id=\"metaslider_25573\">\n            <ul class='slides'>\n                <li style=\"display: block; width: 100%;\" class=\"slide-25684 ms-image \" aria-roledescription=\"slide\" data-date=\"2025-07-24 07:55:40\"><img src=\"https:\/\/sulsc.com\/wp-content\/uploads\/2025\/07\/Marr-2-1000x166.jpg\" height=\"200\" width=\"1200\" alt=\"\" class=\"slider-25573 slide-25684 msDefaultImage\" title=\"Marr 2\" \/><\/li>\n                <li style=\"display: none; width: 100%;\" class=\"slide-32412 ms-image \" aria-roledescription=\"slide\" data-date=\"2026-02-18 13:59:46\"><img src=\"https:\/\/sulsc.com\/wp-content\/uploads\/2026\/02\/40dc1580-cad5-4867-bc58-c4243821ad38-1000x166.jpeg\" height=\"200\" width=\"1200\" alt=\"\" class=\"slider-25573 slide-32412 msDefaultImage\" title=\"40dc1580-cad5-4867-bc58-c4243821ad38\" \/><\/li>\n                <li style=\"display: none; width: 100%;\" class=\"slide-32766 ms-image \" aria-roledescription=\"slide\" data-date=\"2026-03-03 17:22:59\"><img src=\"https:\/\/sulsc.com\/wp-content\/uploads\/2026\/03\/271ce739-f268-41c5-8051-3de1a1750359-1000x166.jpeg\" height=\"200\" width=\"1200\" alt=\"\" class=\"slider-25573 slide-32766 msDefaultImage\" title=\"271ce739-f268-41c5-8051-3de1a1750359\" \/><\/li>\n            <\/ul>\n        <\/div>\n        \n    <\/div>\n<\/div>\n<p><strong><span style=\"vertical-align: inherit;\"><span style=\"vertical-align: inherit;\"><span style=\"vertical-align: inherit;\"><span style=\"vertical-align: inherit;\">Vento:<\/span><\/span><\/span><\/span><\/strong><span style=\"vertical-align: inherit;\"><span style=\"vertical-align: inherit;\"><span style=\"vertical-align: inherit;\"><span style=\"vertical-align: inherit;\"> nordeste, fraco a moderado, com rajadas do oeste ao sul de SC.<\/span><\/span><\/span><\/span><\/p>\n<p><strong><span style=\"vertical-align: inherit;\"><span style=\"vertical-align: inherit;\"><span style=\"vertical-align: inherit;\"><span style=\"vertical-align: inherit;\">Sistema predominantemente:<\/span><\/span><\/span><\/span><\/strong><span style=\"vertical-align: inherit;\"><span style=\"vertical-align: inherit;\"><span style=\"vertical-align: inherit;\"><span style=\"vertical-align: inherit;\"> massa de ar frio no litoral Sul do Brasil, afastando-se mais da costa.<\/span><\/span><\/span><\/span><\/p>\n<p><img fetchpriority=\"high\" decoding=\"async\" class=\"aligncenter size-full wp-image-25895\" src=\"http:\/\/sulsc.com\/wp-content\/uploads\/2025\/08\/a-1.png\" alt=\"\" width=\"1645\" height=\"1129\" srcset=\"https:\/\/sulsc.com\/wp-content\/uploads\/2025\/08\/a-1.png 1645w, https:\/\/sulsc.com\/wp-content\/uploads\/2025\/08\/a-1-300x206.png 300w, https:\/\/sulsc.com\/wp-content\/uploads\/2025\/08\/a-1-1024x703.png 1024w, https:\/\/sulsc.com\/wp-content\/uploads\/2025\/08\/a-1-768x527.png 768w, https:\/\/sulsc.com\/wp-content\/uploads\/2025\/08\/a-1-1536x1054.png 1536w\" sizes=\"(max-width: 1645px) 100vw, 1645px\" \/><\/p>\n<p><img decoding=\"async\" class=\"aligncenter size-full wp-image-22836\" src=\"http:\/\/sulsc.com\/wp-content\/uploads\/2025\/04\/Tempo-2.png\" alt=\"\" width=\"1024\" height=\"189\" srcset=\"https:\/\/sulsc.com\/wp-content\/uploads\/2025\/04\/Tempo-2.png 1024w, https:\/\/sulsc.com\/wp-content\/uploads\/2025\/04\/Tempo-2-300x55.png 300w, https:\/\/sulsc.com\/wp-content\/uploads\/2025\/04\/Tempo-2-768x142.png 768w\" sizes=\"(max-width: 1024px) 100vw, 1024px\" \/><\/p>\n<p><strong><span style=\"vertical-align: inherit;\"><span style=\"vertical-align: inherit;\"><span style=\"vertical-align: inherit;\"><span style=\"vertical-align: inherit;\">S\u00e1bado (02\/08)<\/span><\/span><\/span><\/span><\/strong><\/p>\n<p><span style=\"vertical-align: inherit;\"><span style=\"vertical-align: inherit;\"><span style=\"vertical-align: inherit;\"><span style=\"vertical-align: inherit;\">O dia ser\u00e1 sol e algumas nuvens em SC. N\u00e3o h\u00e1 condi\u00e7\u00f5es de chuva e trovoadas isoladas a partir da tarde devido a \u00e1reas de baixa press\u00e3o. Temperatura de m\u00e1ximas podendo chegar entre 22 a 28\u00b0C.<\/span><\/span><\/span><\/span><\/p>\n<p><strong><span style=\"vertical-align: inherit;\"><span style=\"vertical-align: inherit;\"><span style=\"vertical-align: inherit;\"><span style=\"vertical-align: inherit;\">Domingo (03\/08)<\/span><\/span><\/span><\/span><\/strong><\/p>\n<p><span style=\"vertical-align: inherit;\"><span style=\"vertical-align: inherit;\"><span style=\"vertical-align: inherit;\"><span style=\"vertical-align: inherit;\">O dia ser\u00e1 de mais nuvens e condi\u00e7\u00f5es de chuva com temporais isolados na regi\u00e3o sul, devido a aproxima\u00e7\u00e3o de uma frente fria. Nas demais regi\u00f5es, aumento de nuvens e pequena chance de chuva. Temperatura mais amena no sul do estado com m\u00e1ximas entre 18 a 22\u00b0C e maior eleva\u00e7\u00e3o nas demais regi\u00f5es ficando de 22 a 26\u00b0C.<\/span><\/span><\/span><\/span><\/p>\n<p>&nbsp;<\/p>\n<p>&nbsp;<\/p>\n<p><span style=\"vertical-align: inherit;\"><span style=\"vertical-align: inherit;\"><span style=\"vertical-align: inherit;\"><span style=\"vertical-align: inherit;\">Fonte: Defesa Civil SC\/Epagri-Ciram<\/span><\/span><\/span><\/span><\/p>\n","protected":false},"excerpt":{"rendered":"<p>Sol e tempo firme em todas as regi\u00f5es de Santa Catarina nesta sexta-feira (01\/08). No leste catarinense, o dia at\u00e9 come\u00e7a com maior presen\u00e7a de nuvens e condi\u00e7\u00f5es para a forma\u00e7\u00e3o de nuvens nas primeiras horas da manh\u00e3, mas que logo se dissipa e o sol passa a predominar. No Grande Oeste, o dia ser\u00e1 &hellip;<\/p>\n<p class=\"read-more\"> <a class=\"\" href=\"https:\/\/sulsc.com\/index.php\/2025\/08\/01\/primeira-sexta-feira-do-mes-de-agosto-de-sol-e-maximas-acima-dos-25oc\/\"> <span class=\"screen-reader-text\">Primeira sexta-feira do m\u00eas de agosto de sol e m\u00e1ximas acima dos 25\u00baC<\/span> Read More &raquo;<\/a><\/p>\n","protected":false},"author":3,"featured_media":16995,"comment_status":"open","ping_status":"open","sticky":false,"template":"","format":"standard","meta":{"site-sidebar-layout":"default","site-content-layout":"","ast-site-content-layout":"default","site-content-style":"default","site-sidebar-style":"default","ast-global-header-display":"","ast-banner-title-visibility":"","ast-main-header-display":"","ast-hfb-above-header-display":"","ast-hfb-below-header-display":"","ast-hfb-mobile-header-display":"","site-post-title":"","ast-breadcrumbs-content":"","ast-featured-img":"","footer-sml-layout":"","theme-transparent-header-meta":"default","adv-header-id-meta":"","stick-header-meta":"","header-above-stick-meta":"","header-main-stick-meta":"","header-below-stick-meta":"","astra-migrate-meta-layouts":"set","footnotes":""},"categories":[38],"tags":[1013],"yoast_head":"<!-- This site is optimized with the Yoast SEO plugin v21.4 - https:\/\/yoast.com\/wordpress\/plugins\/seo\/ -->\n<title>Primeira sexta-feira do m\u00eas de agosto de sol e m\u00e1ximas acima dos 25\u00baC -<\/title>\n<meta name=\"description\" content=\"Nesta sexta-feira 01 de agosto as m\u00e1ximas variam entre 23\u00b0C e 29\u00b0C no litoral Sul n\u00e3o havendo risco para ocorr\u00eancias meteorol\u00f3gicas\" \/>\n<meta name=\"robots\" content=\"index, follow, max-snippet:-1, max-image-preview:large, max-video-preview:-1\" \/>\n<link rel=\"canonical\" href=\"https:\/\/sulsc.com\/index.php\/2025\/08\/01\/primeira-sexta-feira-do-mes-de-agosto-de-sol-e-maximas-acima-dos-25oc\/\" \/>\n<meta property=\"og:locale\" content=\"en_US\" \/>\n<meta property=\"og:type\" content=\"article\" \/>\n<meta property=\"og:title\" content=\"Primeira sexta-feira do m\u00eas de agosto de sol e m\u00e1ximas acima dos 25\u00baC -\" \/>\n<meta property=\"og:description\" content=\"Nesta sexta-feira 01 de agosto as m\u00e1ximas variam entre 23\u00b0C e 29\u00b0C no litoral Sul n\u00e3o havendo risco para ocorr\u00eancias meteorol\u00f3gicas\" \/>\n<meta property=\"og:url\" content=\"https:\/\/sulsc.com\/index.php\/2025\/08\/01\/primeira-sexta-feira-do-mes-de-agosto-de-sol-e-maximas-acima-dos-25oc\/\" \/>\n<meta property=\"article:author\" content=\"https:\/\/www.facebook.com\/profile.php?id=61559278119680\" \/>\n<meta property=\"article:published_time\" content=\"2025-08-01T10:36:14+00:00\" \/>\n<meta property=\"article:modified_time\" content=\"2025-08-01T10:38:48+00:00\" \/>\n<meta property=\"og:image\" content=\"http:\/\/sulsc.com\/wp-content\/uploads\/2024\/11\/Tempo-1-e1754044562783.jpg\" \/>\n\t<meta property=\"og:image:width\" content=\"893\" \/>\n\t<meta property=\"og:image:height\" content=\"754\" \/>\n\t<meta property=\"og:image:type\" content=\"image\/jpeg\" \/>\n<meta name=\"author\" content=\"Reda\u00e7\u00e3o Sul SC\" \/>\n<meta name=\"twitter:card\" content=\"summary_large_image\" \/>\n<meta name=\"twitter:creator\" content=\"@https:\/\/twitter.com\/PortalSulSC\" \/>\n<meta name=\"twitter:label1\" content=\"Written by\" \/>\n\t<meta name=\"twitter:data1\" content=\"Reda\u00e7\u00e3o Sul SC\" \/>\n\t<meta name=\"twitter:label2\" content=\"Est. reading time\" \/>\n\t<meta name=\"twitter:data2\" content=\"2 minutes\" \/>\n<script type=\"application\/ld+json\" class=\"yoast-schema-graph\">{\"@context\":\"https:\/\/schema.org\",\"@graph\":[{\"@type\":\"WebPage\",\"@id\":\"https:\/\/sulsc.com\/index.php\/2025\/08\/01\/primeira-sexta-feira-do-mes-de-agosto-de-sol-e-maximas-acima-dos-25oc\/\",\"url\":\"https:\/\/sulsc.com\/index.php\/2025\/08\/01\/primeira-sexta-feira-do-mes-de-agosto-de-sol-e-maximas-acima-dos-25oc\/\",\"name\":\"Primeira sexta-feira do m\u00eas de agosto de sol e m\u00e1ximas acima dos 25\u00baC -\",\"isPartOf\":{\"@id\":\"https:\/\/sulsc.com\/#website\"},\"datePublished\":\"2025-08-01T10:36:14+00:00\",\"dateModified\":\"2025-08-01T10:38:48+00:00\",\"author\":{\"@id\":\"https:\/\/sulsc.com\/#\/schema\/person\/84d2fc571684f6248ba83092f07750a3\"},\"description\":\"Nesta sexta-feira 01 de agosto as m\u00e1ximas variam entre 23\u00b0C e 29\u00b0C no litoral Sul n\u00e3o havendo risco para ocorr\u00eancias meteorol\u00f3gicas\",\"breadcrumb\":{\"@id\":\"https:\/\/sulsc.com\/index.php\/2025\/08\/01\/primeira-sexta-feira-do-mes-de-agosto-de-sol-e-maximas-acima-dos-25oc\/#breadcrumb\"},\"inLanguage\":\"en-US\",\"potentialAction\":[{\"@type\":\"ReadAction\",\"target\":[\"https:\/\/sulsc.com\/index.php\/2025\/08\/01\/primeira-sexta-feira-do-mes-de-agosto-de-sol-e-maximas-acima-dos-25oc\/\"]}]},{\"@type\":\"BreadcrumbList\",\"@id\":\"https:\/\/sulsc.com\/index.php\/2025\/08\/01\/primeira-sexta-feira-do-mes-de-agosto-de-sol-e-maximas-acima-dos-25oc\/#breadcrumb\",\"itemListElement\":[{\"@type\":\"ListItem\",\"position\":1,\"name\":\"In\u00edcio\",\"item\":\"https:\/\/sulsc.com\/\"},{\"@type\":\"ListItem\",\"position\":2,\"name\":\"Primeira sexta-feira do m\u00eas de agosto de sol e m\u00e1ximas acima dos 25\u00baC\"}]},{\"@type\":\"WebSite\",\"@id\":\"https:\/\/sulsc.com\/#website\",\"url\":\"https:\/\/sulsc.com\/\",\"name\":\"\",\"description\":\"\",\"potentialAction\":[{\"@type\":\"SearchAction\",\"target\":{\"@type\":\"EntryPoint\",\"urlTemplate\":\"https:\/\/sulsc.com\/?s={search_term_string}\"},\"query-input\":\"required name=search_term_string\"}],\"inLanguage\":\"en-US\"},{\"@type\":\"Person\",\"@id\":\"https:\/\/sulsc.com\/#\/schema\/person\/84d2fc571684f6248ba83092f07750a3\",\"name\":\"Reda\u00e7\u00e3o Sul SC\",\"image\":{\"@type\":\"ImageObject\",\"inLanguage\":\"en-US\",\"@id\":\"https:\/\/sulsc.com\/#\/schema\/person\/image\/e08d7fe2cc4ed596372063bbe852b8d0\",\"url\":\"https:\/\/sulsc.com\/wp-content\/uploads\/2023\/09\/redacao.png\",\"contentUrl\":\"https:\/\/sulsc.com\/wp-content\/uploads\/2023\/09\/redacao.png\",\"caption\":\"Reda\u00e7\u00e3o Sul SC\"},\"description\":\"Foco em um jornalismo imparcial, voltado \u00e0 qualidade dos seus conte\u00fados e, assim, levar informa\u00e7\u00e3o de valor que agregue \u00e0 vida dos leitores. Esta \u00e9 grande miss\u00e3o do Portal de Not\u00edcias Sul SC. N\u00e3o \u00e9 quantidade que muda o mundo, sempre foi e seguir\u00e1 sendo qualidade!\",\"sameAs\":[\"https:\/\/sulsc.com\/\",\"https:\/\/www.facebook.com\/profile.php?id=61559278119680\",\"https:\/\/www.instagram.com\/sulscportal\/?hl=pt-br\",\"https:\/\/twitter.com\/https:\/\/twitter.com\/PortalSulSC\",\"https:\/\/www.youtube.com\/channel\/UCv_BE8GeySluDov2n8qhVmw\"],\"url\":\"https:\/\/sulsc.com\/index.php\/author\/redacao\/\"}]}<\/script>\n<!-- \/ Yoast SEO plugin. -->","yoast_head_json":{"title":"Primeira sexta-feira do m\u00eas de agosto de sol e m\u00e1ximas acima dos 25\u00baC -","description":"Nesta sexta-feira 01 de agosto as m\u00e1ximas variam entre 23\u00b0C e 29\u00b0C no litoral Sul n\u00e3o havendo risco para ocorr\u00eancias meteorol\u00f3gicas","robots":{"index":"index","follow":"follow","max-snippet":"max-snippet:-1","max-image-preview":"max-image-preview:large","max-video-preview":"max-video-preview:-1"},"canonical":"https:\/\/sulsc.com\/index.php\/2025\/08\/01\/primeira-sexta-feira-do-mes-de-agosto-de-sol-e-maximas-acima-dos-25oc\/","og_locale":"en_US","og_type":"article","og_title":"Primeira sexta-feira do m\u00eas de agosto de sol e m\u00e1ximas acima dos 25\u00baC -","og_description":"Nesta sexta-feira 01 de agosto as m\u00e1ximas variam entre 23\u00b0C e 29\u00b0C no litoral Sul n\u00e3o havendo risco para ocorr\u00eancias meteorol\u00f3gicas","og_url":"https:\/\/sulsc.com\/index.php\/2025\/08\/01\/primeira-sexta-feira-do-mes-de-agosto-de-sol-e-maximas-acima-dos-25oc\/","article_author":"https:\/\/www.facebook.com\/profile.php?id=61559278119680","article_published_time":"2025-08-01T10:36:14+00:00","article_modified_time":"2025-08-01T10:38:48+00:00","og_image":[{"width":893,"height":754,"url":"http:\/\/sulsc.com\/wp-content\/uploads\/2024\/11\/Tempo-1-e1754044562783.jpg","type":"image\/jpeg"}],"author":"Reda\u00e7\u00e3o Sul SC","twitter_card":"summary_large_image","twitter_creator":"@https:\/\/twitter.com\/PortalSulSC","twitter_misc":{"Written by":"Reda\u00e7\u00e3o Sul SC","Est. reading time":"2 minutes"},"schema":{"@context":"https:\/\/schema.org","@graph":[{"@type":"WebPage","@id":"https:\/\/sulsc.com\/index.php\/2025\/08\/01\/primeira-sexta-feira-do-mes-de-agosto-de-sol-e-maximas-acima-dos-25oc\/","url":"https:\/\/sulsc.com\/index.php\/2025\/08\/01\/primeira-sexta-feira-do-mes-de-agosto-de-sol-e-maximas-acima-dos-25oc\/","name":"Primeira sexta-feira do m\u00eas de agosto de sol e m\u00e1ximas acima dos 25\u00baC -","isPartOf":{"@id":"https:\/\/sulsc.com\/#website"},"datePublished":"2025-08-01T10:36:14+00:00","dateModified":"2025-08-01T10:38:48+00:00","author":{"@id":"https:\/\/sulsc.com\/#\/schema\/person\/84d2fc571684f6248ba83092f07750a3"},"description":"Nesta sexta-feira 01 de agosto as m\u00e1ximas variam entre 23\u00b0C e 29\u00b0C no litoral Sul n\u00e3o havendo risco para ocorr\u00eancias meteorol\u00f3gicas","breadcrumb":{"@id":"https:\/\/sulsc.com\/index.php\/2025\/08\/01\/primeira-sexta-feira-do-mes-de-agosto-de-sol-e-maximas-acima-dos-25oc\/#breadcrumb"},"inLanguage":"en-US","potentialAction":[{"@type":"ReadAction","target":["https:\/\/sulsc.com\/index.php\/2025\/08\/01\/primeira-sexta-feira-do-mes-de-agosto-de-sol-e-maximas-acima-dos-25oc\/"]}]},{"@type":"BreadcrumbList","@id":"https:\/\/sulsc.com\/index.php\/2025\/08\/01\/primeira-sexta-feira-do-mes-de-agosto-de-sol-e-maximas-acima-dos-25oc\/#breadcrumb","itemListElement":[{"@type":"ListItem","position":1,"name":"In\u00edcio","item":"https:\/\/sulsc.com\/"},{"@type":"ListItem","position":2,"name":"Primeira sexta-feira do m\u00eas de agosto de sol e m\u00e1ximas acima dos 25\u00baC"}]},{"@type":"WebSite","@id":"https:\/\/sulsc.com\/#website","url":"https:\/\/sulsc.com\/","name":"","description":"","potentialAction":[{"@type":"SearchAction","target":{"@type":"EntryPoint","urlTemplate":"https:\/\/sulsc.com\/?s={search_term_string}"},"query-input":"required name=search_term_string"}],"inLanguage":"en-US"},{"@type":"Person","@id":"https:\/\/sulsc.com\/#\/schema\/person\/84d2fc571684f6248ba83092f07750a3","name":"Reda\u00e7\u00e3o Sul SC","image":{"@type":"ImageObject","inLanguage":"en-US","@id":"https:\/\/sulsc.com\/#\/schema\/person\/image\/e08d7fe2cc4ed596372063bbe852b8d0","url":"https:\/\/sulsc.com\/wp-content\/uploads\/2023\/09\/redacao.png","contentUrl":"https:\/\/sulsc.com\/wp-content\/uploads\/2023\/09\/redacao.png","caption":"Reda\u00e7\u00e3o Sul SC"},"description":"Foco em um jornalismo imparcial, voltado \u00e0 qualidade dos seus conte\u00fados e, assim, levar informa\u00e7\u00e3o de valor que agregue \u00e0 vida dos leitores. Esta \u00e9 grande miss\u00e3o do Portal de Not\u00edcias Sul SC. N\u00e3o \u00e9 quantidade que muda o mundo, sempre foi e seguir\u00e1 sendo qualidade!","sameAs":["https:\/\/sulsc.com\/","https:\/\/www.facebook.com\/profile.php?id=61559278119680","https:\/\/www.instagram.com\/sulscportal\/?hl=pt-br","https:\/\/twitter.com\/https:\/\/twitter.com\/PortalSulSC","https:\/\/www.youtube.com\/channel\/UCv_BE8GeySluDov2n8qhVmw"],"url":"https:\/\/sulsc.com\/index.php\/author\/redacao\/"}]}},"authors":[],"_links":{"self":[{"href":"https:\/\/sulsc.com\/index.php\/wp-json\/wp\/v2\/posts\/25893"}],"collection":[{"href":"https:\/\/sulsc.com\/index.php\/wp-json\/wp\/v2\/posts"}],"about":[{"href":"https:\/\/sulsc.com\/index.php\/wp-json\/wp\/v2\/types\/post"}],"author":[{"embeddable":true,"href":"https:\/\/sulsc.com\/index.php\/wp-json\/wp\/v2\/users\/3"}],"replies":[{"embeddable":true,"href":"https:\/\/sulsc.com\/index.php\/wp-json\/wp\/v2\/comments?post=25893"}],"version-history":[{"count":4,"href":"https:\/\/sulsc.com\/index.php\/wp-json\/wp\/v2\/posts\/25893\/revisions"}],"predecessor-version":[{"id":25899,"href":"https:\/\/sulsc.com\/index.php\/wp-json\/wp\/v2\/posts\/25893\/revisions\/25899"}],"wp:featuredmedia":[{"embeddable":true,"href":"https:\/\/sulsc.com\/index.php\/wp-json\/wp\/v2\/media\/16995"}],"wp:attachment":[{"href":"https:\/\/sulsc.com\/index.php\/wp-json\/wp\/v2\/media?parent=25893"}],"wp:term":[{"taxonomy":"category","embeddable":true,"href":"https:\/\/sulsc.com\/index.php\/wp-json\/wp\/v2\/categories?post=25893"},{"taxonomy":"post_tag","embeddable":true,"href":"https:\/\/sulsc.com\/index.php\/wp-json\/wp\/v2\/tags?post=25893"}],"curies":[{"name":"wp","href":"https:\/\/api.w.org\/{rel}","templated":true}]}}