{"id":25931,"date":"2025-08-04T08:16:20","date_gmt":"2025-08-04T11:16:20","guid":{"rendered":"https:\/\/sulsc.com\/?p=25931"},"modified":"2025-08-04T09:34:03","modified_gmt":"2025-08-04T12:34:03","slug":"semana-inicia-de-tempo-instavel-com-possibilidade-de-chuva-persistente-no-decorrer-do-dia","status":"publish","type":"post","link":"https:\/\/sulsc.com\/index.php\/2025\/08\/04\/semana-inicia-de-tempo-instavel-com-possibilidade-de-chuva-persistente-no-decorrer-do-dia\/","title":{"rendered":"Semana inicia de tempo inst\u00e1vel com possibilidade de chuva persistente no decorrer do dia"},"content":{"rendered":"<p><span style=\"vertical-align: inherit;\"><span style=\"vertical-align: inherit;\">Entre o Sul do estado e Grande Oeste, a chuva se mant\u00e9m persistente ao longo do dia nesta segunda-feira (04). podendo vir com forte intensidade em alguns momentos eventualmente e acompanhados de raios. Nas demais \u00e1reas, a chuva \u00e9 intercalada com per\u00edodos de melhoria. O risco \u00e9 baixo a moderado para ocorr\u00eancias associadas a alagamentos.<\/span><\/span><\/p>\n<p><strong><span style=\"vertical-align: inherit;\"><span style=\"vertical-align: inherit;\">Temperaturas<\/span><\/span><\/strong><\/p>\n<p><span style=\"vertical-align: inherit;\"><span style=\"vertical-align: inherit;\">Com o c\u00e9u fechado, as temperaturas variam um pouco durante o dia e as m\u00e1ximas n\u00e3o passam dos 20\u00b0C. \u00c0 noite, as temperaturas diminuem ligeiramente em rela\u00e7\u00e3o aos dias anteriores, a chuva se mant\u00e9m persistente ao longo do dia, podendo vir com forte intensidade em alguns momentos e eventualmente acompanhada de raios. Nas demais \u00e1reas, a chuva \u00e9 intercalada com per\u00edodos de melhoria.<\/span><\/span><\/p>\n<div id=\"metaslider-id-25573\" style=\"width: 100%;\" class=\"ml-slider-3-99-0 metaslider metaslider-flex metaslider-25573 ml-slider has-onhover-arrows ms-theme-default-base has-dots-nav\" role=\"region\" aria-label=\"Meio\" data-width=\"1200\">\n    <div id=\"metaslider_container_25573\">\n        <div id=\"metaslider_25573\">\n            <ul class='slides'>\n                <li style=\"display: block; width: 100%;\" class=\"slide-25684 ms-image \" aria-roledescription=\"slide\" data-date=\"2025-07-24 07:55:40\"><img src=\"https:\/\/sulsc.com\/wp-content\/uploads\/2025\/07\/Marr-2-1000x166.jpg\" height=\"200\" width=\"1200\" alt=\"\" class=\"slider-25573 slide-25684 msDefaultImage\" title=\"Marr 2\" \/><\/li>\n                <li style=\"display: none; width: 100%;\" class=\"slide-32412 ms-image \" aria-roledescription=\"slide\" data-date=\"2026-02-18 13:59:46\"><img src=\"https:\/\/sulsc.com\/wp-content\/uploads\/2026\/02\/40dc1580-cad5-4867-bc58-c4243821ad38-1000x166.jpeg\" height=\"200\" width=\"1200\" alt=\"\" class=\"slider-25573 slide-32412 msDefaultImage\" title=\"40dc1580-cad5-4867-bc58-c4243821ad38\" \/><\/li>\n                <li style=\"display: none; width: 100%;\" class=\"slide-32766 ms-image \" aria-roledescription=\"slide\" data-date=\"2026-03-03 17:22:59\"><img src=\"https:\/\/sulsc.com\/wp-content\/uploads\/2026\/03\/271ce739-f268-41c5-8051-3de1a1750359-1000x166.jpeg\" height=\"200\" width=\"1200\" alt=\"\" class=\"slider-25573 slide-32766 msDefaultImage\" title=\"271ce739-f268-41c5-8051-3de1a1750359\" \/><\/li>\n            <\/ul>\n        <\/div>\n        \n    <\/div>\n<\/div>\n<p><span style=\"vertical-align: inherit;\"><span style=\"vertical-align: inherit;\">O risco \u00e9 baixo a moderado para ocorr\u00eancias associadas a alagamentos. Com o c\u00e9u fechado, as temperaturas variam um pouco durante o dia e as m\u00e1ximas n\u00e3o passam dos 20\u00b0C. \u00c0 noite as temperaturas diminuem ligeiramente em rela\u00e7\u00e3o aos dias anteriores.<\/span><\/span><\/p>\n<p><img fetchpriority=\"high\" decoding=\"async\" class=\"aligncenter size-full wp-image-25933\" src=\"http:\/\/sulsc.com\/wp-content\/uploads\/2025\/08\/a-3.png\" alt=\"\" width=\"1650\" height=\"1129\" srcset=\"https:\/\/sulsc.com\/wp-content\/uploads\/2025\/08\/a-3.png 1650w, https:\/\/sulsc.com\/wp-content\/uploads\/2025\/08\/a-3-300x205.png 300w, https:\/\/sulsc.com\/wp-content\/uploads\/2025\/08\/a-3-1024x701.png 1024w, https:\/\/sulsc.com\/wp-content\/uploads\/2025\/08\/a-3-768x525.png 768w, https:\/\/sulsc.com\/wp-content\/uploads\/2025\/08\/a-3-1536x1051.png 1536w\" sizes=\"(max-width: 1650px) 100vw, 1650px\" \/><\/p>\n<p><img decoding=\"async\" class=\"aligncenter size-full wp-image-22836\" src=\"http:\/\/sulsc.com\/wp-content\/uploads\/2025\/04\/Tempo-2.png\" alt=\"\" width=\"1024\" height=\"189\" srcset=\"https:\/\/sulsc.com\/wp-content\/uploads\/2025\/04\/Tempo-2.png 1024w, https:\/\/sulsc.com\/wp-content\/uploads\/2025\/04\/Tempo-2-300x55.png 300w, https:\/\/sulsc.com\/wp-content\/uploads\/2025\/04\/Tempo-2-768x142.png 768w\" sizes=\"(max-width: 1024px) 100vw, 1024px\" \/><\/p>\n<p><strong><span style=\"vertical-align: inherit;\"><span style=\"vertical-align: inherit;\">Vento:<\/span><\/span><\/strong><span style=\"vertical-align: inherit;\"><span style=\"vertical-align: inherit;\"> sul e sudeste, fraco a moderado, com rajadas.<\/span><\/span><\/p>\n<p><strong><span style=\"vertical-align: inherit;\"><span style=\"vertical-align: inherit;\">Sistema predominante:<\/span><\/span><\/strong><span style=\"vertical-align: inherit;\"><span style=\"vertical-align: inherit;\"> frente fria em deslocamento pelo RS e SC.<\/span><\/span><\/p>\n<p><span style=\"vertical-align: inherit;\"><span style=\"vertical-align: inherit;\">Fonte: Defesa Civil SC\/Epagri-Ciram<\/span><\/span><\/p>\n","protected":false},"excerpt":{"rendered":"<p>Entre o Sul do estado e Grande Oeste, a chuva se mant\u00e9m persistente ao longo do dia nesta segunda-feira (04). podendo vir com forte intensidade em alguns momentos eventualmente e acompanhados de raios. Nas demais \u00e1reas, a chuva \u00e9 intercalada com per\u00edodos de melhoria. O risco \u00e9 baixo a moderado para ocorr\u00eancias associadas a alagamentos. &hellip;<\/p>\n<p class=\"read-more\"> <a class=\"\" href=\"https:\/\/sulsc.com\/index.php\/2025\/08\/04\/semana-inicia-de-tempo-instavel-com-possibilidade-de-chuva-persistente-no-decorrer-do-dia\/\"> <span class=\"screen-reader-text\">Semana inicia de tempo inst\u00e1vel com possibilidade de chuva persistente no decorrer do dia<\/span> Read More &raquo;<\/a><\/p>\n","protected":false},"author":3,"featured_media":17230,"comment_status":"open","ping_status":"open","sticky":false,"template":"","format":"standard","meta":{"site-sidebar-layout":"default","site-content-layout":"","ast-site-content-layout":"default","site-content-style":"default","site-sidebar-style":"default","ast-global-header-display":"","ast-banner-title-visibility":"","ast-main-header-display":"","ast-hfb-above-header-display":"","ast-hfb-below-header-display":"","ast-hfb-mobile-header-display":"","site-post-title":"","ast-breadcrumbs-content":"","ast-featured-img":"","footer-sml-layout":"","theme-transparent-header-meta":"default","adv-header-id-meta":"","stick-header-meta":"","header-above-stick-meta":"","header-main-stick-meta":"","header-below-stick-meta":"","astra-migrate-meta-layouts":"set","footnotes":""},"categories":[38],"tags":[90],"yoast_head":"<!-- This site is optimized with the Yoast SEO plugin v21.4 - https:\/\/yoast.com\/wordpress\/plugins\/seo\/ -->\n<title>Semana inicia de tempo inst\u00e1vel com possibilidade de chuva persistente no decorrer do dia -<\/title>\n<meta name=\"description\" content=\"O risco \u00e9 baixo a moderado para ocorr\u00eancias associadas a alagamentos com o c\u00e9u fechado as temperaturas variam pouco durante o dia\" \/>\n<meta name=\"robots\" content=\"index, follow, max-snippet:-1, max-image-preview:large, max-video-preview:-1\" \/>\n<link rel=\"canonical\" href=\"https:\/\/sulsc.com\/index.php\/2025\/08\/04\/semana-inicia-de-tempo-instavel-com-possibilidade-de-chuva-persistente-no-decorrer-do-dia\/\" \/>\n<meta property=\"og:locale\" content=\"en_US\" \/>\n<meta property=\"og:type\" content=\"article\" \/>\n<meta property=\"og:title\" content=\"Semana inicia de tempo inst\u00e1vel com possibilidade de chuva persistente no decorrer do dia -\" \/>\n<meta property=\"og:description\" content=\"O risco \u00e9 baixo a moderado para ocorr\u00eancias associadas a alagamentos com o c\u00e9u fechado as temperaturas variam pouco durante o dia\" \/>\n<meta property=\"og:url\" content=\"https:\/\/sulsc.com\/index.php\/2025\/08\/04\/semana-inicia-de-tempo-instavel-com-possibilidade-de-chuva-persistente-no-decorrer-do-dia\/\" \/>\n<meta property=\"article:author\" content=\"https:\/\/www.facebook.com\/profile.php?id=61559278119680\" \/>\n<meta property=\"article:published_time\" content=\"2025-08-04T11:16:20+00:00\" \/>\n<meta property=\"article:modified_time\" content=\"2025-08-04T12:34:03+00:00\" \/>\n<meta property=\"og:image\" content=\"http:\/\/sulsc.com\/wp-content\/uploads\/2024\/11\/tempo-4-1.jpg\" \/>\n\t<meta property=\"og:image:width\" content=\"1600\" \/>\n\t<meta property=\"og:image:height\" content=\"719\" \/>\n\t<meta property=\"og:image:type\" content=\"image\/jpeg\" \/>\n<meta name=\"author\" content=\"Reda\u00e7\u00e3o Sul SC\" \/>\n<meta name=\"twitter:card\" content=\"summary_large_image\" \/>\n<meta name=\"twitter:creator\" content=\"@https:\/\/twitter.com\/PortalSulSC\" \/>\n<meta name=\"twitter:label1\" content=\"Written by\" \/>\n\t<meta name=\"twitter:data1\" content=\"Reda\u00e7\u00e3o Sul SC\" \/>\n\t<meta name=\"twitter:label2\" content=\"Est. reading time\" \/>\n\t<meta name=\"twitter:data2\" content=\"2 minutes\" \/>\n<script type=\"application\/ld+json\" class=\"yoast-schema-graph\">{\"@context\":\"https:\/\/schema.org\",\"@graph\":[{\"@type\":\"WebPage\",\"@id\":\"https:\/\/sulsc.com\/index.php\/2025\/08\/04\/semana-inicia-de-tempo-instavel-com-possibilidade-de-chuva-persistente-no-decorrer-do-dia\/\",\"url\":\"https:\/\/sulsc.com\/index.php\/2025\/08\/04\/semana-inicia-de-tempo-instavel-com-possibilidade-de-chuva-persistente-no-decorrer-do-dia\/\",\"name\":\"Semana inicia de tempo inst\u00e1vel com possibilidade de chuva persistente no decorrer do dia -\",\"isPartOf\":{\"@id\":\"https:\/\/sulsc.com\/#website\"},\"datePublished\":\"2025-08-04T11:16:20+00:00\",\"dateModified\":\"2025-08-04T12:34:03+00:00\",\"author\":{\"@id\":\"https:\/\/sulsc.com\/#\/schema\/person\/84d2fc571684f6248ba83092f07750a3\"},\"description\":\"O risco \u00e9 baixo a moderado para ocorr\u00eancias associadas a alagamentos com o c\u00e9u fechado as temperaturas variam pouco durante o dia\",\"breadcrumb\":{\"@id\":\"https:\/\/sulsc.com\/index.php\/2025\/08\/04\/semana-inicia-de-tempo-instavel-com-possibilidade-de-chuva-persistente-no-decorrer-do-dia\/#breadcrumb\"},\"inLanguage\":\"en-US\",\"potentialAction\":[{\"@type\":\"ReadAction\",\"target\":[\"https:\/\/sulsc.com\/index.php\/2025\/08\/04\/semana-inicia-de-tempo-instavel-com-possibilidade-de-chuva-persistente-no-decorrer-do-dia\/\"]}]},{\"@type\":\"BreadcrumbList\",\"@id\":\"https:\/\/sulsc.com\/index.php\/2025\/08\/04\/semana-inicia-de-tempo-instavel-com-possibilidade-de-chuva-persistente-no-decorrer-do-dia\/#breadcrumb\",\"itemListElement\":[{\"@type\":\"ListItem\",\"position\":1,\"name\":\"In\u00edcio\",\"item\":\"https:\/\/sulsc.com\/\"},{\"@type\":\"ListItem\",\"position\":2,\"name\":\"Semana inicia de tempo inst\u00e1vel com possibilidade de chuva persistente no decorrer do dia\"}]},{\"@type\":\"WebSite\",\"@id\":\"https:\/\/sulsc.com\/#website\",\"url\":\"https:\/\/sulsc.com\/\",\"name\":\"\",\"description\":\"\",\"potentialAction\":[{\"@type\":\"SearchAction\",\"target\":{\"@type\":\"EntryPoint\",\"urlTemplate\":\"https:\/\/sulsc.com\/?s={search_term_string}\"},\"query-input\":\"required name=search_term_string\"}],\"inLanguage\":\"en-US\"},{\"@type\":\"Person\",\"@id\":\"https:\/\/sulsc.com\/#\/schema\/person\/84d2fc571684f6248ba83092f07750a3\",\"name\":\"Reda\u00e7\u00e3o Sul SC\",\"image\":{\"@type\":\"ImageObject\",\"inLanguage\":\"en-US\",\"@id\":\"https:\/\/sulsc.com\/#\/schema\/person\/image\/e08d7fe2cc4ed596372063bbe852b8d0\",\"url\":\"https:\/\/sulsc.com\/wp-content\/uploads\/2023\/09\/redacao.png\",\"contentUrl\":\"https:\/\/sulsc.com\/wp-content\/uploads\/2023\/09\/redacao.png\",\"caption\":\"Reda\u00e7\u00e3o Sul SC\"},\"description\":\"Foco em um jornalismo imparcial, voltado \u00e0 qualidade dos seus conte\u00fados e, assim, levar informa\u00e7\u00e3o de valor que agregue \u00e0 vida dos leitores. Esta \u00e9 grande miss\u00e3o do Portal de Not\u00edcias Sul SC. N\u00e3o \u00e9 quantidade que muda o mundo, sempre foi e seguir\u00e1 sendo qualidade!\",\"sameAs\":[\"https:\/\/sulsc.com\/\",\"https:\/\/www.facebook.com\/profile.php?id=61559278119680\",\"https:\/\/www.instagram.com\/sulscportal\/?hl=pt-br\",\"https:\/\/twitter.com\/https:\/\/twitter.com\/PortalSulSC\",\"https:\/\/www.youtube.com\/channel\/UCv_BE8GeySluDov2n8qhVmw\"],\"url\":\"https:\/\/sulsc.com\/index.php\/author\/redacao\/\"}]}<\/script>\n<!-- \/ Yoast SEO plugin. -->","yoast_head_json":{"title":"Semana inicia de tempo inst\u00e1vel com possibilidade de chuva persistente no decorrer do dia -","description":"O risco \u00e9 baixo a moderado para ocorr\u00eancias associadas a alagamentos com o c\u00e9u fechado as temperaturas variam pouco durante o dia","robots":{"index":"index","follow":"follow","max-snippet":"max-snippet:-1","max-image-preview":"max-image-preview:large","max-video-preview":"max-video-preview:-1"},"canonical":"https:\/\/sulsc.com\/index.php\/2025\/08\/04\/semana-inicia-de-tempo-instavel-com-possibilidade-de-chuva-persistente-no-decorrer-do-dia\/","og_locale":"en_US","og_type":"article","og_title":"Semana inicia de tempo inst\u00e1vel com possibilidade de chuva persistente no decorrer do dia -","og_description":"O risco \u00e9 baixo a moderado para ocorr\u00eancias associadas a alagamentos com o c\u00e9u fechado as temperaturas variam pouco durante o dia","og_url":"https:\/\/sulsc.com\/index.php\/2025\/08\/04\/semana-inicia-de-tempo-instavel-com-possibilidade-de-chuva-persistente-no-decorrer-do-dia\/","article_author":"https:\/\/www.facebook.com\/profile.php?id=61559278119680","article_published_time":"2025-08-04T11:16:20+00:00","article_modified_time":"2025-08-04T12:34:03+00:00","og_image":[{"width":1600,"height":719,"url":"http:\/\/sulsc.com\/wp-content\/uploads\/2024\/11\/tempo-4-1.jpg","type":"image\/jpeg"}],"author":"Reda\u00e7\u00e3o Sul SC","twitter_card":"summary_large_image","twitter_creator":"@https:\/\/twitter.com\/PortalSulSC","twitter_misc":{"Written by":"Reda\u00e7\u00e3o Sul SC","Est. reading time":"2 minutes"},"schema":{"@context":"https:\/\/schema.org","@graph":[{"@type":"WebPage","@id":"https:\/\/sulsc.com\/index.php\/2025\/08\/04\/semana-inicia-de-tempo-instavel-com-possibilidade-de-chuva-persistente-no-decorrer-do-dia\/","url":"https:\/\/sulsc.com\/index.php\/2025\/08\/04\/semana-inicia-de-tempo-instavel-com-possibilidade-de-chuva-persistente-no-decorrer-do-dia\/","name":"Semana inicia de tempo inst\u00e1vel com possibilidade de chuva persistente no decorrer do dia -","isPartOf":{"@id":"https:\/\/sulsc.com\/#website"},"datePublished":"2025-08-04T11:16:20+00:00","dateModified":"2025-08-04T12:34:03+00:00","author":{"@id":"https:\/\/sulsc.com\/#\/schema\/person\/84d2fc571684f6248ba83092f07750a3"},"description":"O risco \u00e9 baixo a moderado para ocorr\u00eancias associadas a alagamentos com o c\u00e9u fechado as temperaturas variam pouco durante o dia","breadcrumb":{"@id":"https:\/\/sulsc.com\/index.php\/2025\/08\/04\/semana-inicia-de-tempo-instavel-com-possibilidade-de-chuva-persistente-no-decorrer-do-dia\/#breadcrumb"},"inLanguage":"en-US","potentialAction":[{"@type":"ReadAction","target":["https:\/\/sulsc.com\/index.php\/2025\/08\/04\/semana-inicia-de-tempo-instavel-com-possibilidade-de-chuva-persistente-no-decorrer-do-dia\/"]}]},{"@type":"BreadcrumbList","@id":"https:\/\/sulsc.com\/index.php\/2025\/08\/04\/semana-inicia-de-tempo-instavel-com-possibilidade-de-chuva-persistente-no-decorrer-do-dia\/#breadcrumb","itemListElement":[{"@type":"ListItem","position":1,"name":"In\u00edcio","item":"https:\/\/sulsc.com\/"},{"@type":"ListItem","position":2,"name":"Semana inicia de tempo inst\u00e1vel com possibilidade de chuva persistente no decorrer do dia"}]},{"@type":"WebSite","@id":"https:\/\/sulsc.com\/#website","url":"https:\/\/sulsc.com\/","name":"","description":"","potentialAction":[{"@type":"SearchAction","target":{"@type":"EntryPoint","urlTemplate":"https:\/\/sulsc.com\/?s={search_term_string}"},"query-input":"required name=search_term_string"}],"inLanguage":"en-US"},{"@type":"Person","@id":"https:\/\/sulsc.com\/#\/schema\/person\/84d2fc571684f6248ba83092f07750a3","name":"Reda\u00e7\u00e3o Sul SC","image":{"@type":"ImageObject","inLanguage":"en-US","@id":"https:\/\/sulsc.com\/#\/schema\/person\/image\/e08d7fe2cc4ed596372063bbe852b8d0","url":"https:\/\/sulsc.com\/wp-content\/uploads\/2023\/09\/redacao.png","contentUrl":"https:\/\/sulsc.com\/wp-content\/uploads\/2023\/09\/redacao.png","caption":"Reda\u00e7\u00e3o Sul SC"},"description":"Foco em um jornalismo imparcial, voltado \u00e0 qualidade dos seus conte\u00fados e, assim, levar informa\u00e7\u00e3o de valor que agregue \u00e0 vida dos leitores. Esta \u00e9 grande miss\u00e3o do Portal de Not\u00edcias Sul SC. N\u00e3o \u00e9 quantidade que muda o mundo, sempre foi e seguir\u00e1 sendo qualidade!","sameAs":["https:\/\/sulsc.com\/","https:\/\/www.facebook.com\/profile.php?id=61559278119680","https:\/\/www.instagram.com\/sulscportal\/?hl=pt-br","https:\/\/twitter.com\/https:\/\/twitter.com\/PortalSulSC","https:\/\/www.youtube.com\/channel\/UCv_BE8GeySluDov2n8qhVmw"],"url":"https:\/\/sulsc.com\/index.php\/author\/redacao\/"}]}},"authors":[],"_links":{"self":[{"href":"https:\/\/sulsc.com\/index.php\/wp-json\/wp\/v2\/posts\/25931"}],"collection":[{"href":"https:\/\/sulsc.com\/index.php\/wp-json\/wp\/v2\/posts"}],"about":[{"href":"https:\/\/sulsc.com\/index.php\/wp-json\/wp\/v2\/types\/post"}],"author":[{"embeddable":true,"href":"https:\/\/sulsc.com\/index.php\/wp-json\/wp\/v2\/users\/3"}],"replies":[{"embeddable":true,"href":"https:\/\/sulsc.com\/index.php\/wp-json\/wp\/v2\/comments?post=25931"}],"version-history":[{"count":2,"href":"https:\/\/sulsc.com\/index.php\/wp-json\/wp\/v2\/posts\/25931\/revisions"}],"predecessor-version":[{"id":25947,"href":"https:\/\/sulsc.com\/index.php\/wp-json\/wp\/v2\/posts\/25931\/revisions\/25947"}],"wp:featuredmedia":[{"embeddable":true,"href":"https:\/\/sulsc.com\/index.php\/wp-json\/wp\/v2\/media\/17230"}],"wp:attachment":[{"href":"https:\/\/sulsc.com\/index.php\/wp-json\/wp\/v2\/media?parent=25931"}],"wp:term":[{"taxonomy":"category","embeddable":true,"href":"https:\/\/sulsc.com\/index.php\/wp-json\/wp\/v2\/categories?post=25931"},{"taxonomy":"post_tag","embeddable":true,"href":"https:\/\/sulsc.com\/index.php\/wp-json\/wp\/v2\/tags?post=25931"}],"curies":[{"name":"wp","href":"https:\/\/api.w.org\/{rel}","templated":true}]}}