{"id":25961,"date":"2025-08-05T08:07:00","date_gmt":"2025-08-05T11:07:00","guid":{"rendered":"https:\/\/sulsc.com\/?p=25961"},"modified":"2025-08-05T08:07:00","modified_gmt":"2025-08-05T11:07:00","slug":"terca-feira-05-08-de-tempo-chuvoso-com-maximas-nao-passando-dos-15oc","status":"publish","type":"post","link":"https:\/\/sulsc.com\/index.php\/2025\/08\/05\/terca-feira-05-08-de-tempo-chuvoso-com-maximas-nao-passando-dos-15oc\/","title":{"rendered":"Ter\u00e7a-feira (05\/08) de tempo chuvoso com m\u00e1ximas n\u00e3o passando dos 15\u00baC"},"content":{"rendered":"<p>O tempo permanece fechado nesta ter\u00e7a-feira (05\/08), principalmente no litoral. Na metade leste do estado ainda h\u00e1 condi\u00e7\u00f5es para chuva ao longo do dia, j\u00e1 no interior do estado a instabilidade ocorre de forma isolada e passageira. N\u00e3o h\u00e1 risco para ocorr\u00eancias meteorol\u00f3gicas.<\/p>\n<p>No amanhecer as temperaturas ficam entre 6 e 10\u00b0C nas \u00e1reas serranas e variam de 10 a 15\u00b0C nas demais regi\u00f5es. Durante a tarde as temperaturas se aproximam dos 20\u00b0C no Extremo Oeste e Oeste e ficam entre 15 e 17\u00b0C nas demais regi\u00f5es. O mar fica agitado com risco moderado para a navega\u00e7\u00e3o.<\/p>\n<div id=\"metaslider-id-25573\" style=\"width: 100%;\" class=\"ml-slider-3-99-0 metaslider metaslider-flex metaslider-25573 ml-slider has-onhover-arrows ms-theme-default-base has-dots-nav\" role=\"region\" aria-label=\"Meio\" data-width=\"1200\">\n    <div id=\"metaslider_container_25573\">\n        <div id=\"metaslider_25573\">\n            <ul class='slides'>\n                <li style=\"display: block; width: 100%;\" class=\"slide-25684 ms-image \" aria-roledescription=\"slide\" data-date=\"2025-07-24 07:55:40\"><img src=\"https:\/\/sulsc.com\/wp-content\/uploads\/2025\/07\/Marr-2-1000x166.jpg\" height=\"200\" width=\"1200\" alt=\"\" class=\"slider-25573 slide-25684 msDefaultImage\" title=\"Marr 2\" \/><\/li>\n                <li style=\"display: none; width: 100%;\" class=\"slide-32412 ms-image \" aria-roledescription=\"slide\" data-date=\"2026-02-18 13:59:46\"><img src=\"https:\/\/sulsc.com\/wp-content\/uploads\/2026\/02\/40dc1580-cad5-4867-bc58-c4243821ad38-1000x166.jpeg\" height=\"200\" width=\"1200\" alt=\"\" class=\"slider-25573 slide-32412 msDefaultImage\" title=\"40dc1580-cad5-4867-bc58-c4243821ad38\" \/><\/li>\n                <li style=\"display: none; width: 100%;\" class=\"slide-32766 ms-image \" aria-roledescription=\"slide\" data-date=\"2026-03-03 17:22:59\"><img src=\"https:\/\/sulsc.com\/wp-content\/uploads\/2026\/03\/271ce739-f268-41c5-8051-3de1a1750359-1000x166.jpeg\" height=\"200\" width=\"1200\" alt=\"\" class=\"slider-25573 slide-32766 msDefaultImage\" title=\"271ce739-f268-41c5-8051-3de1a1750359\" \/><\/li>\n            <\/ul>\n        <\/div>\n        \n    <\/div>\n<\/div>\n<p><strong>Vento:<\/strong> sul a sudeste, com varia\u00e7\u00e3o para nordeste no oeste, fraco a moderado.<br \/>\n<strong>Sistema predominante:<\/strong> \u00e1reas de baixa press\u00e3o no Sul do Brasil e circula\u00e7\u00e3o mar\u00edtima no leste de SC.<\/p>\n<p><img fetchpriority=\"high\" decoding=\"async\" class=\"aligncenter size-full wp-image-25962\" src=\"http:\/\/sulsc.com\/wp-content\/uploads\/2025\/08\/a-4.png\" alt=\"\" width=\"1660\" height=\"1129\" srcset=\"https:\/\/sulsc.com\/wp-content\/uploads\/2025\/08\/a-4.png 1660w, https:\/\/sulsc.com\/wp-content\/uploads\/2025\/08\/a-4-300x204.png 300w, https:\/\/sulsc.com\/wp-content\/uploads\/2025\/08\/a-4-1024x696.png 1024w, https:\/\/sulsc.com\/wp-content\/uploads\/2025\/08\/a-4-768x522.png 768w, https:\/\/sulsc.com\/wp-content\/uploads\/2025\/08\/a-4-1536x1045.png 1536w\" sizes=\"(max-width: 1660px) 100vw, 1660px\" \/><\/p>\n<p><img decoding=\"async\" class=\"aligncenter size-full wp-image-22836\" src=\"http:\/\/sulsc.com\/wp-content\/uploads\/2025\/04\/Tempo-2.png\" alt=\"\" width=\"1024\" height=\"189\" srcset=\"https:\/\/sulsc.com\/wp-content\/uploads\/2025\/04\/Tempo-2.png 1024w, https:\/\/sulsc.com\/wp-content\/uploads\/2025\/04\/Tempo-2-300x55.png 300w, https:\/\/sulsc.com\/wp-content\/uploads\/2025\/04\/Tempo-2-768x142.png 768w\" sizes=\"(max-width: 1024px) 100vw, 1024px\" \/><\/p>\n<p><strong>Amanh\u00e3 quarta-feira (06\/08)<\/strong>, o tempo ser\u00e1 com varia\u00e7\u00e3o de nuvens em SC, litoral sul e regi\u00f5es pr\u00f3ximas ter\u00e3o tr\u00e9gua na condi\u00e7\u00e3o de chuva. Mas a Grande Florian\u00f3polis e norte do estado ter\u00e1 condi\u00e7\u00f5es de chuva isolada, devido a circula\u00e7\u00e3o mar\u00edtima. Na parte da tarde todas as regi\u00f5es no estado, ganham condi\u00e7\u00e3o de chuva, associada a um cavado (\u00e1rea de baia press\u00e3o). M\u00e1ximas n\u00e3o passando dos 19\u00baC.<\/p>\n<p>Fonte: Defesa Civil SC\/Epagri-Ciram<\/p>\n","protected":false},"excerpt":{"rendered":"<p>O tempo permanece fechado nesta ter\u00e7a-feira (05\/08), principalmente no litoral. Na metade leste do estado ainda h\u00e1 condi\u00e7\u00f5es para chuva ao longo do dia, j\u00e1 no interior do estado a instabilidade ocorre de forma isolada e passageira. N\u00e3o h\u00e1 risco para ocorr\u00eancias meteorol\u00f3gicas. No amanhecer as temperaturas ficam entre 6 e 10\u00b0C nas \u00e1reas serranas &hellip;<\/p>\n<p class=\"read-more\"> <a class=\"\" href=\"https:\/\/sulsc.com\/index.php\/2025\/08\/05\/terca-feira-05-08-de-tempo-chuvoso-com-maximas-nao-passando-dos-15oc\/\"> <span class=\"screen-reader-text\">Ter\u00e7a-feira (05\/08) de tempo chuvoso com m\u00e1ximas n\u00e3o passando dos 15\u00baC<\/span> Read More &raquo;<\/a><\/p>\n","protected":false},"author":3,"featured_media":16430,"comment_status":"open","ping_status":"open","sticky":false,"template":"","format":"standard","meta":{"site-sidebar-layout":"default","site-content-layout":"","ast-site-content-layout":"default","site-content-style":"default","site-sidebar-style":"default","ast-global-header-display":"","ast-banner-title-visibility":"","ast-main-header-display":"","ast-hfb-above-header-display":"","ast-hfb-below-header-display":"","ast-hfb-mobile-header-display":"","site-post-title":"","ast-breadcrumbs-content":"","ast-featured-img":"","footer-sml-layout":"","theme-transparent-header-meta":"default","adv-header-id-meta":"","stick-header-meta":"","header-above-stick-meta":"","header-main-stick-meta":"","header-below-stick-meta":"","astra-migrate-meta-layouts":"set","footnotes":""},"categories":[38],"tags":[90],"yoast_head":"<!-- This site is optimized with the Yoast SEO plugin v21.4 - https:\/\/yoast.com\/wordpress\/plugins\/seo\/ -->\n<title>Ter\u00e7a-feira (05\/08) de tempo chuvoso com m\u00e1ximas n\u00e3o passando dos 15\u00baC -<\/title>\n<meta name=\"description\" content=\"Durante a tarde as temperaturas se aproximam dos 20\u00b0C no Extremo Oeste e Oeste e ficam entre 15 e 17\u00b0C nas demais regi\u00f5es\" \/>\n<meta name=\"robots\" content=\"index, follow, max-snippet:-1, max-image-preview:large, max-video-preview:-1\" \/>\n<link rel=\"canonical\" href=\"https:\/\/sulsc.com\/index.php\/2025\/08\/05\/terca-feira-05-08-de-tempo-chuvoso-com-maximas-nao-passando-dos-15oc\/\" \/>\n<meta property=\"og:locale\" content=\"en_US\" \/>\n<meta property=\"og:type\" content=\"article\" \/>\n<meta property=\"og:title\" content=\"Ter\u00e7a-feira (05\/08) de tempo chuvoso com m\u00e1ximas n\u00e3o passando dos 15\u00baC -\" \/>\n<meta property=\"og:description\" content=\"Durante a tarde as temperaturas se aproximam dos 20\u00b0C no Extremo Oeste e Oeste e ficam entre 15 e 17\u00b0C nas demais regi\u00f5es\" \/>\n<meta property=\"og:url\" content=\"https:\/\/sulsc.com\/index.php\/2025\/08\/05\/terca-feira-05-08-de-tempo-chuvoso-com-maximas-nao-passando-dos-15oc\/\" \/>\n<meta property=\"article:author\" content=\"https:\/\/www.facebook.com\/profile.php?id=61559278119680\" \/>\n<meta property=\"article:published_time\" content=\"2025-08-05T11:07:00+00:00\" \/>\n<meta property=\"og:image\" content=\"http:\/\/sulsc.com\/wp-content\/uploads\/2024\/10\/temporal.jpg\" \/>\n\t<meta property=\"og:image:width\" content=\"1920\" \/>\n\t<meta property=\"og:image:height\" content=\"866\" \/>\n\t<meta property=\"og:image:type\" content=\"image\/jpeg\" \/>\n<meta name=\"author\" content=\"Reda\u00e7\u00e3o Sul SC\" \/>\n<meta name=\"twitter:card\" content=\"summary_large_image\" \/>\n<meta name=\"twitter:creator\" content=\"@https:\/\/twitter.com\/PortalSulSC\" \/>\n<meta name=\"twitter:label1\" content=\"Written by\" \/>\n\t<meta name=\"twitter:data1\" content=\"Reda\u00e7\u00e3o Sul SC\" \/>\n\t<meta name=\"twitter:label2\" content=\"Est. reading time\" \/>\n\t<meta name=\"twitter:data2\" content=\"2 minutes\" \/>\n<script type=\"application\/ld+json\" class=\"yoast-schema-graph\">{\"@context\":\"https:\/\/schema.org\",\"@graph\":[{\"@type\":\"WebPage\",\"@id\":\"https:\/\/sulsc.com\/index.php\/2025\/08\/05\/terca-feira-05-08-de-tempo-chuvoso-com-maximas-nao-passando-dos-15oc\/\",\"url\":\"https:\/\/sulsc.com\/index.php\/2025\/08\/05\/terca-feira-05-08-de-tempo-chuvoso-com-maximas-nao-passando-dos-15oc\/\",\"name\":\"Ter\u00e7a-feira (05\/08) de tempo chuvoso com m\u00e1ximas n\u00e3o passando dos 15\u00baC -\",\"isPartOf\":{\"@id\":\"https:\/\/sulsc.com\/#website\"},\"datePublished\":\"2025-08-05T11:07:00+00:00\",\"dateModified\":\"2025-08-05T11:07:00+00:00\",\"author\":{\"@id\":\"https:\/\/sulsc.com\/#\/schema\/person\/84d2fc571684f6248ba83092f07750a3\"},\"description\":\"Durante a tarde as temperaturas se aproximam dos 20\u00b0C no Extremo Oeste e Oeste e ficam entre 15 e 17\u00b0C nas demais regi\u00f5es\",\"breadcrumb\":{\"@id\":\"https:\/\/sulsc.com\/index.php\/2025\/08\/05\/terca-feira-05-08-de-tempo-chuvoso-com-maximas-nao-passando-dos-15oc\/#breadcrumb\"},\"inLanguage\":\"en-US\",\"potentialAction\":[{\"@type\":\"ReadAction\",\"target\":[\"https:\/\/sulsc.com\/index.php\/2025\/08\/05\/terca-feira-05-08-de-tempo-chuvoso-com-maximas-nao-passando-dos-15oc\/\"]}]},{\"@type\":\"BreadcrumbList\",\"@id\":\"https:\/\/sulsc.com\/index.php\/2025\/08\/05\/terca-feira-05-08-de-tempo-chuvoso-com-maximas-nao-passando-dos-15oc\/#breadcrumb\",\"itemListElement\":[{\"@type\":\"ListItem\",\"position\":1,\"name\":\"In\u00edcio\",\"item\":\"https:\/\/sulsc.com\/\"},{\"@type\":\"ListItem\",\"position\":2,\"name\":\"Ter\u00e7a-feira (05\/08) de tempo chuvoso com m\u00e1ximas n\u00e3o passando dos 15\u00baC\"}]},{\"@type\":\"WebSite\",\"@id\":\"https:\/\/sulsc.com\/#website\",\"url\":\"https:\/\/sulsc.com\/\",\"name\":\"\",\"description\":\"\",\"potentialAction\":[{\"@type\":\"SearchAction\",\"target\":{\"@type\":\"EntryPoint\",\"urlTemplate\":\"https:\/\/sulsc.com\/?s={search_term_string}\"},\"query-input\":\"required name=search_term_string\"}],\"inLanguage\":\"en-US\"},{\"@type\":\"Person\",\"@id\":\"https:\/\/sulsc.com\/#\/schema\/person\/84d2fc571684f6248ba83092f07750a3\",\"name\":\"Reda\u00e7\u00e3o Sul SC\",\"image\":{\"@type\":\"ImageObject\",\"inLanguage\":\"en-US\",\"@id\":\"https:\/\/sulsc.com\/#\/schema\/person\/image\/e08d7fe2cc4ed596372063bbe852b8d0\",\"url\":\"https:\/\/sulsc.com\/wp-content\/uploads\/2023\/09\/redacao.png\",\"contentUrl\":\"https:\/\/sulsc.com\/wp-content\/uploads\/2023\/09\/redacao.png\",\"caption\":\"Reda\u00e7\u00e3o Sul SC\"},\"description\":\"Foco em um jornalismo imparcial, voltado \u00e0 qualidade dos seus conte\u00fados e, assim, levar informa\u00e7\u00e3o de valor que agregue \u00e0 vida dos leitores. Esta \u00e9 grande miss\u00e3o do Portal de Not\u00edcias Sul SC. N\u00e3o \u00e9 quantidade que muda o mundo, sempre foi e seguir\u00e1 sendo qualidade!\",\"sameAs\":[\"https:\/\/sulsc.com\/\",\"https:\/\/www.facebook.com\/profile.php?id=61559278119680\",\"https:\/\/www.instagram.com\/sulscportal\/?hl=pt-br\",\"https:\/\/twitter.com\/https:\/\/twitter.com\/PortalSulSC\",\"https:\/\/www.youtube.com\/channel\/UCv_BE8GeySluDov2n8qhVmw\"],\"url\":\"https:\/\/sulsc.com\/index.php\/author\/redacao\/\"}]}<\/script>\n<!-- \/ Yoast SEO plugin. -->","yoast_head_json":{"title":"Ter\u00e7a-feira (05\/08) de tempo chuvoso com m\u00e1ximas n\u00e3o passando dos 15\u00baC -","description":"Durante a tarde as temperaturas se aproximam dos 20\u00b0C no Extremo Oeste e Oeste e ficam entre 15 e 17\u00b0C nas demais regi\u00f5es","robots":{"index":"index","follow":"follow","max-snippet":"max-snippet:-1","max-image-preview":"max-image-preview:large","max-video-preview":"max-video-preview:-1"},"canonical":"https:\/\/sulsc.com\/index.php\/2025\/08\/05\/terca-feira-05-08-de-tempo-chuvoso-com-maximas-nao-passando-dos-15oc\/","og_locale":"en_US","og_type":"article","og_title":"Ter\u00e7a-feira (05\/08) de tempo chuvoso com m\u00e1ximas n\u00e3o passando dos 15\u00baC -","og_description":"Durante a tarde as temperaturas se aproximam dos 20\u00b0C no Extremo Oeste e Oeste e ficam entre 15 e 17\u00b0C nas demais regi\u00f5es","og_url":"https:\/\/sulsc.com\/index.php\/2025\/08\/05\/terca-feira-05-08-de-tempo-chuvoso-com-maximas-nao-passando-dos-15oc\/","article_author":"https:\/\/www.facebook.com\/profile.php?id=61559278119680","article_published_time":"2025-08-05T11:07:00+00:00","og_image":[{"width":1920,"height":866,"url":"http:\/\/sulsc.com\/wp-content\/uploads\/2024\/10\/temporal.jpg","type":"image\/jpeg"}],"author":"Reda\u00e7\u00e3o Sul SC","twitter_card":"summary_large_image","twitter_creator":"@https:\/\/twitter.com\/PortalSulSC","twitter_misc":{"Written by":"Reda\u00e7\u00e3o Sul SC","Est. reading time":"2 minutes"},"schema":{"@context":"https:\/\/schema.org","@graph":[{"@type":"WebPage","@id":"https:\/\/sulsc.com\/index.php\/2025\/08\/05\/terca-feira-05-08-de-tempo-chuvoso-com-maximas-nao-passando-dos-15oc\/","url":"https:\/\/sulsc.com\/index.php\/2025\/08\/05\/terca-feira-05-08-de-tempo-chuvoso-com-maximas-nao-passando-dos-15oc\/","name":"Ter\u00e7a-feira (05\/08) de tempo chuvoso com m\u00e1ximas n\u00e3o passando dos 15\u00baC -","isPartOf":{"@id":"https:\/\/sulsc.com\/#website"},"datePublished":"2025-08-05T11:07:00+00:00","dateModified":"2025-08-05T11:07:00+00:00","author":{"@id":"https:\/\/sulsc.com\/#\/schema\/person\/84d2fc571684f6248ba83092f07750a3"},"description":"Durante a tarde as temperaturas se aproximam dos 20\u00b0C no Extremo Oeste e Oeste e ficam entre 15 e 17\u00b0C nas demais regi\u00f5es","breadcrumb":{"@id":"https:\/\/sulsc.com\/index.php\/2025\/08\/05\/terca-feira-05-08-de-tempo-chuvoso-com-maximas-nao-passando-dos-15oc\/#breadcrumb"},"inLanguage":"en-US","potentialAction":[{"@type":"ReadAction","target":["https:\/\/sulsc.com\/index.php\/2025\/08\/05\/terca-feira-05-08-de-tempo-chuvoso-com-maximas-nao-passando-dos-15oc\/"]}]},{"@type":"BreadcrumbList","@id":"https:\/\/sulsc.com\/index.php\/2025\/08\/05\/terca-feira-05-08-de-tempo-chuvoso-com-maximas-nao-passando-dos-15oc\/#breadcrumb","itemListElement":[{"@type":"ListItem","position":1,"name":"In\u00edcio","item":"https:\/\/sulsc.com\/"},{"@type":"ListItem","position":2,"name":"Ter\u00e7a-feira (05\/08) de tempo chuvoso com m\u00e1ximas n\u00e3o passando dos 15\u00baC"}]},{"@type":"WebSite","@id":"https:\/\/sulsc.com\/#website","url":"https:\/\/sulsc.com\/","name":"","description":"","potentialAction":[{"@type":"SearchAction","target":{"@type":"EntryPoint","urlTemplate":"https:\/\/sulsc.com\/?s={search_term_string}"},"query-input":"required name=search_term_string"}],"inLanguage":"en-US"},{"@type":"Person","@id":"https:\/\/sulsc.com\/#\/schema\/person\/84d2fc571684f6248ba83092f07750a3","name":"Reda\u00e7\u00e3o Sul SC","image":{"@type":"ImageObject","inLanguage":"en-US","@id":"https:\/\/sulsc.com\/#\/schema\/person\/image\/e08d7fe2cc4ed596372063bbe852b8d0","url":"https:\/\/sulsc.com\/wp-content\/uploads\/2023\/09\/redacao.png","contentUrl":"https:\/\/sulsc.com\/wp-content\/uploads\/2023\/09\/redacao.png","caption":"Reda\u00e7\u00e3o Sul SC"},"description":"Foco em um jornalismo imparcial, voltado \u00e0 qualidade dos seus conte\u00fados e, assim, levar informa\u00e7\u00e3o de valor que agregue \u00e0 vida dos leitores. Esta \u00e9 grande miss\u00e3o do Portal de Not\u00edcias Sul SC. N\u00e3o \u00e9 quantidade que muda o mundo, sempre foi e seguir\u00e1 sendo qualidade!","sameAs":["https:\/\/sulsc.com\/","https:\/\/www.facebook.com\/profile.php?id=61559278119680","https:\/\/www.instagram.com\/sulscportal\/?hl=pt-br","https:\/\/twitter.com\/https:\/\/twitter.com\/PortalSulSC","https:\/\/www.youtube.com\/channel\/UCv_BE8GeySluDov2n8qhVmw"],"url":"https:\/\/sulsc.com\/index.php\/author\/redacao\/"}]}},"authors":[],"_links":{"self":[{"href":"https:\/\/sulsc.com\/index.php\/wp-json\/wp\/v2\/posts\/25961"}],"collection":[{"href":"https:\/\/sulsc.com\/index.php\/wp-json\/wp\/v2\/posts"}],"about":[{"href":"https:\/\/sulsc.com\/index.php\/wp-json\/wp\/v2\/types\/post"}],"author":[{"embeddable":true,"href":"https:\/\/sulsc.com\/index.php\/wp-json\/wp\/v2\/users\/3"}],"replies":[{"embeddable":true,"href":"https:\/\/sulsc.com\/index.php\/wp-json\/wp\/v2\/comments?post=25961"}],"version-history":[{"count":1,"href":"https:\/\/sulsc.com\/index.php\/wp-json\/wp\/v2\/posts\/25961\/revisions"}],"predecessor-version":[{"id":25963,"href":"https:\/\/sulsc.com\/index.php\/wp-json\/wp\/v2\/posts\/25961\/revisions\/25963"}],"wp:featuredmedia":[{"embeddable":true,"href":"https:\/\/sulsc.com\/index.php\/wp-json\/wp\/v2\/media\/16430"}],"wp:attachment":[{"href":"https:\/\/sulsc.com\/index.php\/wp-json\/wp\/v2\/media?parent=25961"}],"wp:term":[{"taxonomy":"category","embeddable":true,"href":"https:\/\/sulsc.com\/index.php\/wp-json\/wp\/v2\/categories?post=25961"},{"taxonomy":"post_tag","embeddable":true,"href":"https:\/\/sulsc.com\/index.php\/wp-json\/wp\/v2\/tags?post=25961"}],"curies":[{"name":"wp","href":"https:\/\/api.w.org\/{rel}","templated":true}]}}