{"id":25979,"date":"2025-08-06T08:21:59","date_gmt":"2025-08-06T11:21:59","guid":{"rendered":"https:\/\/sulsc.com\/?p=25979"},"modified":"2025-08-06T08:21:59","modified_gmt":"2025-08-06T11:21:59","slug":"quarta-feira-06-08-frente-fria-se-afasta-deixando-o-dia-nublado-com-aberturas-de-sol","status":"publish","type":"post","link":"https:\/\/sulsc.com\/index.php\/2025\/08\/06\/quarta-feira-06-08-frente-fria-se-afasta-deixando-o-dia-nublado-com-aberturas-de-sol\/","title":{"rendered":"Quarta-feira (06\/08) frente fria se afasta deixando o dia nublado com aberturas de sol"},"content":{"rendered":"<p>Nesta quarta-feira (06\/08), devido ao afastamento da frente fria para alto mar, o dia\u00a0ser\u00e1 de muitas nuvens com aberturas de sol em SC. Na Grande Florian\u00f3polis e norte do estado, condi\u00e7\u00f5es de chuva isolada especialmente pela manh\u00e3 e a noite. Nas demais regi\u00f5es chuva isolada a partir da tarde.<\/p>\n<p><strong>Temperaturas<\/strong><\/p>\n<p>Nas primeiras horas da manh\u00e3, as m\u00ednimas continuam na casa dos 6 aos 10\u00b0C nos Planaltos e entre 10 e 15\u00b0C nas demais regi\u00f5es. \u00c0 tarde, os term\u00f4metros sobem pouco, variando de 15 a 17\u00b0C no Litoral e em torno dos 12\u00b0C entre os Planaltos.<\/p>\n<div id=\"metaslider-id-25573\" style=\"width: 100%;\" class=\"ml-slider-3-99-0 metaslider metaslider-flex metaslider-25573 ml-slider has-onhover-arrows ms-theme-default-base has-dots-nav\" role=\"region\" aria-label=\"Meio\" data-width=\"1200\">\n    <div id=\"metaslider_container_25573\">\n        <div id=\"metaslider_25573\">\n            <ul class='slides'>\n                <li style=\"display: block; width: 100%;\" class=\"slide-25684 ms-image \" aria-roledescription=\"slide\" data-date=\"2025-07-24 07:55:40\"><img src=\"https:\/\/sulsc.com\/wp-content\/uploads\/2025\/07\/Marr-2-1000x166.jpg\" height=\"200\" width=\"1200\" alt=\"\" class=\"slider-25573 slide-25684 msDefaultImage\" title=\"Marr 2\" \/><\/li>\n                <li style=\"display: none; width: 100%;\" class=\"slide-32412 ms-image \" aria-roledescription=\"slide\" data-date=\"2026-02-18 13:59:46\"><img src=\"https:\/\/sulsc.com\/wp-content\/uploads\/2026\/02\/40dc1580-cad5-4867-bc58-c4243821ad38-1000x166.jpeg\" height=\"200\" width=\"1200\" alt=\"\" class=\"slider-25573 slide-32412 msDefaultImage\" title=\"40dc1580-cad5-4867-bc58-c4243821ad38\" \/><\/li>\n                <li style=\"display: none; width: 100%;\" class=\"slide-32766 ms-image \" aria-roledescription=\"slide\" data-date=\"2026-03-03 17:22:59\"><img src=\"https:\/\/sulsc.com\/wp-content\/uploads\/2026\/03\/271ce739-f268-41c5-8051-3de1a1750359-1000x166.jpeg\" height=\"200\" width=\"1200\" alt=\"\" class=\"slider-25573 slide-32766 msDefaultImage\" title=\"271ce739-f268-41c5-8051-3de1a1750359\" \/><\/li>\n            <\/ul>\n        <\/div>\n        \n    <\/div>\n<\/div>\n<p><strong>Vento:<\/strong> sudeste a nordeste, fraco a moderado, com rajadas no Litoral Sul.<br \/>\n<strong>Sistema predominante:<\/strong> alta press\u00e3o no oceano favorece a circula\u00e7\u00e3o mar\u00edtima no leste de SC. Cavado entre o oeste de SC e RS.<\/p>\n<p><strong>Quinta-feira (07\/08), <\/strong>a instabilidade aumenta em SC devido a forma\u00e7\u00e3o de uma frente fria no Sul do Brasil, associada a um ciclone extratropical na costa do Uruguai e RS. No decorrer do dia condi\u00e7\u00f5es de chuva e temporais isolados, especialmente na tarde e noite. Com m\u00e1ximas viando entre 17\u00b0C a 22\u00b0C.<\/p>\n<p><img fetchpriority=\"high\" decoding=\"async\" class=\"aligncenter size-full wp-image-25981\" src=\"http:\/\/sulsc.com\/wp-content\/uploads\/2025\/08\/a-5.png\" alt=\"\" width=\"1647\" height=\"1120\" srcset=\"https:\/\/sulsc.com\/wp-content\/uploads\/2025\/08\/a-5.png 1647w, https:\/\/sulsc.com\/wp-content\/uploads\/2025\/08\/a-5-300x204.png 300w, https:\/\/sulsc.com\/wp-content\/uploads\/2025\/08\/a-5-1024x696.png 1024w, https:\/\/sulsc.com\/wp-content\/uploads\/2025\/08\/a-5-768x522.png 768w, https:\/\/sulsc.com\/wp-content\/uploads\/2025\/08\/a-5-1536x1045.png 1536w\" sizes=\"(max-width: 1647px) 100vw, 1647px\" \/><\/p>\n<p><img decoding=\"async\" class=\"aligncenter size-full wp-image-22836\" src=\"http:\/\/sulsc.com\/wp-content\/uploads\/2025\/04\/Tempo-2.png\" alt=\"\" width=\"1024\" height=\"189\" srcset=\"https:\/\/sulsc.com\/wp-content\/uploads\/2025\/04\/Tempo-2.png 1024w, https:\/\/sulsc.com\/wp-content\/uploads\/2025\/04\/Tempo-2-300x55.png 300w, https:\/\/sulsc.com\/wp-content\/uploads\/2025\/04\/Tempo-2-768x142.png 768w\" sizes=\"(max-width: 1024px) 100vw, 1024px\" \/><\/p>\n<p style=\"text-align: center;\"><strong>Fonte: Defesa Civil SC\/Epagri-Ciram<\/strong><\/p>\n","protected":false},"excerpt":{"rendered":"<p>Nesta quarta-feira (06\/08), devido ao afastamento da frente fria para alto mar, o dia\u00a0ser\u00e1 de muitas nuvens com aberturas de sol em SC. Na Grande Florian\u00f3polis e norte do estado, condi\u00e7\u00f5es de chuva isolada especialmente pela manh\u00e3 e a noite. Nas demais regi\u00f5es chuva isolada a partir da tarde. Temperaturas Nas primeiras horas da manh\u00e3, &hellip;<\/p>\n<p class=\"read-more\"> <a class=\"\" href=\"https:\/\/sulsc.com\/index.php\/2025\/08\/06\/quarta-feira-06-08-frente-fria-se-afasta-deixando-o-dia-nublado-com-aberturas-de-sol\/\"> <span class=\"screen-reader-text\">Quarta-feira (06\/08) frente fria se afasta deixando o dia nublado com aberturas de sol<\/span> Read More &raquo;<\/a><\/p>\n","protected":false},"author":3,"featured_media":14276,"comment_status":"open","ping_status":"open","sticky":false,"template":"","format":"standard","meta":{"site-sidebar-layout":"default","site-content-layout":"","ast-site-content-layout":"default","site-content-style":"default","site-sidebar-style":"default","ast-global-header-display":"","ast-banner-title-visibility":"","ast-main-header-display":"","ast-hfb-above-header-display":"","ast-hfb-below-header-display":"","ast-hfb-mobile-header-display":"","site-post-title":"","ast-breadcrumbs-content":"","ast-featured-img":"","footer-sml-layout":"","theme-transparent-header-meta":"default","adv-header-id-meta":"","stick-header-meta":"","header-above-stick-meta":"","header-main-stick-meta":"","header-below-stick-meta":"","astra-migrate-meta-layouts":"set","footnotes":""},"categories":[38],"tags":[90],"yoast_head":"<!-- This site is optimized with the Yoast SEO plugin v21.4 - https:\/\/yoast.com\/wordpress\/plugins\/seo\/ -->\n<title>Quarta-feira (06\/08) frente fria se afasta deixando o dia nublado com aberturas de sol -<\/title>\n<meta name=\"description\" content=\"Na Grande Florian\u00f3polis e norte do estado condi\u00e7\u00f5es de chuva isolada especialmente pela manh\u00e3 e a noite\" \/>\n<meta name=\"robots\" content=\"index, follow, max-snippet:-1, max-image-preview:large, max-video-preview:-1\" \/>\n<link rel=\"canonical\" href=\"https:\/\/sulsc.com\/index.php\/2025\/08\/06\/quarta-feira-06-08-frente-fria-se-afasta-deixando-o-dia-nublado-com-aberturas-de-sol\/\" \/>\n<meta property=\"og:locale\" content=\"en_US\" \/>\n<meta property=\"og:type\" content=\"article\" \/>\n<meta property=\"og:title\" content=\"Quarta-feira (06\/08) frente fria se afasta deixando o dia nublado com aberturas de sol -\" \/>\n<meta property=\"og:description\" content=\"Na Grande Florian\u00f3polis e norte do estado condi\u00e7\u00f5es de chuva isolada especialmente pela manh\u00e3 e a noite\" \/>\n<meta property=\"og:url\" content=\"https:\/\/sulsc.com\/index.php\/2025\/08\/06\/quarta-feira-06-08-frente-fria-se-afasta-deixando-o-dia-nublado-com-aberturas-de-sol\/\" \/>\n<meta property=\"article:author\" content=\"https:\/\/www.facebook.com\/profile.php?id=61559278119680\" \/>\n<meta property=\"article:published_time\" content=\"2025-08-06T11:21:59+00:00\" \/>\n<meta property=\"og:image\" content=\"http:\/\/sulsc.com\/wp-content\/uploads\/2024\/07\/tempo-nublado-2.jpeg\" \/>\n\t<meta property=\"og:image:width\" content=\"1600\" \/>\n\t<meta property=\"og:image:height\" content=\"900\" \/>\n\t<meta property=\"og:image:type\" content=\"image\/jpeg\" \/>\n<meta name=\"author\" content=\"Reda\u00e7\u00e3o Sul SC\" \/>\n<meta name=\"twitter:card\" content=\"summary_large_image\" \/>\n<meta name=\"twitter:creator\" content=\"@https:\/\/twitter.com\/PortalSulSC\" \/>\n<meta name=\"twitter:label1\" content=\"Written by\" \/>\n\t<meta name=\"twitter:data1\" content=\"Reda\u00e7\u00e3o Sul SC\" \/>\n\t<meta name=\"twitter:label2\" content=\"Est. reading time\" \/>\n\t<meta name=\"twitter:data2\" content=\"2 minutes\" \/>\n<script type=\"application\/ld+json\" class=\"yoast-schema-graph\">{\"@context\":\"https:\/\/schema.org\",\"@graph\":[{\"@type\":\"WebPage\",\"@id\":\"https:\/\/sulsc.com\/index.php\/2025\/08\/06\/quarta-feira-06-08-frente-fria-se-afasta-deixando-o-dia-nublado-com-aberturas-de-sol\/\",\"url\":\"https:\/\/sulsc.com\/index.php\/2025\/08\/06\/quarta-feira-06-08-frente-fria-se-afasta-deixando-o-dia-nublado-com-aberturas-de-sol\/\",\"name\":\"Quarta-feira (06\/08) frente fria se afasta deixando o dia nublado com aberturas de sol -\",\"isPartOf\":{\"@id\":\"https:\/\/sulsc.com\/#website\"},\"datePublished\":\"2025-08-06T11:21:59+00:00\",\"dateModified\":\"2025-08-06T11:21:59+00:00\",\"author\":{\"@id\":\"https:\/\/sulsc.com\/#\/schema\/person\/84d2fc571684f6248ba83092f07750a3\"},\"description\":\"Na Grande Florian\u00f3polis e norte do estado condi\u00e7\u00f5es de chuva isolada especialmente pela manh\u00e3 e a noite\",\"breadcrumb\":{\"@id\":\"https:\/\/sulsc.com\/index.php\/2025\/08\/06\/quarta-feira-06-08-frente-fria-se-afasta-deixando-o-dia-nublado-com-aberturas-de-sol\/#breadcrumb\"},\"inLanguage\":\"en-US\",\"potentialAction\":[{\"@type\":\"ReadAction\",\"target\":[\"https:\/\/sulsc.com\/index.php\/2025\/08\/06\/quarta-feira-06-08-frente-fria-se-afasta-deixando-o-dia-nublado-com-aberturas-de-sol\/\"]}]},{\"@type\":\"BreadcrumbList\",\"@id\":\"https:\/\/sulsc.com\/index.php\/2025\/08\/06\/quarta-feira-06-08-frente-fria-se-afasta-deixando-o-dia-nublado-com-aberturas-de-sol\/#breadcrumb\",\"itemListElement\":[{\"@type\":\"ListItem\",\"position\":1,\"name\":\"In\u00edcio\",\"item\":\"https:\/\/sulsc.com\/\"},{\"@type\":\"ListItem\",\"position\":2,\"name\":\"Quarta-feira (06\/08) frente fria se afasta deixando o dia nublado com aberturas de sol\"}]},{\"@type\":\"WebSite\",\"@id\":\"https:\/\/sulsc.com\/#website\",\"url\":\"https:\/\/sulsc.com\/\",\"name\":\"\",\"description\":\"\",\"potentialAction\":[{\"@type\":\"SearchAction\",\"target\":{\"@type\":\"EntryPoint\",\"urlTemplate\":\"https:\/\/sulsc.com\/?s={search_term_string}\"},\"query-input\":\"required name=search_term_string\"}],\"inLanguage\":\"en-US\"},{\"@type\":\"Person\",\"@id\":\"https:\/\/sulsc.com\/#\/schema\/person\/84d2fc571684f6248ba83092f07750a3\",\"name\":\"Reda\u00e7\u00e3o Sul SC\",\"image\":{\"@type\":\"ImageObject\",\"inLanguage\":\"en-US\",\"@id\":\"https:\/\/sulsc.com\/#\/schema\/person\/image\/e08d7fe2cc4ed596372063bbe852b8d0\",\"url\":\"https:\/\/sulsc.com\/wp-content\/uploads\/2023\/09\/redacao.png\",\"contentUrl\":\"https:\/\/sulsc.com\/wp-content\/uploads\/2023\/09\/redacao.png\",\"caption\":\"Reda\u00e7\u00e3o Sul SC\"},\"description\":\"Foco em um jornalismo imparcial, voltado \u00e0 qualidade dos seus conte\u00fados e, assim, levar informa\u00e7\u00e3o de valor que agregue \u00e0 vida dos leitores. Esta \u00e9 grande miss\u00e3o do Portal de Not\u00edcias Sul SC. N\u00e3o \u00e9 quantidade que muda o mundo, sempre foi e seguir\u00e1 sendo qualidade!\",\"sameAs\":[\"https:\/\/sulsc.com\/\",\"https:\/\/www.facebook.com\/profile.php?id=61559278119680\",\"https:\/\/www.instagram.com\/sulscportal\/?hl=pt-br\",\"https:\/\/twitter.com\/https:\/\/twitter.com\/PortalSulSC\",\"https:\/\/www.youtube.com\/channel\/UCv_BE8GeySluDov2n8qhVmw\"],\"url\":\"https:\/\/sulsc.com\/index.php\/author\/redacao\/\"}]}<\/script>\n<!-- \/ Yoast SEO plugin. -->","yoast_head_json":{"title":"Quarta-feira (06\/08) frente fria se afasta deixando o dia nublado com aberturas de sol -","description":"Na Grande Florian\u00f3polis e norte do estado condi\u00e7\u00f5es de chuva isolada especialmente pela manh\u00e3 e a noite","robots":{"index":"index","follow":"follow","max-snippet":"max-snippet:-1","max-image-preview":"max-image-preview:large","max-video-preview":"max-video-preview:-1"},"canonical":"https:\/\/sulsc.com\/index.php\/2025\/08\/06\/quarta-feira-06-08-frente-fria-se-afasta-deixando-o-dia-nublado-com-aberturas-de-sol\/","og_locale":"en_US","og_type":"article","og_title":"Quarta-feira (06\/08) frente fria se afasta deixando o dia nublado com aberturas de sol -","og_description":"Na Grande Florian\u00f3polis e norte do estado condi\u00e7\u00f5es de chuva isolada especialmente pela manh\u00e3 e a noite","og_url":"https:\/\/sulsc.com\/index.php\/2025\/08\/06\/quarta-feira-06-08-frente-fria-se-afasta-deixando-o-dia-nublado-com-aberturas-de-sol\/","article_author":"https:\/\/www.facebook.com\/profile.php?id=61559278119680","article_published_time":"2025-08-06T11:21:59+00:00","og_image":[{"width":1600,"height":900,"url":"http:\/\/sulsc.com\/wp-content\/uploads\/2024\/07\/tempo-nublado-2.jpeg","type":"image\/jpeg"}],"author":"Reda\u00e7\u00e3o Sul SC","twitter_card":"summary_large_image","twitter_creator":"@https:\/\/twitter.com\/PortalSulSC","twitter_misc":{"Written by":"Reda\u00e7\u00e3o Sul SC","Est. reading time":"2 minutes"},"schema":{"@context":"https:\/\/schema.org","@graph":[{"@type":"WebPage","@id":"https:\/\/sulsc.com\/index.php\/2025\/08\/06\/quarta-feira-06-08-frente-fria-se-afasta-deixando-o-dia-nublado-com-aberturas-de-sol\/","url":"https:\/\/sulsc.com\/index.php\/2025\/08\/06\/quarta-feira-06-08-frente-fria-se-afasta-deixando-o-dia-nublado-com-aberturas-de-sol\/","name":"Quarta-feira (06\/08) frente fria se afasta deixando o dia nublado com aberturas de sol -","isPartOf":{"@id":"https:\/\/sulsc.com\/#website"},"datePublished":"2025-08-06T11:21:59+00:00","dateModified":"2025-08-06T11:21:59+00:00","author":{"@id":"https:\/\/sulsc.com\/#\/schema\/person\/84d2fc571684f6248ba83092f07750a3"},"description":"Na Grande Florian\u00f3polis e norte do estado condi\u00e7\u00f5es de chuva isolada especialmente pela manh\u00e3 e a noite","breadcrumb":{"@id":"https:\/\/sulsc.com\/index.php\/2025\/08\/06\/quarta-feira-06-08-frente-fria-se-afasta-deixando-o-dia-nublado-com-aberturas-de-sol\/#breadcrumb"},"inLanguage":"en-US","potentialAction":[{"@type":"ReadAction","target":["https:\/\/sulsc.com\/index.php\/2025\/08\/06\/quarta-feira-06-08-frente-fria-se-afasta-deixando-o-dia-nublado-com-aberturas-de-sol\/"]}]},{"@type":"BreadcrumbList","@id":"https:\/\/sulsc.com\/index.php\/2025\/08\/06\/quarta-feira-06-08-frente-fria-se-afasta-deixando-o-dia-nublado-com-aberturas-de-sol\/#breadcrumb","itemListElement":[{"@type":"ListItem","position":1,"name":"In\u00edcio","item":"https:\/\/sulsc.com\/"},{"@type":"ListItem","position":2,"name":"Quarta-feira (06\/08) frente fria se afasta deixando o dia nublado com aberturas de sol"}]},{"@type":"WebSite","@id":"https:\/\/sulsc.com\/#website","url":"https:\/\/sulsc.com\/","name":"","description":"","potentialAction":[{"@type":"SearchAction","target":{"@type":"EntryPoint","urlTemplate":"https:\/\/sulsc.com\/?s={search_term_string}"},"query-input":"required name=search_term_string"}],"inLanguage":"en-US"},{"@type":"Person","@id":"https:\/\/sulsc.com\/#\/schema\/person\/84d2fc571684f6248ba83092f07750a3","name":"Reda\u00e7\u00e3o Sul SC","image":{"@type":"ImageObject","inLanguage":"en-US","@id":"https:\/\/sulsc.com\/#\/schema\/person\/image\/e08d7fe2cc4ed596372063bbe852b8d0","url":"https:\/\/sulsc.com\/wp-content\/uploads\/2023\/09\/redacao.png","contentUrl":"https:\/\/sulsc.com\/wp-content\/uploads\/2023\/09\/redacao.png","caption":"Reda\u00e7\u00e3o Sul SC"},"description":"Foco em um jornalismo imparcial, voltado \u00e0 qualidade dos seus conte\u00fados e, assim, levar informa\u00e7\u00e3o de valor que agregue \u00e0 vida dos leitores. Esta \u00e9 grande miss\u00e3o do Portal de Not\u00edcias Sul SC. N\u00e3o \u00e9 quantidade que muda o mundo, sempre foi e seguir\u00e1 sendo qualidade!","sameAs":["https:\/\/sulsc.com\/","https:\/\/www.facebook.com\/profile.php?id=61559278119680","https:\/\/www.instagram.com\/sulscportal\/?hl=pt-br","https:\/\/twitter.com\/https:\/\/twitter.com\/PortalSulSC","https:\/\/www.youtube.com\/channel\/UCv_BE8GeySluDov2n8qhVmw"],"url":"https:\/\/sulsc.com\/index.php\/author\/redacao\/"}]}},"authors":[],"_links":{"self":[{"href":"https:\/\/sulsc.com\/index.php\/wp-json\/wp\/v2\/posts\/25979"}],"collection":[{"href":"https:\/\/sulsc.com\/index.php\/wp-json\/wp\/v2\/posts"}],"about":[{"href":"https:\/\/sulsc.com\/index.php\/wp-json\/wp\/v2\/types\/post"}],"author":[{"embeddable":true,"href":"https:\/\/sulsc.com\/index.php\/wp-json\/wp\/v2\/users\/3"}],"replies":[{"embeddable":true,"href":"https:\/\/sulsc.com\/index.php\/wp-json\/wp\/v2\/comments?post=25979"}],"version-history":[{"count":1,"href":"https:\/\/sulsc.com\/index.php\/wp-json\/wp\/v2\/posts\/25979\/revisions"}],"predecessor-version":[{"id":25982,"href":"https:\/\/sulsc.com\/index.php\/wp-json\/wp\/v2\/posts\/25979\/revisions\/25982"}],"wp:featuredmedia":[{"embeddable":true,"href":"https:\/\/sulsc.com\/index.php\/wp-json\/wp\/v2\/media\/14276"}],"wp:attachment":[{"href":"https:\/\/sulsc.com\/index.php\/wp-json\/wp\/v2\/media?parent=25979"}],"wp:term":[{"taxonomy":"category","embeddable":true,"href":"https:\/\/sulsc.com\/index.php\/wp-json\/wp\/v2\/categories?post=25979"},{"taxonomy":"post_tag","embeddable":true,"href":"https:\/\/sulsc.com\/index.php\/wp-json\/wp\/v2\/tags?post=25979"}],"curies":[{"name":"wp","href":"https:\/\/api.w.org\/{rel}","templated":true}]}}