{"id":26141,"date":"2025-08-14T07:35:43","date_gmt":"2025-08-14T10:35:43","guid":{"rendered":"https:\/\/sulsc.com\/?p=26141"},"modified":"2025-08-14T07:36:24","modified_gmt":"2025-08-14T10:36:24","slug":"passagem-de-frente-fria-deixa-a-quinta-feira-14-de-tempo-instavel-e-temperaturas-amenas","status":"publish","type":"post","link":"https:\/\/sulsc.com\/index.php\/2025\/08\/14\/passagem-de-frente-fria-deixa-a-quinta-feira-14-de-tempo-instavel-e-temperaturas-amenas\/","title":{"rendered":"Passagem de frente fria deixa a quinta-feira (14) de tempo inst\u00e1vel e temperaturas amenas"},"content":{"rendered":"<p><span style=\"vertical-align: inherit;\"><span style=\"vertical-align: inherit;\">A passagem de uma frente fria em alto mar deixa nesta quinta-feira, o tempo inst\u00e1vel na metade leste de Santa Catarina, com varia\u00e7\u00e3o de nebulosidade e condi\u00e7\u00f5es para chuvas r\u00e1pidas e isoladas, especialmente no litoral e em \u00e1reas pr\u00f3ximas.<\/span><\/span><\/p>\n<p><strong><span style=\"vertical-align: inherit;\"><span style=\"vertical-align: inherit;\">Temperaturas<\/span><\/span><\/strong><\/p>\n<p><span style=\"vertical-align: inherit;\"><span style=\"vertical-align: inherit;\">No amanhecer, as m\u00ednimas ficam entre 5 e 10\u00b0C na grande parte do estado. No Litoral, ficam entre 9 e 13\u00b0C e nas \u00e1reas mais altas da serra catarinense as tarifas ficam pr\u00f3ximas de 0\u00b0C. Com isso, as temperaturas m\u00e1ximas n\u00e3o ultrapassaram os 20\u00b0C \u00e0 tarde.<\/span><\/span><\/p>\n<p><span style=\"vertical-align: inherit;\"><span style=\"vertical-align: inherit;\">[ID do metaslider=25573]<\/span><\/span><\/p>\n<p><span style=\"vertical-align: inherit;\"><span style=\"vertical-align: inherit;\"><strong><span style=\"vertical-align: inherit;\"><span style=\"vertical-align: inherit;\">Vento:<\/span><\/span><\/strong><span style=\"vertical-align: inherit;\"><span style=\"vertical-align: inherit;\"> sudoeste a sudeste, fraco a moderado, com rajadas no litoral.<\/span><\/span><\/span><\/span><\/p>\n<p><span style=\"vertical-align: inherit;\"><span style=\"vertical-align: inherit;\"><strong><span style=\"vertical-align: inherit;\"><span style=\"vertical-align: inherit;\">Sistema predominantemente:<\/span><\/span><\/strong><span style=\"vertical-align: inherit;\"><span style=\"vertical-align: inherit;\"> passagem r\u00e1pida de uma frente fria de fraca intensidade no litoral de SC, seguida de massa de ar frio.<\/span><\/span><\/span><\/span><\/p>\n<p><strong><span style=\"vertical-align: inherit;\"><span style=\"vertical-align: inherit;\"><span style=\"vertical-align: inherit;\"><span style=\"vertical-align: inherit;\">Sexta-feira (15),<\/span><\/span><\/span><\/span><\/strong><span style=\"vertical-align: inherit;\"><span style=\"vertical-align: inherit;\"><span style=\"vertical-align: inherit;\"><span style=\"vertical-align: inherit;\"> com <\/span><\/span><\/span><\/span><span style=\"vertical-align: inherit;\"><span style=\"vertical-align: inherit;\"><span style=\"vertical-align: inherit;\"><span style=\"vertical-align: inherit;\">sol e algumas nuvens em SC. No litoral, especialmente entre a Grande Florian\u00f3polis e norte do estado, condi\u00e7\u00e3o de chuva isolada entre tarde e noite, devido \u00e0 circula\u00e7\u00e3o mar\u00edtima. <\/span><\/span><\/span><\/span><br \/>\n<span style=\"vertical-align: inherit;\"><span style=\"vertical-align: inherit;\"><span style=\"vertical-align: inherit;\"><span style=\"vertical-align: inherit;\">As temperaturas ao amanhecer ser\u00e3o baixas em todo o estado, com chance de ocorrer nas \u00e1reas altas do Planalto Sul. No decorrer do dia, as temperaturas focam amenas, abaixo de 20\u00b0C na maioria das regi\u00f5es, subindo mais no oeste chegando aos 23\u00b0C.<\/span><\/span><\/span><\/span><\/p>\n","protected":false},"excerpt":{"rendered":"<p>A passagem de uma frente fria em alto mar deixa nesta quinta-feira, o tempo inst\u00e1vel na metade leste de Santa Catarina, com varia\u00e7\u00e3o de nebulosidade e condi\u00e7\u00f5es para chuvas r\u00e1pidas e isoladas, especialmente no litoral e em \u00e1reas pr\u00f3ximas. Temperaturas No amanhecer, as m\u00ednimas ficam entre 5 e 10\u00b0C na grande parte do estado. No &hellip;<\/p>\n<p class=\"read-more\"> <a class=\"\" href=\"https:\/\/sulsc.com\/index.php\/2025\/08\/14\/passagem-de-frente-fria-deixa-a-quinta-feira-14-de-tempo-instavel-e-temperaturas-amenas\/\"> <span class=\"screen-reader-text\">Passagem de frente fria deixa a quinta-feira (14) de tempo inst\u00e1vel e temperaturas amenas<\/span> Read More &raquo;<\/a><\/p>\n","protected":false},"author":3,"featured_media":26142,"comment_status":"open","ping_status":"open","sticky":false,"template":"","format":"standard","meta":{"site-sidebar-layout":"default","site-content-layout":"","ast-site-content-layout":"default","site-content-style":"default","site-sidebar-style":"default","ast-global-header-display":"","ast-banner-title-visibility":"","ast-main-header-display":"","ast-hfb-above-header-display":"","ast-hfb-below-header-display":"","ast-hfb-mobile-header-display":"","site-post-title":"","ast-breadcrumbs-content":"","ast-featured-img":"","footer-sml-layout":"","theme-transparent-header-meta":"default","adv-header-id-meta":"","stick-header-meta":"","header-above-stick-meta":"","header-main-stick-meta":"","header-below-stick-meta":"","astra-migrate-meta-layouts":"set","footnotes":""},"categories":[38],"tags":[90],"yoast_head":"<!-- This site is optimized with the Yoast SEO plugin v21.4 - https:\/\/yoast.com\/wordpress\/plugins\/seo\/ -->\n<title>Passagem de frente fria deixa a quinta-feira (14) de tempo inst\u00e1vel e temperaturas amenas -<\/title>\n<meta name=\"description\" content=\"Condi\u00e7\u00f5es para chuvas r\u00e1pidas e isoladas especialmente no litoral e em \u00e1reas pr\u00f3ximas e temperaturas m\u00e1ximas n\u00e3o ultrapassam os 20\u00b0C \u00e0 tarde\" \/>\n<meta name=\"robots\" content=\"index, follow, max-snippet:-1, max-image-preview:large, max-video-preview:-1\" \/>\n<link rel=\"canonical\" href=\"https:\/\/sulsc.com\/index.php\/2025\/08\/14\/passagem-de-frente-fria-deixa-a-quinta-feira-14-de-tempo-instavel-e-temperaturas-amenas\/\" \/>\n<meta property=\"og:locale\" content=\"en_US\" \/>\n<meta property=\"og:type\" content=\"article\" \/>\n<meta property=\"og:title\" content=\"Passagem de frente fria deixa a quinta-feira (14) de tempo inst\u00e1vel e temperaturas amenas -\" \/>\n<meta property=\"og:description\" content=\"Condi\u00e7\u00f5es para chuvas r\u00e1pidas e isoladas especialmente no litoral e em \u00e1reas pr\u00f3ximas e temperaturas m\u00e1ximas n\u00e3o ultrapassam os 20\u00b0C \u00e0 tarde\" \/>\n<meta property=\"og:url\" content=\"https:\/\/sulsc.com\/index.php\/2025\/08\/14\/passagem-de-frente-fria-deixa-a-quinta-feira-14-de-tempo-instavel-e-temperaturas-amenas\/\" \/>\n<meta property=\"article:author\" content=\"https:\/\/www.facebook.com\/profile.php?id=61559278119680\" \/>\n<meta property=\"article:published_time\" content=\"2025-08-14T10:35:43+00:00\" \/>\n<meta property=\"article:modified_time\" content=\"2025-08-14T10:36:24+00:00\" \/>\n<meta property=\"og:image\" content=\"http:\/\/sulsc.com\/wp-content\/uploads\/2025\/08\/a-17.jpg\" \/>\n\t<meta property=\"og:image:width\" content=\"1600\" \/>\n\t<meta property=\"og:image:height\" content=\"720\" \/>\n\t<meta property=\"og:image:type\" content=\"image\/jpeg\" \/>\n<meta name=\"author\" content=\"Reda\u00e7\u00e3o Sul SC\" \/>\n<meta name=\"twitter:card\" content=\"summary_large_image\" \/>\n<meta name=\"twitter:creator\" content=\"@https:\/\/twitter.com\/PortalSulSC\" \/>\n<meta name=\"twitter:label1\" content=\"Written by\" \/>\n\t<meta name=\"twitter:data1\" content=\"Reda\u00e7\u00e3o Sul SC\" \/>\n\t<meta name=\"twitter:label2\" content=\"Est. reading time\" \/>\n\t<meta name=\"twitter:data2\" content=\"1 minute\" \/>\n<script type=\"application\/ld+json\" class=\"yoast-schema-graph\">{\"@context\":\"https:\/\/schema.org\",\"@graph\":[{\"@type\":\"WebPage\",\"@id\":\"https:\/\/sulsc.com\/index.php\/2025\/08\/14\/passagem-de-frente-fria-deixa-a-quinta-feira-14-de-tempo-instavel-e-temperaturas-amenas\/\",\"url\":\"https:\/\/sulsc.com\/index.php\/2025\/08\/14\/passagem-de-frente-fria-deixa-a-quinta-feira-14-de-tempo-instavel-e-temperaturas-amenas\/\",\"name\":\"Passagem de frente fria deixa a quinta-feira (14) de tempo inst\u00e1vel e temperaturas amenas -\",\"isPartOf\":{\"@id\":\"https:\/\/sulsc.com\/#website\"},\"datePublished\":\"2025-08-14T10:35:43+00:00\",\"dateModified\":\"2025-08-14T10:36:24+00:00\",\"author\":{\"@id\":\"https:\/\/sulsc.com\/#\/schema\/person\/84d2fc571684f6248ba83092f07750a3\"},\"description\":\"Condi\u00e7\u00f5es para chuvas r\u00e1pidas e isoladas especialmente no litoral e em \u00e1reas pr\u00f3ximas e temperaturas m\u00e1ximas n\u00e3o ultrapassam os 20\u00b0C \u00e0 tarde\",\"breadcrumb\":{\"@id\":\"https:\/\/sulsc.com\/index.php\/2025\/08\/14\/passagem-de-frente-fria-deixa-a-quinta-feira-14-de-tempo-instavel-e-temperaturas-amenas\/#breadcrumb\"},\"inLanguage\":\"en-US\",\"potentialAction\":[{\"@type\":\"ReadAction\",\"target\":[\"https:\/\/sulsc.com\/index.php\/2025\/08\/14\/passagem-de-frente-fria-deixa-a-quinta-feira-14-de-tempo-instavel-e-temperaturas-amenas\/\"]}]},{\"@type\":\"BreadcrumbList\",\"@id\":\"https:\/\/sulsc.com\/index.php\/2025\/08\/14\/passagem-de-frente-fria-deixa-a-quinta-feira-14-de-tempo-instavel-e-temperaturas-amenas\/#breadcrumb\",\"itemListElement\":[{\"@type\":\"ListItem\",\"position\":1,\"name\":\"In\u00edcio\",\"item\":\"https:\/\/sulsc.com\/\"},{\"@type\":\"ListItem\",\"position\":2,\"name\":\"Passagem de frente fria deixa a quinta-feira (14) de tempo inst\u00e1vel e temperaturas amenas\"}]},{\"@type\":\"WebSite\",\"@id\":\"https:\/\/sulsc.com\/#website\",\"url\":\"https:\/\/sulsc.com\/\",\"name\":\"\",\"description\":\"\",\"potentialAction\":[{\"@type\":\"SearchAction\",\"target\":{\"@type\":\"EntryPoint\",\"urlTemplate\":\"https:\/\/sulsc.com\/?s={search_term_string}\"},\"query-input\":\"required name=search_term_string\"}],\"inLanguage\":\"en-US\"},{\"@type\":\"Person\",\"@id\":\"https:\/\/sulsc.com\/#\/schema\/person\/84d2fc571684f6248ba83092f07750a3\",\"name\":\"Reda\u00e7\u00e3o Sul SC\",\"image\":{\"@type\":\"ImageObject\",\"inLanguage\":\"en-US\",\"@id\":\"https:\/\/sulsc.com\/#\/schema\/person\/image\/e08d7fe2cc4ed596372063bbe852b8d0\",\"url\":\"https:\/\/sulsc.com\/wp-content\/uploads\/2023\/09\/redacao.png\",\"contentUrl\":\"https:\/\/sulsc.com\/wp-content\/uploads\/2023\/09\/redacao.png\",\"caption\":\"Reda\u00e7\u00e3o Sul SC\"},\"description\":\"Foco em um jornalismo imparcial, voltado \u00e0 qualidade dos seus conte\u00fados e, assim, levar informa\u00e7\u00e3o de valor que agregue \u00e0 vida dos leitores. Esta \u00e9 grande miss\u00e3o do Portal de Not\u00edcias Sul SC. N\u00e3o \u00e9 quantidade que muda o mundo, sempre foi e seguir\u00e1 sendo qualidade!\",\"sameAs\":[\"https:\/\/sulsc.com\/\",\"https:\/\/www.facebook.com\/profile.php?id=61559278119680\",\"https:\/\/www.instagram.com\/sulscportal\/?hl=pt-br\",\"https:\/\/twitter.com\/https:\/\/twitter.com\/PortalSulSC\",\"https:\/\/www.youtube.com\/channel\/UCv_BE8GeySluDov2n8qhVmw\"],\"url\":\"https:\/\/sulsc.com\/index.php\/author\/redacao\/\"}]}<\/script>\n<!-- \/ Yoast SEO plugin. -->","yoast_head_json":{"title":"Passagem de frente fria deixa a quinta-feira (14) de tempo inst\u00e1vel e temperaturas amenas -","description":"Condi\u00e7\u00f5es para chuvas r\u00e1pidas e isoladas especialmente no litoral e em \u00e1reas pr\u00f3ximas e temperaturas m\u00e1ximas n\u00e3o ultrapassam os 20\u00b0C \u00e0 tarde","robots":{"index":"index","follow":"follow","max-snippet":"max-snippet:-1","max-image-preview":"max-image-preview:large","max-video-preview":"max-video-preview:-1"},"canonical":"https:\/\/sulsc.com\/index.php\/2025\/08\/14\/passagem-de-frente-fria-deixa-a-quinta-feira-14-de-tempo-instavel-e-temperaturas-amenas\/","og_locale":"en_US","og_type":"article","og_title":"Passagem de frente fria deixa a quinta-feira (14) de tempo inst\u00e1vel e temperaturas amenas -","og_description":"Condi\u00e7\u00f5es para chuvas r\u00e1pidas e isoladas especialmente no litoral e em \u00e1reas pr\u00f3ximas e temperaturas m\u00e1ximas n\u00e3o ultrapassam os 20\u00b0C \u00e0 tarde","og_url":"https:\/\/sulsc.com\/index.php\/2025\/08\/14\/passagem-de-frente-fria-deixa-a-quinta-feira-14-de-tempo-instavel-e-temperaturas-amenas\/","article_author":"https:\/\/www.facebook.com\/profile.php?id=61559278119680","article_published_time":"2025-08-14T10:35:43+00:00","article_modified_time":"2025-08-14T10:36:24+00:00","og_image":[{"width":1600,"height":720,"url":"http:\/\/sulsc.com\/wp-content\/uploads\/2025\/08\/a-17.jpg","type":"image\/jpeg"}],"author":"Reda\u00e7\u00e3o Sul SC","twitter_card":"summary_large_image","twitter_creator":"@https:\/\/twitter.com\/PortalSulSC","twitter_misc":{"Written by":"Reda\u00e7\u00e3o Sul SC","Est. reading time":"1 minute"},"schema":{"@context":"https:\/\/schema.org","@graph":[{"@type":"WebPage","@id":"https:\/\/sulsc.com\/index.php\/2025\/08\/14\/passagem-de-frente-fria-deixa-a-quinta-feira-14-de-tempo-instavel-e-temperaturas-amenas\/","url":"https:\/\/sulsc.com\/index.php\/2025\/08\/14\/passagem-de-frente-fria-deixa-a-quinta-feira-14-de-tempo-instavel-e-temperaturas-amenas\/","name":"Passagem de frente fria deixa a quinta-feira (14) de tempo inst\u00e1vel e temperaturas amenas -","isPartOf":{"@id":"https:\/\/sulsc.com\/#website"},"datePublished":"2025-08-14T10:35:43+00:00","dateModified":"2025-08-14T10:36:24+00:00","author":{"@id":"https:\/\/sulsc.com\/#\/schema\/person\/84d2fc571684f6248ba83092f07750a3"},"description":"Condi\u00e7\u00f5es para chuvas r\u00e1pidas e isoladas especialmente no litoral e em \u00e1reas pr\u00f3ximas e temperaturas m\u00e1ximas n\u00e3o ultrapassam os 20\u00b0C \u00e0 tarde","breadcrumb":{"@id":"https:\/\/sulsc.com\/index.php\/2025\/08\/14\/passagem-de-frente-fria-deixa-a-quinta-feira-14-de-tempo-instavel-e-temperaturas-amenas\/#breadcrumb"},"inLanguage":"en-US","potentialAction":[{"@type":"ReadAction","target":["https:\/\/sulsc.com\/index.php\/2025\/08\/14\/passagem-de-frente-fria-deixa-a-quinta-feira-14-de-tempo-instavel-e-temperaturas-amenas\/"]}]},{"@type":"BreadcrumbList","@id":"https:\/\/sulsc.com\/index.php\/2025\/08\/14\/passagem-de-frente-fria-deixa-a-quinta-feira-14-de-tempo-instavel-e-temperaturas-amenas\/#breadcrumb","itemListElement":[{"@type":"ListItem","position":1,"name":"In\u00edcio","item":"https:\/\/sulsc.com\/"},{"@type":"ListItem","position":2,"name":"Passagem de frente fria deixa a quinta-feira (14) de tempo inst\u00e1vel e temperaturas amenas"}]},{"@type":"WebSite","@id":"https:\/\/sulsc.com\/#website","url":"https:\/\/sulsc.com\/","name":"","description":"","potentialAction":[{"@type":"SearchAction","target":{"@type":"EntryPoint","urlTemplate":"https:\/\/sulsc.com\/?s={search_term_string}"},"query-input":"required name=search_term_string"}],"inLanguage":"en-US"},{"@type":"Person","@id":"https:\/\/sulsc.com\/#\/schema\/person\/84d2fc571684f6248ba83092f07750a3","name":"Reda\u00e7\u00e3o Sul SC","image":{"@type":"ImageObject","inLanguage":"en-US","@id":"https:\/\/sulsc.com\/#\/schema\/person\/image\/e08d7fe2cc4ed596372063bbe852b8d0","url":"https:\/\/sulsc.com\/wp-content\/uploads\/2023\/09\/redacao.png","contentUrl":"https:\/\/sulsc.com\/wp-content\/uploads\/2023\/09\/redacao.png","caption":"Reda\u00e7\u00e3o Sul SC"},"description":"Foco em um jornalismo imparcial, voltado \u00e0 qualidade dos seus conte\u00fados e, assim, levar informa\u00e7\u00e3o de valor que agregue \u00e0 vida dos leitores. Esta \u00e9 grande miss\u00e3o do Portal de Not\u00edcias Sul SC. N\u00e3o \u00e9 quantidade que muda o mundo, sempre foi e seguir\u00e1 sendo qualidade!","sameAs":["https:\/\/sulsc.com\/","https:\/\/www.facebook.com\/profile.php?id=61559278119680","https:\/\/www.instagram.com\/sulscportal\/?hl=pt-br","https:\/\/twitter.com\/https:\/\/twitter.com\/PortalSulSC","https:\/\/www.youtube.com\/channel\/UCv_BE8GeySluDov2n8qhVmw"],"url":"https:\/\/sulsc.com\/index.php\/author\/redacao\/"}]}},"authors":[],"_links":{"self":[{"href":"https:\/\/sulsc.com\/index.php\/wp-json\/wp\/v2\/posts\/26141"}],"collection":[{"href":"https:\/\/sulsc.com\/index.php\/wp-json\/wp\/v2\/posts"}],"about":[{"href":"https:\/\/sulsc.com\/index.php\/wp-json\/wp\/v2\/types\/post"}],"author":[{"embeddable":true,"href":"https:\/\/sulsc.com\/index.php\/wp-json\/wp\/v2\/users\/3"}],"replies":[{"embeddable":true,"href":"https:\/\/sulsc.com\/index.php\/wp-json\/wp\/v2\/comments?post=26141"}],"version-history":[{"count":2,"href":"https:\/\/sulsc.com\/index.php\/wp-json\/wp\/v2\/posts\/26141\/revisions"}],"predecessor-version":[{"id":26144,"href":"https:\/\/sulsc.com\/index.php\/wp-json\/wp\/v2\/posts\/26141\/revisions\/26144"}],"wp:featuredmedia":[{"embeddable":true,"href":"https:\/\/sulsc.com\/index.php\/wp-json\/wp\/v2\/media\/26142"}],"wp:attachment":[{"href":"https:\/\/sulsc.com\/index.php\/wp-json\/wp\/v2\/media?parent=26141"}],"wp:term":[{"taxonomy":"category","embeddable":true,"href":"https:\/\/sulsc.com\/index.php\/wp-json\/wp\/v2\/categories?post=26141"},{"taxonomy":"post_tag","embeddable":true,"href":"https:\/\/sulsc.com\/index.php\/wp-json\/wp\/v2\/tags?post=26141"}],"curies":[{"name":"wp","href":"https:\/\/api.w.org\/{rel}","templated":true}]}}