{"id":26152,"date":"2025-08-14T08:39:44","date_gmt":"2025-08-14T11:39:44","guid":{"rendered":"https:\/\/sulsc.com\/?p=26152"},"modified":"2025-08-14T08:40:32","modified_gmt":"2025-08-14T11:40:32","slug":"filhote-de-baleia-franca-e-encontrado-morto-na-praia-do-siriu-em-garopaba","status":"publish","type":"post","link":"https:\/\/sulsc.com\/index.php\/2025\/08\/14\/filhote-de-baleia-franca-e-encontrado-morto-na-praia-do-siriu-em-garopaba\/","title":{"rendered":"Filhote de Baleia-Franca \u00e9 encontrado morto na Praia do Siri\u00fa em Garopaba"},"content":{"rendered":"<p><span dir=\"auto\" style=\"vertical-align: inherit;\"><span dir=\"auto\" style=\"vertical-align: inherit;\">Um filhote de baleia-franca foi encontrado encalhado e sem vida na Praia do Siri\u00fa, em Garopaba, na manh\u00e3 desta quarta-feira (13). O animal, que mede aproximadamente 5,2 metros de comprimento, j\u00e1 apresentou sinais de entrega.<\/span><\/span><\/p>\n<p><span dir=\"auto\" style=\"vertical-align: inherit;\"><span dir=\"auto\" style=\"vertical-align: inherit;\">O Protocolo de Encalhe da \u00c1rea de Prote\u00e7\u00e3o Ambiental (APA) da Baleia Franca foi acionado por moradores locais. A ocorr\u00eancia foi registrada por uma equipe do Projeto de Monitoramento das Praias da Bacia de Santos (PMP-BS), executado pelo Instituto Australis. Este \u00e9 o segundo registro de encalhe de baleia-franca em Santa Catarina durante a atual temporada reprodutiva.<\/span><\/span><\/p>\n<div id=\"metaslider-id-25573\" style=\"width: 100%;\" class=\"ml-slider-3-99-0 metaslider metaslider-flex metaslider-25573 ml-slider has-onhover-arrows ms-theme-default-base has-dots-nav\" role=\"region\" aria-label=\"Meio\" data-width=\"1200\">\n    <div id=\"metaslider_container_25573\">\n        <div id=\"metaslider_25573\">\n            <ul class='slides'>\n                <li style=\"display: block; width: 100%;\" class=\"slide-25684 ms-image \" aria-roledescription=\"slide\" data-date=\"2025-07-24 07:55:40\"><img src=\"https:\/\/sulsc.com\/wp-content\/uploads\/2025\/07\/Marr-2-1000x166.jpg\" height=\"200\" width=\"1200\" alt=\"\" class=\"slider-25573 slide-25684 msDefaultImage\" title=\"Marr 2\" \/><\/li>\n                <li style=\"display: none; width: 100%;\" class=\"slide-32412 ms-image \" aria-roledescription=\"slide\" data-date=\"2026-02-18 13:59:46\"><img src=\"https:\/\/sulsc.com\/wp-content\/uploads\/2026\/02\/40dc1580-cad5-4867-bc58-c4243821ad38-1000x166.jpeg\" height=\"200\" width=\"1200\" alt=\"\" class=\"slider-25573 slide-32412 msDefaultImage\" title=\"40dc1580-cad5-4867-bc58-c4243821ad38\" \/><\/li>\n                <li style=\"display: none; width: 100%;\" class=\"slide-32766 ms-image \" aria-roledescription=\"slide\" data-date=\"2026-03-03 17:22:59\"><img src=\"https:\/\/sulsc.com\/wp-content\/uploads\/2026\/03\/271ce739-f268-41c5-8051-3de1a1750359-1000x166.jpeg\" height=\"200\" width=\"1200\" alt=\"\" class=\"slider-25573 slide-32766 msDefaultImage\" title=\"271ce739-f268-41c5-8051-3de1a1750359\" \/><\/li>\n            <\/ul>\n        <\/div>\n        \n    <\/div>\n<\/div>\n<p><span dir=\"auto\" style=\"vertical-align: inherit;\"><span dir=\"auto\" style=\"vertical-align: inherit;\">Especialistas apontam que a m\u00e9dia anual de encalhes de filhotes na regi\u00e3o varia entre dois e tr\u00eas animais. Frequentemente, as mortes ocorrem por causas naturais, como problemas cong\u00eanitos ou de sele\u00e7\u00e3o natural. Contudo, n\u00e3o se descarta a possibilidade de fatores antr\u00f3picos, ou seja, a\u00e7\u00f5es humanas, e cada caso \u00e9 cuidadosamente investigado para determinar a causa exata do \u00f3bito.<\/span><\/span><\/p>\n<p><img fetchpriority=\"high\" decoding=\"async\" class=\"aligncenter size-full wp-image-26153\" src=\"http:\/\/sulsc.com\/wp-content\/uploads\/2025\/08\/a4-2.jpg\" alt=\"\" width=\"854\" height=\"480\" srcset=\"https:\/\/sulsc.com\/wp-content\/uploads\/2025\/08\/a4-2.jpg 854w, https:\/\/sulsc.com\/wp-content\/uploads\/2025\/08\/a4-2-300x169.jpg 300w, https:\/\/sulsc.com\/wp-content\/uploads\/2025\/08\/a4-2-768x432.jpg 768w\" sizes=\"(max-width: 854px) 100vw, 854px\" \/><\/p>\n<p style=\"text-align: center;\"><strong><span dir=\"auto\" style=\"vertical-align: inherit;\"><span dir=\"auto\" style=\"vertical-align: inherit;\">Divulga\u00e7\u00e3o\/SulSC<\/span><\/span><\/strong><\/p>\n","protected":false},"excerpt":{"rendered":"<p>Um filhote de baleia-franca foi encontrado encalhado e sem vida na Praia do Siri\u00fa, em Garopaba, na manh\u00e3 desta quarta-feira (13). O animal, que mede aproximadamente 5,2 metros de comprimento, j\u00e1 apresentou sinais de entrega. O Protocolo de Encalhe da \u00c1rea de Prote\u00e7\u00e3o Ambiental (APA) da Baleia Franca foi acionado por moradores locais. A ocorr\u00eancia &hellip;<\/p>\n<p class=\"read-more\"> <a class=\"\" href=\"https:\/\/sulsc.com\/index.php\/2025\/08\/14\/filhote-de-baleia-franca-e-encontrado-morto-na-praia-do-siriu-em-garopaba\/\"> <span class=\"screen-reader-text\">Filhote de Baleia-Franca \u00e9 encontrado morto na Praia do Siri\u00fa em Garopaba<\/span> Read More &raquo;<\/a><\/p>\n","protected":false},"author":3,"featured_media":26153,"comment_status":"open","ping_status":"open","sticky":false,"template":"","format":"standard","meta":{"site-sidebar-layout":"default","site-content-layout":"","ast-site-content-layout":"default","site-content-style":"default","site-sidebar-style":"default","ast-global-header-display":"","ast-banner-title-visibility":"","ast-main-header-display":"","ast-hfb-above-header-display":"","ast-hfb-below-header-display":"","ast-hfb-mobile-header-display":"","site-post-title":"","ast-breadcrumbs-content":"","ast-featured-img":"","footer-sml-layout":"","theme-transparent-header-meta":"default","adv-header-id-meta":"","stick-header-meta":"","header-above-stick-meta":"","header-main-stick-meta":"","header-below-stick-meta":"","astra-migrate-meta-layouts":"set","footnotes":""},"categories":[1982],"tags":[2226],"yoast_head":"<!-- This site is optimized with the Yoast SEO plugin v21.4 - https:\/\/yoast.com\/wordpress\/plugins\/seo\/ -->\n<title>Filhote de Baleia-Franca \u00e9 encontrado morto na Praia do Siri\u00fa em Garopaba -<\/title>\n<meta name=\"description\" content=\"Este \u00e9 o segundo registro de encalhe de baleia franca em Santa Catarina durante a atual temporada reprodutiva\" \/>\n<meta name=\"robots\" content=\"index, follow, max-snippet:-1, max-image-preview:large, max-video-preview:-1\" \/>\n<link rel=\"canonical\" href=\"https:\/\/sulsc.com\/index.php\/2025\/08\/14\/filhote-de-baleia-franca-e-encontrado-morto-na-praia-do-siriu-em-garopaba\/\" \/>\n<meta property=\"og:locale\" content=\"en_US\" \/>\n<meta property=\"og:type\" content=\"article\" \/>\n<meta property=\"og:title\" content=\"Filhote de Baleia-Franca \u00e9 encontrado morto na Praia do Siri\u00fa em Garopaba -\" \/>\n<meta property=\"og:description\" content=\"Este \u00e9 o segundo registro de encalhe de baleia franca em Santa Catarina durante a atual temporada reprodutiva\" \/>\n<meta property=\"og:url\" content=\"https:\/\/sulsc.com\/index.php\/2025\/08\/14\/filhote-de-baleia-franca-e-encontrado-morto-na-praia-do-siriu-em-garopaba\/\" \/>\n<meta property=\"article:author\" content=\"https:\/\/www.facebook.com\/profile.php?id=61559278119680\" \/>\n<meta property=\"article:published_time\" content=\"2025-08-14T11:39:44+00:00\" \/>\n<meta property=\"article:modified_time\" content=\"2025-08-14T11:40:32+00:00\" \/>\n<meta property=\"og:image\" content=\"http:\/\/sulsc.com\/wp-content\/uploads\/2025\/08\/a4-2.jpg\" \/>\n\t<meta property=\"og:image:width\" content=\"854\" \/>\n\t<meta property=\"og:image:height\" content=\"480\" \/>\n\t<meta property=\"og:image:type\" content=\"image\/jpeg\" \/>\n<meta name=\"author\" content=\"Reda\u00e7\u00e3o Sul SC\" \/>\n<meta name=\"twitter:card\" content=\"summary_large_image\" \/>\n<meta name=\"twitter:creator\" content=\"@https:\/\/twitter.com\/PortalSulSC\" \/>\n<meta name=\"twitter:label1\" content=\"Written by\" \/>\n\t<meta name=\"twitter:data1\" content=\"Reda\u00e7\u00e3o Sul SC\" \/>\n\t<meta name=\"twitter:label2\" content=\"Est. reading time\" \/>\n\t<meta name=\"twitter:data2\" content=\"1 minute\" \/>\n<script type=\"application\/ld+json\" class=\"yoast-schema-graph\">{\"@context\":\"https:\/\/schema.org\",\"@graph\":[{\"@type\":\"WebPage\",\"@id\":\"https:\/\/sulsc.com\/index.php\/2025\/08\/14\/filhote-de-baleia-franca-e-encontrado-morto-na-praia-do-siriu-em-garopaba\/\",\"url\":\"https:\/\/sulsc.com\/index.php\/2025\/08\/14\/filhote-de-baleia-franca-e-encontrado-morto-na-praia-do-siriu-em-garopaba\/\",\"name\":\"Filhote de Baleia-Franca \u00e9 encontrado morto na Praia do Siri\u00fa em Garopaba -\",\"isPartOf\":{\"@id\":\"https:\/\/sulsc.com\/#website\"},\"datePublished\":\"2025-08-14T11:39:44+00:00\",\"dateModified\":\"2025-08-14T11:40:32+00:00\",\"author\":{\"@id\":\"https:\/\/sulsc.com\/#\/schema\/person\/84d2fc571684f6248ba83092f07750a3\"},\"description\":\"Este \u00e9 o segundo registro de encalhe de baleia franca em Santa Catarina durante a atual temporada reprodutiva\",\"breadcrumb\":{\"@id\":\"https:\/\/sulsc.com\/index.php\/2025\/08\/14\/filhote-de-baleia-franca-e-encontrado-morto-na-praia-do-siriu-em-garopaba\/#breadcrumb\"},\"inLanguage\":\"en-US\",\"potentialAction\":[{\"@type\":\"ReadAction\",\"target\":[\"https:\/\/sulsc.com\/index.php\/2025\/08\/14\/filhote-de-baleia-franca-e-encontrado-morto-na-praia-do-siriu-em-garopaba\/\"]}]},{\"@type\":\"BreadcrumbList\",\"@id\":\"https:\/\/sulsc.com\/index.php\/2025\/08\/14\/filhote-de-baleia-franca-e-encontrado-morto-na-praia-do-siriu-em-garopaba\/#breadcrumb\",\"itemListElement\":[{\"@type\":\"ListItem\",\"position\":1,\"name\":\"In\u00edcio\",\"item\":\"https:\/\/sulsc.com\/\"},{\"@type\":\"ListItem\",\"position\":2,\"name\":\"Filhote de Baleia-Franca \u00e9 encontrado morto na Praia do Siri\u00fa em Garopaba\"}]},{\"@type\":\"WebSite\",\"@id\":\"https:\/\/sulsc.com\/#website\",\"url\":\"https:\/\/sulsc.com\/\",\"name\":\"\",\"description\":\"\",\"potentialAction\":[{\"@type\":\"SearchAction\",\"target\":{\"@type\":\"EntryPoint\",\"urlTemplate\":\"https:\/\/sulsc.com\/?s={search_term_string}\"},\"query-input\":\"required name=search_term_string\"}],\"inLanguage\":\"en-US\"},{\"@type\":\"Person\",\"@id\":\"https:\/\/sulsc.com\/#\/schema\/person\/84d2fc571684f6248ba83092f07750a3\",\"name\":\"Reda\u00e7\u00e3o Sul SC\",\"image\":{\"@type\":\"ImageObject\",\"inLanguage\":\"en-US\",\"@id\":\"https:\/\/sulsc.com\/#\/schema\/person\/image\/e08d7fe2cc4ed596372063bbe852b8d0\",\"url\":\"https:\/\/sulsc.com\/wp-content\/uploads\/2023\/09\/redacao.png\",\"contentUrl\":\"https:\/\/sulsc.com\/wp-content\/uploads\/2023\/09\/redacao.png\",\"caption\":\"Reda\u00e7\u00e3o Sul SC\"},\"description\":\"Foco em um jornalismo imparcial, voltado \u00e0 qualidade dos seus conte\u00fados e, assim, levar informa\u00e7\u00e3o de valor que agregue \u00e0 vida dos leitores. Esta \u00e9 grande miss\u00e3o do Portal de Not\u00edcias Sul SC. N\u00e3o \u00e9 quantidade que muda o mundo, sempre foi e seguir\u00e1 sendo qualidade!\",\"sameAs\":[\"https:\/\/sulsc.com\/\",\"https:\/\/www.facebook.com\/profile.php?id=61559278119680\",\"https:\/\/www.instagram.com\/sulscportal\/?hl=pt-br\",\"https:\/\/twitter.com\/https:\/\/twitter.com\/PortalSulSC\",\"https:\/\/www.youtube.com\/channel\/UCv_BE8GeySluDov2n8qhVmw\"],\"url\":\"https:\/\/sulsc.com\/index.php\/author\/redacao\/\"}]}<\/script>\n<!-- \/ Yoast SEO plugin. -->","yoast_head_json":{"title":"Filhote de Baleia-Franca \u00e9 encontrado morto na Praia do Siri\u00fa em Garopaba -","description":"Este \u00e9 o segundo registro de encalhe de baleia franca em Santa Catarina durante a atual temporada reprodutiva","robots":{"index":"index","follow":"follow","max-snippet":"max-snippet:-1","max-image-preview":"max-image-preview:large","max-video-preview":"max-video-preview:-1"},"canonical":"https:\/\/sulsc.com\/index.php\/2025\/08\/14\/filhote-de-baleia-franca-e-encontrado-morto-na-praia-do-siriu-em-garopaba\/","og_locale":"en_US","og_type":"article","og_title":"Filhote de Baleia-Franca \u00e9 encontrado morto na Praia do Siri\u00fa em Garopaba -","og_description":"Este \u00e9 o segundo registro de encalhe de baleia franca em Santa Catarina durante a atual temporada reprodutiva","og_url":"https:\/\/sulsc.com\/index.php\/2025\/08\/14\/filhote-de-baleia-franca-e-encontrado-morto-na-praia-do-siriu-em-garopaba\/","article_author":"https:\/\/www.facebook.com\/profile.php?id=61559278119680","article_published_time":"2025-08-14T11:39:44+00:00","article_modified_time":"2025-08-14T11:40:32+00:00","og_image":[{"width":854,"height":480,"url":"http:\/\/sulsc.com\/wp-content\/uploads\/2025\/08\/a4-2.jpg","type":"image\/jpeg"}],"author":"Reda\u00e7\u00e3o Sul SC","twitter_card":"summary_large_image","twitter_creator":"@https:\/\/twitter.com\/PortalSulSC","twitter_misc":{"Written by":"Reda\u00e7\u00e3o Sul SC","Est. reading time":"1 minute"},"schema":{"@context":"https:\/\/schema.org","@graph":[{"@type":"WebPage","@id":"https:\/\/sulsc.com\/index.php\/2025\/08\/14\/filhote-de-baleia-franca-e-encontrado-morto-na-praia-do-siriu-em-garopaba\/","url":"https:\/\/sulsc.com\/index.php\/2025\/08\/14\/filhote-de-baleia-franca-e-encontrado-morto-na-praia-do-siriu-em-garopaba\/","name":"Filhote de Baleia-Franca \u00e9 encontrado morto na Praia do Siri\u00fa em Garopaba -","isPartOf":{"@id":"https:\/\/sulsc.com\/#website"},"datePublished":"2025-08-14T11:39:44+00:00","dateModified":"2025-08-14T11:40:32+00:00","author":{"@id":"https:\/\/sulsc.com\/#\/schema\/person\/84d2fc571684f6248ba83092f07750a3"},"description":"Este \u00e9 o segundo registro de encalhe de baleia franca em Santa Catarina durante a atual temporada reprodutiva","breadcrumb":{"@id":"https:\/\/sulsc.com\/index.php\/2025\/08\/14\/filhote-de-baleia-franca-e-encontrado-morto-na-praia-do-siriu-em-garopaba\/#breadcrumb"},"inLanguage":"en-US","potentialAction":[{"@type":"ReadAction","target":["https:\/\/sulsc.com\/index.php\/2025\/08\/14\/filhote-de-baleia-franca-e-encontrado-morto-na-praia-do-siriu-em-garopaba\/"]}]},{"@type":"BreadcrumbList","@id":"https:\/\/sulsc.com\/index.php\/2025\/08\/14\/filhote-de-baleia-franca-e-encontrado-morto-na-praia-do-siriu-em-garopaba\/#breadcrumb","itemListElement":[{"@type":"ListItem","position":1,"name":"In\u00edcio","item":"https:\/\/sulsc.com\/"},{"@type":"ListItem","position":2,"name":"Filhote de Baleia-Franca \u00e9 encontrado morto na Praia do Siri\u00fa em Garopaba"}]},{"@type":"WebSite","@id":"https:\/\/sulsc.com\/#website","url":"https:\/\/sulsc.com\/","name":"","description":"","potentialAction":[{"@type":"SearchAction","target":{"@type":"EntryPoint","urlTemplate":"https:\/\/sulsc.com\/?s={search_term_string}"},"query-input":"required name=search_term_string"}],"inLanguage":"en-US"},{"@type":"Person","@id":"https:\/\/sulsc.com\/#\/schema\/person\/84d2fc571684f6248ba83092f07750a3","name":"Reda\u00e7\u00e3o Sul SC","image":{"@type":"ImageObject","inLanguage":"en-US","@id":"https:\/\/sulsc.com\/#\/schema\/person\/image\/e08d7fe2cc4ed596372063bbe852b8d0","url":"https:\/\/sulsc.com\/wp-content\/uploads\/2023\/09\/redacao.png","contentUrl":"https:\/\/sulsc.com\/wp-content\/uploads\/2023\/09\/redacao.png","caption":"Reda\u00e7\u00e3o Sul SC"},"description":"Foco em um jornalismo imparcial, voltado \u00e0 qualidade dos seus conte\u00fados e, assim, levar informa\u00e7\u00e3o de valor que agregue \u00e0 vida dos leitores. Esta \u00e9 grande miss\u00e3o do Portal de Not\u00edcias Sul SC. N\u00e3o \u00e9 quantidade que muda o mundo, sempre foi e seguir\u00e1 sendo qualidade!","sameAs":["https:\/\/sulsc.com\/","https:\/\/www.facebook.com\/profile.php?id=61559278119680","https:\/\/www.instagram.com\/sulscportal\/?hl=pt-br","https:\/\/twitter.com\/https:\/\/twitter.com\/PortalSulSC","https:\/\/www.youtube.com\/channel\/UCv_BE8GeySluDov2n8qhVmw"],"url":"https:\/\/sulsc.com\/index.php\/author\/redacao\/"}]}},"authors":[],"_links":{"self":[{"href":"https:\/\/sulsc.com\/index.php\/wp-json\/wp\/v2\/posts\/26152"}],"collection":[{"href":"https:\/\/sulsc.com\/index.php\/wp-json\/wp\/v2\/posts"}],"about":[{"href":"https:\/\/sulsc.com\/index.php\/wp-json\/wp\/v2\/types\/post"}],"author":[{"embeddable":true,"href":"https:\/\/sulsc.com\/index.php\/wp-json\/wp\/v2\/users\/3"}],"replies":[{"embeddable":true,"href":"https:\/\/sulsc.com\/index.php\/wp-json\/wp\/v2\/comments?post=26152"}],"version-history":[{"count":2,"href":"https:\/\/sulsc.com\/index.php\/wp-json\/wp\/v2\/posts\/26152\/revisions"}],"predecessor-version":[{"id":26155,"href":"https:\/\/sulsc.com\/index.php\/wp-json\/wp\/v2\/posts\/26152\/revisions\/26155"}],"wp:featuredmedia":[{"embeddable":true,"href":"https:\/\/sulsc.com\/index.php\/wp-json\/wp\/v2\/media\/26153"}],"wp:attachment":[{"href":"https:\/\/sulsc.com\/index.php\/wp-json\/wp\/v2\/media?parent=26152"}],"wp:term":[{"taxonomy":"category","embeddable":true,"href":"https:\/\/sulsc.com\/index.php\/wp-json\/wp\/v2\/categories?post=26152"},{"taxonomy":"post_tag","embeddable":true,"href":"https:\/\/sulsc.com\/index.php\/wp-json\/wp\/v2\/tags?post=26152"}],"curies":[{"name":"wp","href":"https:\/\/api.w.org\/{rel}","templated":true}]}}