{"id":26187,"date":"2025-08-16T07:56:18","date_gmt":"2025-08-16T10:56:18","guid":{"rendered":"https:\/\/sulsc.com\/?p=26187"},"modified":"2025-08-16T07:56:18","modified_gmt":"2025-08-16T10:56:18","slug":"sabado-16-com-temperaturas-amenas-e-de-ceu-encoberto-em-algumas-regioes","status":"publish","type":"post","link":"https:\/\/sulsc.com\/index.php\/2025\/08\/16\/sabado-16-com-temperaturas-amenas-e-de-ceu-encoberto-em-algumas-regioes\/","title":{"rendered":"S\u00e1bado (16) com temperaturas amenas e de c\u00e9u encoberto em algumas regi\u00f5es"},"content":{"rendered":"<p>Neste s\u00e1bado (16), h\u00e1 condi\u00e7\u00f5es para chuvas fracas entre a Serra, Grd. Florian\u00f3polis, Vale do Itaja\u00ed e Litoral Norte, especialmente entre a madrugada e manh\u00e3. Nas demais regi\u00f5es, o tempo permanece firme. O mar permanece agitado, com ondas entre 2,0m e 2,5m, especialmente entre a Grande Florian\u00f3polis e o Litoral Sul.<\/p>\n<p><strong>Temperaturas<\/strong><\/p>\n<p>Depois de um amanhecer com marcas entre 7\u00b0C e 13\u00b0C na maioria das \u00e1reas, esquenta um pouco mais durante a tarde. No Grande Oeste, as m\u00e1ximas chegam aos 27\u00b0C. Nas demais regi\u00f5es, os term\u00f4metros variam entre 13 e 22\u00b0C.<\/p>\n<div id=\"metaslider-id-25573\" style=\"width: 100%;\" class=\"ml-slider-3-99-0 metaslider metaslider-flex metaslider-25573 ml-slider has-onhover-arrows ms-theme-default-base has-dots-nav\" role=\"region\" aria-label=\"Meio\" data-width=\"1200\">\n    <div id=\"metaslider_container_25573\">\n        <div id=\"metaslider_25573\">\n            <ul class='slides'>\n                <li style=\"display: block; width: 100%;\" class=\"slide-25684 ms-image \" aria-roledescription=\"slide\" data-date=\"2025-07-24 07:55:40\"><img src=\"https:\/\/sulsc.com\/wp-content\/uploads\/2025\/07\/Marr-2-1000x166.jpg\" height=\"200\" width=\"1200\" alt=\"\" class=\"slider-25573 slide-25684 msDefaultImage\" title=\"Marr 2\" \/><\/li>\n                <li style=\"display: none; width: 100%;\" class=\"slide-32412 ms-image \" aria-roledescription=\"slide\" data-date=\"2026-02-18 13:59:46\"><img src=\"https:\/\/sulsc.com\/wp-content\/uploads\/2026\/02\/40dc1580-cad5-4867-bc58-c4243821ad38-1000x166.jpeg\" height=\"200\" width=\"1200\" alt=\"\" class=\"slider-25573 slide-32412 msDefaultImage\" title=\"40dc1580-cad5-4867-bc58-c4243821ad38\" \/><\/li>\n                <li style=\"display: none; width: 100%;\" class=\"slide-32766 ms-image \" aria-roledescription=\"slide\" data-date=\"2026-03-03 17:22:59\"><img src=\"https:\/\/sulsc.com\/wp-content\/uploads\/2026\/03\/271ce739-f268-41c5-8051-3de1a1750359-1000x166.jpeg\" height=\"200\" width=\"1200\" alt=\"\" class=\"slider-25573 slide-32766 msDefaultImage\" title=\"271ce739-f268-41c5-8051-3de1a1750359\" \/><\/li>\n            <\/ul>\n        <\/div>\n        \n    <\/div>\n<\/div>\n<p>O risco permanece baixo para ocorr\u00eancias associadas \u00e0 agita\u00e7\u00e3o mar\u00edtima.<\/p>\n<p><img fetchpriority=\"high\" decoding=\"async\" class=\"aligncenter size-full wp-image-26188\" src=\"http:\/\/sulsc.com\/wp-content\/uploads\/2025\/08\/a-13.png\" alt=\"\" width=\"1636\" height=\"1117\" srcset=\"https:\/\/sulsc.com\/wp-content\/uploads\/2025\/08\/a-13.png 1636w, https:\/\/sulsc.com\/wp-content\/uploads\/2025\/08\/a-13-300x205.png 300w, https:\/\/sulsc.com\/wp-content\/uploads\/2025\/08\/a-13-1024x699.png 1024w, https:\/\/sulsc.com\/wp-content\/uploads\/2025\/08\/a-13-768x524.png 768w, https:\/\/sulsc.com\/wp-content\/uploads\/2025\/08\/a-13-1536x1049.png 1536w\" sizes=\"(max-width: 1636px) 100vw, 1636px\" \/><\/p>\n<p><img decoding=\"async\" class=\"aligncenter size-full wp-image-22836\" src=\"http:\/\/sulsc.com\/wp-content\/uploads\/2025\/04\/Tempo-2.png\" alt=\"\" width=\"1024\" height=\"189\" srcset=\"https:\/\/sulsc.com\/wp-content\/uploads\/2025\/04\/Tempo-2.png 1024w, https:\/\/sulsc.com\/wp-content\/uploads\/2025\/04\/Tempo-2-300x55.png 300w, https:\/\/sulsc.com\/wp-content\/uploads\/2025\/04\/Tempo-2-768x142.png 768w\" sizes=\"(max-width: 1024px) 100vw, 1024px\" \/><\/p>\n<p><strong>Vento:<\/strong> nordeste, fraco a moderado, com rajadas no Litoral Sul.<\/p>\n<p><strong>Sistema predominante:<\/strong> massa de ar frio no litoral Sul do Brasil. Circula\u00e7\u00e3o mar\u00edtima no litoral e \u00e1reas pr\u00f3ximas.<\/p>\n<p><strong>Amanh\u00e3 domingo (17),<\/strong> o dia ainda come\u00e7a com a forma\u00e7\u00e3o de nevoeiros pelo estado, al\u00e9m da maior nebulosidade na metade leste de SC, mas ao longo do dia tendem a se dissipar e o sol predomina entre poucas nuvens em todo o estado. Temperaturas ficando ao amanhecer entre 9 e 14\u00b0C com m\u00e1ximas de 18 e 23\u00b0C no litoral sul e nas demais \u00e1reas.<\/p>\n<p>Fonte: Defesa Civil SC\/Epagri-Ciram<\/p>\n","protected":false},"excerpt":{"rendered":"<p>Neste s\u00e1bado (16), h\u00e1 condi\u00e7\u00f5es para chuvas fracas entre a Serra, Grd. Florian\u00f3polis, Vale do Itaja\u00ed e Litoral Norte, especialmente entre a madrugada e manh\u00e3. Nas demais regi\u00f5es, o tempo permanece firme. O mar permanece agitado, com ondas entre 2,0m e 2,5m, especialmente entre a Grande Florian\u00f3polis e o Litoral Sul. Temperaturas Depois de um &hellip;<\/p>\n<p class=\"read-more\"> <a class=\"\" href=\"https:\/\/sulsc.com\/index.php\/2025\/08\/16\/sabado-16-com-temperaturas-amenas-e-de-ceu-encoberto-em-algumas-regioes\/\"> <span class=\"screen-reader-text\">S\u00e1bado (16) com temperaturas amenas e de c\u00e9u encoberto em algumas regi\u00f5es<\/span> Read More &raquo;<\/a><\/p>\n","protected":false},"author":3,"featured_media":26190,"comment_status":"open","ping_status":"open","sticky":false,"template":"","format":"standard","meta":{"site-sidebar-layout":"default","site-content-layout":"","ast-site-content-layout":"default","site-content-style":"default","site-sidebar-style":"default","ast-global-header-display":"","ast-banner-title-visibility":"","ast-main-header-display":"","ast-hfb-above-header-display":"","ast-hfb-below-header-display":"","ast-hfb-mobile-header-display":"","site-post-title":"","ast-breadcrumbs-content":"","ast-featured-img":"","footer-sml-layout":"","theme-transparent-header-meta":"default","adv-header-id-meta":"","stick-header-meta":"","header-above-stick-meta":"","header-main-stick-meta":"","header-below-stick-meta":"","astra-migrate-meta-layouts":"set","footnotes":""},"categories":[38],"tags":[90],"yoast_head":"<!-- This site is optimized with the Yoast SEO plugin v21.4 - https:\/\/yoast.com\/wordpress\/plugins\/seo\/ -->\n<title>S\u00e1bado (16) com temperaturas amenas e de c\u00e9u encoberto em algumas regi\u00f5es -<\/title>\n<meta name=\"description\" content=\"O mar permanece agitado, com ondas entre 2,0m e 2,5m, especialmente entre a Grande Florian\u00f3polis e o Litoral Sul\" \/>\n<meta name=\"robots\" content=\"index, follow, max-snippet:-1, max-image-preview:large, max-video-preview:-1\" \/>\n<link rel=\"canonical\" href=\"https:\/\/sulsc.com\/index.php\/2025\/08\/16\/sabado-16-com-temperaturas-amenas-e-de-ceu-encoberto-em-algumas-regioes\/\" \/>\n<meta property=\"og:locale\" content=\"en_US\" \/>\n<meta property=\"og:type\" content=\"article\" \/>\n<meta property=\"og:title\" content=\"S\u00e1bado (16) com temperaturas amenas e de c\u00e9u encoberto em algumas regi\u00f5es -\" \/>\n<meta property=\"og:description\" content=\"O mar permanece agitado, com ondas entre 2,0m e 2,5m, especialmente entre a Grande Florian\u00f3polis e o Litoral Sul\" \/>\n<meta property=\"og:url\" content=\"https:\/\/sulsc.com\/index.php\/2025\/08\/16\/sabado-16-com-temperaturas-amenas-e-de-ceu-encoberto-em-algumas-regioes\/\" \/>\n<meta property=\"article:author\" content=\"https:\/\/www.facebook.com\/profile.php?id=61559278119680\" \/>\n<meta property=\"article:published_time\" content=\"2025-08-16T10:56:18+00:00\" \/>\n<meta property=\"og:image\" content=\"http:\/\/sulsc.com\/wp-content\/uploads\/2025\/08\/4f7ee7b4-e4a9-460c-a922-17f5751fb6ee.jpg\" \/>\n\t<meta property=\"og:image:width\" content=\"1600\" \/>\n\t<meta property=\"og:image:height\" content=\"720\" \/>\n\t<meta property=\"og:image:type\" content=\"image\/jpeg\" \/>\n<meta name=\"author\" content=\"Reda\u00e7\u00e3o Sul SC\" \/>\n<meta name=\"twitter:card\" content=\"summary_large_image\" \/>\n<meta name=\"twitter:creator\" content=\"@https:\/\/twitter.com\/PortalSulSC\" \/>\n<meta name=\"twitter:label1\" content=\"Written by\" \/>\n\t<meta name=\"twitter:data1\" content=\"Reda\u00e7\u00e3o Sul SC\" \/>\n\t<meta name=\"twitter:label2\" content=\"Est. reading time\" \/>\n\t<meta name=\"twitter:data2\" content=\"2 minutes\" \/>\n<script type=\"application\/ld+json\" class=\"yoast-schema-graph\">{\"@context\":\"https:\/\/schema.org\",\"@graph\":[{\"@type\":\"WebPage\",\"@id\":\"https:\/\/sulsc.com\/index.php\/2025\/08\/16\/sabado-16-com-temperaturas-amenas-e-de-ceu-encoberto-em-algumas-regioes\/\",\"url\":\"https:\/\/sulsc.com\/index.php\/2025\/08\/16\/sabado-16-com-temperaturas-amenas-e-de-ceu-encoberto-em-algumas-regioes\/\",\"name\":\"S\u00e1bado (16) com temperaturas amenas e de c\u00e9u encoberto em algumas regi\u00f5es -\",\"isPartOf\":{\"@id\":\"https:\/\/sulsc.com\/#website\"},\"datePublished\":\"2025-08-16T10:56:18+00:00\",\"dateModified\":\"2025-08-16T10:56:18+00:00\",\"author\":{\"@id\":\"https:\/\/sulsc.com\/#\/schema\/person\/84d2fc571684f6248ba83092f07750a3\"},\"description\":\"O mar permanece agitado, com ondas entre 2,0m e 2,5m, especialmente entre a Grande Florian\u00f3polis e o Litoral Sul\",\"breadcrumb\":{\"@id\":\"https:\/\/sulsc.com\/index.php\/2025\/08\/16\/sabado-16-com-temperaturas-amenas-e-de-ceu-encoberto-em-algumas-regioes\/#breadcrumb\"},\"inLanguage\":\"en-US\",\"potentialAction\":[{\"@type\":\"ReadAction\",\"target\":[\"https:\/\/sulsc.com\/index.php\/2025\/08\/16\/sabado-16-com-temperaturas-amenas-e-de-ceu-encoberto-em-algumas-regioes\/\"]}]},{\"@type\":\"BreadcrumbList\",\"@id\":\"https:\/\/sulsc.com\/index.php\/2025\/08\/16\/sabado-16-com-temperaturas-amenas-e-de-ceu-encoberto-em-algumas-regioes\/#breadcrumb\",\"itemListElement\":[{\"@type\":\"ListItem\",\"position\":1,\"name\":\"In\u00edcio\",\"item\":\"https:\/\/sulsc.com\/\"},{\"@type\":\"ListItem\",\"position\":2,\"name\":\"S\u00e1bado (16) com temperaturas amenas e de c\u00e9u encoberto em algumas regi\u00f5es\"}]},{\"@type\":\"WebSite\",\"@id\":\"https:\/\/sulsc.com\/#website\",\"url\":\"https:\/\/sulsc.com\/\",\"name\":\"\",\"description\":\"\",\"potentialAction\":[{\"@type\":\"SearchAction\",\"target\":{\"@type\":\"EntryPoint\",\"urlTemplate\":\"https:\/\/sulsc.com\/?s={search_term_string}\"},\"query-input\":\"required name=search_term_string\"}],\"inLanguage\":\"en-US\"},{\"@type\":\"Person\",\"@id\":\"https:\/\/sulsc.com\/#\/schema\/person\/84d2fc571684f6248ba83092f07750a3\",\"name\":\"Reda\u00e7\u00e3o Sul SC\",\"image\":{\"@type\":\"ImageObject\",\"inLanguage\":\"en-US\",\"@id\":\"https:\/\/sulsc.com\/#\/schema\/person\/image\/e08d7fe2cc4ed596372063bbe852b8d0\",\"url\":\"https:\/\/sulsc.com\/wp-content\/uploads\/2023\/09\/redacao.png\",\"contentUrl\":\"https:\/\/sulsc.com\/wp-content\/uploads\/2023\/09\/redacao.png\",\"caption\":\"Reda\u00e7\u00e3o Sul SC\"},\"description\":\"Foco em um jornalismo imparcial, voltado \u00e0 qualidade dos seus conte\u00fados e, assim, levar informa\u00e7\u00e3o de valor que agregue \u00e0 vida dos leitores. Esta \u00e9 grande miss\u00e3o do Portal de Not\u00edcias Sul SC. N\u00e3o \u00e9 quantidade que muda o mundo, sempre foi e seguir\u00e1 sendo qualidade!\",\"sameAs\":[\"https:\/\/sulsc.com\/\",\"https:\/\/www.facebook.com\/profile.php?id=61559278119680\",\"https:\/\/www.instagram.com\/sulscportal\/?hl=pt-br\",\"https:\/\/twitter.com\/https:\/\/twitter.com\/PortalSulSC\",\"https:\/\/www.youtube.com\/channel\/UCv_BE8GeySluDov2n8qhVmw\"],\"url\":\"https:\/\/sulsc.com\/index.php\/author\/redacao\/\"}]}<\/script>\n<!-- \/ Yoast SEO plugin. -->","yoast_head_json":{"title":"S\u00e1bado (16) com temperaturas amenas e de c\u00e9u encoberto em algumas regi\u00f5es -","description":"O mar permanece agitado, com ondas entre 2,0m e 2,5m, especialmente entre a Grande Florian\u00f3polis e o Litoral Sul","robots":{"index":"index","follow":"follow","max-snippet":"max-snippet:-1","max-image-preview":"max-image-preview:large","max-video-preview":"max-video-preview:-1"},"canonical":"https:\/\/sulsc.com\/index.php\/2025\/08\/16\/sabado-16-com-temperaturas-amenas-e-de-ceu-encoberto-em-algumas-regioes\/","og_locale":"en_US","og_type":"article","og_title":"S\u00e1bado (16) com temperaturas amenas e de c\u00e9u encoberto em algumas regi\u00f5es -","og_description":"O mar permanece agitado, com ondas entre 2,0m e 2,5m, especialmente entre a Grande Florian\u00f3polis e o Litoral Sul","og_url":"https:\/\/sulsc.com\/index.php\/2025\/08\/16\/sabado-16-com-temperaturas-amenas-e-de-ceu-encoberto-em-algumas-regioes\/","article_author":"https:\/\/www.facebook.com\/profile.php?id=61559278119680","article_published_time":"2025-08-16T10:56:18+00:00","og_image":[{"width":1600,"height":720,"url":"http:\/\/sulsc.com\/wp-content\/uploads\/2025\/08\/4f7ee7b4-e4a9-460c-a922-17f5751fb6ee.jpg","type":"image\/jpeg"}],"author":"Reda\u00e7\u00e3o Sul SC","twitter_card":"summary_large_image","twitter_creator":"@https:\/\/twitter.com\/PortalSulSC","twitter_misc":{"Written by":"Reda\u00e7\u00e3o Sul SC","Est. reading time":"2 minutes"},"schema":{"@context":"https:\/\/schema.org","@graph":[{"@type":"WebPage","@id":"https:\/\/sulsc.com\/index.php\/2025\/08\/16\/sabado-16-com-temperaturas-amenas-e-de-ceu-encoberto-em-algumas-regioes\/","url":"https:\/\/sulsc.com\/index.php\/2025\/08\/16\/sabado-16-com-temperaturas-amenas-e-de-ceu-encoberto-em-algumas-regioes\/","name":"S\u00e1bado (16) com temperaturas amenas e de c\u00e9u encoberto em algumas regi\u00f5es -","isPartOf":{"@id":"https:\/\/sulsc.com\/#website"},"datePublished":"2025-08-16T10:56:18+00:00","dateModified":"2025-08-16T10:56:18+00:00","author":{"@id":"https:\/\/sulsc.com\/#\/schema\/person\/84d2fc571684f6248ba83092f07750a3"},"description":"O mar permanece agitado, com ondas entre 2,0m e 2,5m, especialmente entre a Grande Florian\u00f3polis e o Litoral Sul","breadcrumb":{"@id":"https:\/\/sulsc.com\/index.php\/2025\/08\/16\/sabado-16-com-temperaturas-amenas-e-de-ceu-encoberto-em-algumas-regioes\/#breadcrumb"},"inLanguage":"en-US","potentialAction":[{"@type":"ReadAction","target":["https:\/\/sulsc.com\/index.php\/2025\/08\/16\/sabado-16-com-temperaturas-amenas-e-de-ceu-encoberto-em-algumas-regioes\/"]}]},{"@type":"BreadcrumbList","@id":"https:\/\/sulsc.com\/index.php\/2025\/08\/16\/sabado-16-com-temperaturas-amenas-e-de-ceu-encoberto-em-algumas-regioes\/#breadcrumb","itemListElement":[{"@type":"ListItem","position":1,"name":"In\u00edcio","item":"https:\/\/sulsc.com\/"},{"@type":"ListItem","position":2,"name":"S\u00e1bado (16) com temperaturas amenas e de c\u00e9u encoberto em algumas regi\u00f5es"}]},{"@type":"WebSite","@id":"https:\/\/sulsc.com\/#website","url":"https:\/\/sulsc.com\/","name":"","description":"","potentialAction":[{"@type":"SearchAction","target":{"@type":"EntryPoint","urlTemplate":"https:\/\/sulsc.com\/?s={search_term_string}"},"query-input":"required name=search_term_string"}],"inLanguage":"en-US"},{"@type":"Person","@id":"https:\/\/sulsc.com\/#\/schema\/person\/84d2fc571684f6248ba83092f07750a3","name":"Reda\u00e7\u00e3o Sul SC","image":{"@type":"ImageObject","inLanguage":"en-US","@id":"https:\/\/sulsc.com\/#\/schema\/person\/image\/e08d7fe2cc4ed596372063bbe852b8d0","url":"https:\/\/sulsc.com\/wp-content\/uploads\/2023\/09\/redacao.png","contentUrl":"https:\/\/sulsc.com\/wp-content\/uploads\/2023\/09\/redacao.png","caption":"Reda\u00e7\u00e3o Sul SC"},"description":"Foco em um jornalismo imparcial, voltado \u00e0 qualidade dos seus conte\u00fados e, assim, levar informa\u00e7\u00e3o de valor que agregue \u00e0 vida dos leitores. Esta \u00e9 grande miss\u00e3o do Portal de Not\u00edcias Sul SC. N\u00e3o \u00e9 quantidade que muda o mundo, sempre foi e seguir\u00e1 sendo qualidade!","sameAs":["https:\/\/sulsc.com\/","https:\/\/www.facebook.com\/profile.php?id=61559278119680","https:\/\/www.instagram.com\/sulscportal\/?hl=pt-br","https:\/\/twitter.com\/https:\/\/twitter.com\/PortalSulSC","https:\/\/www.youtube.com\/channel\/UCv_BE8GeySluDov2n8qhVmw"],"url":"https:\/\/sulsc.com\/index.php\/author\/redacao\/"}]}},"authors":[],"_links":{"self":[{"href":"https:\/\/sulsc.com\/index.php\/wp-json\/wp\/v2\/posts\/26187"}],"collection":[{"href":"https:\/\/sulsc.com\/index.php\/wp-json\/wp\/v2\/posts"}],"about":[{"href":"https:\/\/sulsc.com\/index.php\/wp-json\/wp\/v2\/types\/post"}],"author":[{"embeddable":true,"href":"https:\/\/sulsc.com\/index.php\/wp-json\/wp\/v2\/users\/3"}],"replies":[{"embeddable":true,"href":"https:\/\/sulsc.com\/index.php\/wp-json\/wp\/v2\/comments?post=26187"}],"version-history":[{"count":1,"href":"https:\/\/sulsc.com\/index.php\/wp-json\/wp\/v2\/posts\/26187\/revisions"}],"predecessor-version":[{"id":26191,"href":"https:\/\/sulsc.com\/index.php\/wp-json\/wp\/v2\/posts\/26187\/revisions\/26191"}],"wp:featuredmedia":[{"embeddable":true,"href":"https:\/\/sulsc.com\/index.php\/wp-json\/wp\/v2\/media\/26190"}],"wp:attachment":[{"href":"https:\/\/sulsc.com\/index.php\/wp-json\/wp\/v2\/media?parent=26187"}],"wp:term":[{"taxonomy":"category","embeddable":true,"href":"https:\/\/sulsc.com\/index.php\/wp-json\/wp\/v2\/categories?post=26187"},{"taxonomy":"post_tag","embeddable":true,"href":"https:\/\/sulsc.com\/index.php\/wp-json\/wp\/v2\/tags?post=26187"}],"curies":[{"name":"wp","href":"https:\/\/api.w.org\/{rel}","templated":true}]}}