{"id":26213,"date":"2025-08-17T09:09:47","date_gmt":"2025-08-17T12:09:47","guid":{"rendered":"https:\/\/sulsc.com\/?p=26213"},"modified":"2025-08-17T09:11:20","modified_gmt":"2025-08-17T12:11:20","slug":"domingo-17-com-predominio-e-maximas-nao-passando-dos-24oc","status":"publish","type":"post","link":"https:\/\/sulsc.com\/index.php\/2025\/08\/17\/domingo-17-com-predominio-e-maximas-nao-passando-dos-24oc\/","title":{"rendered":"Domingo (17) com predom\u00ednio de sol e m\u00e1ximas n\u00e3o passando dos 24\u00baC"},"content":{"rendered":"<p><span dir=\"auto\" style=\"vertical-align: inherit;\"><span dir=\"auto\" style=\"vertical-align: inherit;\">Domingo de sol predominando entre poucas nuvens em todo o estado. Mas apesar de pequena, n\u00e3o se descarta a possibilidade de ocorr\u00eancia com pancadas isoladas de chuva, eventualmente acompanhadas de trovoadas entre o Litoral Sul, Planalto Sul e Grd. Florian\u00f3polis com risco baixo de ocorr\u00eancias associadas.<\/span><\/span><\/p>\n<p><strong><span dir=\"auto\" style=\"vertical-align: inherit;\"><span dir=\"auto\" style=\"vertical-align: inherit;\">Temperaturas<\/span><\/span><\/strong><\/p>\n<p><span dir=\"auto\" style=\"vertical-align: inherit;\"><span dir=\"auto\" style=\"vertical-align: inherit;\">As temperaturas continuam subindo gradativamente. As m\u00ednimas ficam entre 6 e 10\u00b0C no Meio-Oeste e nos planaltos com valores pontualmente menores e varia\u00e7\u00e3o entre 9 e 14\u00b0C nas demais regi\u00f5es. \u00c0 tarde, as m\u00e1ximas chegam aos 27\u00b0C no Oeste, 26\u00b0C no Litoral Sul e varia\u00e7\u00e3o entre 18 e 24\u00b0C nas demais \u00e1reas.<\/span><\/span><\/p>\n<p><img fetchpriority=\"high\" decoding=\"async\" class=\"aligncenter size-full wp-image-26214\" src=\"http:\/\/sulsc.com\/wp-content\/uploads\/2025\/08\/a-14.png\" alt=\"\" width=\"1656\" height=\"1120\" srcset=\"https:\/\/sulsc.com\/wp-content\/uploads\/2025\/08\/a-14.png 1656w, https:\/\/sulsc.com\/wp-content\/uploads\/2025\/08\/a-14-300x203.png 300w, https:\/\/sulsc.com\/wp-content\/uploads\/2025\/08\/a-14-1024x693.png 1024w, https:\/\/sulsc.com\/wp-content\/uploads\/2025\/08\/a-14-768x519.png 768w, https:\/\/sulsc.com\/wp-content\/uploads\/2025\/08\/a-14-1536x1039.png 1536w\" sizes=\"(max-width: 1656px) 100vw, 1656px\" \/><\/p>\n<p><img decoding=\"async\" class=\"aligncenter size-full wp-image-22836\" src=\"http:\/\/sulsc.com\/wp-content\/uploads\/2025\/04\/Tempo-2.png\" alt=\"\" width=\"1024\" height=\"189\" srcset=\"https:\/\/sulsc.com\/wp-content\/uploads\/2025\/04\/Tempo-2.png 1024w, https:\/\/sulsc.com\/wp-content\/uploads\/2025\/04\/Tempo-2-300x55.png 300w, https:\/\/sulsc.com\/wp-content\/uploads\/2025\/04\/Tempo-2-768x142.png 768w\" sizes=\"(max-width: 1024px) 100vw, 1024px\" \/><\/p>\n<p><strong><span dir=\"auto\" style=\"vertical-align: inherit;\"><span dir=\"auto\" style=\"vertical-align: inherit;\">Vento:<\/span><\/span><\/strong><span dir=\"auto\" style=\"vertical-align: inherit;\"><span dir=\"auto\" style=\"vertical-align: inherit;\"> nordeste entre a Grande Florian\u00f3polis e o Litoral Norte com varia\u00e7\u00e3o para sudeste nas demais regi\u00f5es, fraca a moderada. <\/span><\/span><br \/>\n<strong><span dir=\"auto\" style=\"vertical-align: inherit;\"><span dir=\"auto\" style=\"vertical-align: inherit;\">Sistema predominantemente:<\/span><\/span><\/strong><span dir=\"auto\" style=\"vertical-align: inherit;\"><span dir=\"auto\" style=\"vertical-align: inherit;\"> massa de ar frio no litoral Sul do Brasil.<\/span><\/span><\/p>\n<div id=\"metaslider-id-25573\" style=\"width: 100%;\" class=\"ml-slider-3-99-0 metaslider metaslider-flex metaslider-25573 ml-slider has-onhover-arrows ms-theme-default-base has-dots-nav\" role=\"region\" aria-label=\"Meio\" data-width=\"1200\">\n    <div id=\"metaslider_container_25573\">\n        <div id=\"metaslider_25573\">\n            <ul class='slides'>\n                <li style=\"display: block; width: 100%;\" class=\"slide-25684 ms-image \" aria-roledescription=\"slide\" data-date=\"2025-07-24 07:55:40\"><img src=\"https:\/\/sulsc.com\/wp-content\/uploads\/2025\/07\/Marr-2-1000x166.jpg\" height=\"200\" width=\"1200\" alt=\"\" class=\"slider-25573 slide-25684 msDefaultImage\" title=\"Marr 2\" \/><\/li>\n                <li style=\"display: none; width: 100%;\" class=\"slide-32412 ms-image \" aria-roledescription=\"slide\" data-date=\"2026-02-18 13:59:46\"><img src=\"https:\/\/sulsc.com\/wp-content\/uploads\/2026\/02\/40dc1580-cad5-4867-bc58-c4243821ad38-1000x166.jpeg\" height=\"200\" width=\"1200\" alt=\"\" class=\"slider-25573 slide-32412 msDefaultImage\" title=\"40dc1580-cad5-4867-bc58-c4243821ad38\" \/><\/li>\n                <li style=\"display: none; width: 100%;\" class=\"slide-32766 ms-image \" aria-roledescription=\"slide\" data-date=\"2026-03-03 17:22:59\"><img src=\"https:\/\/sulsc.com\/wp-content\/uploads\/2026\/03\/271ce739-f268-41c5-8051-3de1a1750359-1000x166.jpeg\" height=\"200\" width=\"1200\" alt=\"\" class=\"slider-25573 slide-32766 msDefaultImage\" title=\"271ce739-f268-41c5-8051-3de1a1750359\" \/><\/li>\n            <\/ul>\n        <\/div>\n        \n    <\/div>\n<\/div>\n<p><strong><span dir=\"auto\" style=\"vertical-align: inherit;\"><span dir=\"auto\" style=\"vertical-align: inherit;\">Segunda-feira (18),<\/span><\/span><\/strong><span dir=\"auto\" style=\"vertical-align: inherit;\"><span dir=\"auto\" style=\"vertical-align: inherit;\"> a semana come\u00e7a com nevoeiros isolados na madrugada e manh\u00e3 e sol com nuvens no decorrer do dia. Deixando a temperatura baixa ao amanhecer, e em eleva\u00e7\u00e3o no decorrer do dia, com m\u00e1ximas de 20\u00b0C a 27\u00b0C, podendo chegar a 30\u00b0C no Oeste a tarde.<\/span><\/span><\/p>\n<p><span dir=\"auto\" style=\"vertical-align: inherit;\"><span dir=\"auto\" style=\"vertical-align: inherit;\">Fonte: Defesa Civil-SC\/Epagri-Ciram<\/span><\/span><\/p>\n","protected":false},"excerpt":{"rendered":"<p>Domingo de sol predominando entre poucas nuvens em todo o estado. Mas apesar de pequena, n\u00e3o se descarta a possibilidade de ocorr\u00eancia com pancadas isoladas de chuva, eventualmente acompanhadas de trovoadas entre o Litoral Sul, Planalto Sul e Grd. Florian\u00f3polis com risco baixo de ocorr\u00eancias associadas. Temperaturas As temperaturas continuam subindo gradativamente. As m\u00ednimas ficam &hellip;<\/p>\n<p class=\"read-more\"> <a class=\"\" href=\"https:\/\/sulsc.com\/index.php\/2025\/08\/17\/domingo-17-com-predominio-e-maximas-nao-passando-dos-24oc\/\"> <span class=\"screen-reader-text\">Domingo (17) com predom\u00ednio de sol e m\u00e1ximas n\u00e3o passando dos 24\u00baC<\/span> Read More &raquo;<\/a><\/p>\n","protected":false},"author":3,"featured_media":26215,"comment_status":"open","ping_status":"open","sticky":false,"template":"","format":"standard","meta":{"site-sidebar-layout":"default","site-content-layout":"","ast-site-content-layout":"default","site-content-style":"default","site-sidebar-style":"default","ast-global-header-display":"","ast-banner-title-visibility":"","ast-main-header-display":"","ast-hfb-above-header-display":"","ast-hfb-below-header-display":"","ast-hfb-mobile-header-display":"","site-post-title":"","ast-breadcrumbs-content":"","ast-featured-img":"","footer-sml-layout":"","theme-transparent-header-meta":"default","adv-header-id-meta":"","stick-header-meta":"","header-above-stick-meta":"","header-main-stick-meta":"","header-below-stick-meta":"","astra-migrate-meta-layouts":"set","footnotes":""},"categories":[38],"tags":[90],"yoast_head":"<!-- This site is optimized with the Yoast SEO plugin v21.4 - https:\/\/yoast.com\/wordpress\/plugins\/seo\/ -->\n<title>Domingo (17) com predom\u00ednio de sol e m\u00e1ximas n\u00e3o passando dos 24\u00baC -<\/title>\n<meta name=\"description\" content=\"H\u00e1 possibilidade de pancadas isoladas de chuva eventualmente acompanhada de trovoadas entre o Litoral Sul Planalto Sul e Grande Florian\u00f3polis\" \/>\n<meta name=\"robots\" content=\"index, follow, max-snippet:-1, max-image-preview:large, max-video-preview:-1\" \/>\n<link rel=\"canonical\" href=\"https:\/\/sulsc.com\/index.php\/2025\/08\/17\/domingo-17-com-predominio-e-maximas-nao-passando-dos-24oc\/\" \/>\n<meta property=\"og:locale\" content=\"en_US\" \/>\n<meta property=\"og:type\" content=\"article\" \/>\n<meta property=\"og:title\" content=\"Domingo (17) com predom\u00ednio de sol e m\u00e1ximas n\u00e3o passando dos 24\u00baC -\" \/>\n<meta property=\"og:description\" content=\"H\u00e1 possibilidade de pancadas isoladas de chuva eventualmente acompanhada de trovoadas entre o Litoral Sul Planalto Sul e Grande Florian\u00f3polis\" \/>\n<meta property=\"og:url\" content=\"https:\/\/sulsc.com\/index.php\/2025\/08\/17\/domingo-17-com-predominio-e-maximas-nao-passando-dos-24oc\/\" \/>\n<meta property=\"article:author\" content=\"https:\/\/www.facebook.com\/profile.php?id=61559278119680\" \/>\n<meta property=\"article:published_time\" content=\"2025-08-17T12:09:47+00:00\" \/>\n<meta property=\"article:modified_time\" content=\"2025-08-17T12:11:20+00:00\" \/>\n<meta property=\"og:image\" content=\"http:\/\/sulsc.com\/wp-content\/uploads\/2025\/08\/1f108c15-8ccd-48a0-92aa-f3d0d612711f.jpg\" \/>\n\t<meta property=\"og:image:width\" content=\"1080\" \/>\n\t<meta property=\"og:image:height\" content=\"1318\" \/>\n\t<meta property=\"og:image:type\" content=\"image\/jpeg\" \/>\n<meta name=\"author\" content=\"Reda\u00e7\u00e3o Sul SC\" \/>\n<meta name=\"twitter:card\" content=\"summary_large_image\" \/>\n<meta name=\"twitter:creator\" content=\"@https:\/\/twitter.com\/PortalSulSC\" \/>\n<meta name=\"twitter:label1\" content=\"Written by\" \/>\n\t<meta name=\"twitter:data1\" content=\"Reda\u00e7\u00e3o Sul SC\" \/>\n\t<meta name=\"twitter:label2\" content=\"Est. reading time\" \/>\n\t<meta name=\"twitter:data2\" content=\"2 minutes\" \/>\n<script type=\"application\/ld+json\" class=\"yoast-schema-graph\">{\"@context\":\"https:\/\/schema.org\",\"@graph\":[{\"@type\":\"WebPage\",\"@id\":\"https:\/\/sulsc.com\/index.php\/2025\/08\/17\/domingo-17-com-predominio-e-maximas-nao-passando-dos-24oc\/\",\"url\":\"https:\/\/sulsc.com\/index.php\/2025\/08\/17\/domingo-17-com-predominio-e-maximas-nao-passando-dos-24oc\/\",\"name\":\"Domingo (17) com predom\u00ednio de sol e m\u00e1ximas n\u00e3o passando dos 24\u00baC -\",\"isPartOf\":{\"@id\":\"https:\/\/sulsc.com\/#website\"},\"datePublished\":\"2025-08-17T12:09:47+00:00\",\"dateModified\":\"2025-08-17T12:11:20+00:00\",\"author\":{\"@id\":\"https:\/\/sulsc.com\/#\/schema\/person\/84d2fc571684f6248ba83092f07750a3\"},\"description\":\"H\u00e1 possibilidade de pancadas isoladas de chuva eventualmente acompanhada de trovoadas entre o Litoral Sul Planalto Sul e Grande Florian\u00f3polis\",\"breadcrumb\":{\"@id\":\"https:\/\/sulsc.com\/index.php\/2025\/08\/17\/domingo-17-com-predominio-e-maximas-nao-passando-dos-24oc\/#breadcrumb\"},\"inLanguage\":\"en-US\",\"potentialAction\":[{\"@type\":\"ReadAction\",\"target\":[\"https:\/\/sulsc.com\/index.php\/2025\/08\/17\/domingo-17-com-predominio-e-maximas-nao-passando-dos-24oc\/\"]}]},{\"@type\":\"BreadcrumbList\",\"@id\":\"https:\/\/sulsc.com\/index.php\/2025\/08\/17\/domingo-17-com-predominio-e-maximas-nao-passando-dos-24oc\/#breadcrumb\",\"itemListElement\":[{\"@type\":\"ListItem\",\"position\":1,\"name\":\"In\u00edcio\",\"item\":\"https:\/\/sulsc.com\/\"},{\"@type\":\"ListItem\",\"position\":2,\"name\":\"Domingo (17) com predom\u00ednio de sol e m\u00e1ximas n\u00e3o passando dos 24\u00baC\"}]},{\"@type\":\"WebSite\",\"@id\":\"https:\/\/sulsc.com\/#website\",\"url\":\"https:\/\/sulsc.com\/\",\"name\":\"\",\"description\":\"\",\"potentialAction\":[{\"@type\":\"SearchAction\",\"target\":{\"@type\":\"EntryPoint\",\"urlTemplate\":\"https:\/\/sulsc.com\/?s={search_term_string}\"},\"query-input\":\"required name=search_term_string\"}],\"inLanguage\":\"en-US\"},{\"@type\":\"Person\",\"@id\":\"https:\/\/sulsc.com\/#\/schema\/person\/84d2fc571684f6248ba83092f07750a3\",\"name\":\"Reda\u00e7\u00e3o Sul SC\",\"image\":{\"@type\":\"ImageObject\",\"inLanguage\":\"en-US\",\"@id\":\"https:\/\/sulsc.com\/#\/schema\/person\/image\/e08d7fe2cc4ed596372063bbe852b8d0\",\"url\":\"https:\/\/sulsc.com\/wp-content\/uploads\/2023\/09\/redacao.png\",\"contentUrl\":\"https:\/\/sulsc.com\/wp-content\/uploads\/2023\/09\/redacao.png\",\"caption\":\"Reda\u00e7\u00e3o Sul SC\"},\"description\":\"Foco em um jornalismo imparcial, voltado \u00e0 qualidade dos seus conte\u00fados e, assim, levar informa\u00e7\u00e3o de valor que agregue \u00e0 vida dos leitores. Esta \u00e9 grande miss\u00e3o do Portal de Not\u00edcias Sul SC. N\u00e3o \u00e9 quantidade que muda o mundo, sempre foi e seguir\u00e1 sendo qualidade!\",\"sameAs\":[\"https:\/\/sulsc.com\/\",\"https:\/\/www.facebook.com\/profile.php?id=61559278119680\",\"https:\/\/www.instagram.com\/sulscportal\/?hl=pt-br\",\"https:\/\/twitter.com\/https:\/\/twitter.com\/PortalSulSC\",\"https:\/\/www.youtube.com\/channel\/UCv_BE8GeySluDov2n8qhVmw\"],\"url\":\"https:\/\/sulsc.com\/index.php\/author\/redacao\/\"}]}<\/script>\n<!-- \/ Yoast SEO plugin. -->","yoast_head_json":{"title":"Domingo (17) com predom\u00ednio de sol e m\u00e1ximas n\u00e3o passando dos 24\u00baC -","description":"H\u00e1 possibilidade de pancadas isoladas de chuva eventualmente acompanhada de trovoadas entre o Litoral Sul Planalto Sul e Grande Florian\u00f3polis","robots":{"index":"index","follow":"follow","max-snippet":"max-snippet:-1","max-image-preview":"max-image-preview:large","max-video-preview":"max-video-preview:-1"},"canonical":"https:\/\/sulsc.com\/index.php\/2025\/08\/17\/domingo-17-com-predominio-e-maximas-nao-passando-dos-24oc\/","og_locale":"en_US","og_type":"article","og_title":"Domingo (17) com predom\u00ednio de sol e m\u00e1ximas n\u00e3o passando dos 24\u00baC -","og_description":"H\u00e1 possibilidade de pancadas isoladas de chuva eventualmente acompanhada de trovoadas entre o Litoral Sul Planalto Sul e Grande Florian\u00f3polis","og_url":"https:\/\/sulsc.com\/index.php\/2025\/08\/17\/domingo-17-com-predominio-e-maximas-nao-passando-dos-24oc\/","article_author":"https:\/\/www.facebook.com\/profile.php?id=61559278119680","article_published_time":"2025-08-17T12:09:47+00:00","article_modified_time":"2025-08-17T12:11:20+00:00","og_image":[{"width":1080,"height":1318,"url":"http:\/\/sulsc.com\/wp-content\/uploads\/2025\/08\/1f108c15-8ccd-48a0-92aa-f3d0d612711f.jpg","type":"image\/jpeg"}],"author":"Reda\u00e7\u00e3o Sul SC","twitter_card":"summary_large_image","twitter_creator":"@https:\/\/twitter.com\/PortalSulSC","twitter_misc":{"Written by":"Reda\u00e7\u00e3o Sul SC","Est. reading time":"2 minutes"},"schema":{"@context":"https:\/\/schema.org","@graph":[{"@type":"WebPage","@id":"https:\/\/sulsc.com\/index.php\/2025\/08\/17\/domingo-17-com-predominio-e-maximas-nao-passando-dos-24oc\/","url":"https:\/\/sulsc.com\/index.php\/2025\/08\/17\/domingo-17-com-predominio-e-maximas-nao-passando-dos-24oc\/","name":"Domingo (17) com predom\u00ednio de sol e m\u00e1ximas n\u00e3o passando dos 24\u00baC -","isPartOf":{"@id":"https:\/\/sulsc.com\/#website"},"datePublished":"2025-08-17T12:09:47+00:00","dateModified":"2025-08-17T12:11:20+00:00","author":{"@id":"https:\/\/sulsc.com\/#\/schema\/person\/84d2fc571684f6248ba83092f07750a3"},"description":"H\u00e1 possibilidade de pancadas isoladas de chuva eventualmente acompanhada de trovoadas entre o Litoral Sul Planalto Sul e Grande Florian\u00f3polis","breadcrumb":{"@id":"https:\/\/sulsc.com\/index.php\/2025\/08\/17\/domingo-17-com-predominio-e-maximas-nao-passando-dos-24oc\/#breadcrumb"},"inLanguage":"en-US","potentialAction":[{"@type":"ReadAction","target":["https:\/\/sulsc.com\/index.php\/2025\/08\/17\/domingo-17-com-predominio-e-maximas-nao-passando-dos-24oc\/"]}]},{"@type":"BreadcrumbList","@id":"https:\/\/sulsc.com\/index.php\/2025\/08\/17\/domingo-17-com-predominio-e-maximas-nao-passando-dos-24oc\/#breadcrumb","itemListElement":[{"@type":"ListItem","position":1,"name":"In\u00edcio","item":"https:\/\/sulsc.com\/"},{"@type":"ListItem","position":2,"name":"Domingo (17) com predom\u00ednio de sol e m\u00e1ximas n\u00e3o passando dos 24\u00baC"}]},{"@type":"WebSite","@id":"https:\/\/sulsc.com\/#website","url":"https:\/\/sulsc.com\/","name":"","description":"","potentialAction":[{"@type":"SearchAction","target":{"@type":"EntryPoint","urlTemplate":"https:\/\/sulsc.com\/?s={search_term_string}"},"query-input":"required name=search_term_string"}],"inLanguage":"en-US"},{"@type":"Person","@id":"https:\/\/sulsc.com\/#\/schema\/person\/84d2fc571684f6248ba83092f07750a3","name":"Reda\u00e7\u00e3o Sul SC","image":{"@type":"ImageObject","inLanguage":"en-US","@id":"https:\/\/sulsc.com\/#\/schema\/person\/image\/e08d7fe2cc4ed596372063bbe852b8d0","url":"https:\/\/sulsc.com\/wp-content\/uploads\/2023\/09\/redacao.png","contentUrl":"https:\/\/sulsc.com\/wp-content\/uploads\/2023\/09\/redacao.png","caption":"Reda\u00e7\u00e3o Sul SC"},"description":"Foco em um jornalismo imparcial, voltado \u00e0 qualidade dos seus conte\u00fados e, assim, levar informa\u00e7\u00e3o de valor que agregue \u00e0 vida dos leitores. Esta \u00e9 grande miss\u00e3o do Portal de Not\u00edcias Sul SC. N\u00e3o \u00e9 quantidade que muda o mundo, sempre foi e seguir\u00e1 sendo qualidade!","sameAs":["https:\/\/sulsc.com\/","https:\/\/www.facebook.com\/profile.php?id=61559278119680","https:\/\/www.instagram.com\/sulscportal\/?hl=pt-br","https:\/\/twitter.com\/https:\/\/twitter.com\/PortalSulSC","https:\/\/www.youtube.com\/channel\/UCv_BE8GeySluDov2n8qhVmw"],"url":"https:\/\/sulsc.com\/index.php\/author\/redacao\/"}]}},"authors":[],"_links":{"self":[{"href":"https:\/\/sulsc.com\/index.php\/wp-json\/wp\/v2\/posts\/26213"}],"collection":[{"href":"https:\/\/sulsc.com\/index.php\/wp-json\/wp\/v2\/posts"}],"about":[{"href":"https:\/\/sulsc.com\/index.php\/wp-json\/wp\/v2\/types\/post"}],"author":[{"embeddable":true,"href":"https:\/\/sulsc.com\/index.php\/wp-json\/wp\/v2\/users\/3"}],"replies":[{"embeddable":true,"href":"https:\/\/sulsc.com\/index.php\/wp-json\/wp\/v2\/comments?post=26213"}],"version-history":[{"count":3,"href":"https:\/\/sulsc.com\/index.php\/wp-json\/wp\/v2\/posts\/26213\/revisions"}],"predecessor-version":[{"id":26218,"href":"https:\/\/sulsc.com\/index.php\/wp-json\/wp\/v2\/posts\/26213\/revisions\/26218"}],"wp:featuredmedia":[{"embeddable":true,"href":"https:\/\/sulsc.com\/index.php\/wp-json\/wp\/v2\/media\/26215"}],"wp:attachment":[{"href":"https:\/\/sulsc.com\/index.php\/wp-json\/wp\/v2\/media?parent=26213"}],"wp:term":[{"taxonomy":"category","embeddable":true,"href":"https:\/\/sulsc.com\/index.php\/wp-json\/wp\/v2\/categories?post=26213"},{"taxonomy":"post_tag","embeddable":true,"href":"https:\/\/sulsc.com\/index.php\/wp-json\/wp\/v2\/tags?post=26213"}],"curies":[{"name":"wp","href":"https:\/\/api.w.org\/{rel}","templated":true}]}}