{"id":2629,"date":"2023-10-19T18:40:38","date_gmt":"2023-10-19T21:40:38","guid":{"rendered":"https:\/\/sulsc.com\/?p=2629"},"modified":"2023-10-19T17:32:43","modified_gmt":"2023-10-19T20:32:43","slug":"tributo-seletivo-chamado-de-imposto-do-pecado-tambem-podera-incidir-sobre-bicicletas-motos-e-tvs","status":"publish","type":"post","link":"https:\/\/sulsc.com\/index.php\/2023\/10\/19\/tributo-seletivo-chamado-de-imposto-do-pecado-tambem-podera-incidir-sobre-bicicletas-motos-e-tvs\/","title":{"rendered":"Tributo seletivo, chamado de &#8216;imposto do pecado&#8217;, tamb\u00e9m poder\u00e1 incidir sobre bicicletas, motos e TVs"},"content":{"rendered":"<p>O imposto seletivo, que est\u00e1 sendo discutido no \u00e2mbito da reforma tribut\u00e1ria sobre o consumo no Legislativo \u2014 tamb\u00e9m chamado de &#8220;imposto do pecado&#8221;, pois sobretaxar\u00e1 cigarros e bebidas alco\u00f3licas\u2014 tamb\u00e9m poder\u00e1 incidir sobre outros produtos, como bicicletas, motos, smartphones, TVs, condicionadores de ar e notebooks, por exemplo.<\/p>\n<p>A explica\u00e7\u00e3o \u00e9 que esses produtos s\u00e3o fabricados, al\u00e9m de em outras regi\u00f5es do pa\u00eds, tamb\u00e9m na Zona Franca de Manaus (ZFM). Para preservar o benef\u00edcio das empresas l\u00e1 instaladas &#8212; um compromisso do presidente Luiz In\u00e1cio Lula da Silva &#8212; o imposto seletivo abrangeria somente de fabricantes de outros locais do pa\u00eds, mantendo a ZFM isenta.\u00a0O imposto seletivo seria regulamentado somente depois da aprova\u00e7\u00e3o da PEC da reforma tribut\u00e1ria pelo Congresso Nacional, em 2024.<\/p>\n<p>O Minist\u00e9rio da Fazenda lembrou que a reforma tribut\u00e1ria contempla o fim do Imposto Sobre Produtos Industrializados (IPI) \u2014 o instrumento por meio do qual \u00e9 concedido atualmente o benef\u00edcio fiscal \u00e0s empresas instaladas na regi\u00e3o. Por conta disso, o imposto seletivo (al\u00e9m de taxar tabaco e bebidas alco\u00f3licas) ser\u00e1 usado tamb\u00e9m para manter os benef\u00edcios \u00e0s empresas da ZFM.<\/p>\n<p>Atualmente, os itens produzidos na ZFM n\u00e3o pagam o IPI. Mas os mesmos produtos, fabricados em outras regi\u00f5es, pagam. Com isso, h\u00e1 vantagem competitiva para Zona Franca.<\/p>\n<p>Com o fim do IPI, havia o temor que essa vantagem competitiva terminasse gerando desemprego naquele polo de produ\u00e7\u00e3o.<\/p>\n<p>Desde o come\u00e7o das negocia\u00e7\u00f5es, o Legislativo e o governo federal asseguraram que isso n\u00e3o aconteceria. Entretanto, havia uma negocia\u00e7\u00e3o sobre o formato que seria adotado para manter o benef\u00edcio.<\/p>\n<p>Por fim, o texto aprovado pela C\u00e2mara prev\u00ea que o imposto seletivo, ou do &#8220;pecado&#8221;, incidir\u00e1 tamb\u00e9m sobre os produtos da Zona Franca de Manaus fabricados em outras regi\u00f5es do pa\u00eds.<\/p>\n<p><img fetchpriority=\"high\" decoding=\"async\" class=\"alignnone size-large wp-image-2630\" src=\"http:\/\/sulsc.com\/wp-content\/uploads\/2023\/10\/homem-tiro-medio-segurando-smartphone-1024x683.jpg\" alt=\"\" width=\"1024\" height=\"683\" srcset=\"https:\/\/sulsc.com\/wp-content\/uploads\/2023\/10\/homem-tiro-medio-segurando-smartphone-1024x683.jpg 1024w, https:\/\/sulsc.com\/wp-content\/uploads\/2023\/10\/homem-tiro-medio-segurando-smartphone-300x200.jpg 300w, https:\/\/sulsc.com\/wp-content\/uploads\/2023\/10\/homem-tiro-medio-segurando-smartphone-768x512.jpg 768w, https:\/\/sulsc.com\/wp-content\/uploads\/2023\/10\/homem-tiro-medio-segurando-smartphone-1536x1024.jpg 1536w, https:\/\/sulsc.com\/wp-content\/uploads\/2023\/10\/homem-tiro-medio-segurando-smartphone-2048x1365.jpg 2048w\" sizes=\"(max-width: 1024px) 100vw, 1024px\" \/><\/p>\n<p>Bernard Appy, secret\u00e1rio extraordin\u00e1rio para a mudan\u00e7a no sistema de tributos do Minist\u00e9rio da Fazenda, explicou em agosto que PEC aprovada pela C\u00e2mara dos Deputados diz que os novos tributos, o IVA federal, o IVA estadual e o imposto seletivo, v\u00e3o ser calibrados para manter o chamado &#8220;diferencial competitivo&#8221; da regi\u00e3o.\u00a0Isso quer dizer que os itens produzidos fora da Zona Franca manter\u00e3o a diferen\u00e7a de al\u00edquotas que existe atualmente em rela\u00e7\u00e3o aos produtos fabricados em outras regi\u00f5es \u2014 o que faz com que os itens l\u00e1 produzidos sejam mais baratos.<\/p>\n<p>A previs\u00e3o \u00e9 que o \u201cimposto do pecado\u201d, sobre itens nocivos \u00e0 sa\u00fade e ao meio ambiente, seja criado em 2027 j\u00e1 com a al\u00edquota cheia (al\u00edquota total, sem ser o valor de transi\u00e7\u00e3o). A regulamenta\u00e7\u00e3o ser\u00e1 feita por meio de lei complementar, ap\u00f3s a aprova\u00e7\u00e3o da PEC da reforma tribut\u00e1ria pelo Legislativo.<\/p>\n<p>&nbsp;<\/p>\n<p>Fonte: G1<\/p>\n","protected":false},"excerpt":{"rendered":"<p>O imposto seletivo, que est\u00e1 sendo discutido no \u00e2mbito da reforma tribut\u00e1ria sobre o consumo no Legislativo \u2014 tamb\u00e9m chamado de &#8220;imposto do pecado&#8221;, pois sobretaxar\u00e1 cigarros e bebidas alco\u00f3licas\u2014 tamb\u00e9m poder\u00e1 incidir sobre outros produtos, como bicicletas, motos, smartphones, TVs, condicionadores de ar e notebooks, por exemplo. A explica\u00e7\u00e3o \u00e9 que esses produtos s\u00e3o &hellip;<\/p>\n<p class=\"read-more\"> <a class=\"\" href=\"https:\/\/sulsc.com\/index.php\/2023\/10\/19\/tributo-seletivo-chamado-de-imposto-do-pecado-tambem-podera-incidir-sobre-bicicletas-motos-e-tvs\/\"> <span class=\"screen-reader-text\">Tributo seletivo, chamado de &#8216;imposto do pecado&#8217;, tamb\u00e9m poder\u00e1 incidir sobre bicicletas, motos e TVs<\/span> Read More &raquo;<\/a><\/p>\n","protected":false},"author":3,"featured_media":2631,"comment_status":"open","ping_status":"open","sticky":false,"template":"","format":"standard","meta":{"site-sidebar-layout":"default","site-content-layout":"","ast-site-content-layout":"default","site-content-style":"default","site-sidebar-style":"default","ast-global-header-display":"","ast-banner-title-visibility":"","ast-main-header-display":"","ast-hfb-above-header-display":"","ast-hfb-below-header-display":"","ast-hfb-mobile-header-display":"","site-post-title":"","ast-breadcrumbs-content":"","ast-featured-img":"","footer-sml-layout":"","theme-transparent-header-meta":"default","adv-header-id-meta":"","stick-header-meta":"","header-above-stick-meta":"","header-main-stick-meta":"","header-below-stick-meta":"","astra-migrate-meta-layouts":"set","footnotes":""},"categories":[11,15],"tags":[],"yoast_head":"<!-- This site is optimized with the Yoast SEO plugin v21.4 - https:\/\/yoast.com\/wordpress\/plugins\/seo\/ -->\n<title>Tributo seletivo, chamado de &#039;imposto do pecado&#039;, tamb\u00e9m poder\u00e1 incidir sobre bicicletas, motos e TVs -<\/title>\n<meta name=\"robots\" content=\"index, follow, max-snippet:-1, max-image-preview:large, max-video-preview:-1\" \/>\n<link rel=\"canonical\" href=\"https:\/\/sulsc.com\/index.php\/2023\/10\/19\/tributo-seletivo-chamado-de-imposto-do-pecado-tambem-podera-incidir-sobre-bicicletas-motos-e-tvs\/\" \/>\n<meta property=\"og:locale\" content=\"en_US\" \/>\n<meta property=\"og:type\" content=\"article\" \/>\n<meta property=\"og:title\" content=\"Tributo seletivo, chamado de &#039;imposto do pecado&#039;, tamb\u00e9m poder\u00e1 incidir sobre bicicletas, motos e TVs -\" \/>\n<meta property=\"og:description\" content=\"O imposto seletivo, que est\u00e1 sendo discutido no \u00e2mbito da reforma tribut\u00e1ria sobre o consumo no Legislativo \u2014 tamb\u00e9m chamado de &#8220;imposto do pecado&#8221;, pois sobretaxar\u00e1 cigarros e bebidas alco\u00f3licas\u2014 tamb\u00e9m poder\u00e1 incidir sobre outros produtos, como bicicletas, motos, smartphones, TVs, condicionadores de ar e notebooks, por exemplo. A explica\u00e7\u00e3o \u00e9 que esses produtos s\u00e3o &hellip; Tributo seletivo, chamado de &#8216;imposto do pecado&#8217;, tamb\u00e9m poder\u00e1 incidir sobre bicicletas, motos e TVs Read More &raquo;\" \/>\n<meta property=\"og:url\" content=\"https:\/\/sulsc.com\/index.php\/2023\/10\/19\/tributo-seletivo-chamado-de-imposto-do-pecado-tambem-podera-incidir-sobre-bicicletas-motos-e-tvs\/\" \/>\n<meta property=\"article:author\" content=\"https:\/\/www.facebook.com\/profile.php?id=61559278119680\" \/>\n<meta property=\"article:published_time\" content=\"2023-10-19T21:40:38+00:00\" \/>\n<meta property=\"article:modified_time\" content=\"2023-10-19T20:32:43+00:00\" \/>\n<meta property=\"og:image\" content=\"https:\/\/sulsc.com\/wp-content\/uploads\/2023\/10\/close-up-de-um-mao-homem-usando-cellphone-em-oficina-bicicleta-scaled.jpg\" \/>\n\t<meta property=\"og:image:width\" content=\"2560\" \/>\n\t<meta property=\"og:image:height\" content=\"2560\" \/>\n\t<meta property=\"og:image:type\" content=\"image\/jpeg\" \/>\n<meta name=\"author\" content=\"Reda\u00e7\u00e3o Sul SC\" \/>\n<meta name=\"twitter:card\" content=\"summary_large_image\" \/>\n<meta name=\"twitter:creator\" content=\"@https:\/\/twitter.com\/PortalSulSC\" \/>\n<meta name=\"twitter:label1\" content=\"Written by\" \/>\n\t<meta name=\"twitter:data1\" content=\"Reda\u00e7\u00e3o Sul SC\" \/>\n\t<meta name=\"twitter:label2\" content=\"Est. reading time\" \/>\n\t<meta name=\"twitter:data2\" content=\"3 minutes\" \/>\n<script type=\"application\/ld+json\" class=\"yoast-schema-graph\">{\"@context\":\"https:\/\/schema.org\",\"@graph\":[{\"@type\":\"WebPage\",\"@id\":\"https:\/\/sulsc.com\/index.php\/2023\/10\/19\/tributo-seletivo-chamado-de-imposto-do-pecado-tambem-podera-incidir-sobre-bicicletas-motos-e-tvs\/\",\"url\":\"https:\/\/sulsc.com\/index.php\/2023\/10\/19\/tributo-seletivo-chamado-de-imposto-do-pecado-tambem-podera-incidir-sobre-bicicletas-motos-e-tvs\/\",\"name\":\"Tributo seletivo, chamado de 'imposto do pecado', tamb\u00e9m poder\u00e1 incidir sobre bicicletas, motos e TVs -\",\"isPartOf\":{\"@id\":\"https:\/\/sulsc.com\/#website\"},\"datePublished\":\"2023-10-19T21:40:38+00:00\",\"dateModified\":\"2023-10-19T20:32:43+00:00\",\"author\":{\"@id\":\"https:\/\/sulsc.com\/#\/schema\/person\/84d2fc571684f6248ba83092f07750a3\"},\"breadcrumb\":{\"@id\":\"https:\/\/sulsc.com\/index.php\/2023\/10\/19\/tributo-seletivo-chamado-de-imposto-do-pecado-tambem-podera-incidir-sobre-bicicletas-motos-e-tvs\/#breadcrumb\"},\"inLanguage\":\"en-US\",\"potentialAction\":[{\"@type\":\"ReadAction\",\"target\":[\"https:\/\/sulsc.com\/index.php\/2023\/10\/19\/tributo-seletivo-chamado-de-imposto-do-pecado-tambem-podera-incidir-sobre-bicicletas-motos-e-tvs\/\"]}]},{\"@type\":\"BreadcrumbList\",\"@id\":\"https:\/\/sulsc.com\/index.php\/2023\/10\/19\/tributo-seletivo-chamado-de-imposto-do-pecado-tambem-podera-incidir-sobre-bicicletas-motos-e-tvs\/#breadcrumb\",\"itemListElement\":[{\"@type\":\"ListItem\",\"position\":1,\"name\":\"In\u00edcio\",\"item\":\"https:\/\/sulsc.com\/\"},{\"@type\":\"ListItem\",\"position\":2,\"name\":\"Tributo seletivo, chamado de &#8216;imposto do pecado&#8217;, tamb\u00e9m poder\u00e1 incidir sobre bicicletas, motos e TVs\"}]},{\"@type\":\"WebSite\",\"@id\":\"https:\/\/sulsc.com\/#website\",\"url\":\"https:\/\/sulsc.com\/\",\"name\":\"\",\"description\":\"\",\"potentialAction\":[{\"@type\":\"SearchAction\",\"target\":{\"@type\":\"EntryPoint\",\"urlTemplate\":\"https:\/\/sulsc.com\/?s={search_term_string}\"},\"query-input\":\"required name=search_term_string\"}],\"inLanguage\":\"en-US\"},{\"@type\":\"Person\",\"@id\":\"https:\/\/sulsc.com\/#\/schema\/person\/84d2fc571684f6248ba83092f07750a3\",\"name\":\"Reda\u00e7\u00e3o Sul SC\",\"image\":{\"@type\":\"ImageObject\",\"inLanguage\":\"en-US\",\"@id\":\"https:\/\/sulsc.com\/#\/schema\/person\/image\/e08d7fe2cc4ed596372063bbe852b8d0\",\"url\":\"https:\/\/sulsc.com\/wp-content\/uploads\/2023\/09\/redacao.png\",\"contentUrl\":\"https:\/\/sulsc.com\/wp-content\/uploads\/2023\/09\/redacao.png\",\"caption\":\"Reda\u00e7\u00e3o Sul SC\"},\"description\":\"Foco em um jornalismo imparcial, voltado \u00e0 qualidade dos seus conte\u00fados e, assim, levar informa\u00e7\u00e3o de valor que agregue \u00e0 vida dos leitores. Esta \u00e9 grande miss\u00e3o do Portal de Not\u00edcias Sul SC. N\u00e3o \u00e9 quantidade que muda o mundo, sempre foi e seguir\u00e1 sendo qualidade!\",\"sameAs\":[\"https:\/\/sulsc.com\/\",\"https:\/\/www.facebook.com\/profile.php?id=61559278119680\",\"https:\/\/www.instagram.com\/sulscportal\/?hl=pt-br\",\"https:\/\/twitter.com\/https:\/\/twitter.com\/PortalSulSC\",\"https:\/\/www.youtube.com\/channel\/UCv_BE8GeySluDov2n8qhVmw\"],\"url\":\"https:\/\/sulsc.com\/index.php\/author\/redacao\/\"}]}<\/script>\n<!-- \/ Yoast SEO plugin. -->","yoast_head_json":{"title":"Tributo seletivo, chamado de 'imposto do pecado', tamb\u00e9m poder\u00e1 incidir sobre bicicletas, motos e TVs -","robots":{"index":"index","follow":"follow","max-snippet":"max-snippet:-1","max-image-preview":"max-image-preview:large","max-video-preview":"max-video-preview:-1"},"canonical":"https:\/\/sulsc.com\/index.php\/2023\/10\/19\/tributo-seletivo-chamado-de-imposto-do-pecado-tambem-podera-incidir-sobre-bicicletas-motos-e-tvs\/","og_locale":"en_US","og_type":"article","og_title":"Tributo seletivo, chamado de 'imposto do pecado', tamb\u00e9m poder\u00e1 incidir sobre bicicletas, motos e TVs -","og_description":"O imposto seletivo, que est\u00e1 sendo discutido no \u00e2mbito da reforma tribut\u00e1ria sobre o consumo no Legislativo \u2014 tamb\u00e9m chamado de &#8220;imposto do pecado&#8221;, pois sobretaxar\u00e1 cigarros e bebidas alco\u00f3licas\u2014 tamb\u00e9m poder\u00e1 incidir sobre outros produtos, como bicicletas, motos, smartphones, TVs, condicionadores de ar e notebooks, por exemplo. A explica\u00e7\u00e3o \u00e9 que esses produtos s\u00e3o &hellip; Tributo seletivo, chamado de &#8216;imposto do pecado&#8217;, tamb\u00e9m poder\u00e1 incidir sobre bicicletas, motos e TVs Read More &raquo;","og_url":"https:\/\/sulsc.com\/index.php\/2023\/10\/19\/tributo-seletivo-chamado-de-imposto-do-pecado-tambem-podera-incidir-sobre-bicicletas-motos-e-tvs\/","article_author":"https:\/\/www.facebook.com\/profile.php?id=61559278119680","article_published_time":"2023-10-19T21:40:38+00:00","article_modified_time":"2023-10-19T20:32:43+00:00","og_image":[{"width":2560,"height":2560,"url":"https:\/\/sulsc.com\/wp-content\/uploads\/2023\/10\/close-up-de-um-mao-homem-usando-cellphone-em-oficina-bicicleta-scaled.jpg","type":"image\/jpeg"}],"author":"Reda\u00e7\u00e3o Sul SC","twitter_card":"summary_large_image","twitter_creator":"@https:\/\/twitter.com\/PortalSulSC","twitter_misc":{"Written by":"Reda\u00e7\u00e3o Sul SC","Est. reading time":"3 minutes"},"schema":{"@context":"https:\/\/schema.org","@graph":[{"@type":"WebPage","@id":"https:\/\/sulsc.com\/index.php\/2023\/10\/19\/tributo-seletivo-chamado-de-imposto-do-pecado-tambem-podera-incidir-sobre-bicicletas-motos-e-tvs\/","url":"https:\/\/sulsc.com\/index.php\/2023\/10\/19\/tributo-seletivo-chamado-de-imposto-do-pecado-tambem-podera-incidir-sobre-bicicletas-motos-e-tvs\/","name":"Tributo seletivo, chamado de 'imposto do pecado', tamb\u00e9m poder\u00e1 incidir sobre bicicletas, motos e TVs -","isPartOf":{"@id":"https:\/\/sulsc.com\/#website"},"datePublished":"2023-10-19T21:40:38+00:00","dateModified":"2023-10-19T20:32:43+00:00","author":{"@id":"https:\/\/sulsc.com\/#\/schema\/person\/84d2fc571684f6248ba83092f07750a3"},"breadcrumb":{"@id":"https:\/\/sulsc.com\/index.php\/2023\/10\/19\/tributo-seletivo-chamado-de-imposto-do-pecado-tambem-podera-incidir-sobre-bicicletas-motos-e-tvs\/#breadcrumb"},"inLanguage":"en-US","potentialAction":[{"@type":"ReadAction","target":["https:\/\/sulsc.com\/index.php\/2023\/10\/19\/tributo-seletivo-chamado-de-imposto-do-pecado-tambem-podera-incidir-sobre-bicicletas-motos-e-tvs\/"]}]},{"@type":"BreadcrumbList","@id":"https:\/\/sulsc.com\/index.php\/2023\/10\/19\/tributo-seletivo-chamado-de-imposto-do-pecado-tambem-podera-incidir-sobre-bicicletas-motos-e-tvs\/#breadcrumb","itemListElement":[{"@type":"ListItem","position":1,"name":"In\u00edcio","item":"https:\/\/sulsc.com\/"},{"@type":"ListItem","position":2,"name":"Tributo seletivo, chamado de &#8216;imposto do pecado&#8217;, tamb\u00e9m poder\u00e1 incidir sobre bicicletas, motos e TVs"}]},{"@type":"WebSite","@id":"https:\/\/sulsc.com\/#website","url":"https:\/\/sulsc.com\/","name":"","description":"","potentialAction":[{"@type":"SearchAction","target":{"@type":"EntryPoint","urlTemplate":"https:\/\/sulsc.com\/?s={search_term_string}"},"query-input":"required name=search_term_string"}],"inLanguage":"en-US"},{"@type":"Person","@id":"https:\/\/sulsc.com\/#\/schema\/person\/84d2fc571684f6248ba83092f07750a3","name":"Reda\u00e7\u00e3o Sul SC","image":{"@type":"ImageObject","inLanguage":"en-US","@id":"https:\/\/sulsc.com\/#\/schema\/person\/image\/e08d7fe2cc4ed596372063bbe852b8d0","url":"https:\/\/sulsc.com\/wp-content\/uploads\/2023\/09\/redacao.png","contentUrl":"https:\/\/sulsc.com\/wp-content\/uploads\/2023\/09\/redacao.png","caption":"Reda\u00e7\u00e3o Sul SC"},"description":"Foco em um jornalismo imparcial, voltado \u00e0 qualidade dos seus conte\u00fados e, assim, levar informa\u00e7\u00e3o de valor que agregue \u00e0 vida dos leitores. Esta \u00e9 grande miss\u00e3o do Portal de Not\u00edcias Sul SC. N\u00e3o \u00e9 quantidade que muda o mundo, sempre foi e seguir\u00e1 sendo qualidade!","sameAs":["https:\/\/sulsc.com\/","https:\/\/www.facebook.com\/profile.php?id=61559278119680","https:\/\/www.instagram.com\/sulscportal\/?hl=pt-br","https:\/\/twitter.com\/https:\/\/twitter.com\/PortalSulSC","https:\/\/www.youtube.com\/channel\/UCv_BE8GeySluDov2n8qhVmw"],"url":"https:\/\/sulsc.com\/index.php\/author\/redacao\/"}]}},"authors":[],"_links":{"self":[{"href":"https:\/\/sulsc.com\/index.php\/wp-json\/wp\/v2\/posts\/2629"}],"collection":[{"href":"https:\/\/sulsc.com\/index.php\/wp-json\/wp\/v2\/posts"}],"about":[{"href":"https:\/\/sulsc.com\/index.php\/wp-json\/wp\/v2\/types\/post"}],"author":[{"embeddable":true,"href":"https:\/\/sulsc.com\/index.php\/wp-json\/wp\/v2\/users\/3"}],"replies":[{"embeddable":true,"href":"https:\/\/sulsc.com\/index.php\/wp-json\/wp\/v2\/comments?post=2629"}],"version-history":[{"count":1,"href":"https:\/\/sulsc.com\/index.php\/wp-json\/wp\/v2\/posts\/2629\/revisions"}],"predecessor-version":[{"id":2632,"href":"https:\/\/sulsc.com\/index.php\/wp-json\/wp\/v2\/posts\/2629\/revisions\/2632"}],"wp:featuredmedia":[{"embeddable":true,"href":"https:\/\/sulsc.com\/index.php\/wp-json\/wp\/v2\/media\/2631"}],"wp:attachment":[{"href":"https:\/\/sulsc.com\/index.php\/wp-json\/wp\/v2\/media?parent=2629"}],"wp:term":[{"taxonomy":"category","embeddable":true,"href":"https:\/\/sulsc.com\/index.php\/wp-json\/wp\/v2\/categories?post=2629"},{"taxonomy":"post_tag","embeddable":true,"href":"https:\/\/sulsc.com\/index.php\/wp-json\/wp\/v2\/tags?post=2629"}],"curies":[{"name":"wp","href":"https:\/\/api.w.org\/{rel}","templated":true}]}}