{"id":26324,"date":"2025-08-20T10:13:06","date_gmt":"2025-08-20T13:13:06","guid":{"rendered":"https:\/\/sulsc.com\/?p=26324"},"modified":"2025-08-20T10:14:27","modified_gmt":"2025-08-20T13:14:27","slug":"passeio-de-trem-no-feriado-municipal-de-tubarao-e-jaguaruna-terao-data-extra-devido-a-alta-procura","status":"publish","type":"post","link":"https:\/\/sulsc.com\/index.php\/2025\/08\/20\/passeio-de-trem-no-feriado-municipal-de-tubarao-e-jaguaruna-terao-data-extra-devido-a-alta-procura\/","title":{"rendered":"Passeio de trem no feriado municipal de Tubar\u00e3o e Jaguaruna ter\u00e1 data extra devido \u00e0 alta procura"},"content":{"rendered":"<p><span dir=\"auto\" style=\"vertical-align: inherit;\"><span dir=\"auto\" style=\"vertical-align: inherit;\">No dia 15 de setembro, feriado municipal em Jaguaruna e Tubar\u00e3o em celebra\u00e7\u00e3o \u00e0 padroeira dos dois munic\u00edpios, Nossa Senhora da Piedade, o Museu Ferrovi\u00e1rio abrir\u00e1 uma data extra para o passeio de Maria Fuma\u00e7a, com desconto exclusivo para moradores das duas cidades.<\/span><\/span><\/p>\n<p><span dir=\"auto\" style=\"vertical-align: inherit;\"><span dir=\"auto\" style=\"vertical-align: inherit;\">O passeio ocorrer\u00e1 \u00e0s 14h30 do dia 15 de setembro, segunda-feira, e contar\u00e1 com descontos de 40% para moradores de Tubar\u00e3o e Jaguaruna. O trem partir\u00e1 do Museu Ferrovi\u00e1rio de Tubar\u00e3o com destino a Laguna e ter\u00e1 dura\u00e7\u00e3o aproximada de tr\u00eas horas (ida e volta). Durante o percurso, haver\u00e1 servi\u00e7o de bordo com venda de bebidas e outros produtos, al\u00e9m da apresenta\u00e7\u00e3o de sanfoneiros que animar\u00e3o os participantes dessa viagem especial.<\/span><\/span><\/p>\n<div id=\"metaslider-id-25573\" style=\"width: 100%;\" class=\"ml-slider-3-99-0 metaslider metaslider-flex metaslider-25573 ml-slider has-onhover-arrows ms-theme-default-base has-dots-nav\" role=\"region\" aria-label=\"Meio\" data-width=\"1200\">\n    <div id=\"metaslider_container_25573\">\n        <div id=\"metaslider_25573\">\n            <ul class='slides'>\n                <li style=\"display: block; width: 100%;\" class=\"slide-25684 ms-image \" aria-roledescription=\"slide\" data-date=\"2025-07-24 07:55:40\"><img src=\"https:\/\/sulsc.com\/wp-content\/uploads\/2025\/07\/Marr-2-1000x166.jpg\" height=\"200\" width=\"1200\" alt=\"\" class=\"slider-25573 slide-25684 msDefaultImage\" title=\"Marr 2\" \/><\/li>\n                <li style=\"display: none; width: 100%;\" class=\"slide-32412 ms-image \" aria-roledescription=\"slide\" data-date=\"2026-02-18 13:59:46\"><img src=\"https:\/\/sulsc.com\/wp-content\/uploads\/2026\/02\/40dc1580-cad5-4867-bc58-c4243821ad38-1000x166.jpeg\" height=\"200\" width=\"1200\" alt=\"\" class=\"slider-25573 slide-32412 msDefaultImage\" title=\"40dc1580-cad5-4867-bc58-c4243821ad38\" \/><\/li>\n                <li style=\"display: none; width: 100%;\" class=\"slide-32766 ms-image \" aria-roledescription=\"slide\" data-date=\"2026-03-03 17:22:59\"><img src=\"https:\/\/sulsc.com\/wp-content\/uploads\/2026\/03\/271ce739-f268-41c5-8051-3de1a1750359-1000x166.jpeg\" height=\"200\" width=\"1200\" alt=\"\" class=\"slider-25573 slide-32766 msDefaultImage\" title=\"271ce739-f268-41c5-8051-3de1a1750359\" \/><\/li>\n            <\/ul>\n        <\/div>\n        \n    <\/div>\n<\/div>\n<p><span dir=\"auto\" style=\"vertical-align: inherit;\"><span dir=\"auto\" style=\"vertical-align: inherit;\">Os ingressos j\u00e1 est\u00e3o \u00e0 venda e t\u00eam valor promocional \u00fanico na classe tur\u00edstica: de R$ 145 por R$ 85 para passageiros a partir de seis anos. Crian\u00e7as de zero a cinco anos, viajando sem colo, sem pagamento.<\/span><\/span><\/p>\n<p style=\"text-align: left;\"><span dir=\"auto\" style=\"vertical-align: inherit;\"><span dir=\"auto\" style=\"vertical-align: inherit;\">Os moradores de Tubar\u00e3o e Jaguaruna, para garantir o desconto, \u00e9 necess\u00e1rio adquirir os ingressos diretamente no Museu Ferrovi\u00e1rio, no bairro Oficinas, no hor\u00e1rio comercial de segunda a sexta-feira, ou entrar em contato pelo <\/span><\/span><strong><span dir=\"auto\" style=\"vertical-align: inherit;\"><span dir=\"auto\" style=\"vertical-align: inherit;\">WhatsApp da bilheteria no n\u00famero (48) 9 8868-1414<\/span><\/span><\/strong><span dir=\"auto\" style=\"vertical-align: inherit;\"><span dir=\"auto\" style=\"vertical-align: inherit;\"> . Tamb\u00e9m \u00e9 poss\u00edvel realizar a compra pelo site <\/span><\/span><strong><a href=\"http:\/\/www.museuferroviariotubarao.com.br\/\"><span dir=\"auto\" style=\"vertical-align: inherit;\"><span dir=\"auto\" style=\"vertical-align: inherit;\">www.museuferroviariotubarao.com.br<\/span><\/span><\/a><\/strong><\/p>\n<p><strong><span dir=\"auto\" style=\"vertical-align: inherit;\"><span dir=\"auto\" style=\"vertical-align: inherit;\">Aten\u00e7\u00e3o:\u00a0 <\/span><\/span><\/strong><strong><span dir=\"auto\" style=\"vertical-align: inherit;\"><span dir=\"auto\" style=\"vertical-align: inherit;\">Em qualquer caso, \u00e9 obrigat\u00f3rio apresentar comprovante de resid\u00eancia no pr\u00f3prio nome. O benef\u00edcio ser\u00e1 v\u00e1lido apenas para o embarque extra do dia 15 de setembro, n\u00e3o sendo prorrogado.<\/span><\/span><\/strong><\/p>\n<p><img fetchpriority=\"high\" decoding=\"async\" class=\"aligncenter size-full wp-image-26325\" src=\"http:\/\/sulsc.com\/wp-content\/uploads\/2025\/08\/a-2.jpeg\" alt=\"\" width=\"1024\" height=\"682\" srcset=\"https:\/\/sulsc.com\/wp-content\/uploads\/2025\/08\/a-2.jpeg 1024w, https:\/\/sulsc.com\/wp-content\/uploads\/2025\/08\/a-2-300x200.jpeg 300w, https:\/\/sulsc.com\/wp-content\/uploads\/2025\/08\/a-2-768x512.jpeg 768w\" sizes=\"(max-width: 1024px) 100vw, 1024px\" \/><\/p>\n<p style=\"text-align: center;\"><strong><span dir=\"auto\" style=\"vertical-align: inherit;\"><span dir=\"auto\" style=\"vertical-align: inherit;\">Museu Ferrovi\u00e1rio\/Divulga\u00e7\u00e3o\/SulSC<\/span><\/span><\/strong><\/p>\n<p><span dir=\"auto\" style=\"vertical-align: inherit;\"><span dir=\"auto\" style=\"vertical-align: inherit;\">Os passageiros viver\u00e3o uma experi\u00eancia \u00fanica de percorrer uma ferrovia em plena opera\u00e7\u00e3o, passando por cen\u00e1rios marcantes da regi\u00e3o. Entre os destaques est\u00e3o a passagem pela termel\u00e9trica de Capivari de Baixo, a travessia do impressionante corte de pedras \u2014 onde os vag\u00f5es mergulham na escurid\u00e3o total, proporcionando um momento de surpresa e imers\u00e3o \u2014, a vista exclusiva da Ponte Anita Garibaldi, cart\u00e3o-postal de Laguna, e a antiga ponte ferrovi\u00e1ria constru\u00edda por engenheiros ingleses em 1884, um verdadeiro monumento da era do vapor.<\/span><\/span><\/p>\n","protected":false},"excerpt":{"rendered":"<p>No dia 15 de setembro, feriado municipal em Jaguaruna e Tubar\u00e3o em celebra\u00e7\u00e3o \u00e0 padroeira dos dois munic\u00edpios, Nossa Senhora da Piedade, o Museu Ferrovi\u00e1rio abrir\u00e1 uma data extra para o passeio de Maria Fuma\u00e7a, com desconto exclusivo para moradores das duas cidades. O passeio ocorrer\u00e1 \u00e0s 14h30 do dia 15 de setembro, segunda-feira, e &hellip;<\/p>\n<p class=\"read-more\"> <a class=\"\" href=\"https:\/\/sulsc.com\/index.php\/2025\/08\/20\/passeio-de-trem-no-feriado-municipal-de-tubarao-e-jaguaruna-terao-data-extra-devido-a-alta-procura\/\"> <span class=\"screen-reader-text\">Passeio de trem no feriado municipal de Tubar\u00e3o e Jaguaruna ter\u00e1 data extra devido \u00e0 alta procura<\/span> Read More &raquo;<\/a><\/p>\n","protected":false},"author":3,"featured_media":26326,"comment_status":"open","ping_status":"open","sticky":false,"template":"","format":"standard","meta":{"site-sidebar-layout":"default","site-content-layout":"","ast-site-content-layout":"default","site-content-style":"default","site-sidebar-style":"default","ast-global-header-display":"","ast-banner-title-visibility":"","ast-main-header-display":"","ast-hfb-above-header-display":"","ast-hfb-below-header-display":"","ast-hfb-mobile-header-display":"","site-post-title":"","ast-breadcrumbs-content":"","ast-featured-img":"","footer-sml-layout":"","theme-transparent-header-meta":"default","adv-header-id-meta":"","stick-header-meta":"","header-above-stick-meta":"","header-main-stick-meta":"","header-below-stick-meta":"","astra-migrate-meta-layouts":"set","footnotes":""},"categories":[2105,21],"tags":[1448],"yoast_head":"<!-- This site is optimized with the Yoast SEO plugin v21.4 - https:\/\/yoast.com\/wordpress\/plugins\/seo\/ -->\n<title>Passeio de trem no feriado municipal de Tubar\u00e3o e Jaguaruna ter\u00e1 data extra devido \u00e0 alta procura -<\/title>\n<meta name=\"description\" content=\"O passeio ocorrer\u00e1 \u00e0s 14h30 do dia 15 de setembro, segunda-feira e contar\u00e1 com descontos de 40% para moradores de Tubar\u00e3o e Jaguaruna\" \/>\n<meta name=\"robots\" content=\"index, follow, max-snippet:-1, max-image-preview:large, max-video-preview:-1\" \/>\n<link rel=\"canonical\" href=\"https:\/\/sulsc.com\/index.php\/2025\/08\/20\/passeio-de-trem-no-feriado-municipal-de-tubarao-e-jaguaruna-terao-data-extra-devido-a-alta-procura\/\" \/>\n<meta property=\"og:locale\" content=\"en_US\" \/>\n<meta property=\"og:type\" content=\"article\" \/>\n<meta property=\"og:title\" content=\"Passeio de trem no feriado municipal de Tubar\u00e3o e Jaguaruna ter\u00e1 data extra devido \u00e0 alta procura -\" \/>\n<meta property=\"og:description\" content=\"O passeio ocorrer\u00e1 \u00e0s 14h30 do dia 15 de setembro, segunda-feira e contar\u00e1 com descontos de 40% para moradores de Tubar\u00e3o e Jaguaruna\" \/>\n<meta property=\"og:url\" content=\"https:\/\/sulsc.com\/index.php\/2025\/08\/20\/passeio-de-trem-no-feriado-municipal-de-tubarao-e-jaguaruna-terao-data-extra-devido-a-alta-procura\/\" \/>\n<meta property=\"article:author\" content=\"https:\/\/www.facebook.com\/profile.php?id=61559278119680\" \/>\n<meta property=\"article:published_time\" content=\"2025-08-20T13:13:06+00:00\" \/>\n<meta property=\"article:modified_time\" content=\"2025-08-20T13:14:27+00:00\" \/>\n<meta property=\"og:image\" content=\"http:\/\/sulsc.com\/wp-content\/uploads\/2025\/08\/a1-2.jpeg\" \/>\n\t<meta property=\"og:image:width\" content=\"800\" \/>\n\t<meta property=\"og:image:height\" content=\"445\" \/>\n\t<meta property=\"og:image:type\" content=\"image\/jpeg\" \/>\n<meta name=\"author\" content=\"Reda\u00e7\u00e3o Sul SC\" \/>\n<meta name=\"twitter:card\" content=\"summary_large_image\" \/>\n<meta name=\"twitter:creator\" content=\"@https:\/\/twitter.com\/PortalSulSC\" \/>\n<meta name=\"twitter:label1\" content=\"Written by\" \/>\n\t<meta name=\"twitter:data1\" content=\"Reda\u00e7\u00e3o Sul SC\" \/>\n\t<meta name=\"twitter:label2\" content=\"Est. reading time\" \/>\n\t<meta name=\"twitter:data2\" content=\"2 minutes\" \/>\n<script type=\"application\/ld+json\" class=\"yoast-schema-graph\">{\"@context\":\"https:\/\/schema.org\",\"@graph\":[{\"@type\":\"WebPage\",\"@id\":\"https:\/\/sulsc.com\/index.php\/2025\/08\/20\/passeio-de-trem-no-feriado-municipal-de-tubarao-e-jaguaruna-terao-data-extra-devido-a-alta-procura\/\",\"url\":\"https:\/\/sulsc.com\/index.php\/2025\/08\/20\/passeio-de-trem-no-feriado-municipal-de-tubarao-e-jaguaruna-terao-data-extra-devido-a-alta-procura\/\",\"name\":\"Passeio de trem no feriado municipal de Tubar\u00e3o e Jaguaruna ter\u00e1 data extra devido \u00e0 alta procura -\",\"isPartOf\":{\"@id\":\"https:\/\/sulsc.com\/#website\"},\"datePublished\":\"2025-08-20T13:13:06+00:00\",\"dateModified\":\"2025-08-20T13:14:27+00:00\",\"author\":{\"@id\":\"https:\/\/sulsc.com\/#\/schema\/person\/84d2fc571684f6248ba83092f07750a3\"},\"description\":\"O passeio ocorrer\u00e1 \u00e0s 14h30 do dia 15 de setembro, segunda-feira e contar\u00e1 com descontos de 40% para moradores de Tubar\u00e3o e Jaguaruna\",\"breadcrumb\":{\"@id\":\"https:\/\/sulsc.com\/index.php\/2025\/08\/20\/passeio-de-trem-no-feriado-municipal-de-tubarao-e-jaguaruna-terao-data-extra-devido-a-alta-procura\/#breadcrumb\"},\"inLanguage\":\"en-US\",\"potentialAction\":[{\"@type\":\"ReadAction\",\"target\":[\"https:\/\/sulsc.com\/index.php\/2025\/08\/20\/passeio-de-trem-no-feriado-municipal-de-tubarao-e-jaguaruna-terao-data-extra-devido-a-alta-procura\/\"]}]},{\"@type\":\"BreadcrumbList\",\"@id\":\"https:\/\/sulsc.com\/index.php\/2025\/08\/20\/passeio-de-trem-no-feriado-municipal-de-tubarao-e-jaguaruna-terao-data-extra-devido-a-alta-procura\/#breadcrumb\",\"itemListElement\":[{\"@type\":\"ListItem\",\"position\":1,\"name\":\"In\u00edcio\",\"item\":\"https:\/\/sulsc.com\/\"},{\"@type\":\"ListItem\",\"position\":2,\"name\":\"Passeio de trem no feriado municipal de Tubar\u00e3o e Jaguaruna ter\u00e1 data extra devido \u00e0 alta procura\"}]},{\"@type\":\"WebSite\",\"@id\":\"https:\/\/sulsc.com\/#website\",\"url\":\"https:\/\/sulsc.com\/\",\"name\":\"\",\"description\":\"\",\"potentialAction\":[{\"@type\":\"SearchAction\",\"target\":{\"@type\":\"EntryPoint\",\"urlTemplate\":\"https:\/\/sulsc.com\/?s={search_term_string}\"},\"query-input\":\"required name=search_term_string\"}],\"inLanguage\":\"en-US\"},{\"@type\":\"Person\",\"@id\":\"https:\/\/sulsc.com\/#\/schema\/person\/84d2fc571684f6248ba83092f07750a3\",\"name\":\"Reda\u00e7\u00e3o Sul SC\",\"image\":{\"@type\":\"ImageObject\",\"inLanguage\":\"en-US\",\"@id\":\"https:\/\/sulsc.com\/#\/schema\/person\/image\/e08d7fe2cc4ed596372063bbe852b8d0\",\"url\":\"https:\/\/sulsc.com\/wp-content\/uploads\/2023\/09\/redacao.png\",\"contentUrl\":\"https:\/\/sulsc.com\/wp-content\/uploads\/2023\/09\/redacao.png\",\"caption\":\"Reda\u00e7\u00e3o Sul SC\"},\"description\":\"Foco em um jornalismo imparcial, voltado \u00e0 qualidade dos seus conte\u00fados e, assim, levar informa\u00e7\u00e3o de valor que agregue \u00e0 vida dos leitores. Esta \u00e9 grande miss\u00e3o do Portal de Not\u00edcias Sul SC. N\u00e3o \u00e9 quantidade que muda o mundo, sempre foi e seguir\u00e1 sendo qualidade!\",\"sameAs\":[\"https:\/\/sulsc.com\/\",\"https:\/\/www.facebook.com\/profile.php?id=61559278119680\",\"https:\/\/www.instagram.com\/sulscportal\/?hl=pt-br\",\"https:\/\/twitter.com\/https:\/\/twitter.com\/PortalSulSC\",\"https:\/\/www.youtube.com\/channel\/UCv_BE8GeySluDov2n8qhVmw\"],\"url\":\"https:\/\/sulsc.com\/index.php\/author\/redacao\/\"}]}<\/script>\n<!-- \/ Yoast SEO plugin. -->","yoast_head_json":{"title":"Passeio de trem no feriado municipal de Tubar\u00e3o e Jaguaruna ter\u00e1 data extra devido \u00e0 alta procura -","description":"O passeio ocorrer\u00e1 \u00e0s 14h30 do dia 15 de setembro, segunda-feira e contar\u00e1 com descontos de 40% para moradores de Tubar\u00e3o e Jaguaruna","robots":{"index":"index","follow":"follow","max-snippet":"max-snippet:-1","max-image-preview":"max-image-preview:large","max-video-preview":"max-video-preview:-1"},"canonical":"https:\/\/sulsc.com\/index.php\/2025\/08\/20\/passeio-de-trem-no-feriado-municipal-de-tubarao-e-jaguaruna-terao-data-extra-devido-a-alta-procura\/","og_locale":"en_US","og_type":"article","og_title":"Passeio de trem no feriado municipal de Tubar\u00e3o e Jaguaruna ter\u00e1 data extra devido \u00e0 alta procura -","og_description":"O passeio ocorrer\u00e1 \u00e0s 14h30 do dia 15 de setembro, segunda-feira e contar\u00e1 com descontos de 40% para moradores de Tubar\u00e3o e Jaguaruna","og_url":"https:\/\/sulsc.com\/index.php\/2025\/08\/20\/passeio-de-trem-no-feriado-municipal-de-tubarao-e-jaguaruna-terao-data-extra-devido-a-alta-procura\/","article_author":"https:\/\/www.facebook.com\/profile.php?id=61559278119680","article_published_time":"2025-08-20T13:13:06+00:00","article_modified_time":"2025-08-20T13:14:27+00:00","og_image":[{"width":800,"height":445,"url":"http:\/\/sulsc.com\/wp-content\/uploads\/2025\/08\/a1-2.jpeg","type":"image\/jpeg"}],"author":"Reda\u00e7\u00e3o Sul SC","twitter_card":"summary_large_image","twitter_creator":"@https:\/\/twitter.com\/PortalSulSC","twitter_misc":{"Written by":"Reda\u00e7\u00e3o Sul SC","Est. reading time":"2 minutes"},"schema":{"@context":"https:\/\/schema.org","@graph":[{"@type":"WebPage","@id":"https:\/\/sulsc.com\/index.php\/2025\/08\/20\/passeio-de-trem-no-feriado-municipal-de-tubarao-e-jaguaruna-terao-data-extra-devido-a-alta-procura\/","url":"https:\/\/sulsc.com\/index.php\/2025\/08\/20\/passeio-de-trem-no-feriado-municipal-de-tubarao-e-jaguaruna-terao-data-extra-devido-a-alta-procura\/","name":"Passeio de trem no feriado municipal de Tubar\u00e3o e Jaguaruna ter\u00e1 data extra devido \u00e0 alta procura -","isPartOf":{"@id":"https:\/\/sulsc.com\/#website"},"datePublished":"2025-08-20T13:13:06+00:00","dateModified":"2025-08-20T13:14:27+00:00","author":{"@id":"https:\/\/sulsc.com\/#\/schema\/person\/84d2fc571684f6248ba83092f07750a3"},"description":"O passeio ocorrer\u00e1 \u00e0s 14h30 do dia 15 de setembro, segunda-feira e contar\u00e1 com descontos de 40% para moradores de Tubar\u00e3o e Jaguaruna","breadcrumb":{"@id":"https:\/\/sulsc.com\/index.php\/2025\/08\/20\/passeio-de-trem-no-feriado-municipal-de-tubarao-e-jaguaruna-terao-data-extra-devido-a-alta-procura\/#breadcrumb"},"inLanguage":"en-US","potentialAction":[{"@type":"ReadAction","target":["https:\/\/sulsc.com\/index.php\/2025\/08\/20\/passeio-de-trem-no-feriado-municipal-de-tubarao-e-jaguaruna-terao-data-extra-devido-a-alta-procura\/"]}]},{"@type":"BreadcrumbList","@id":"https:\/\/sulsc.com\/index.php\/2025\/08\/20\/passeio-de-trem-no-feriado-municipal-de-tubarao-e-jaguaruna-terao-data-extra-devido-a-alta-procura\/#breadcrumb","itemListElement":[{"@type":"ListItem","position":1,"name":"In\u00edcio","item":"https:\/\/sulsc.com\/"},{"@type":"ListItem","position":2,"name":"Passeio de trem no feriado municipal de Tubar\u00e3o e Jaguaruna ter\u00e1 data extra devido \u00e0 alta procura"}]},{"@type":"WebSite","@id":"https:\/\/sulsc.com\/#website","url":"https:\/\/sulsc.com\/","name":"","description":"","potentialAction":[{"@type":"SearchAction","target":{"@type":"EntryPoint","urlTemplate":"https:\/\/sulsc.com\/?s={search_term_string}"},"query-input":"required name=search_term_string"}],"inLanguage":"en-US"},{"@type":"Person","@id":"https:\/\/sulsc.com\/#\/schema\/person\/84d2fc571684f6248ba83092f07750a3","name":"Reda\u00e7\u00e3o Sul SC","image":{"@type":"ImageObject","inLanguage":"en-US","@id":"https:\/\/sulsc.com\/#\/schema\/person\/image\/e08d7fe2cc4ed596372063bbe852b8d0","url":"https:\/\/sulsc.com\/wp-content\/uploads\/2023\/09\/redacao.png","contentUrl":"https:\/\/sulsc.com\/wp-content\/uploads\/2023\/09\/redacao.png","caption":"Reda\u00e7\u00e3o Sul SC"},"description":"Foco em um jornalismo imparcial, voltado \u00e0 qualidade dos seus conte\u00fados e, assim, levar informa\u00e7\u00e3o de valor que agregue \u00e0 vida dos leitores. Esta \u00e9 grande miss\u00e3o do Portal de Not\u00edcias Sul SC. N\u00e3o \u00e9 quantidade que muda o mundo, sempre foi e seguir\u00e1 sendo qualidade!","sameAs":["https:\/\/sulsc.com\/","https:\/\/www.facebook.com\/profile.php?id=61559278119680","https:\/\/www.instagram.com\/sulscportal\/?hl=pt-br","https:\/\/twitter.com\/https:\/\/twitter.com\/PortalSulSC","https:\/\/www.youtube.com\/channel\/UCv_BE8GeySluDov2n8qhVmw"],"url":"https:\/\/sulsc.com\/index.php\/author\/redacao\/"}]}},"authors":[],"_links":{"self":[{"href":"https:\/\/sulsc.com\/index.php\/wp-json\/wp\/v2\/posts\/26324"}],"collection":[{"href":"https:\/\/sulsc.com\/index.php\/wp-json\/wp\/v2\/posts"}],"about":[{"href":"https:\/\/sulsc.com\/index.php\/wp-json\/wp\/v2\/types\/post"}],"author":[{"embeddable":true,"href":"https:\/\/sulsc.com\/index.php\/wp-json\/wp\/v2\/users\/3"}],"replies":[{"embeddable":true,"href":"https:\/\/sulsc.com\/index.php\/wp-json\/wp\/v2\/comments?post=26324"}],"version-history":[{"count":3,"href":"https:\/\/sulsc.com\/index.php\/wp-json\/wp\/v2\/posts\/26324\/revisions"}],"predecessor-version":[{"id":26329,"href":"https:\/\/sulsc.com\/index.php\/wp-json\/wp\/v2\/posts\/26324\/revisions\/26329"}],"wp:featuredmedia":[{"embeddable":true,"href":"https:\/\/sulsc.com\/index.php\/wp-json\/wp\/v2\/media\/26326"}],"wp:attachment":[{"href":"https:\/\/sulsc.com\/index.php\/wp-json\/wp\/v2\/media?parent=26324"}],"wp:term":[{"taxonomy":"category","embeddable":true,"href":"https:\/\/sulsc.com\/index.php\/wp-json\/wp\/v2\/categories?post=26324"},{"taxonomy":"post_tag","embeddable":true,"href":"https:\/\/sulsc.com\/index.php\/wp-json\/wp\/v2\/tags?post=26324"}],"curies":[{"name":"wp","href":"https:\/\/api.w.org\/{rel}","templated":true}]}}