{"id":26332,"date":"2025-08-21T07:48:03","date_gmt":"2025-08-21T10:48:03","guid":{"rendered":"https:\/\/sulsc.com\/?p=26332"},"modified":"2025-08-21T07:48:03","modified_gmt":"2025-08-21T10:48:03","slug":"quinta-feira-21-com-condicao-de-chuva-no-fim-do-dia-para-a-regiao-sul","status":"publish","type":"post","link":"https:\/\/sulsc.com\/index.php\/2025\/08\/21\/quinta-feira-21-com-condicao-de-chuva-no-fim-do-dia-para-a-regiao-sul\/","title":{"rendered":"Quinta-feira (21) com condi\u00e7\u00e3o de chuva no fim do dia para a regi\u00e3o Sul"},"content":{"rendered":"<p>O dia inicia com tempo est\u00e1vel em todo estado com a presen\u00e7a do sol. Entre a tarde e o in\u00edcio da noite, o calor combinado ao fluxo de calor e umidade, que volta a ficar direcionado para o Sul do Brasil, favorecem a ocorr\u00eancia de pancadas de chuva em SC e de temporais isolados com raios, rajadas de vento e eventual precipita\u00e7\u00e3o de granizo, no Grande Oeste. O risco \u00e9 baixo para ocorr\u00eancias associadas.<\/p>\n<div id=\"metaslider-id-25573\" style=\"width: 100%;\" class=\"ml-slider-3-99-0 metaslider metaslider-flex metaslider-25573 ml-slider has-onhover-arrows ms-theme-default-base has-dots-nav\" role=\"region\" aria-label=\"Meio\" data-width=\"1200\">\n    <div id=\"metaslider_container_25573\">\n        <div id=\"metaslider_25573\">\n            <ul class='slides'>\n                <li style=\"display: block; width: 100%;\" class=\"slide-25684 ms-image \" aria-roledescription=\"slide\" data-date=\"2025-07-24 07:55:40\"><img src=\"https:\/\/sulsc.com\/wp-content\/uploads\/2025\/07\/Marr-2-1000x166.jpg\" height=\"200\" width=\"1200\" alt=\"\" class=\"slider-25573 slide-25684 msDefaultImage\" title=\"Marr 2\" \/><\/li>\n                <li style=\"display: none; width: 100%;\" class=\"slide-32412 ms-image \" aria-roledescription=\"slide\" data-date=\"2026-02-18 13:59:46\"><img src=\"https:\/\/sulsc.com\/wp-content\/uploads\/2026\/02\/40dc1580-cad5-4867-bc58-c4243821ad38-1000x166.jpeg\" height=\"200\" width=\"1200\" alt=\"\" class=\"slider-25573 slide-32412 msDefaultImage\" title=\"40dc1580-cad5-4867-bc58-c4243821ad38\" \/><\/li>\n                <li style=\"display: none; width: 100%;\" class=\"slide-32766 ms-image \" aria-roledescription=\"slide\" data-date=\"2026-03-03 17:22:59\"><img src=\"https:\/\/sulsc.com\/wp-content\/uploads\/2026\/03\/271ce739-f268-41c5-8051-3de1a1750359-1000x166.jpeg\" height=\"200\" width=\"1200\" alt=\"\" class=\"slider-25573 slide-32766 msDefaultImage\" title=\"271ce739-f268-41c5-8051-3de1a1750359\" \/><\/li>\n            <\/ul>\n        <\/div>\n        \n    <\/div>\n<\/div>\n<p><strong>Temperaturas<\/strong><\/p>\n<p>Na parte da tarde as temperaturas se elevam e as m\u00e1ximas se aproximam de 30\u00b0C no Grande Oeste e Litoral Norte e variam de 21\u00b0C a 25\u00b0C nas demais regi\u00f5es.<\/p>\n<p><img fetchpriority=\"high\" decoding=\"async\" class=\"aligncenter size-full wp-image-26333\" src=\"http:\/\/sulsc.com\/wp-content\/uploads\/2025\/08\/a-18.png\" alt=\"\" width=\"1024\" height=\"698\" srcset=\"https:\/\/sulsc.com\/wp-content\/uploads\/2025\/08\/a-18.png 1024w, https:\/\/sulsc.com\/wp-content\/uploads\/2025\/08\/a-18-300x204.png 300w, https:\/\/sulsc.com\/wp-content\/uploads\/2025\/08\/a-18-768x524.png 768w\" sizes=\"(max-width: 1024px) 100vw, 1024px\" \/><\/p>\n<p><img decoding=\"async\" class=\"aligncenter size-full wp-image-22836\" src=\"http:\/\/sulsc.com\/wp-content\/uploads\/2025\/04\/Tempo-2.png\" alt=\"\" width=\"1024\" height=\"189\" srcset=\"https:\/\/sulsc.com\/wp-content\/uploads\/2025\/04\/Tempo-2.png 1024w, https:\/\/sulsc.com\/wp-content\/uploads\/2025\/04\/Tempo-2-300x55.png 300w, https:\/\/sulsc.com\/wp-content\/uploads\/2025\/04\/Tempo-2-768x142.png 768w\" sizes=\"(max-width: 1024px) 100vw, 1024px\" \/><\/p>\n<p><strong>Vento:<\/strong> sudeste a nordeste, fraco.<\/p>\n<p><strong>Sistema predominante:<\/strong> massa de ar seco em SC. Fluxo de umidade e calor favorece a convec\u00e7\u00e3o a partir da tarde.<\/p>\n<p><strong>Sexta-feira (22),<\/strong> o dia ter\u00e1 mais nuvens na madrugada e amanhecer no sul do estado, com chuva no Litoral Sul. No decorrer do dia, sol entre nuvens em todas as regi\u00f5es de SC. As temperaturas ficam elevadas, com m\u00e1ximas\u00a0 chegando de 27 a 31\u00b0C, calor para a \u00e9poca do ano. O vento volta a marcar presen\u00e7a, ficando de nordeste a norte, com rajadas mais intensas de 50 a 70km\/h no oeste e sul do estado, e na Grande Florian\u00f3polis.<\/p>\n<p>Fonte: Defesa Civil SC\/Epagri-Ciram<\/p>\n","protected":false},"excerpt":{"rendered":"<p>O dia inicia com tempo est\u00e1vel em todo estado com a presen\u00e7a do sol. Entre a tarde e o in\u00edcio da noite, o calor combinado ao fluxo de calor e umidade, que volta a ficar direcionado para o Sul do Brasil, favorecem a ocorr\u00eancia de pancadas de chuva em SC e de temporais isolados com &hellip;<\/p>\n<p class=\"read-more\"> <a class=\"\" href=\"https:\/\/sulsc.com\/index.php\/2025\/08\/21\/quinta-feira-21-com-condicao-de-chuva-no-fim-do-dia-para-a-regiao-sul\/\"> <span class=\"screen-reader-text\">Quinta-feira (21) com condi\u00e7\u00e3o de chuva no fim do dia para a regi\u00e3o Sul<\/span> Read More &raquo;<\/a><\/p>\n","protected":false},"author":3,"featured_media":18958,"comment_status":"open","ping_status":"open","sticky":false,"template":"","format":"standard","meta":{"site-sidebar-layout":"default","site-content-layout":"","ast-site-content-layout":"default","site-content-style":"default","site-sidebar-style":"default","ast-global-header-display":"","ast-banner-title-visibility":"","ast-main-header-display":"","ast-hfb-above-header-display":"","ast-hfb-below-header-display":"","ast-hfb-mobile-header-display":"","site-post-title":"","ast-breadcrumbs-content":"","ast-featured-img":"","footer-sml-layout":"","theme-transparent-header-meta":"default","adv-header-id-meta":"","stick-header-meta":"","header-above-stick-meta":"","header-main-stick-meta":"","header-below-stick-meta":"","astra-migrate-meta-layouts":"set","footnotes":""},"categories":[38],"tags":[90],"yoast_head":"<!-- This site is optimized with the Yoast SEO plugin v21.4 - https:\/\/yoast.com\/wordpress\/plugins\/seo\/ -->\n<title>Quinta-feira (21) com condi\u00e7\u00e3o de chuva no fim do dia para a regi\u00e3o Sul -<\/title>\n<meta name=\"robots\" content=\"index, follow, max-snippet:-1, max-image-preview:large, max-video-preview:-1\" \/>\n<link rel=\"canonical\" href=\"https:\/\/sulsc.com\/index.php\/2025\/08\/21\/quinta-feira-21-com-condicao-de-chuva-no-fim-do-dia-para-a-regiao-sul\/\" \/>\n<meta property=\"og:locale\" content=\"en_US\" \/>\n<meta property=\"og:type\" content=\"article\" \/>\n<meta property=\"og:title\" content=\"Quinta-feira (21) com condi\u00e7\u00e3o de chuva no fim do dia para a regi\u00e3o Sul -\" \/>\n<meta property=\"og:description\" content=\"O dia inicia com tempo est\u00e1vel em todo estado com a presen\u00e7a do sol. Entre a tarde e o in\u00edcio da noite, o calor combinado ao fluxo de calor e umidade, que volta a ficar direcionado para o Sul do Brasil, favorecem a ocorr\u00eancia de pancadas de chuva em SC e de temporais isolados com &hellip; Quinta-feira (21) com condi\u00e7\u00e3o de chuva no fim do dia para a regi\u00e3o Sul Read More &raquo;\" \/>\n<meta property=\"og:url\" content=\"https:\/\/sulsc.com\/index.php\/2025\/08\/21\/quinta-feira-21-com-condicao-de-chuva-no-fim-do-dia-para-a-regiao-sul\/\" \/>\n<meta property=\"article:author\" content=\"https:\/\/www.facebook.com\/profile.php?id=61559278119680\" \/>\n<meta property=\"article:published_time\" content=\"2025-08-21T10:48:03+00:00\" \/>\n<meta property=\"og:image\" content=\"http:\/\/sulsc.com\/wp-content\/uploads\/2025\/01\/temp.jpg\" \/>\n\t<meta property=\"og:image:width\" content=\"1031\" \/>\n\t<meta property=\"og:image:height\" content=\"472\" \/>\n\t<meta property=\"og:image:type\" content=\"image\/jpeg\" \/>\n<meta name=\"author\" content=\"Reda\u00e7\u00e3o Sul SC\" \/>\n<meta name=\"twitter:card\" content=\"summary_large_image\" \/>\n<meta name=\"twitter:creator\" content=\"@https:\/\/twitter.com\/PortalSulSC\" \/>\n<meta name=\"twitter:label1\" content=\"Written by\" \/>\n\t<meta name=\"twitter:data1\" content=\"Reda\u00e7\u00e3o Sul SC\" \/>\n\t<meta name=\"twitter:label2\" content=\"Est. reading time\" \/>\n\t<meta name=\"twitter:data2\" content=\"2 minutes\" \/>\n<script type=\"application\/ld+json\" class=\"yoast-schema-graph\">{\"@context\":\"https:\/\/schema.org\",\"@graph\":[{\"@type\":\"WebPage\",\"@id\":\"https:\/\/sulsc.com\/index.php\/2025\/08\/21\/quinta-feira-21-com-condicao-de-chuva-no-fim-do-dia-para-a-regiao-sul\/\",\"url\":\"https:\/\/sulsc.com\/index.php\/2025\/08\/21\/quinta-feira-21-com-condicao-de-chuva-no-fim-do-dia-para-a-regiao-sul\/\",\"name\":\"Quinta-feira (21) com condi\u00e7\u00e3o de chuva no fim do dia para a regi\u00e3o Sul -\",\"isPartOf\":{\"@id\":\"https:\/\/sulsc.com\/#website\"},\"datePublished\":\"2025-08-21T10:48:03+00:00\",\"dateModified\":\"2025-08-21T10:48:03+00:00\",\"author\":{\"@id\":\"https:\/\/sulsc.com\/#\/schema\/person\/84d2fc571684f6248ba83092f07750a3\"},\"breadcrumb\":{\"@id\":\"https:\/\/sulsc.com\/index.php\/2025\/08\/21\/quinta-feira-21-com-condicao-de-chuva-no-fim-do-dia-para-a-regiao-sul\/#breadcrumb\"},\"inLanguage\":\"en-US\",\"potentialAction\":[{\"@type\":\"ReadAction\",\"target\":[\"https:\/\/sulsc.com\/index.php\/2025\/08\/21\/quinta-feira-21-com-condicao-de-chuva-no-fim-do-dia-para-a-regiao-sul\/\"]}]},{\"@type\":\"BreadcrumbList\",\"@id\":\"https:\/\/sulsc.com\/index.php\/2025\/08\/21\/quinta-feira-21-com-condicao-de-chuva-no-fim-do-dia-para-a-regiao-sul\/#breadcrumb\",\"itemListElement\":[{\"@type\":\"ListItem\",\"position\":1,\"name\":\"In\u00edcio\",\"item\":\"https:\/\/sulsc.com\/\"},{\"@type\":\"ListItem\",\"position\":2,\"name\":\"Quinta-feira (21) com condi\u00e7\u00e3o de chuva no fim do dia para a regi\u00e3o Sul\"}]},{\"@type\":\"WebSite\",\"@id\":\"https:\/\/sulsc.com\/#website\",\"url\":\"https:\/\/sulsc.com\/\",\"name\":\"\",\"description\":\"\",\"potentialAction\":[{\"@type\":\"SearchAction\",\"target\":{\"@type\":\"EntryPoint\",\"urlTemplate\":\"https:\/\/sulsc.com\/?s={search_term_string}\"},\"query-input\":\"required name=search_term_string\"}],\"inLanguage\":\"en-US\"},{\"@type\":\"Person\",\"@id\":\"https:\/\/sulsc.com\/#\/schema\/person\/84d2fc571684f6248ba83092f07750a3\",\"name\":\"Reda\u00e7\u00e3o Sul SC\",\"image\":{\"@type\":\"ImageObject\",\"inLanguage\":\"en-US\",\"@id\":\"https:\/\/sulsc.com\/#\/schema\/person\/image\/e08d7fe2cc4ed596372063bbe852b8d0\",\"url\":\"https:\/\/sulsc.com\/wp-content\/uploads\/2023\/09\/redacao.png\",\"contentUrl\":\"https:\/\/sulsc.com\/wp-content\/uploads\/2023\/09\/redacao.png\",\"caption\":\"Reda\u00e7\u00e3o Sul SC\"},\"description\":\"Foco em um jornalismo imparcial, voltado \u00e0 qualidade dos seus conte\u00fados e, assim, levar informa\u00e7\u00e3o de valor que agregue \u00e0 vida dos leitores. Esta \u00e9 grande miss\u00e3o do Portal de Not\u00edcias Sul SC. N\u00e3o \u00e9 quantidade que muda o mundo, sempre foi e seguir\u00e1 sendo qualidade!\",\"sameAs\":[\"https:\/\/sulsc.com\/\",\"https:\/\/www.facebook.com\/profile.php?id=61559278119680\",\"https:\/\/www.instagram.com\/sulscportal\/?hl=pt-br\",\"https:\/\/twitter.com\/https:\/\/twitter.com\/PortalSulSC\",\"https:\/\/www.youtube.com\/channel\/UCv_BE8GeySluDov2n8qhVmw\"],\"url\":\"https:\/\/sulsc.com\/index.php\/author\/redacao\/\"}]}<\/script>\n<!-- \/ Yoast SEO plugin. -->","yoast_head_json":{"title":"Quinta-feira (21) com condi\u00e7\u00e3o de chuva no fim do dia para a regi\u00e3o Sul -","robots":{"index":"index","follow":"follow","max-snippet":"max-snippet:-1","max-image-preview":"max-image-preview:large","max-video-preview":"max-video-preview:-1"},"canonical":"https:\/\/sulsc.com\/index.php\/2025\/08\/21\/quinta-feira-21-com-condicao-de-chuva-no-fim-do-dia-para-a-regiao-sul\/","og_locale":"en_US","og_type":"article","og_title":"Quinta-feira (21) com condi\u00e7\u00e3o de chuva no fim do dia para a regi\u00e3o Sul -","og_description":"O dia inicia com tempo est\u00e1vel em todo estado com a presen\u00e7a do sol. Entre a tarde e o in\u00edcio da noite, o calor combinado ao fluxo de calor e umidade, que volta a ficar direcionado para o Sul do Brasil, favorecem a ocorr\u00eancia de pancadas de chuva em SC e de temporais isolados com &hellip; Quinta-feira (21) com condi\u00e7\u00e3o de chuva no fim do dia para a regi\u00e3o Sul Read More &raquo;","og_url":"https:\/\/sulsc.com\/index.php\/2025\/08\/21\/quinta-feira-21-com-condicao-de-chuva-no-fim-do-dia-para-a-regiao-sul\/","article_author":"https:\/\/www.facebook.com\/profile.php?id=61559278119680","article_published_time":"2025-08-21T10:48:03+00:00","og_image":[{"width":1031,"height":472,"url":"http:\/\/sulsc.com\/wp-content\/uploads\/2025\/01\/temp.jpg","type":"image\/jpeg"}],"author":"Reda\u00e7\u00e3o Sul SC","twitter_card":"summary_large_image","twitter_creator":"@https:\/\/twitter.com\/PortalSulSC","twitter_misc":{"Written by":"Reda\u00e7\u00e3o Sul SC","Est. reading time":"2 minutes"},"schema":{"@context":"https:\/\/schema.org","@graph":[{"@type":"WebPage","@id":"https:\/\/sulsc.com\/index.php\/2025\/08\/21\/quinta-feira-21-com-condicao-de-chuva-no-fim-do-dia-para-a-regiao-sul\/","url":"https:\/\/sulsc.com\/index.php\/2025\/08\/21\/quinta-feira-21-com-condicao-de-chuva-no-fim-do-dia-para-a-regiao-sul\/","name":"Quinta-feira (21) com condi\u00e7\u00e3o de chuva no fim do dia para a regi\u00e3o Sul -","isPartOf":{"@id":"https:\/\/sulsc.com\/#website"},"datePublished":"2025-08-21T10:48:03+00:00","dateModified":"2025-08-21T10:48:03+00:00","author":{"@id":"https:\/\/sulsc.com\/#\/schema\/person\/84d2fc571684f6248ba83092f07750a3"},"breadcrumb":{"@id":"https:\/\/sulsc.com\/index.php\/2025\/08\/21\/quinta-feira-21-com-condicao-de-chuva-no-fim-do-dia-para-a-regiao-sul\/#breadcrumb"},"inLanguage":"en-US","potentialAction":[{"@type":"ReadAction","target":["https:\/\/sulsc.com\/index.php\/2025\/08\/21\/quinta-feira-21-com-condicao-de-chuva-no-fim-do-dia-para-a-regiao-sul\/"]}]},{"@type":"BreadcrumbList","@id":"https:\/\/sulsc.com\/index.php\/2025\/08\/21\/quinta-feira-21-com-condicao-de-chuva-no-fim-do-dia-para-a-regiao-sul\/#breadcrumb","itemListElement":[{"@type":"ListItem","position":1,"name":"In\u00edcio","item":"https:\/\/sulsc.com\/"},{"@type":"ListItem","position":2,"name":"Quinta-feira (21) com condi\u00e7\u00e3o de chuva no fim do dia para a regi\u00e3o Sul"}]},{"@type":"WebSite","@id":"https:\/\/sulsc.com\/#website","url":"https:\/\/sulsc.com\/","name":"","description":"","potentialAction":[{"@type":"SearchAction","target":{"@type":"EntryPoint","urlTemplate":"https:\/\/sulsc.com\/?s={search_term_string}"},"query-input":"required name=search_term_string"}],"inLanguage":"en-US"},{"@type":"Person","@id":"https:\/\/sulsc.com\/#\/schema\/person\/84d2fc571684f6248ba83092f07750a3","name":"Reda\u00e7\u00e3o Sul SC","image":{"@type":"ImageObject","inLanguage":"en-US","@id":"https:\/\/sulsc.com\/#\/schema\/person\/image\/e08d7fe2cc4ed596372063bbe852b8d0","url":"https:\/\/sulsc.com\/wp-content\/uploads\/2023\/09\/redacao.png","contentUrl":"https:\/\/sulsc.com\/wp-content\/uploads\/2023\/09\/redacao.png","caption":"Reda\u00e7\u00e3o Sul SC"},"description":"Foco em um jornalismo imparcial, voltado \u00e0 qualidade dos seus conte\u00fados e, assim, levar informa\u00e7\u00e3o de valor que agregue \u00e0 vida dos leitores. Esta \u00e9 grande miss\u00e3o do Portal de Not\u00edcias Sul SC. N\u00e3o \u00e9 quantidade que muda o mundo, sempre foi e seguir\u00e1 sendo qualidade!","sameAs":["https:\/\/sulsc.com\/","https:\/\/www.facebook.com\/profile.php?id=61559278119680","https:\/\/www.instagram.com\/sulscportal\/?hl=pt-br","https:\/\/twitter.com\/https:\/\/twitter.com\/PortalSulSC","https:\/\/www.youtube.com\/channel\/UCv_BE8GeySluDov2n8qhVmw"],"url":"https:\/\/sulsc.com\/index.php\/author\/redacao\/"}]}},"authors":[],"_links":{"self":[{"href":"https:\/\/sulsc.com\/index.php\/wp-json\/wp\/v2\/posts\/26332"}],"collection":[{"href":"https:\/\/sulsc.com\/index.php\/wp-json\/wp\/v2\/posts"}],"about":[{"href":"https:\/\/sulsc.com\/index.php\/wp-json\/wp\/v2\/types\/post"}],"author":[{"embeddable":true,"href":"https:\/\/sulsc.com\/index.php\/wp-json\/wp\/v2\/users\/3"}],"replies":[{"embeddable":true,"href":"https:\/\/sulsc.com\/index.php\/wp-json\/wp\/v2\/comments?post=26332"}],"version-history":[{"count":1,"href":"https:\/\/sulsc.com\/index.php\/wp-json\/wp\/v2\/posts\/26332\/revisions"}],"predecessor-version":[{"id":26334,"href":"https:\/\/sulsc.com\/index.php\/wp-json\/wp\/v2\/posts\/26332\/revisions\/26334"}],"wp:featuredmedia":[{"embeddable":true,"href":"https:\/\/sulsc.com\/index.php\/wp-json\/wp\/v2\/media\/18958"}],"wp:attachment":[{"href":"https:\/\/sulsc.com\/index.php\/wp-json\/wp\/v2\/media?parent=26332"}],"wp:term":[{"taxonomy":"category","embeddable":true,"href":"https:\/\/sulsc.com\/index.php\/wp-json\/wp\/v2\/categories?post=26332"},{"taxonomy":"post_tag","embeddable":true,"href":"https:\/\/sulsc.com\/index.php\/wp-json\/wp\/v2\/tags?post=26332"}],"curies":[{"name":"wp","href":"https:\/\/api.w.org\/{rel}","templated":true}]}}